{"id":9958,"date":"2020-08-25T11:55:49","date_gmt":"2020-08-25T14:55:49","guid":{"rendered":"http:\/\/verdadeon.com.br\/portal\/?p=9958"},"modified":"2020-08-25T11:55:49","modified_gmt":"2020-08-25T14:55:49","slug":"italia-comeca-a-testar-possivel-vacina-contra-covid-19-em-voluntarios","status":"publish","type":"post","link":"https:\/\/verdadeon.com.br\/portal\/2020\/08\/25\/italia-comeca-a-testar-possivel-vacina-contra-covid-19-em-voluntarios\/","title":{"rendered":"It\u00e1lia come\u00e7a a testar poss\u00edvel vacina contra covid-19 em volunt\u00e1rios"},"content":{"rendered":"<div class=\"col-lg-12 mb-3\">\n<div class=\"row\">\n<h3 class=\"col-10 offset-1 animated fadeInDown dealy-900 display-8 display-md-8 alt-font font-italic my-1 text-center\">Testes ser\u00e3o feitos com 90 pessoas nas pr\u00f3ximas semanas<\/h3>\n<\/div>\n<\/div>\n<div class=\"col-lg-12 mb-3\">Yara Nardi &#8211; Rep\u00f3rter da Reuters &#8211; Roma<\/p>\n<div class=\"row\">\n<div class=\"col-4 offset-1 mx-auto logo-emissora-parceira animated\"><\/div>\n<\/div>\n<\/div>\n<div class=\"col-xl-7 offset-xl-1 col-lg-8 offset-lg-0 col-md-10 offset-md-1 mb-3\">\n<div class=\"post-item alt-font\">\n<div class=\"post-item-wrap\">\n<p>A It\u00e1lia iniciou testes de uma candidata a vacina contra a covid-19 em humanos nessa\u00a0segunda-feira (24), juntando-se a um esfor\u00e7o global em busca de uma rea\u00e7\u00e3o ao v\u00edrus, que deu sinais de estar ressurgindo na Europa.<img data-recalc-dims=\"1\" decoding=\"async\" src=\"https:\/\/i0.wp.com\/agenciabrasil.ebc.com.br\/ebc.png?w=1220&#038;ssl=1\" \/><img data-recalc-dims=\"1\" decoding=\"async\" src=\"https:\/\/i0.wp.com\/agenciabrasil.ebc.com.br\/ebc.gif?w=1220&#038;ssl=1\" \/><\/p>\n<p>O Instituto Lazzaro Spallanzani, um hospital de Roma especializado em doen\u00e7as infecciosas, realizar\u00e1 testes com 90 volunt\u00e1rios nas pr\u00f3ximas semanas, na esperan\u00e7a de que uma vacina esteja dispon\u00edvel at\u00e9 a primavera local do ano que vem.<\/p>\n<p>Francesco Vaia, diretor de sa\u00fade do hospital Spallanzani, disse \u00e0 Reuters que o primeiro paciente ser\u00e1 monitorado durante quatro horas antes de voltar para casa, onde ser\u00e1 mantido em observa\u00e7\u00e3o durante 12 semanas.<\/p>\n<p>&#8220;Veremos se ele apresenta algum efeito colateral e se produz anticorpos neutralizadores&#8221;, disse Vaia, acrescentando que a\u00a0segunda\u00a0fase dos teste acontecer\u00e1 em pa\u00edses com taxas de infec\u00e7\u00e3o mais altas, como M\u00e9xico e Brasil.<\/p>\n<p>&#8220;Se conseguirmos ser r\u00e1pidos, teremos as primeiras vacinas no mercado na pr\u00f3xima primavera&#8221;, acrescentou Vaia.<\/p>\n<p>A potencial vacina, chamada GRAd-COV2, foi desenvolvida pela ReiThera, uma empresa sediada em Roma. A regi\u00e3o de Lazio, no entorno da capital italiana, informou em comunicado que testes iniciais, inclusive em animais, deram resultados positivos.<\/p>\n<p>V\u00e1rias vacinas em potencial est\u00e3o passando por testes em diversos pa\u00edses, como \u00cdndia, Reino Unido, R\u00fassia e China, enquanto cientistas correm para desvendar os segredos de um v\u00edrus que surgiu h\u00e1 menos de um ano.<\/p>\n<p>&#8220;As mentes e pesquisas de nosso pa\u00eds est\u00e3o a servi\u00e7o do desafio global de derrotar a covid&#8221;, escreveu o ministro da Sa\u00fade, Roberto Speranza, no facebook ao anunciar o in\u00edcio do teste.<\/p>\n<p>A It\u00e1lia, que soma mais de 35 mil mortes e \u00e9 uma das na\u00e7\u00f5es europeias mais atingidas, viu a epidemia atingir seu pico entre mar\u00e7o e abril e depois aparentemente recuar, mas desde ent\u00e3o testemunhou uma disparada de casos novos \u2013 mais de mil foram registrados no \u00faltimo fim de semana.<\/p>\n<p>Outros pa\u00edses da Europa viram aumentos ainda maiores, depois do relaxamento das restri\u00e7\u00f5es severas e das medidas de distanciamento social impostas no come\u00e7o do ano.<\/p>\n<\/div>\n<\/div>\n<\/div>\n","protected":false},"excerpt":{"rendered":"<p>Testes ser\u00e3o feitos com 90 pessoas nas pr\u00f3ximas semanas Yara Nardi &#8211; Rep\u00f3rter da Reuters &#8211; Roma A It\u00e1lia iniciou testes de uma candidata a vacina<span class=\"excerpt-hellip\"> [\u2026]<\/span><\/p>\n","protected":false},"author":10,"featured_media":9960,"comment_status":"open","ping_status":"open","sticky":false,"template":"","format":"standard","meta":{"_jetpack_memberships_contains_paid_content":false,"footnotes":"","jetpack_publicize_message":"","jetpack_publicize_feature_enabled":true,"jetpack_social_post_already_shared":false,"jetpack_social_options":{"image_generator_settings":{"template":"highway","default_image_id":0,"enabled":false},"version":2}},"categories":[28,81],"tags":[],"class_list":["post-9958","post","type-post","status-publish","format-standard","has-post-thumbnail","hentry","category-cotidiano","category-manchete"],"yoast_head":"<!-- This site is optimized with the Yoast SEO plugin v25.6 - https:\/\/yoast.com\/wordpress\/plugins\/seo\/ -->\n<title>It\u00e1lia come\u00e7a a testar poss\u00edvel vacina contra covid-19 em volunt\u00e1rios - VerdadeOn<\/title>\n<meta name=\"robots\" content=\"index, follow, max-snippet:-1, max-image-preview:large, max-video-preview:-1\" \/>\n<link rel=\"canonical\" href=\"https:\/\/verdadeon.com.br\/portal\/2020\/08\/25\/italia-comeca-a-testar-possivel-vacina-contra-covid-19-em-voluntarios\/\" \/>\n<meta property=\"og:locale\" content=\"pt_BR\" \/>\n<meta property=\"og:type\" content=\"article\" \/>\n<meta property=\"og:title\" content=\"It\u00e1lia come\u00e7a a testar poss\u00edvel vacina contra covid-19 em volunt\u00e1rios - VerdadeOn\" \/>\n<meta property=\"og:description\" content=\"Testes ser\u00e3o feitos com 90 pessoas nas pr\u00f3ximas semanas Yara Nardi &#8211; Rep\u00f3rter da Reuters &#8211; Roma A It\u00e1lia iniciou testes de uma candidata a vacina [\u2026]\" \/>\n<meta property=\"og:url\" content=\"https:\/\/verdadeon.com.br\/portal\/2020\/08\/25\/italia-comeca-a-testar-possivel-vacina-contra-covid-19-em-voluntarios\/\" \/>\n<meta property=\"og:site_name\" content=\"VerdadeOn\" \/>\n<meta property=\"article:published_time\" content=\"2020-08-25T14:55:49+00:00\" \/>\n<meta property=\"og:image\" content=\"https:\/\/verdadeon.com.br\/portal\/wp-content\/uploads\/2020\/08\/2020-05-18t143443z_1_lynxmpeg4h1mb_rtroptp_4_health-coronavirus-vaccine.jpg\" \/>\n\t<meta property=\"og:image:width\" content=\"1000\" \/>\n\t<meta property=\"og:image:height\" content=\"670\" \/>\n\t<meta property=\"og:image:type\" content=\"image\/jpeg\" \/>\n<meta name=\"author\" content=\"Redacao VerdadeOn\" \/>\n<meta name=\"twitter:card\" content=\"summary_large_image\" \/>\n<meta name=\"twitter:label1\" content=\"Escrito por\" \/>\n\t<meta name=\"twitter:data1\" content=\"Redacao VerdadeOn\" \/>\n\t<meta name=\"twitter:label2\" content=\"Est. tempo de leitura\" \/>\n\t<meta name=\"twitter:data2\" content=\"2 minutos\" \/>\n<script type=\"application\/ld+json\" class=\"yoast-schema-graph\">{\"@context\":\"https:\/\/schema.org\",\"@graph\":[{\"@type\":\"WebPage\",\"@id\":\"https:\/\/verdadeon.com.br\/portal\/2020\/08\/25\/italia-comeca-a-testar-possivel-vacina-contra-covid-19-em-voluntarios\/\",\"url\":\"https:\/\/verdadeon.com.br\/portal\/2020\/08\/25\/italia-comeca-a-testar-possivel-vacina-contra-covid-19-em-voluntarios\/\",\"name\":\"It\u00e1lia come\u00e7a a testar poss\u00edvel vacina contra covid-19 em volunt\u00e1rios - VerdadeOn\",\"isPartOf\":{\"@id\":\"https:\/\/verdadeon.com.br\/portal\/#website\"},\"primaryImageOfPage\":{\"@id\":\"https:\/\/verdadeon.com.br\/portal\/2020\/08\/25\/italia-comeca-a-testar-possivel-vacina-contra-covid-19-em-voluntarios\/#primaryimage\"},\"image\":{\"@id\":\"https:\/\/verdadeon.com.br\/portal\/2020\/08\/25\/italia-comeca-a-testar-possivel-vacina-contra-covid-19-em-voluntarios\/#primaryimage\"},\"thumbnailUrl\":\"https:\/\/i0.wp.com\/verdadeon.com.br\/portal\/wp-content\/uploads\/2020\/08\/2020-05-18t143443z_1_lynxmpeg4h1mb_rtroptp_4_health-coronavirus-vaccine.jpg?fit=1000%2C670&ssl=1\",\"datePublished\":\"2020-08-25T14:55:49+00:00\",\"author\":{\"@id\":\"https:\/\/verdadeon.com.br\/portal\/#\/schema\/person\/a5060ad1e9ea3df545188fc93ce43d2f\"},\"breadcrumb\":{\"@id\":\"https:\/\/verdadeon.com.br\/portal\/2020\/08\/25\/italia-comeca-a-testar-possivel-vacina-contra-covid-19-em-voluntarios\/#breadcrumb\"},\"inLanguage\":\"pt-BR\",\"potentialAction\":[{\"@type\":\"ReadAction\",\"target\":[\"https:\/\/verdadeon.com.br\/portal\/2020\/08\/25\/italia-comeca-a-testar-possivel-vacina-contra-covid-19-em-voluntarios\/\"]}]},{\"@type\":\"ImageObject\",\"inLanguage\":\"pt-BR\",\"@id\":\"https:\/\/verdadeon.com.br\/portal\/2020\/08\/25\/italia-comeca-a-testar-possivel-vacina-contra-covid-19-em-voluntarios\/#primaryimage\",\"url\":\"https:\/\/i0.wp.com\/verdadeon.com.br\/portal\/wp-content\/uploads\/2020\/08\/2020-05-18t143443z_1_lynxmpeg4h1mb_rtroptp_4_health-coronavirus-vaccine.jpg?fit=1000%2C670&ssl=1\",\"contentUrl\":\"https:\/\/i0.wp.com\/verdadeon.com.br\/portal\/wp-content\/uploads\/2020\/08\/2020-05-18t143443z_1_lynxmpeg4h1mb_rtroptp_4_health-coronavirus-vaccine.jpg?fit=1000%2C670&ssl=1\",\"width\":1000,\"height\":670},{\"@type\":\"BreadcrumbList\",\"@id\":\"https:\/\/verdadeon.com.br\/portal\/2020\/08\/25\/italia-comeca-a-testar-possivel-vacina-contra-covid-19-em-voluntarios\/#breadcrumb\",\"itemListElement\":[{\"@type\":\"ListItem\",\"position\":1,\"name\":\"In\u00edcio\",\"item\":\"https:\/\/verdadeon.com.br\/portal\/\"},{\"@type\":\"ListItem\",\"position\":2,\"name\":\"It\u00e1lia come\u00e7a a testar poss\u00edvel vacina contra covid-19 em volunt\u00e1rios\"}]},{\"@type\":\"WebSite\",\"@id\":\"https:\/\/verdadeon.com.br\/portal\/#website\",\"url\":\"https:\/\/verdadeon.com.br\/portal\/\",\"name\":\"VerdadeOn\",\"description\":\"Not\u00edcias di\u00e1rias sobre Franca, Regi\u00e3o, Esporte, Cultura, Cotidiano, Colunas. Cobertura nos principais eventos da cidade \u00e9 aqui - Verdadeon Franca\",\"potentialAction\":[{\"@type\":\"SearchAction\",\"target\":{\"@type\":\"EntryPoint\",\"urlTemplate\":\"https:\/\/verdadeon.com.br\/portal\/?s={search_term_string}\"},\"query-input\":{\"@type\":\"PropertyValueSpecification\",\"valueRequired\":true,\"valueName\":\"search_term_string\"}}],\"inLanguage\":\"pt-BR\"},{\"@type\":\"Person\",\"@id\":\"https:\/\/verdadeon.com.br\/portal\/#\/schema\/person\/a5060ad1e9ea3df545188fc93ce43d2f\",\"name\":\"Redacao VerdadeOn\",\"image\":{\"@type\":\"ImageObject\",\"inLanguage\":\"pt-BR\",\"@id\":\"https:\/\/verdadeon.com.br\/portal\/#\/schema\/person\/image\/\",\"url\":\"https:\/\/secure.gravatar.com\/avatar\/459a9613caaaf07f582c3d0841eea68bdd66f533e465e6ba8b9cb45619572cf4?s=96&d=mm&r=g\",\"contentUrl\":\"https:\/\/secure.gravatar.com\/avatar\/459a9613caaaf07f582c3d0841eea68bdd66f533e465e6ba8b9cb45619572cf4?s=96&d=mm&r=g\",\"caption\":\"Redacao VerdadeOn\"},\"url\":\"https:\/\/verdadeon.com.br\/portal\/author\/redacao\/\"}]}<\/script>\n<!-- \/ Yoast SEO plugin. -->","yoast_head_json":{"title":"It\u00e1lia come\u00e7a a testar poss\u00edvel vacina contra covid-19 em volunt\u00e1rios - VerdadeOn","robots":{"index":"index","follow":"follow","max-snippet":"max-snippet:-1","max-image-preview":"max-image-preview:large","max-video-preview":"max-video-preview:-1"},"canonical":"https:\/\/verdadeon.com.br\/portal\/2020\/08\/25\/italia-comeca-a-testar-possivel-vacina-contra-covid-19-em-voluntarios\/","og_locale":"pt_BR","og_type":"article","og_title":"It\u00e1lia come\u00e7a a testar poss\u00edvel vacina contra covid-19 em volunt\u00e1rios - VerdadeOn","og_description":"Testes ser\u00e3o feitos com 90 pessoas nas pr\u00f3ximas semanas Yara Nardi &#8211; Rep\u00f3rter da Reuters &#8211; Roma A It\u00e1lia iniciou testes de uma candidata a vacina [\u2026]","og_url":"https:\/\/verdadeon.com.br\/portal\/2020\/08\/25\/italia-comeca-a-testar-possivel-vacina-contra-covid-19-em-voluntarios\/","og_site_name":"VerdadeOn","article_published_time":"2020-08-25T14:55:49+00:00","og_image":[{"width":1000,"height":670,"url":"https:\/\/verdadeon.com.br\/portal\/wp-content\/uploads\/2020\/08\/2020-05-18t143443z_1_lynxmpeg4h1mb_rtroptp_4_health-coronavirus-vaccine.jpg","type":"image\/jpeg"}],"author":"Redacao VerdadeOn","twitter_card":"summary_large_image","twitter_misc":{"Escrito por":"Redacao VerdadeOn","Est. tempo de leitura":"2 minutos"},"schema":{"@context":"https:\/\/schema.org","@graph":[{"@type":"WebPage","@id":"https:\/\/verdadeon.com.br\/portal\/2020\/08\/25\/italia-comeca-a-testar-possivel-vacina-contra-covid-19-em-voluntarios\/","url":"https:\/\/verdadeon.com.br\/portal\/2020\/08\/25\/italia-comeca-a-testar-possivel-vacina-contra-covid-19-em-voluntarios\/","name":"It\u00e1lia come\u00e7a a testar poss\u00edvel vacina contra covid-19 em volunt\u00e1rios - VerdadeOn","isPartOf":{"@id":"https:\/\/verdadeon.com.br\/portal\/#website"},"primaryImageOfPage":{"@id":"https:\/\/verdadeon.com.br\/portal\/2020\/08\/25\/italia-comeca-a-testar-possivel-vacina-contra-covid-19-em-voluntarios\/#primaryimage"},"image":{"@id":"https:\/\/verdadeon.com.br\/portal\/2020\/08\/25\/italia-comeca-a-testar-possivel-vacina-contra-covid-19-em-voluntarios\/#primaryimage"},"thumbnailUrl":"https:\/\/i0.wp.com\/verdadeon.com.br\/portal\/wp-content\/uploads\/2020\/08\/2020-05-18t143443z_1_lynxmpeg4h1mb_rtroptp_4_health-coronavirus-vaccine.jpg?fit=1000%2C670&ssl=1","datePublished":"2020-08-25T14:55:49+00:00","author":{"@id":"https:\/\/verdadeon.com.br\/portal\/#\/schema\/person\/a5060ad1e9ea3df545188fc93ce43d2f"},"breadcrumb":{"@id":"https:\/\/verdadeon.com.br\/portal\/2020\/08\/25\/italia-comeca-a-testar-possivel-vacina-contra-covid-19-em-voluntarios\/#breadcrumb"},"inLanguage":"pt-BR","potentialAction":[{"@type":"ReadAction","target":["https:\/\/verdadeon.com.br\/portal\/2020\/08\/25\/italia-comeca-a-testar-possivel-vacina-contra-covid-19-em-voluntarios\/"]}]},{"@type":"ImageObject","inLanguage":"pt-BR","@id":"https:\/\/verdadeon.com.br\/portal\/2020\/08\/25\/italia-comeca-a-testar-possivel-vacina-contra-covid-19-em-voluntarios\/#primaryimage","url":"https:\/\/i0.wp.com\/verdadeon.com.br\/portal\/wp-content\/uploads\/2020\/08\/2020-05-18t143443z_1_lynxmpeg4h1mb_rtroptp_4_health-coronavirus-vaccine.jpg?fit=1000%2C670&ssl=1","contentUrl":"https:\/\/i0.wp.com\/verdadeon.com.br\/portal\/wp-content\/uploads\/2020\/08\/2020-05-18t143443z_1_lynxmpeg4h1mb_rtroptp_4_health-coronavirus-vaccine.jpg?fit=1000%2C670&ssl=1","width":1000,"height":670},{"@type":"BreadcrumbList","@id":"https:\/\/verdadeon.com.br\/portal\/2020\/08\/25\/italia-comeca-a-testar-possivel-vacina-contra-covid-19-em-voluntarios\/#breadcrumb","itemListElement":[{"@type":"ListItem","position":1,"name":"In\u00edcio","item":"https:\/\/verdadeon.com.br\/portal\/"},{"@type":"ListItem","position":2,"name":"It\u00e1lia come\u00e7a a testar poss\u00edvel vacina contra covid-19 em volunt\u00e1rios"}]},{"@type":"WebSite","@id":"https:\/\/verdadeon.com.br\/portal\/#website","url":"https:\/\/verdadeon.com.br\/portal\/","name":"VerdadeOn","description":"Not\u00edcias di\u00e1rias sobre Franca, Regi\u00e3o, Esporte, Cultura, Cotidiano, Colunas. Cobertura nos principais eventos da cidade \u00e9 aqui - Verdadeon Franca","potentialAction":[{"@type":"SearchAction","target":{"@type":"EntryPoint","urlTemplate":"https:\/\/verdadeon.com.br\/portal\/?s={search_term_string}"},"query-input":{"@type":"PropertyValueSpecification","valueRequired":true,"valueName":"search_term_string"}}],"inLanguage":"pt-BR"},{"@type":"Person","@id":"https:\/\/verdadeon.com.br\/portal\/#\/schema\/person\/a5060ad1e9ea3df545188fc93ce43d2f","name":"Redacao VerdadeOn","image":{"@type":"ImageObject","inLanguage":"pt-BR","@id":"https:\/\/verdadeon.com.br\/portal\/#\/schema\/person\/image\/","url":"https:\/\/secure.gravatar.com\/avatar\/459a9613caaaf07f582c3d0841eea68bdd66f533e465e6ba8b9cb45619572cf4?s=96&d=mm&r=g","contentUrl":"https:\/\/secure.gravatar.com\/avatar\/459a9613caaaf07f582c3d0841eea68bdd66f533e465e6ba8b9cb45619572cf4?s=96&d=mm&r=g","caption":"Redacao VerdadeOn"},"url":"https:\/\/verdadeon.com.br\/portal\/author\/redacao\/"}]}},"jetpack_publicize_connections":[],"jetpack_featured_media_url":"https:\/\/i0.wp.com\/verdadeon.com.br\/portal\/wp-content\/uploads\/2020\/08\/2020-05-18t143443z_1_lynxmpeg4h1mb_rtroptp_4_health-coronavirus-vaccine.jpg?fit=1000%2C670&ssl=1","jetpack_sharing_enabled":true,"_links":{"self":[{"href":"https:\/\/verdadeon.com.br\/portal\/wp-json\/wp\/v2\/posts\/9958","targetHints":{"allow":["GET"]}}],"collection":[{"href":"https:\/\/verdadeon.com.br\/portal\/wp-json\/wp\/v2\/posts"}],"about":[{"href":"https:\/\/verdadeon.com.br\/portal\/wp-json\/wp\/v2\/types\/post"}],"author":[{"embeddable":true,"href":"https:\/\/verdadeon.com.br\/portal\/wp-json\/wp\/v2\/users\/10"}],"replies":[{"embeddable":true,"href":"https:\/\/verdadeon.com.br\/portal\/wp-json\/wp\/v2\/comments?post=9958"}],"version-history":[{"count":0,"href":"https:\/\/verdadeon.com.br\/portal\/wp-json\/wp\/v2\/posts\/9958\/revisions"}],"wp:featuredmedia":[{"embeddable":true,"href":"https:\/\/verdadeon.com.br\/portal\/wp-json\/wp\/v2\/media\/9960"}],"wp:attachment":[{"href":"https:\/\/verdadeon.com.br\/portal\/wp-json\/wp\/v2\/media?parent=9958"}],"wp:term":[{"taxonomy":"category","embeddable":true,"href":"https:\/\/verdadeon.com.br\/portal\/wp-json\/wp\/v2\/categories?post=9958"},{"taxonomy":"post_tag","embeddable":true,"href":"https:\/\/verdadeon.com.br\/portal\/wp-json\/wp\/v2\/tags?post=9958"}],"curies":[{"name":"wp","href":"https:\/\/api.w.org\/{rel}","templated":true}]}}