{"id":9957,"date":"2020-08-25T11:54:35","date_gmt":"2020-08-25T14:54:35","guid":{"rendered":"http:\/\/verdadeon.com.br\/portal\/?p=9957"},"modified":"2020-08-25T11:54:35","modified_gmt":"2020-08-25T14:54:35","slug":"caixa-paga-auxilio-emergencial-para-pessoas-do-bolsa-familia","status":"publish","type":"post","link":"https:\/\/verdadeon.com.br\/portal\/2020\/08\/25\/caixa-paga-auxilio-emergencial-para-pessoas-do-bolsa-familia\/","title":{"rendered":"Caixa paga aux\u00edlio emergencial para pessoas do Bolsa Fam\u00edlia"},"content":{"rendered":"<div class=\"col-lg-12 mb-3\">\n<div class=\"row\">\n<h3 class=\"col-10 offset-1 animated fadeInDown dealy-900 display-8 display-md-8 alt-font font-italic my-1 text-center\">Benefici\u00e1rios com NIS final 6 que podem fazer o saque em esp\u00e9cie<\/h3>\n<\/div>\n<p>Kelly Oliveira \u2013 Rep\u00f3rter da Ag\u00eancia Brasil &#8211; Bras\u00edlia<\/p><\/div>\n<div class=\"col-xl-7 offset-xl-1 col-lg-8 offset-lg-0 col-md-10 offset-md-1 mb-3\">\n<div class=\"post-item alt-font\">\n<div class=\"post-item-wrap\">\n<p>A Caixa segue hoje (25) com o pagamento da quinta parcela do aux\u00edlio emergencial para os benefici\u00e1rios do programa Bolsa Fam\u00edlia. A cada dia, o saque \u00e9 liberado a um novo grupo conforme o final do N\u00famero de Identifica\u00e7\u00e3o Social (NIS). Ao todo, 19,2 milh\u00f5es de pessoas cadastradas no programa receber\u00e3o o dinheiro at\u00e9 31 de agosto.<img data-recalc-dims=\"1\" decoding=\"async\" src=\"https:\/\/i0.wp.com\/agenciabrasil.ebc.com.br\/ebc.png?w=1220&#038;ssl=1\" \/><img data-recalc-dims=\"1\" decoding=\"async\" src=\"https:\/\/i0.wp.com\/agenciabrasil.ebc.com.br\/ebc.gif?w=1220&#038;ssl=1\" \/><\/p>\n<p>O aux\u00edlio, com parcelas de R$ 600 (R$ 1,2 mil para m\u00e3es solteiras), foi criado para reduzir os efeitos da crise econ\u00f4mica causada pela pandemia da covid-19.<\/p>\n<p>Hoje, \u00e9 a vez dos benefici\u00e1rios com NIS final 6 que podem fazer o saque em esp\u00e9cie. Os primeiros a receber foram os benefici\u00e1rios com NIS final 1, no \u00faltimo dia 18. O pagamento segue em ordem crescente at\u00e9 chegar ao NIS 9 no dia 28 e termina com o NIS 0, no dia 31. N\u00e3o h\u00e1 pagamentos nos finais de semana.<\/p>\n<p>O recebimento do aux\u00edlio emergencial por esse p\u00fablico \u00e9 feito da mesma forma que o benef\u00edcio regular do Bolsa Fam\u00edlia, utilizando o cart\u00e3o nos canais de autoatendimento, unidades lot\u00e9ricas e correspondentes Caixa Aqui ou por cr\u00e9dito na conta Caixa F\u00e1cil.<\/p>\n<h2>Demais benefici\u00e1rios<\/h2>\n<p>Os demais benefici\u00e1rios do aux\u00edlio emergencial, como os trabalhadores informais, recebem inicialmente o cr\u00e9dito do benef\u00edcio na poupan\u00e7a social da Caixa, conforme calend\u00e1rio organizado por m\u00eas de nascimento. Pelo aplicativo Caixa Tem, \u00e9 poss\u00edvel fazer compras\u00a0<em>online\u00a0<\/em>em estabelecimentos autorizados e pagar boletos.<\/p>\n<p>O saque em dinheiro do benef\u00edcio, em uma ag\u00eancia do banco, \u00e9 autorizado posteriormente, de acordo com calend\u00e1rio definido pelo governo, considerando tamb\u00e9m o m\u00eas de nascimento do benefici\u00e1rio. As transfer\u00eancias para outros bancos ou para contas na pr\u00f3pria Caixa seguem o mesmo calend\u00e1rio de saque. Nesse caso, os recursos s\u00e3o transferidos automaticamente para as contas indicadas pelo benefici\u00e1rio.<\/p>\n<p>Amanh\u00e3 (26), a Caixa far\u00e1 o cr\u00e9dito do benef\u00edcio para nascidos em dezembro. O saque ser\u00e1 liberado no dia 17 de setembro.<\/p>\n<\/div>\n<p class=\"alt-font font-italic my-2 small text-info\">Edi\u00e7\u00e3o: Val\u00e9ria Aguiar<\/p>\n<\/div>\n<\/div>\n","protected":false},"excerpt":{"rendered":"<p>Benefici\u00e1rios com NIS final 6 que podem fazer o saque em esp\u00e9cie Kelly Oliveira \u2013 Rep\u00f3rter da Ag\u00eancia Brasil &#8211; Bras\u00edlia A Caixa segue hoje (25)<span class=\"excerpt-hellip\"> [\u2026]<\/span><\/p>\n","protected":false},"author":10,"featured_media":9961,"comment_status":"open","ping_status":"open","sticky":false,"template":"","format":"standard","meta":{"_jetpack_memberships_contains_paid_content":false,"footnotes":"","jetpack_publicize_message":"","jetpack_publicize_feature_enabled":true,"jetpack_social_post_already_shared":false,"jetpack_social_options":{"image_generator_settings":{"template":"highway","default_image_id":0,"enabled":false},"version":2}},"categories":[53,44],"tags":[],"class_list":["post-9957","post","type-post","status-publish","format-standard","has-post-thumbnail","hentry","category-brasil","category-noticias"],"yoast_head":"<!-- This site is optimized with the Yoast SEO plugin v25.6 - https:\/\/yoast.com\/wordpress\/plugins\/seo\/ -->\n<title>Caixa paga aux\u00edlio emergencial para pessoas do Bolsa Fam\u00edlia - VerdadeOn<\/title>\n<meta name=\"robots\" content=\"index, follow, max-snippet:-1, max-image-preview:large, max-video-preview:-1\" \/>\n<link rel=\"canonical\" href=\"https:\/\/verdadeon.com.br\/portal\/2020\/08\/25\/caixa-paga-auxilio-emergencial-para-pessoas-do-bolsa-familia\/\" \/>\n<meta property=\"og:locale\" content=\"pt_BR\" \/>\n<meta property=\"og:type\" content=\"article\" \/>\n<meta property=\"og:title\" content=\"Caixa paga aux\u00edlio emergencial para pessoas do Bolsa Fam\u00edlia - VerdadeOn\" \/>\n<meta property=\"og:description\" content=\"Benefici\u00e1rios com NIS final 6 que podem fazer o saque em esp\u00e9cie Kelly Oliveira \u2013 Rep\u00f3rter da Ag\u00eancia Brasil &#8211; Bras\u00edlia A Caixa segue hoje (25) [\u2026]\" \/>\n<meta property=\"og:url\" content=\"https:\/\/verdadeon.com.br\/portal\/2020\/08\/25\/caixa-paga-auxilio-emergencial-para-pessoas-do-bolsa-familia\/\" \/>\n<meta property=\"og:site_name\" content=\"VerdadeOn\" \/>\n<meta property=\"article:published_time\" content=\"2020-08-25T14:54:35+00:00\" \/>\n<meta property=\"og:image\" content=\"https:\/\/verdadeon.com.br\/portal\/wp-content\/uploads\/2020\/08\/agencia_da_caixa_economica_federal_fgts_mcmgo_abr_13091923081.jpg\" \/>\n\t<meta property=\"og:image:width\" content=\"1000\" \/>\n\t<meta property=\"og:image:height\" content=\"670\" \/>\n\t<meta property=\"og:image:type\" content=\"image\/jpeg\" \/>\n<meta name=\"author\" content=\"Redacao VerdadeOn\" \/>\n<meta name=\"twitter:card\" content=\"summary_large_image\" \/>\n<meta name=\"twitter:label1\" content=\"Escrito por\" \/>\n\t<meta name=\"twitter:data1\" content=\"Redacao VerdadeOn\" \/>\n\t<meta name=\"twitter:label2\" content=\"Est. tempo de leitura\" \/>\n\t<meta name=\"twitter:data2\" content=\"2 minutos\" \/>\n<script type=\"application\/ld+json\" class=\"yoast-schema-graph\">{\"@context\":\"https:\/\/schema.org\",\"@graph\":[{\"@type\":\"WebPage\",\"@id\":\"https:\/\/verdadeon.com.br\/portal\/2020\/08\/25\/caixa-paga-auxilio-emergencial-para-pessoas-do-bolsa-familia\/\",\"url\":\"https:\/\/verdadeon.com.br\/portal\/2020\/08\/25\/caixa-paga-auxilio-emergencial-para-pessoas-do-bolsa-familia\/\",\"name\":\"Caixa paga aux\u00edlio emergencial para pessoas do Bolsa Fam\u00edlia - VerdadeOn\",\"isPartOf\":{\"@id\":\"https:\/\/verdadeon.com.br\/portal\/#website\"},\"primaryImageOfPage\":{\"@id\":\"https:\/\/verdadeon.com.br\/portal\/2020\/08\/25\/caixa-paga-auxilio-emergencial-para-pessoas-do-bolsa-familia\/#primaryimage\"},\"image\":{\"@id\":\"https:\/\/verdadeon.com.br\/portal\/2020\/08\/25\/caixa-paga-auxilio-emergencial-para-pessoas-do-bolsa-familia\/#primaryimage\"},\"thumbnailUrl\":\"https:\/\/i0.wp.com\/verdadeon.com.br\/portal\/wp-content\/uploads\/2020\/08\/agencia_da_caixa_economica_federal_fgts_mcmgo_abr_13091923081.jpg?fit=1000%2C670&ssl=1\",\"datePublished\":\"2020-08-25T14:54:35+00:00\",\"author\":{\"@id\":\"https:\/\/verdadeon.com.br\/portal\/#\/schema\/person\/a5060ad1e9ea3df545188fc93ce43d2f\"},\"breadcrumb\":{\"@id\":\"https:\/\/verdadeon.com.br\/portal\/2020\/08\/25\/caixa-paga-auxilio-emergencial-para-pessoas-do-bolsa-familia\/#breadcrumb\"},\"inLanguage\":\"pt-BR\",\"potentialAction\":[{\"@type\":\"ReadAction\",\"target\":[\"https:\/\/verdadeon.com.br\/portal\/2020\/08\/25\/caixa-paga-auxilio-emergencial-para-pessoas-do-bolsa-familia\/\"]}]},{\"@type\":\"ImageObject\",\"inLanguage\":\"pt-BR\",\"@id\":\"https:\/\/verdadeon.com.br\/portal\/2020\/08\/25\/caixa-paga-auxilio-emergencial-para-pessoas-do-bolsa-familia\/#primaryimage\",\"url\":\"https:\/\/i0.wp.com\/verdadeon.com.br\/portal\/wp-content\/uploads\/2020\/08\/agencia_da_caixa_economica_federal_fgts_mcmgo_abr_13091923081.jpg?fit=1000%2C670&ssl=1\",\"contentUrl\":\"https:\/\/i0.wp.com\/verdadeon.com.br\/portal\/wp-content\/uploads\/2020\/08\/agencia_da_caixa_economica_federal_fgts_mcmgo_abr_13091923081.jpg?fit=1000%2C670&ssl=1\",\"width\":1000,\"height\":670,\"caption\":\"Caixa Econ\u00f4mica Federal inicia hoje (13) a libera\u00e7\u00e3o do saque de at\u00e9 R$ 500 em contas do Fundo de Garantia do Tempo de Servi\u00e7o (FGTS).\"},{\"@type\":\"BreadcrumbList\",\"@id\":\"https:\/\/verdadeon.com.br\/portal\/2020\/08\/25\/caixa-paga-auxilio-emergencial-para-pessoas-do-bolsa-familia\/#breadcrumb\",\"itemListElement\":[{\"@type\":\"ListItem\",\"position\":1,\"name\":\"In\u00edcio\",\"item\":\"https:\/\/verdadeon.com.br\/portal\/\"},{\"@type\":\"ListItem\",\"position\":2,\"name\":\"Caixa paga aux\u00edlio emergencial para pessoas do Bolsa Fam\u00edlia\"}]},{\"@type\":\"WebSite\",\"@id\":\"https:\/\/verdadeon.com.br\/portal\/#website\",\"url\":\"https:\/\/verdadeon.com.br\/portal\/\",\"name\":\"VerdadeOn\",\"description\":\"Not\u00edcias di\u00e1rias sobre Franca, Regi\u00e3o, Esporte, Cultura, Cotidiano, Colunas. Cobertura nos principais eventos da cidade \u00e9 aqui - Verdadeon Franca\",\"potentialAction\":[{\"@type\":\"SearchAction\",\"target\":{\"@type\":\"EntryPoint\",\"urlTemplate\":\"https:\/\/verdadeon.com.br\/portal\/?s={search_term_string}\"},\"query-input\":{\"@type\":\"PropertyValueSpecification\",\"valueRequired\":true,\"valueName\":\"search_term_string\"}}],\"inLanguage\":\"pt-BR\"},{\"@type\":\"Person\",\"@id\":\"https:\/\/verdadeon.com.br\/portal\/#\/schema\/person\/a5060ad1e9ea3df545188fc93ce43d2f\",\"name\":\"Redacao VerdadeOn\",\"image\":{\"@type\":\"ImageObject\",\"inLanguage\":\"pt-BR\",\"@id\":\"https:\/\/verdadeon.com.br\/portal\/#\/schema\/person\/image\/\",\"url\":\"https:\/\/secure.gravatar.com\/avatar\/459a9613caaaf07f582c3d0841eea68bdd66f533e465e6ba8b9cb45619572cf4?s=96&d=mm&r=g\",\"contentUrl\":\"https:\/\/secure.gravatar.com\/avatar\/459a9613caaaf07f582c3d0841eea68bdd66f533e465e6ba8b9cb45619572cf4?s=96&d=mm&r=g\",\"caption\":\"Redacao VerdadeOn\"},\"url\":\"https:\/\/verdadeon.com.br\/portal\/author\/redacao\/\"}]}<\/script>\n<!-- \/ Yoast SEO plugin. -->","yoast_head_json":{"title":"Caixa paga aux\u00edlio emergencial para pessoas do Bolsa Fam\u00edlia - VerdadeOn","robots":{"index":"index","follow":"follow","max-snippet":"max-snippet:-1","max-image-preview":"max-image-preview:large","max-video-preview":"max-video-preview:-1"},"canonical":"https:\/\/verdadeon.com.br\/portal\/2020\/08\/25\/caixa-paga-auxilio-emergencial-para-pessoas-do-bolsa-familia\/","og_locale":"pt_BR","og_type":"article","og_title":"Caixa paga aux\u00edlio emergencial para pessoas do Bolsa Fam\u00edlia - VerdadeOn","og_description":"Benefici\u00e1rios com NIS final 6 que podem fazer o saque em esp\u00e9cie Kelly Oliveira \u2013 Rep\u00f3rter da Ag\u00eancia Brasil &#8211; Bras\u00edlia A Caixa segue hoje (25) [\u2026]","og_url":"https:\/\/verdadeon.com.br\/portal\/2020\/08\/25\/caixa-paga-auxilio-emergencial-para-pessoas-do-bolsa-familia\/","og_site_name":"VerdadeOn","article_published_time":"2020-08-25T14:54:35+00:00","og_image":[{"width":1000,"height":670,"url":"https:\/\/verdadeon.com.br\/portal\/wp-content\/uploads\/2020\/08\/agencia_da_caixa_economica_federal_fgts_mcmgo_abr_13091923081.jpg","type":"image\/jpeg"}],"author":"Redacao VerdadeOn","twitter_card":"summary_large_image","twitter_misc":{"Escrito por":"Redacao VerdadeOn","Est. tempo de leitura":"2 minutos"},"schema":{"@context":"https:\/\/schema.org","@graph":[{"@type":"WebPage","@id":"https:\/\/verdadeon.com.br\/portal\/2020\/08\/25\/caixa-paga-auxilio-emergencial-para-pessoas-do-bolsa-familia\/","url":"https:\/\/verdadeon.com.br\/portal\/2020\/08\/25\/caixa-paga-auxilio-emergencial-para-pessoas-do-bolsa-familia\/","name":"Caixa paga aux\u00edlio emergencial para pessoas do Bolsa Fam\u00edlia - VerdadeOn","isPartOf":{"@id":"https:\/\/verdadeon.com.br\/portal\/#website"},"primaryImageOfPage":{"@id":"https:\/\/verdadeon.com.br\/portal\/2020\/08\/25\/caixa-paga-auxilio-emergencial-para-pessoas-do-bolsa-familia\/#primaryimage"},"image":{"@id":"https:\/\/verdadeon.com.br\/portal\/2020\/08\/25\/caixa-paga-auxilio-emergencial-para-pessoas-do-bolsa-familia\/#primaryimage"},"thumbnailUrl":"https:\/\/i0.wp.com\/verdadeon.com.br\/portal\/wp-content\/uploads\/2020\/08\/agencia_da_caixa_economica_federal_fgts_mcmgo_abr_13091923081.jpg?fit=1000%2C670&ssl=1","datePublished":"2020-08-25T14:54:35+00:00","author":{"@id":"https:\/\/verdadeon.com.br\/portal\/#\/schema\/person\/a5060ad1e9ea3df545188fc93ce43d2f"},"breadcrumb":{"@id":"https:\/\/verdadeon.com.br\/portal\/2020\/08\/25\/caixa-paga-auxilio-emergencial-para-pessoas-do-bolsa-familia\/#breadcrumb"},"inLanguage":"pt-BR","potentialAction":[{"@type":"ReadAction","target":["https:\/\/verdadeon.com.br\/portal\/2020\/08\/25\/caixa-paga-auxilio-emergencial-para-pessoas-do-bolsa-familia\/"]}]},{"@type":"ImageObject","inLanguage":"pt-BR","@id":"https:\/\/verdadeon.com.br\/portal\/2020\/08\/25\/caixa-paga-auxilio-emergencial-para-pessoas-do-bolsa-familia\/#primaryimage","url":"https:\/\/i0.wp.com\/verdadeon.com.br\/portal\/wp-content\/uploads\/2020\/08\/agencia_da_caixa_economica_federal_fgts_mcmgo_abr_13091923081.jpg?fit=1000%2C670&ssl=1","contentUrl":"https:\/\/i0.wp.com\/verdadeon.com.br\/portal\/wp-content\/uploads\/2020\/08\/agencia_da_caixa_economica_federal_fgts_mcmgo_abr_13091923081.jpg?fit=1000%2C670&ssl=1","width":1000,"height":670,"caption":"Caixa Econ\u00f4mica Federal inicia hoje (13) a libera\u00e7\u00e3o do saque de at\u00e9 R$ 500 em contas do Fundo de Garantia do Tempo de Servi\u00e7o (FGTS)."},{"@type":"BreadcrumbList","@id":"https:\/\/verdadeon.com.br\/portal\/2020\/08\/25\/caixa-paga-auxilio-emergencial-para-pessoas-do-bolsa-familia\/#breadcrumb","itemListElement":[{"@type":"ListItem","position":1,"name":"In\u00edcio","item":"https:\/\/verdadeon.com.br\/portal\/"},{"@type":"ListItem","position":2,"name":"Caixa paga aux\u00edlio emergencial para pessoas do Bolsa Fam\u00edlia"}]},{"@type":"WebSite","@id":"https:\/\/verdadeon.com.br\/portal\/#website","url":"https:\/\/verdadeon.com.br\/portal\/","name":"VerdadeOn","description":"Not\u00edcias di\u00e1rias sobre Franca, Regi\u00e3o, Esporte, Cultura, Cotidiano, Colunas. Cobertura nos principais eventos da cidade \u00e9 aqui - Verdadeon Franca","potentialAction":[{"@type":"SearchAction","target":{"@type":"EntryPoint","urlTemplate":"https:\/\/verdadeon.com.br\/portal\/?s={search_term_string}"},"query-input":{"@type":"PropertyValueSpecification","valueRequired":true,"valueName":"search_term_string"}}],"inLanguage":"pt-BR"},{"@type":"Person","@id":"https:\/\/verdadeon.com.br\/portal\/#\/schema\/person\/a5060ad1e9ea3df545188fc93ce43d2f","name":"Redacao VerdadeOn","image":{"@type":"ImageObject","inLanguage":"pt-BR","@id":"https:\/\/verdadeon.com.br\/portal\/#\/schema\/person\/image\/","url":"https:\/\/secure.gravatar.com\/avatar\/459a9613caaaf07f582c3d0841eea68bdd66f533e465e6ba8b9cb45619572cf4?s=96&d=mm&r=g","contentUrl":"https:\/\/secure.gravatar.com\/avatar\/459a9613caaaf07f582c3d0841eea68bdd66f533e465e6ba8b9cb45619572cf4?s=96&d=mm&r=g","caption":"Redacao VerdadeOn"},"url":"https:\/\/verdadeon.com.br\/portal\/author\/redacao\/"}]}},"jetpack_publicize_connections":[],"jetpack_featured_media_url":"https:\/\/i0.wp.com\/verdadeon.com.br\/portal\/wp-content\/uploads\/2020\/08\/agencia_da_caixa_economica_federal_fgts_mcmgo_abr_13091923081.jpg?fit=1000%2C670&ssl=1","jetpack_sharing_enabled":true,"_links":{"self":[{"href":"https:\/\/verdadeon.com.br\/portal\/wp-json\/wp\/v2\/posts\/9957","targetHints":{"allow":["GET"]}}],"collection":[{"href":"https:\/\/verdadeon.com.br\/portal\/wp-json\/wp\/v2\/posts"}],"about":[{"href":"https:\/\/verdadeon.com.br\/portal\/wp-json\/wp\/v2\/types\/post"}],"author":[{"embeddable":true,"href":"https:\/\/verdadeon.com.br\/portal\/wp-json\/wp\/v2\/users\/10"}],"replies":[{"embeddable":true,"href":"https:\/\/verdadeon.com.br\/portal\/wp-json\/wp\/v2\/comments?post=9957"}],"version-history":[{"count":0,"href":"https:\/\/verdadeon.com.br\/portal\/wp-json\/wp\/v2\/posts\/9957\/revisions"}],"wp:featuredmedia":[{"embeddable":true,"href":"https:\/\/verdadeon.com.br\/portal\/wp-json\/wp\/v2\/media\/9961"}],"wp:attachment":[{"href":"https:\/\/verdadeon.com.br\/portal\/wp-json\/wp\/v2\/media?parent=9957"}],"wp:term":[{"taxonomy":"category","embeddable":true,"href":"https:\/\/verdadeon.com.br\/portal\/wp-json\/wp\/v2\/categories?post=9957"},{"taxonomy":"post_tag","embeddable":true,"href":"https:\/\/verdadeon.com.br\/portal\/wp-json\/wp\/v2\/tags?post=9957"}],"curies":[{"name":"wp","href":"https:\/\/api.w.org\/{rel}","templated":true}]}}