{"id":9696,"date":"2020-08-15T21:05:07","date_gmt":"2020-08-16T00:05:07","guid":{"rendered":"http:\/\/verdadeon.com.br\/portal\/?p=9696"},"modified":"2020-08-15T21:05:07","modified_gmt":"2020-08-16T00:05:07","slug":"covid-19-profissionais-de-saude-podem-se-alistar-para-teste-de-vacina","status":"publish","type":"post","link":"https:\/\/verdadeon.com.br\/portal\/2020\/08\/15\/covid-19-profissionais-de-saude-podem-se-alistar-para-teste-de-vacina\/","title":{"rendered":"Covid-19: profissionais de sa\u00fade podem se alistar para teste de vacina"},"content":{"rendered":"<div class=\"col-lg-12 mb-3\">\n<div class=\"row\">\n<h3 class=\"col-10 offset-1 animated fadeInDown dealy-900 display-8 display-md-8 alt-font font-italic my-1 text-center\">Vacina \u00e9 desenvolvida pela farmac\u00eautica Sinovac Biotech<\/h3>\n<\/div>\n<p>Ag\u00eancia Brasil &#8211; Bras\u00edlia<\/p><\/div>\n<div class=\"col-xl-7 offset-xl-1 col-lg-8 offset-lg-0 col-md-10 offset-md-1 mb-3\">\n<div class=\"post-item alt-font\">\n<div class=\"post-item-wrap\">\n<p>Os profissionais de sa\u00fade do Distrito Federal podem se voluntariar para participar da pesquisa cl\u00ednica que testa a efic\u00e1cia da vacina contra a covid-19, desenvolvida pela farmac\u00eautica Sinovac Biotech. Na capital federal, a pesquisa \u00e9 coordenada pela Universidade de Bras\u00edlia (UnB) e realizada no Hospital Universit\u00e1rio de Bras\u00edlia (HUB), onde os testes s\u00e3o realizados.<img data-recalc-dims=\"1\" decoding=\"async\" src=\"https:\/\/i0.wp.com\/agenciabrasil.ebc.com.br\/ebc.png?w=1220&#038;ssl=1\" \/><img data-recalc-dims=\"1\" decoding=\"async\" src=\"https:\/\/i0.wp.com\/agenciabrasil.ebc.com.br\/ebc.gif?w=1220&#038;ssl=1\" \/><\/p>\n<p>O cadastro para pesquisa \u00e9 realizado exclusivamente de forma eletr\u00f4nica, por meio de\u00a0<a href=\"http:\/\/app.profiscov.com\/home-public\" target=\"_blank\" rel=\"noopener noreferrer\">formul\u00e1rio online<\/a>.<\/p>\n<p>O HUB \u00e9 um dos 12 centros no Brasil que participa\u00a0da fase 3 do ensaio cl\u00ednico nacional\u00a0coordenado pelo Instituto Butantan e autorizado pela Ag\u00eancia Nacional de Vigil\u00e2ncia Sanit\u00e1ria (Anvisa).<\/p>\n<h2>Pesquisa<\/h2>\n<p>O estudo em Bras\u00edlia conta com uma equipe multiprofissional, a maioria do pr\u00f3prio hospital, formada por 25 pessoas, entre m\u00e9dicos, enfermeiros, t\u00e9cnicos de enfermagem, farmac\u00eauticos e t\u00e9cnicos de laborat\u00f3rio.<\/p>\n<p>Com o pr\u00e9-cadastro, a equipe que integra a pesquisa entrar\u00e1 em contato com cada profissional para confirmar os dados e agendar o atendimento no HUB. O volunt\u00e1rio aprovado receber\u00e1 duas doses da vacina, com intervalo de 14 dias. Metade dos participantes recebe um placebo, que n\u00e3o tem efeito farmacol\u00f3gico, e a outra metade, o produto vacinal. A proposta \u00e9 fazer a compara\u00e7\u00e3o entre os dois grupos.<\/p>\n<p>Os testes come\u00e7aram nos dias 5 e\u00a06 de agosto, quando foram imunizados dez volunt\u00e1rios. Ap\u00f3s um per\u00edodo de avalia\u00e7\u00e3o pelo Butantan, o HUB retomou a aplica\u00e7\u00e3o das doses na \u00faltima\u00a0quinta-feira (13). A expectativa agora \u00e9 aumentar a quantidade di\u00e1ria de atendimentos progressivamente at\u00e9 alcan\u00e7ar a meta de 850 participantes, o que deve levar em torno de dois meses.<\/p>\n<p>A terceira etapa do estudo avalia a efic\u00e1cia e a seguran\u00e7a da vacina em um n\u00famero maior de pessoas. As fases 1 e 2 do ensaio cl\u00ednico foram realizadas com cerca de 700 volunt\u00e1rios na China e os resultados demonstraram a produ\u00e7\u00e3o de anticorpos neutralizantes em 90% dos participantes.<\/p>\n<p>Assim que forem comprovadas a efic\u00e1cia e a seguran\u00e7a, a vacina segue para registro na Anvisa. Depois, a Sinovac e o Butantan firmar\u00e3o acordo de transfer\u00eancia de tecnologia para produ\u00e7\u00e3o em escala e o fornecimento gratuito pelo Sistema \u00danico de Sa\u00fade (SUS).<\/p>\n<h2>Crit\u00e9rios<\/h2>\n<p>Podem se candidatar ao estudo apenas profissionais de sa\u00fade do DF que cumpram os seguintes crit\u00e9rios:<\/p>\n<p>1.\u00a0Ter\u00a0mais de 18 anos<\/p>\n<p>2. Trabalhar em servi\u00e7o de sa\u00fade atendendo pessoas com covid-19<\/p>\n<p>3. N\u00e3o\u00a0ter\u00a0sido diagnosticado ou testado positivo para o v\u00edrus da covid-19<\/p>\n<p>4.\u00a0Ter\u00a0registro no conselho profissional regional<\/p>\n<p>5. N\u00e3o apresentar doen\u00e7a cr\u00f4nica<\/p>\n<p>6. Se mulher, n\u00e3o estar gestante<\/p>\n<p>7. N\u00e3o participar de outro ensaio cl\u00ednico<\/p>\n<p>Ao aceitar participar da pesquisa, o volunt\u00e1rio assina um termo de consentimento e se compromete a comparecer ao HUB periodicamente por um per\u00edodo de doze meses para acompanhamento da sa\u00fade.<\/p>\n<\/div>\n<p class=\"alt-font font-italic my-2 small text-info\">Edi\u00e7\u00e3o: L\u00edlian Beraldo<\/p>\n<\/div>\n<\/div>\n","protected":false},"excerpt":{"rendered":"<p>Vacina \u00e9 desenvolvida pela farmac\u00eautica Sinovac Biotech Ag\u00eancia Brasil &#8211; Bras\u00edlia Os profissionais de sa\u00fade do Distrito Federal podem se voluntariar para participar da pesquisa cl\u00ednica<span class=\"excerpt-hellip\"> [\u2026]<\/span><\/p>\n","protected":false},"author":10,"featured_media":9699,"comment_status":"open","ping_status":"open","sticky":false,"template":"","format":"standard","meta":{"_jetpack_memberships_contains_paid_content":false,"footnotes":"","jetpack_publicize_message":"","jetpack_publicize_feature_enabled":true,"jetpack_social_post_already_shared":false,"jetpack_social_options":{"image_generator_settings":{"template":"highway","default_image_id":0,"enabled":false},"version":2}},"categories":[53,44],"tags":[],"class_list":["post-9696","post","type-post","status-publish","format-standard","has-post-thumbnail","hentry","category-brasil","category-noticias"],"yoast_head":"<!-- This site is optimized with the Yoast SEO plugin v25.6 - https:\/\/yoast.com\/wordpress\/plugins\/seo\/ -->\n<title>Covid-19: profissionais de sa\u00fade podem se alistar para teste de vacina - VerdadeOn<\/title>\n<meta name=\"robots\" content=\"index, follow, max-snippet:-1, max-image-preview:large, max-video-preview:-1\" \/>\n<link rel=\"canonical\" href=\"https:\/\/verdadeon.com.br\/portal\/2020\/08\/15\/covid-19-profissionais-de-saude-podem-se-alistar-para-teste-de-vacina\/\" \/>\n<meta property=\"og:locale\" content=\"pt_BR\" \/>\n<meta property=\"og:type\" content=\"article\" \/>\n<meta property=\"og:title\" content=\"Covid-19: profissionais de sa\u00fade podem se alistar para teste de vacina - VerdadeOn\" \/>\n<meta property=\"og:description\" content=\"Vacina \u00e9 desenvolvida pela farmac\u00eautica Sinovac Biotech Ag\u00eancia Brasil &#8211; Bras\u00edlia Os profissionais de sa\u00fade do Distrito Federal podem se voluntariar para participar da pesquisa cl\u00ednica [\u2026]\" \/>\n<meta property=\"og:url\" content=\"https:\/\/verdadeon.com.br\/portal\/2020\/08\/15\/covid-19-profissionais-de-saude-podem-se-alistar-para-teste-de-vacina\/\" \/>\n<meta property=\"og:site_name\" content=\"VerdadeOn\" \/>\n<meta property=\"article:published_time\" content=\"2020-08-16T00:05:07+00:00\" \/>\n<meta property=\"og:image\" content=\"https:\/\/verdadeon.com.br\/portal\/wp-content\/uploads\/2020\/08\/frasco_rotulado_como_vacina_contra_covid-19_em_foto_de_ilustracao_10_04_2020_reuters_dado_ruvic_illustration1408200865.jpg\" \/>\n\t<meta property=\"og:image:width\" content=\"1000\" \/>\n\t<meta property=\"og:image:height\" content=\"670\" \/>\n\t<meta property=\"og:image:type\" content=\"image\/jpeg\" \/>\n<meta name=\"author\" content=\"Redacao VerdadeOn\" \/>\n<meta name=\"twitter:card\" content=\"summary_large_image\" \/>\n<meta name=\"twitter:label1\" content=\"Escrito por\" \/>\n\t<meta name=\"twitter:data1\" content=\"Redacao VerdadeOn\" \/>\n\t<meta name=\"twitter:label2\" content=\"Est. tempo de leitura\" \/>\n\t<meta name=\"twitter:data2\" content=\"3 minutos\" \/>\n<script type=\"application\/ld+json\" class=\"yoast-schema-graph\">{\"@context\":\"https:\/\/schema.org\",\"@graph\":[{\"@type\":\"WebPage\",\"@id\":\"https:\/\/verdadeon.com.br\/portal\/2020\/08\/15\/covid-19-profissionais-de-saude-podem-se-alistar-para-teste-de-vacina\/\",\"url\":\"https:\/\/verdadeon.com.br\/portal\/2020\/08\/15\/covid-19-profissionais-de-saude-podem-se-alistar-para-teste-de-vacina\/\",\"name\":\"Covid-19: profissionais de sa\u00fade podem se alistar para teste de vacina - VerdadeOn\",\"isPartOf\":{\"@id\":\"https:\/\/verdadeon.com.br\/portal\/#website\"},\"primaryImageOfPage\":{\"@id\":\"https:\/\/verdadeon.com.br\/portal\/2020\/08\/15\/covid-19-profissionais-de-saude-podem-se-alistar-para-teste-de-vacina\/#primaryimage\"},\"image\":{\"@id\":\"https:\/\/verdadeon.com.br\/portal\/2020\/08\/15\/covid-19-profissionais-de-saude-podem-se-alistar-para-teste-de-vacina\/#primaryimage\"},\"thumbnailUrl\":\"https:\/\/i0.wp.com\/verdadeon.com.br\/portal\/wp-content\/uploads\/2020\/08\/frasco_rotulado_como_vacina_contra_covid-19_em_foto_de_ilustracao_10_04_2020_reuters_dado_ruvic_illustration1408200865.jpg?fit=1000%2C670&ssl=1\",\"datePublished\":\"2020-08-16T00:05:07+00:00\",\"author\":{\"@id\":\"https:\/\/verdadeon.com.br\/portal\/#\/schema\/person\/a5060ad1e9ea3df545188fc93ce43d2f\"},\"breadcrumb\":{\"@id\":\"https:\/\/verdadeon.com.br\/portal\/2020\/08\/15\/covid-19-profissionais-de-saude-podem-se-alistar-para-teste-de-vacina\/#breadcrumb\"},\"inLanguage\":\"pt-BR\",\"potentialAction\":[{\"@type\":\"ReadAction\",\"target\":[\"https:\/\/verdadeon.com.br\/portal\/2020\/08\/15\/covid-19-profissionais-de-saude-podem-se-alistar-para-teste-de-vacina\/\"]}]},{\"@type\":\"ImageObject\",\"inLanguage\":\"pt-BR\",\"@id\":\"https:\/\/verdadeon.com.br\/portal\/2020\/08\/15\/covid-19-profissionais-de-saude-podem-se-alistar-para-teste-de-vacina\/#primaryimage\",\"url\":\"https:\/\/i0.wp.com\/verdadeon.com.br\/portal\/wp-content\/uploads\/2020\/08\/frasco_rotulado_como_vacina_contra_covid-19_em_foto_de_ilustracao_10_04_2020_reuters_dado_ruvic_illustration1408200865.jpg?fit=1000%2C670&ssl=1\",\"contentUrl\":\"https:\/\/i0.wp.com\/verdadeon.com.br\/portal\/wp-content\/uploads\/2020\/08\/frasco_rotulado_como_vacina_contra_covid-19_em_foto_de_ilustracao_10_04_2020_reuters_dado_ruvic_illustration1408200865.jpg?fit=1000%2C670&ssl=1\",\"width\":1000,\"height\":670,\"caption\":\"Frasco rotulado como vacina contra Covid-19 em foto de ilustra\u00e7\u00e3o 10\/04\/2020 REUTERS\/Dado Ruvic\/Illustration\"},{\"@type\":\"BreadcrumbList\",\"@id\":\"https:\/\/verdadeon.com.br\/portal\/2020\/08\/15\/covid-19-profissionais-de-saude-podem-se-alistar-para-teste-de-vacina\/#breadcrumb\",\"itemListElement\":[{\"@type\":\"ListItem\",\"position\":1,\"name\":\"In\u00edcio\",\"item\":\"https:\/\/verdadeon.com.br\/portal\/\"},{\"@type\":\"ListItem\",\"position\":2,\"name\":\"Covid-19: profissionais de sa\u00fade podem se alistar para teste de vacina\"}]},{\"@type\":\"WebSite\",\"@id\":\"https:\/\/verdadeon.com.br\/portal\/#website\",\"url\":\"https:\/\/verdadeon.com.br\/portal\/\",\"name\":\"VerdadeOn\",\"description\":\"Not\u00edcias di\u00e1rias sobre Franca, Regi\u00e3o, Esporte, Cultura, Cotidiano, Colunas. Cobertura nos principais eventos da cidade \u00e9 aqui - Verdadeon Franca\",\"potentialAction\":[{\"@type\":\"SearchAction\",\"target\":{\"@type\":\"EntryPoint\",\"urlTemplate\":\"https:\/\/verdadeon.com.br\/portal\/?s={search_term_string}\"},\"query-input\":{\"@type\":\"PropertyValueSpecification\",\"valueRequired\":true,\"valueName\":\"search_term_string\"}}],\"inLanguage\":\"pt-BR\"},{\"@type\":\"Person\",\"@id\":\"https:\/\/verdadeon.com.br\/portal\/#\/schema\/person\/a5060ad1e9ea3df545188fc93ce43d2f\",\"name\":\"Redacao VerdadeOn\",\"image\":{\"@type\":\"ImageObject\",\"inLanguage\":\"pt-BR\",\"@id\":\"https:\/\/verdadeon.com.br\/portal\/#\/schema\/person\/image\/\",\"url\":\"https:\/\/secure.gravatar.com\/avatar\/459a9613caaaf07f582c3d0841eea68bdd66f533e465e6ba8b9cb45619572cf4?s=96&d=mm&r=g\",\"contentUrl\":\"https:\/\/secure.gravatar.com\/avatar\/459a9613caaaf07f582c3d0841eea68bdd66f533e465e6ba8b9cb45619572cf4?s=96&d=mm&r=g\",\"caption\":\"Redacao VerdadeOn\"},\"url\":\"https:\/\/verdadeon.com.br\/portal\/author\/redacao\/\"}]}<\/script>\n<!-- \/ Yoast SEO plugin. -->","yoast_head_json":{"title":"Covid-19: profissionais de sa\u00fade podem se alistar para teste de vacina - VerdadeOn","robots":{"index":"index","follow":"follow","max-snippet":"max-snippet:-1","max-image-preview":"max-image-preview:large","max-video-preview":"max-video-preview:-1"},"canonical":"https:\/\/verdadeon.com.br\/portal\/2020\/08\/15\/covid-19-profissionais-de-saude-podem-se-alistar-para-teste-de-vacina\/","og_locale":"pt_BR","og_type":"article","og_title":"Covid-19: profissionais de sa\u00fade podem se alistar para teste de vacina - VerdadeOn","og_description":"Vacina \u00e9 desenvolvida pela farmac\u00eautica Sinovac Biotech Ag\u00eancia Brasil &#8211; Bras\u00edlia Os profissionais de sa\u00fade do Distrito Federal podem se voluntariar para participar da pesquisa cl\u00ednica [\u2026]","og_url":"https:\/\/verdadeon.com.br\/portal\/2020\/08\/15\/covid-19-profissionais-de-saude-podem-se-alistar-para-teste-de-vacina\/","og_site_name":"VerdadeOn","article_published_time":"2020-08-16T00:05:07+00:00","og_image":[{"width":1000,"height":670,"url":"https:\/\/verdadeon.com.br\/portal\/wp-content\/uploads\/2020\/08\/frasco_rotulado_como_vacina_contra_covid-19_em_foto_de_ilustracao_10_04_2020_reuters_dado_ruvic_illustration1408200865.jpg","type":"image\/jpeg"}],"author":"Redacao VerdadeOn","twitter_card":"summary_large_image","twitter_misc":{"Escrito por":"Redacao VerdadeOn","Est. tempo de leitura":"3 minutos"},"schema":{"@context":"https:\/\/schema.org","@graph":[{"@type":"WebPage","@id":"https:\/\/verdadeon.com.br\/portal\/2020\/08\/15\/covid-19-profissionais-de-saude-podem-se-alistar-para-teste-de-vacina\/","url":"https:\/\/verdadeon.com.br\/portal\/2020\/08\/15\/covid-19-profissionais-de-saude-podem-se-alistar-para-teste-de-vacina\/","name":"Covid-19: profissionais de sa\u00fade podem se alistar para teste de vacina - VerdadeOn","isPartOf":{"@id":"https:\/\/verdadeon.com.br\/portal\/#website"},"primaryImageOfPage":{"@id":"https:\/\/verdadeon.com.br\/portal\/2020\/08\/15\/covid-19-profissionais-de-saude-podem-se-alistar-para-teste-de-vacina\/#primaryimage"},"image":{"@id":"https:\/\/verdadeon.com.br\/portal\/2020\/08\/15\/covid-19-profissionais-de-saude-podem-se-alistar-para-teste-de-vacina\/#primaryimage"},"thumbnailUrl":"https:\/\/i0.wp.com\/verdadeon.com.br\/portal\/wp-content\/uploads\/2020\/08\/frasco_rotulado_como_vacina_contra_covid-19_em_foto_de_ilustracao_10_04_2020_reuters_dado_ruvic_illustration1408200865.jpg?fit=1000%2C670&ssl=1","datePublished":"2020-08-16T00:05:07+00:00","author":{"@id":"https:\/\/verdadeon.com.br\/portal\/#\/schema\/person\/a5060ad1e9ea3df545188fc93ce43d2f"},"breadcrumb":{"@id":"https:\/\/verdadeon.com.br\/portal\/2020\/08\/15\/covid-19-profissionais-de-saude-podem-se-alistar-para-teste-de-vacina\/#breadcrumb"},"inLanguage":"pt-BR","potentialAction":[{"@type":"ReadAction","target":["https:\/\/verdadeon.com.br\/portal\/2020\/08\/15\/covid-19-profissionais-de-saude-podem-se-alistar-para-teste-de-vacina\/"]}]},{"@type":"ImageObject","inLanguage":"pt-BR","@id":"https:\/\/verdadeon.com.br\/portal\/2020\/08\/15\/covid-19-profissionais-de-saude-podem-se-alistar-para-teste-de-vacina\/#primaryimage","url":"https:\/\/i0.wp.com\/verdadeon.com.br\/portal\/wp-content\/uploads\/2020\/08\/frasco_rotulado_como_vacina_contra_covid-19_em_foto_de_ilustracao_10_04_2020_reuters_dado_ruvic_illustration1408200865.jpg?fit=1000%2C670&ssl=1","contentUrl":"https:\/\/i0.wp.com\/verdadeon.com.br\/portal\/wp-content\/uploads\/2020\/08\/frasco_rotulado_como_vacina_contra_covid-19_em_foto_de_ilustracao_10_04_2020_reuters_dado_ruvic_illustration1408200865.jpg?fit=1000%2C670&ssl=1","width":1000,"height":670,"caption":"Frasco rotulado como vacina contra Covid-19 em foto de ilustra\u00e7\u00e3o 10\/04\/2020 REUTERS\/Dado Ruvic\/Illustration"},{"@type":"BreadcrumbList","@id":"https:\/\/verdadeon.com.br\/portal\/2020\/08\/15\/covid-19-profissionais-de-saude-podem-se-alistar-para-teste-de-vacina\/#breadcrumb","itemListElement":[{"@type":"ListItem","position":1,"name":"In\u00edcio","item":"https:\/\/verdadeon.com.br\/portal\/"},{"@type":"ListItem","position":2,"name":"Covid-19: profissionais de sa\u00fade podem se alistar para teste de vacina"}]},{"@type":"WebSite","@id":"https:\/\/verdadeon.com.br\/portal\/#website","url":"https:\/\/verdadeon.com.br\/portal\/","name":"VerdadeOn","description":"Not\u00edcias di\u00e1rias sobre Franca, Regi\u00e3o, Esporte, Cultura, Cotidiano, Colunas. Cobertura nos principais eventos da cidade \u00e9 aqui - Verdadeon Franca","potentialAction":[{"@type":"SearchAction","target":{"@type":"EntryPoint","urlTemplate":"https:\/\/verdadeon.com.br\/portal\/?s={search_term_string}"},"query-input":{"@type":"PropertyValueSpecification","valueRequired":true,"valueName":"search_term_string"}}],"inLanguage":"pt-BR"},{"@type":"Person","@id":"https:\/\/verdadeon.com.br\/portal\/#\/schema\/person\/a5060ad1e9ea3df545188fc93ce43d2f","name":"Redacao VerdadeOn","image":{"@type":"ImageObject","inLanguage":"pt-BR","@id":"https:\/\/verdadeon.com.br\/portal\/#\/schema\/person\/image\/","url":"https:\/\/secure.gravatar.com\/avatar\/459a9613caaaf07f582c3d0841eea68bdd66f533e465e6ba8b9cb45619572cf4?s=96&d=mm&r=g","contentUrl":"https:\/\/secure.gravatar.com\/avatar\/459a9613caaaf07f582c3d0841eea68bdd66f533e465e6ba8b9cb45619572cf4?s=96&d=mm&r=g","caption":"Redacao VerdadeOn"},"url":"https:\/\/verdadeon.com.br\/portal\/author\/redacao\/"}]}},"jetpack_publicize_connections":[],"jetpack_featured_media_url":"https:\/\/i0.wp.com\/verdadeon.com.br\/portal\/wp-content\/uploads\/2020\/08\/frasco_rotulado_como_vacina_contra_covid-19_em_foto_de_ilustracao_10_04_2020_reuters_dado_ruvic_illustration1408200865.jpg?fit=1000%2C670&ssl=1","jetpack_sharing_enabled":true,"_links":{"self":[{"href":"https:\/\/verdadeon.com.br\/portal\/wp-json\/wp\/v2\/posts\/9696","targetHints":{"allow":["GET"]}}],"collection":[{"href":"https:\/\/verdadeon.com.br\/portal\/wp-json\/wp\/v2\/posts"}],"about":[{"href":"https:\/\/verdadeon.com.br\/portal\/wp-json\/wp\/v2\/types\/post"}],"author":[{"embeddable":true,"href":"https:\/\/verdadeon.com.br\/portal\/wp-json\/wp\/v2\/users\/10"}],"replies":[{"embeddable":true,"href":"https:\/\/verdadeon.com.br\/portal\/wp-json\/wp\/v2\/comments?post=9696"}],"version-history":[{"count":0,"href":"https:\/\/verdadeon.com.br\/portal\/wp-json\/wp\/v2\/posts\/9696\/revisions"}],"wp:featuredmedia":[{"embeddable":true,"href":"https:\/\/verdadeon.com.br\/portal\/wp-json\/wp\/v2\/media\/9699"}],"wp:attachment":[{"href":"https:\/\/verdadeon.com.br\/portal\/wp-json\/wp\/v2\/media?parent=9696"}],"wp:term":[{"taxonomy":"category","embeddable":true,"href":"https:\/\/verdadeon.com.br\/portal\/wp-json\/wp\/v2\/categories?post=9696"},{"taxonomy":"post_tag","embeddable":true,"href":"https:\/\/verdadeon.com.br\/portal\/wp-json\/wp\/v2\/tags?post=9696"}],"curies":[{"name":"wp","href":"https:\/\/api.w.org\/{rel}","templated":true}]}}