{"id":9492,"date":"2020-08-06T21:41:31","date_gmt":"2020-08-07T00:41:31","guid":{"rendered":"http:\/\/verdadeon.com.br\/portal\/?p=9492"},"modified":"2020-08-06T21:41:31","modified_gmt":"2020-08-07T00:41:31","slug":"mp-destina-r-199-bilhao-para-viabilizar-vacina-contra-covid-19","status":"publish","type":"post","link":"https:\/\/verdadeon.com.br\/portal\/2020\/08\/06\/mp-destina-r-199-bilhao-para-viabilizar-vacina-contra-covid-19\/","title":{"rendered":"MP destina R$ 1,99 bilh\u00e3o para viabilizar vacina contra covid-19"},"content":{"rendered":"<div class=\"col-lg-12 mb-3\">\n<div class=\"row\">\n<h3 class=\"col-10 offset-1 animated fadeInDown dealy-900 display-8 display-md-8 alt-font font-italic my-1 text-center\">Vacina foi desenvolvida pela Universidade de Oxford<\/h3>\n<\/div>\n<p>Por Pedro Rafael Vilela &#8211; Rep\u00f3rter da Ag\u00eancia Brasil &#8211; Bras\u00edlia<\/p>\n<\/div>\n<div class=\"col-xl-7 offset-xl-1 col-lg-8 offset-lg-0 col-md-10 offset-md-1 mb-3\">\n<div class=\"post-item alt-font\">\n<div class=\"post-item-wrap\">\n<p>O presidente Jair Bolsonaro assinou nesta quinta-feira (6) a medida provis\u00f3ria (MP) que abre cr\u00e9dito extraordin\u00e1rio de R$ 1,9 bilh\u00e3o para viabilizar a produ\u00e7\u00e3o e aquisi\u00e7\u00e3o da vacina contra a covid-19, que est\u00e1 sendo desenvolvida pelo laborat\u00f3rio AstraZeneca, em parceria com a Universidade de Oxford. A transfer\u00eancia de tecnologia na formula\u00e7\u00e3o, envase e controle de qualidade da vacina ser\u00e1 realizada por meio de um acordo da empresa brit\u00e2nica com a Funda\u00e7\u00e3o Oswaldo Cruz (Fiocruz), vinculada ao Minist\u00e9rio da Sa\u00fade. Com isso, caso a efic\u00e1cia do imunobiol\u00f3gico seja comprovada, o Brasil dever\u00e1 produzir 100 milh\u00f5es de doses.\u00a0<img data-recalc-dims=\"1\" decoding=\"async\" src=\"https:\/\/i0.wp.com\/agenciabrasil.ebc.com.br\/ebc.png?w=1220&#038;ssl=1\" \/><img data-recalc-dims=\"1\" decoding=\"async\" src=\"https:\/\/i0.wp.com\/agenciabrasil.ebc.com.br\/ebc.gif?w=1220&#038;ssl=1\" \/><\/p>\n<p>&#8220;Assinamos esse protocolo no passado e passamos a fazer parte desse seleto grupo. A nossa contrapartida \u00e9 basicamente financeira no momento, quase R$ 2 bilh\u00f5es. Talvez em dezembro ou janeiro exista a possibilidade da vacina e da\u00ed esse problema estar\u00e1 vencido poucas semanas depois&#8221;, afirmou o presidente, durante cerim\u00f4nia de assinatura da MP, no Pal\u00e1cio do Planalto.<\/p>\n<p>O acordo entre Fiocruz e AstraZeneca \u00e9 resultado da coopera\u00e7\u00e3o entre o governo brasileiro e governo brit\u00e2nico, anunciado em 27 de junho pelo Minist\u00e9rio da Sa\u00fade. O pr\u00f3ximo passo ser\u00e1 a assinatura de um contrato de encomenda tecnol\u00f3gica, previsto para este m\u00eas, que garante o acesso a 100 milh\u00f5es de doses do insumo da vacina, das quais 30 milh\u00f5es de doses entre dezembro e janeiro e 70 milh\u00f5es ao longo dos dois primeiros trimestres de 2021. Em todo o mundo, esta \u00e9 uma das vacinas que est\u00e3o em est\u00e1gio mais avan\u00e7ado, j\u00e1 em testes cl\u00ednicos com seres humanos.<\/p>\n<p>&#8220;Estamos garantindo a aplica\u00e7\u00e3o de recursos em uma vacina que tem se mostrado a mais promissora do mundo. O investimento \u00e9 significativo, n\u00e3o apenas no seu valor, quase R$ 2 bilh\u00f5es, mas tamb\u00e9m aponta para a busca de solu\u00e7\u00f5es que permitam ao Brasil desenvolver tecnologias para a prote\u00e7\u00e3o dos brasileiros. Esse \u00e9 um acordo de transfer\u00eancia de tecnologia, isso significa que estamos garantindo a produ\u00e7\u00e3o e entrega, inicialmente, de 100 milh\u00f5es de doses, al\u00e9m de trazer para o pa\u00eds a capacidade de utilizar, na ind\u00fastria nacional, essa nova tecnologia e dar sustentabilidade ao programa brasileiro de imuniza\u00e7\u00f5es&#8221;, destacou o ministro interino da Sa\u00fade, Eduardo Pazuello.<\/p>\n<p>Se a vacina for eficaz e o cronograma previsto pelo governo se cumprir, a expectativa \u00e9 que haja uma grande campanha nacional de vacina\u00e7\u00e3o contra a covid-19 no in\u00edcio do pr\u00f3ximo ano, dirigida a p\u00fablicos priorit\u00e1rios, como idosos, profissionais da sa\u00fade e pessoas com doen\u00e7as preexistentes.<\/p>\n<p>Do total de recursos liberados, o Minist\u00e9rio da Sa\u00fade prev\u00ea um repasse de R$ 522,1 milh\u00f5es na estrutura de Bio-Manguinhos, unidade da Fiocruz produtora de imunobiol\u00f3gicos. O objetivo \u00e9 ampliar a capacidade nacional de produ\u00e7\u00e3o de vacinas e tecnologia dispon\u00edvel para a prote\u00e7\u00e3o da popula\u00e7\u00e3o, afirma a pasta. Um total de R$ 1,3 bilh\u00e3o s\u00e3o despesas referentes a pagamentos previstos no contrato de encomenda tecnol\u00f3gica. Os valores contemplam a finaliza\u00e7\u00e3o da vacina. O acordo prev\u00ea o in\u00edcio da produ\u00e7\u00e3o da vacina no Brasil a partir de dezembro deste ano e garante total dom\u00ednio tecnol\u00f3gico para que Bio-Manguinhos tenha condi\u00e7\u00f5es de produzir a vacina de forma independente.<\/p>\n<h2>A vacina<\/h2>\n<p>Desenvolvida pela Universidade de Oxford, a vacina foi elaborada atrav\u00e9s da plataforma tecnol\u00f3gica de v\u00edrus n\u00e3o replicante (a partir do adenov\u00edrus de chimpanz\u00e9, obt\u00e9m-se um adenov\u00edrus geneticamente modificado, por meio da inser\u00e7\u00e3o do gene que codifica a prote\u00edna S do v\u00edrus SARS-COV-2). De acordo com o governo, embora seja baseada em uma nova tecnologia, esta plataforma j\u00e1 foi testada anteriormente para outras doen\u00e7as, como, por exemplo, nos surtos de ebola e MERS (s\u00edndrome respirat\u00f3ria do Oriente M\u00e9dio causada por outro tipo de coronav\u00edrus) e \u00e9 semelhante a outras plataformas da Bio-Manguinhos\/Fiocruz, o que facilita a sua implanta\u00e7\u00e3o em tempo reduzido. A vacina est\u00e1 na Fase 3 dos ensaios cl\u00ednicos, que \u00e9 a \u00faltima etapa de testes em seres humanos para determinar a seguran\u00e7a e efic\u00e1cia.<\/p>\n<\/div>\n<\/div>\n<\/div>\n","protected":false},"excerpt":{"rendered":"<p>Vacina foi desenvolvida pela Universidade de Oxford Por Pedro Rafael Vilela &#8211; Rep\u00f3rter da Ag\u00eancia Brasil &#8211; Bras\u00edlia O presidente Jair Bolsonaro assinou nesta quinta-feira (6)<span class=\"excerpt-hellip\"> [\u2026]<\/span><\/p>\n","protected":false},"author":10,"featured_media":9497,"comment_status":"open","ping_status":"open","sticky":false,"template":"","format":"standard","meta":{"_jetpack_memberships_contains_paid_content":false,"footnotes":"","jetpack_publicize_message":"","jetpack_publicize_feature_enabled":true,"jetpack_social_post_already_shared":false,"jetpack_social_options":{"image_generator_settings":{"template":"highway","default_image_id":0,"enabled":false},"version":2}},"categories":[53,44],"tags":[],"class_list":["post-9492","post","type-post","status-publish","format-standard","has-post-thumbnail","hentry","category-brasil","category-noticias"],"yoast_head":"<!-- This site is optimized with the Yoast SEO plugin v25.6 - https:\/\/yoast.com\/wordpress\/plugins\/seo\/ -->\n<title>MP destina R$ 1,99 bilh\u00e3o para viabilizar vacina contra covid-19 - VerdadeOn<\/title>\n<meta name=\"robots\" content=\"index, follow, max-snippet:-1, max-image-preview:large, max-video-preview:-1\" \/>\n<link rel=\"canonical\" href=\"https:\/\/verdadeon.com.br\/portal\/2020\/08\/06\/mp-destina-r-199-bilhao-para-viabilizar-vacina-contra-covid-19\/\" \/>\n<meta property=\"og:locale\" content=\"pt_BR\" \/>\n<meta property=\"og:type\" content=\"article\" \/>\n<meta property=\"og:title\" content=\"MP destina R$ 1,99 bilh\u00e3o para viabilizar vacina contra covid-19 - VerdadeOn\" \/>\n<meta property=\"og:description\" content=\"Vacina foi desenvolvida pela Universidade de Oxford Por Pedro Rafael Vilela &#8211; Rep\u00f3rter da Ag\u00eancia Brasil &#8211; Bras\u00edlia O presidente Jair Bolsonaro assinou nesta quinta-feira (6) [\u2026]\" \/>\n<meta property=\"og:url\" content=\"https:\/\/verdadeon.com.br\/portal\/2020\/08\/06\/mp-destina-r-199-bilhao-para-viabilizar-vacina-contra-covid-19\/\" \/>\n<meta property=\"og:site_name\" content=\"VerdadeOn\" \/>\n<meta property=\"article:published_time\" content=\"2020-08-07T00:41:31+00:00\" \/>\n<meta property=\"og:image\" content=\"https:\/\/verdadeon.com.br\/portal\/wp-content\/uploads\/2020\/08\/50196867901_3a6812402e_o.jpg\" \/>\n\t<meta property=\"og:image:width\" content=\"1000\" \/>\n\t<meta property=\"og:image:height\" content=\"670\" \/>\n\t<meta property=\"og:image:type\" content=\"image\/jpeg\" \/>\n<meta name=\"author\" content=\"Redacao VerdadeOn\" \/>\n<meta name=\"twitter:card\" content=\"summary_large_image\" \/>\n<meta name=\"twitter:label1\" content=\"Escrito por\" \/>\n\t<meta name=\"twitter:data1\" content=\"Redacao VerdadeOn\" \/>\n\t<meta name=\"twitter:label2\" content=\"Est. tempo de leitura\" \/>\n\t<meta name=\"twitter:data2\" content=\"4 minutos\" \/>\n<script type=\"application\/ld+json\" class=\"yoast-schema-graph\">{\"@context\":\"https:\/\/schema.org\",\"@graph\":[{\"@type\":\"WebPage\",\"@id\":\"https:\/\/verdadeon.com.br\/portal\/2020\/08\/06\/mp-destina-r-199-bilhao-para-viabilizar-vacina-contra-covid-19\/\",\"url\":\"https:\/\/verdadeon.com.br\/portal\/2020\/08\/06\/mp-destina-r-199-bilhao-para-viabilizar-vacina-contra-covid-19\/\",\"name\":\"MP destina R$ 1,99 bilh\u00e3o para viabilizar vacina contra covid-19 - VerdadeOn\",\"isPartOf\":{\"@id\":\"https:\/\/verdadeon.com.br\/portal\/#website\"},\"primaryImageOfPage\":{\"@id\":\"https:\/\/verdadeon.com.br\/portal\/2020\/08\/06\/mp-destina-r-199-bilhao-para-viabilizar-vacina-contra-covid-19\/#primaryimage\"},\"image\":{\"@id\":\"https:\/\/verdadeon.com.br\/portal\/2020\/08\/06\/mp-destina-r-199-bilhao-para-viabilizar-vacina-contra-covid-19\/#primaryimage\"},\"thumbnailUrl\":\"https:\/\/i0.wp.com\/verdadeon.com.br\/portal\/wp-content\/uploads\/2020\/08\/50196867901_3a6812402e_o.jpg?fit=1000%2C670&ssl=1\",\"datePublished\":\"2020-08-07T00:41:31+00:00\",\"author\":{\"@id\":\"https:\/\/verdadeon.com.br\/portal\/#\/schema\/person\/a5060ad1e9ea3df545188fc93ce43d2f\"},\"breadcrumb\":{\"@id\":\"https:\/\/verdadeon.com.br\/portal\/2020\/08\/06\/mp-destina-r-199-bilhao-para-viabilizar-vacina-contra-covid-19\/#breadcrumb\"},\"inLanguage\":\"pt-BR\",\"potentialAction\":[{\"@type\":\"ReadAction\",\"target\":[\"https:\/\/verdadeon.com.br\/portal\/2020\/08\/06\/mp-destina-r-199-bilhao-para-viabilizar-vacina-contra-covid-19\/\"]}]},{\"@type\":\"ImageObject\",\"inLanguage\":\"pt-BR\",\"@id\":\"https:\/\/verdadeon.com.br\/portal\/2020\/08\/06\/mp-destina-r-199-bilhao-para-viabilizar-vacina-contra-covid-19\/#primaryimage\",\"url\":\"https:\/\/i0.wp.com\/verdadeon.com.br\/portal\/wp-content\/uploads\/2020\/08\/50196867901_3a6812402e_o.jpg?fit=1000%2C670&ssl=1\",\"contentUrl\":\"https:\/\/i0.wp.com\/verdadeon.com.br\/portal\/wp-content\/uploads\/2020\/08\/50196867901_3a6812402e_o.jpg?fit=1000%2C670&ssl=1\",\"width\":1000,\"height\":670,\"caption\":\"(Bras\u00edlia - DF, 06\/08\/2020) Assinatura da Medida Provis\u00f3ria. Foto: Carolina Antunes\/PR\"},{\"@type\":\"BreadcrumbList\",\"@id\":\"https:\/\/verdadeon.com.br\/portal\/2020\/08\/06\/mp-destina-r-199-bilhao-para-viabilizar-vacina-contra-covid-19\/#breadcrumb\",\"itemListElement\":[{\"@type\":\"ListItem\",\"position\":1,\"name\":\"In\u00edcio\",\"item\":\"https:\/\/verdadeon.com.br\/portal\/\"},{\"@type\":\"ListItem\",\"position\":2,\"name\":\"MP destina R$ 1,99 bilh\u00e3o para viabilizar vacina contra covid-19\"}]},{\"@type\":\"WebSite\",\"@id\":\"https:\/\/verdadeon.com.br\/portal\/#website\",\"url\":\"https:\/\/verdadeon.com.br\/portal\/\",\"name\":\"VerdadeOn\",\"description\":\"Not\u00edcias di\u00e1rias sobre Franca, Regi\u00e3o, Esporte, Cultura, Cotidiano, Colunas. Cobertura nos principais eventos da cidade \u00e9 aqui - Verdadeon Franca\",\"potentialAction\":[{\"@type\":\"SearchAction\",\"target\":{\"@type\":\"EntryPoint\",\"urlTemplate\":\"https:\/\/verdadeon.com.br\/portal\/?s={search_term_string}\"},\"query-input\":{\"@type\":\"PropertyValueSpecification\",\"valueRequired\":true,\"valueName\":\"search_term_string\"}}],\"inLanguage\":\"pt-BR\"},{\"@type\":\"Person\",\"@id\":\"https:\/\/verdadeon.com.br\/portal\/#\/schema\/person\/a5060ad1e9ea3df545188fc93ce43d2f\",\"name\":\"Redacao VerdadeOn\",\"image\":{\"@type\":\"ImageObject\",\"inLanguage\":\"pt-BR\",\"@id\":\"https:\/\/verdadeon.com.br\/portal\/#\/schema\/person\/image\/\",\"url\":\"https:\/\/secure.gravatar.com\/avatar\/459a9613caaaf07f582c3d0841eea68bdd66f533e465e6ba8b9cb45619572cf4?s=96&d=mm&r=g\",\"contentUrl\":\"https:\/\/secure.gravatar.com\/avatar\/459a9613caaaf07f582c3d0841eea68bdd66f533e465e6ba8b9cb45619572cf4?s=96&d=mm&r=g\",\"caption\":\"Redacao VerdadeOn\"},\"url\":\"https:\/\/verdadeon.com.br\/portal\/author\/redacao\/\"}]}<\/script>\n<!-- \/ Yoast SEO plugin. -->","yoast_head_json":{"title":"MP destina R$ 1,99 bilh\u00e3o para viabilizar vacina contra covid-19 - VerdadeOn","robots":{"index":"index","follow":"follow","max-snippet":"max-snippet:-1","max-image-preview":"max-image-preview:large","max-video-preview":"max-video-preview:-1"},"canonical":"https:\/\/verdadeon.com.br\/portal\/2020\/08\/06\/mp-destina-r-199-bilhao-para-viabilizar-vacina-contra-covid-19\/","og_locale":"pt_BR","og_type":"article","og_title":"MP destina R$ 1,99 bilh\u00e3o para viabilizar vacina contra covid-19 - VerdadeOn","og_description":"Vacina foi desenvolvida pela Universidade de Oxford Por Pedro Rafael Vilela &#8211; Rep\u00f3rter da Ag\u00eancia Brasil &#8211; Bras\u00edlia O presidente Jair Bolsonaro assinou nesta quinta-feira (6) [\u2026]","og_url":"https:\/\/verdadeon.com.br\/portal\/2020\/08\/06\/mp-destina-r-199-bilhao-para-viabilizar-vacina-contra-covid-19\/","og_site_name":"VerdadeOn","article_published_time":"2020-08-07T00:41:31+00:00","og_image":[{"width":1000,"height":670,"url":"https:\/\/verdadeon.com.br\/portal\/wp-content\/uploads\/2020\/08\/50196867901_3a6812402e_o.jpg","type":"image\/jpeg"}],"author":"Redacao VerdadeOn","twitter_card":"summary_large_image","twitter_misc":{"Escrito por":"Redacao VerdadeOn","Est. tempo de leitura":"4 minutos"},"schema":{"@context":"https:\/\/schema.org","@graph":[{"@type":"WebPage","@id":"https:\/\/verdadeon.com.br\/portal\/2020\/08\/06\/mp-destina-r-199-bilhao-para-viabilizar-vacina-contra-covid-19\/","url":"https:\/\/verdadeon.com.br\/portal\/2020\/08\/06\/mp-destina-r-199-bilhao-para-viabilizar-vacina-contra-covid-19\/","name":"MP destina R$ 1,99 bilh\u00e3o para viabilizar vacina contra covid-19 - VerdadeOn","isPartOf":{"@id":"https:\/\/verdadeon.com.br\/portal\/#website"},"primaryImageOfPage":{"@id":"https:\/\/verdadeon.com.br\/portal\/2020\/08\/06\/mp-destina-r-199-bilhao-para-viabilizar-vacina-contra-covid-19\/#primaryimage"},"image":{"@id":"https:\/\/verdadeon.com.br\/portal\/2020\/08\/06\/mp-destina-r-199-bilhao-para-viabilizar-vacina-contra-covid-19\/#primaryimage"},"thumbnailUrl":"https:\/\/i0.wp.com\/verdadeon.com.br\/portal\/wp-content\/uploads\/2020\/08\/50196867901_3a6812402e_o.jpg?fit=1000%2C670&ssl=1","datePublished":"2020-08-07T00:41:31+00:00","author":{"@id":"https:\/\/verdadeon.com.br\/portal\/#\/schema\/person\/a5060ad1e9ea3df545188fc93ce43d2f"},"breadcrumb":{"@id":"https:\/\/verdadeon.com.br\/portal\/2020\/08\/06\/mp-destina-r-199-bilhao-para-viabilizar-vacina-contra-covid-19\/#breadcrumb"},"inLanguage":"pt-BR","potentialAction":[{"@type":"ReadAction","target":["https:\/\/verdadeon.com.br\/portal\/2020\/08\/06\/mp-destina-r-199-bilhao-para-viabilizar-vacina-contra-covid-19\/"]}]},{"@type":"ImageObject","inLanguage":"pt-BR","@id":"https:\/\/verdadeon.com.br\/portal\/2020\/08\/06\/mp-destina-r-199-bilhao-para-viabilizar-vacina-contra-covid-19\/#primaryimage","url":"https:\/\/i0.wp.com\/verdadeon.com.br\/portal\/wp-content\/uploads\/2020\/08\/50196867901_3a6812402e_o.jpg?fit=1000%2C670&ssl=1","contentUrl":"https:\/\/i0.wp.com\/verdadeon.com.br\/portal\/wp-content\/uploads\/2020\/08\/50196867901_3a6812402e_o.jpg?fit=1000%2C670&ssl=1","width":1000,"height":670,"caption":"(Bras\u00edlia - DF, 06\/08\/2020) Assinatura da Medida Provis\u00f3ria. Foto: Carolina Antunes\/PR"},{"@type":"BreadcrumbList","@id":"https:\/\/verdadeon.com.br\/portal\/2020\/08\/06\/mp-destina-r-199-bilhao-para-viabilizar-vacina-contra-covid-19\/#breadcrumb","itemListElement":[{"@type":"ListItem","position":1,"name":"In\u00edcio","item":"https:\/\/verdadeon.com.br\/portal\/"},{"@type":"ListItem","position":2,"name":"MP destina R$ 1,99 bilh\u00e3o para viabilizar vacina contra covid-19"}]},{"@type":"WebSite","@id":"https:\/\/verdadeon.com.br\/portal\/#website","url":"https:\/\/verdadeon.com.br\/portal\/","name":"VerdadeOn","description":"Not\u00edcias di\u00e1rias sobre Franca, Regi\u00e3o, Esporte, Cultura, Cotidiano, Colunas. Cobertura nos principais eventos da cidade \u00e9 aqui - Verdadeon Franca","potentialAction":[{"@type":"SearchAction","target":{"@type":"EntryPoint","urlTemplate":"https:\/\/verdadeon.com.br\/portal\/?s={search_term_string}"},"query-input":{"@type":"PropertyValueSpecification","valueRequired":true,"valueName":"search_term_string"}}],"inLanguage":"pt-BR"},{"@type":"Person","@id":"https:\/\/verdadeon.com.br\/portal\/#\/schema\/person\/a5060ad1e9ea3df545188fc93ce43d2f","name":"Redacao VerdadeOn","image":{"@type":"ImageObject","inLanguage":"pt-BR","@id":"https:\/\/verdadeon.com.br\/portal\/#\/schema\/person\/image\/","url":"https:\/\/secure.gravatar.com\/avatar\/459a9613caaaf07f582c3d0841eea68bdd66f533e465e6ba8b9cb45619572cf4?s=96&d=mm&r=g","contentUrl":"https:\/\/secure.gravatar.com\/avatar\/459a9613caaaf07f582c3d0841eea68bdd66f533e465e6ba8b9cb45619572cf4?s=96&d=mm&r=g","caption":"Redacao VerdadeOn"},"url":"https:\/\/verdadeon.com.br\/portal\/author\/redacao\/"}]}},"jetpack_publicize_connections":[],"jetpack_featured_media_url":"https:\/\/i0.wp.com\/verdadeon.com.br\/portal\/wp-content\/uploads\/2020\/08\/50196867901_3a6812402e_o.jpg?fit=1000%2C670&ssl=1","jetpack_sharing_enabled":true,"_links":{"self":[{"href":"https:\/\/verdadeon.com.br\/portal\/wp-json\/wp\/v2\/posts\/9492","targetHints":{"allow":["GET"]}}],"collection":[{"href":"https:\/\/verdadeon.com.br\/portal\/wp-json\/wp\/v2\/posts"}],"about":[{"href":"https:\/\/verdadeon.com.br\/portal\/wp-json\/wp\/v2\/types\/post"}],"author":[{"embeddable":true,"href":"https:\/\/verdadeon.com.br\/portal\/wp-json\/wp\/v2\/users\/10"}],"replies":[{"embeddable":true,"href":"https:\/\/verdadeon.com.br\/portal\/wp-json\/wp\/v2\/comments?post=9492"}],"version-history":[{"count":0,"href":"https:\/\/verdadeon.com.br\/portal\/wp-json\/wp\/v2\/posts\/9492\/revisions"}],"wp:featuredmedia":[{"embeddable":true,"href":"https:\/\/verdadeon.com.br\/portal\/wp-json\/wp\/v2\/media\/9497"}],"wp:attachment":[{"href":"https:\/\/verdadeon.com.br\/portal\/wp-json\/wp\/v2\/media?parent=9492"}],"wp:term":[{"taxonomy":"category","embeddable":true,"href":"https:\/\/verdadeon.com.br\/portal\/wp-json\/wp\/v2\/categories?post=9492"},{"taxonomy":"post_tag","embeddable":true,"href":"https:\/\/verdadeon.com.br\/portal\/wp-json\/wp\/v2\/tags?post=9492"}],"curies":[{"name":"wp","href":"https:\/\/api.w.org\/{rel}","templated":true}]}}