{"id":9451,"date":"2020-08-04T20:59:17","date_gmt":"2020-08-04T23:59:17","guid":{"rendered":"http:\/\/verdadeon.com.br\/portal\/?p=9451"},"modified":"2020-08-04T20:59:17","modified_gmt":"2020-08-04T23:59:17","slug":"sao-paulo-tem-mais-de-15-mil-novos-casos-de-coronavirus-em-um-dia","status":"publish","type":"post","link":"https:\/\/verdadeon.com.br\/portal\/2020\/08\/04\/sao-paulo-tem-mais-de-15-mil-novos-casos-de-coronavirus-em-um-dia\/","title":{"rendered":"S\u00e3o Paulo tem mais de 15 mil novos casos de coronav\u00edrus em um dia"},"content":{"rendered":"<div class=\"col-lg-12 mb-3\">\n<div class=\"row\">\n<h3 class=\"col-10 offset-1 animated fadeInDown dealy-900 display-8 display-md-8 alt-font font-italic my-1 text-center\">Foi o segundo maior n\u00famero de casos em apenas um dia no estado<\/h3>\n<\/div>\n<p>Por Elaine Patricia Cruz \u2013 Rep\u00f3rter da Ag\u00eancia Brasil &#8211; S\u00e3o Paulo<\/p><\/div>\n<div class=\"col-xl-7 offset-xl-1 col-lg-8 offset-lg-0 col-md-10 offset-md-1 mb-3\">\n<div class=\"post-item alt-font\">\n<div class=\"post-item-wrap\">\n<p>Com 15.371 novos casos nas \u00faltimas 24 horas, o estado de S\u00e3o Paulo soma, at\u00e9 este momento, 575.589 casos confirmados do novo coronav\u00edrus desde o in\u00edcio da pandemia.<img data-recalc-dims=\"1\" decoding=\"async\" src=\"https:\/\/i0.wp.com\/agenciabrasil.ebc.com.br\/ebc.png?w=1220&#038;ssl=1\" \/><img data-recalc-dims=\"1\" decoding=\"async\" src=\"https:\/\/i0.wp.com\/agenciabrasil.ebc.com.br\/ebc.gif?w=1220&#038;ssl=1\" \/><\/p>\n<p>\u00c9 o segundo maior n\u00famero de casos j\u00e1 contabilizado pelo estado em apenas um dia e bem acima da m\u00e9dia di\u00e1ria do estado, em torno de 10 mil casos por dia. O\u00a0<span id=\"DWT2441\"><span id=\"DWT4522\"><span id=\"DWT4527\">recorde<\/span><\/span><\/span>\u00a0di\u00e1rio ocorreu no dia\u00a0<span id=\"OBJ_PREFIX_DWT2442_com_zimbra_date\"><span id=\"OBJ_PREFIX_DWT4523_com_zimbra_date\"><span id=\"OBJ_PREFIX_DWT4528_com_zimbra_date\"><span id=\"OBJ_PREFIX_DWT267_com_zimbra_date\" role=\"link\">22 de julho<\/span><\/span><\/span><\/span>, com 16.777\u00a0<span id=\"DWT2810\">casos<\/span>.<\/p>\n<p>O estado chegou a contabilizar mais de 19 mil\u00a0<span id=\"DWT2814\">casos<\/span>\u00a0em um \u00fanico dia, mas isso tinha sido resultado de um ac\u00famulo de dias por causa de um problema no sistema de contabiliza\u00e7\u00e3o do Minist\u00e9rio da Sa\u00fade. Desta vez, segundo a Secretaria Estadual da Sa\u00fade de S\u00e3o Paulo, o n\u00famero alto se deve ao fato de que a extra\u00e7\u00e3o de\u00a0<span id=\"OBJ_PREFIX_DWT268_com_zimbra_date\" role=\"link\">hoje<\/span>\u00a0(4) contabilizar dados obtidos at\u00e9 as 12h, quando em geral o que ocorre \u00e9 que a extra\u00e7\u00e3o cotidiana pega dados cadastrados at\u00e9 a meia-noite. \u00c0s\u00a0<span id=\"OBJ_PREFIX_DWT269_com_zimbra_date\" role=\"link\">ter<\/span>\u00e7as-feiras o n\u00famero tamb\u00e9m tende a ser mais alto porque contabiliza dados que estavam represados no final de semana.<\/p>\n<p>Do total de casos diagnosticados, 383.713 pessoas est\u00e3o recuperadas da doen\u00e7a, sendo 72.109 ap\u00f3s interna\u00e7\u00e3o.<\/p>\n<p><span id=\"OBJ_PREFIX_DWT270_com_zimbra_date\" role=\"link\">Hoje<\/span>\u00a0(4), o estado registrou mais 337 mortes, somando agora 23.702 \u00f3bitos provocados pelo novo coronav\u00edrus.<\/p>\n<p>H\u00e1 13.236 pessoas internadas em todo o estado em casos suspeitos ou confirmados do novo coronav\u00edrus, sendo 5.672 delas em estado grave e 7.564 em enfermarias. A taxa de ocupa\u00e7\u00e3o de leitos de unidades de terapia intensiva (UTI) do estado est\u00e1 em torno de 60,8% no estado e de 59,3% na Grande S\u00e3o Paulo.<\/p>\n<\/div>\n<p class=\"alt-font font-italic my-2 small text-info\">Edi\u00e7\u00e3o: N\u00e1dia Franco<\/p>\n<\/div>\n<\/div>\n","protected":false},"excerpt":{"rendered":"<p>Foi o segundo maior n\u00famero de casos em apenas um dia no estado Por Elaine Patricia Cruz \u2013 Rep\u00f3rter da Ag\u00eancia Brasil &#8211; S\u00e3o Paulo Com<span class=\"excerpt-hellip\"> [\u2026]<\/span><\/p>\n","protected":false},"author":10,"featured_media":9455,"comment_status":"open","ping_status":"open","sticky":false,"template":"","format":"standard","meta":{"_jetpack_memberships_contains_paid_content":false,"footnotes":"","jetpack_publicize_message":"","jetpack_publicize_feature_enabled":true,"jetpack_social_post_already_shared":false,"jetpack_social_options":{"image_generator_settings":{"template":"highway","default_image_id":0,"enabled":false},"version":2}},"categories":[53,44],"tags":[],"class_list":["post-9451","post","type-post","status-publish","format-standard","has-post-thumbnail","hentry","category-brasil","category-noticias"],"yoast_head":"<!-- This site is optimized with the Yoast SEO plugin v25.6 - https:\/\/yoast.com\/wordpress\/plugins\/seo\/ -->\n<title>S\u00e3o Paulo tem mais de 15 mil novos casos de coronav\u00edrus em um dia - VerdadeOn<\/title>\n<meta name=\"robots\" content=\"index, follow, max-snippet:-1, max-image-preview:large, max-video-preview:-1\" \/>\n<link rel=\"canonical\" href=\"https:\/\/verdadeon.com.br\/portal\/2020\/08\/04\/sao-paulo-tem-mais-de-15-mil-novos-casos-de-coronavirus-em-um-dia\/\" \/>\n<meta property=\"og:locale\" content=\"pt_BR\" \/>\n<meta property=\"og:type\" content=\"article\" \/>\n<meta property=\"og:title\" content=\"S\u00e3o Paulo tem mais de 15 mil novos casos de coronav\u00edrus em um dia - VerdadeOn\" \/>\n<meta property=\"og:description\" content=\"Foi o segundo maior n\u00famero de casos em apenas um dia no estado Por Elaine Patricia Cruz \u2013 Rep\u00f3rter da Ag\u00eancia Brasil &#8211; S\u00e3o Paulo Com [\u2026]\" \/>\n<meta property=\"og:url\" content=\"https:\/\/verdadeon.com.br\/portal\/2020\/08\/04\/sao-paulo-tem-mais-de-15-mil-novos-casos-de-coronavirus-em-um-dia\/\" \/>\n<meta property=\"og:site_name\" content=\"VerdadeOn\" \/>\n<meta property=\"article:published_time\" content=\"2020-08-04T23:59:17+00:00\" \/>\n<meta property=\"og:image\" content=\"https:\/\/verdadeon.com.br\/portal\/wp-content\/uploads\/2020\/08\/17_07_2020_covid_testes_exame-7.jpg\" \/>\n\t<meta property=\"og:image:width\" content=\"1000\" \/>\n\t<meta property=\"og:image:height\" content=\"670\" \/>\n\t<meta property=\"og:image:type\" content=\"image\/jpeg\" \/>\n<meta name=\"author\" content=\"Redacao VerdadeOn\" \/>\n<meta name=\"twitter:card\" content=\"summary_large_image\" \/>\n<meta name=\"twitter:label1\" content=\"Escrito por\" \/>\n\t<meta name=\"twitter:data1\" content=\"Redacao VerdadeOn\" \/>\n\t<meta name=\"twitter:label2\" content=\"Est. tempo de leitura\" \/>\n\t<meta name=\"twitter:data2\" content=\"2 minutos\" \/>\n<script type=\"application\/ld+json\" class=\"yoast-schema-graph\">{\"@context\":\"https:\/\/schema.org\",\"@graph\":[{\"@type\":\"WebPage\",\"@id\":\"https:\/\/verdadeon.com.br\/portal\/2020\/08\/04\/sao-paulo-tem-mais-de-15-mil-novos-casos-de-coronavirus-em-um-dia\/\",\"url\":\"https:\/\/verdadeon.com.br\/portal\/2020\/08\/04\/sao-paulo-tem-mais-de-15-mil-novos-casos-de-coronavirus-em-um-dia\/\",\"name\":\"S\u00e3o Paulo tem mais de 15 mil novos casos de coronav\u00edrus em um dia - VerdadeOn\",\"isPartOf\":{\"@id\":\"https:\/\/verdadeon.com.br\/portal\/#website\"},\"primaryImageOfPage\":{\"@id\":\"https:\/\/verdadeon.com.br\/portal\/2020\/08\/04\/sao-paulo-tem-mais-de-15-mil-novos-casos-de-coronavirus-em-um-dia\/#primaryimage\"},\"image\":{\"@id\":\"https:\/\/verdadeon.com.br\/portal\/2020\/08\/04\/sao-paulo-tem-mais-de-15-mil-novos-casos-de-coronavirus-em-um-dia\/#primaryimage\"},\"thumbnailUrl\":\"https:\/\/i0.wp.com\/verdadeon.com.br\/portal\/wp-content\/uploads\/2020\/08\/17_07_2020_covid_testes_exame-7.jpg?fit=1000%2C670&ssl=1\",\"datePublished\":\"2020-08-04T23:59:17+00:00\",\"author\":{\"@id\":\"https:\/\/verdadeon.com.br\/portal\/#\/schema\/person\/a5060ad1e9ea3df545188fc93ce43d2f\"},\"breadcrumb\":{\"@id\":\"https:\/\/verdadeon.com.br\/portal\/2020\/08\/04\/sao-paulo-tem-mais-de-15-mil-novos-casos-de-coronavirus-em-um-dia\/#breadcrumb\"},\"inLanguage\":\"pt-BR\",\"potentialAction\":[{\"@type\":\"ReadAction\",\"target\":[\"https:\/\/verdadeon.com.br\/portal\/2020\/08\/04\/sao-paulo-tem-mais-de-15-mil-novos-casos-de-coronavirus-em-um-dia\/\"]}]},{\"@type\":\"ImageObject\",\"inLanguage\":\"pt-BR\",\"@id\":\"https:\/\/verdadeon.com.br\/portal\/2020\/08\/04\/sao-paulo-tem-mais-de-15-mil-novos-casos-de-coronavirus-em-um-dia\/#primaryimage\",\"url\":\"https:\/\/i0.wp.com\/verdadeon.com.br\/portal\/wp-content\/uploads\/2020\/08\/17_07_2020_covid_testes_exame-7.jpg?fit=1000%2C670&ssl=1\",\"contentUrl\":\"https:\/\/i0.wp.com\/verdadeon.com.br\/portal\/wp-content\/uploads\/2020\/08\/17_07_2020_covid_testes_exame-7.jpg?fit=1000%2C670&ssl=1\",\"width\":1000,\"height\":670,\"caption\":\"Teste r\u00e1pido de COVID-19\"},{\"@type\":\"BreadcrumbList\",\"@id\":\"https:\/\/verdadeon.com.br\/portal\/2020\/08\/04\/sao-paulo-tem-mais-de-15-mil-novos-casos-de-coronavirus-em-um-dia\/#breadcrumb\",\"itemListElement\":[{\"@type\":\"ListItem\",\"position\":1,\"name\":\"In\u00edcio\",\"item\":\"https:\/\/verdadeon.com.br\/portal\/\"},{\"@type\":\"ListItem\",\"position\":2,\"name\":\"S\u00e3o Paulo tem mais de 15 mil novos casos de coronav\u00edrus em um dia\"}]},{\"@type\":\"WebSite\",\"@id\":\"https:\/\/verdadeon.com.br\/portal\/#website\",\"url\":\"https:\/\/verdadeon.com.br\/portal\/\",\"name\":\"VerdadeOn\",\"description\":\"Not\u00edcias di\u00e1rias sobre Franca, Regi\u00e3o, Esporte, Cultura, Cotidiano, Colunas. Cobertura nos principais eventos da cidade \u00e9 aqui - Verdadeon Franca\",\"potentialAction\":[{\"@type\":\"SearchAction\",\"target\":{\"@type\":\"EntryPoint\",\"urlTemplate\":\"https:\/\/verdadeon.com.br\/portal\/?s={search_term_string}\"},\"query-input\":{\"@type\":\"PropertyValueSpecification\",\"valueRequired\":true,\"valueName\":\"search_term_string\"}}],\"inLanguage\":\"pt-BR\"},{\"@type\":\"Person\",\"@id\":\"https:\/\/verdadeon.com.br\/portal\/#\/schema\/person\/a5060ad1e9ea3df545188fc93ce43d2f\",\"name\":\"Redacao VerdadeOn\",\"image\":{\"@type\":\"ImageObject\",\"inLanguage\":\"pt-BR\",\"@id\":\"https:\/\/verdadeon.com.br\/portal\/#\/schema\/person\/image\/\",\"url\":\"https:\/\/secure.gravatar.com\/avatar\/459a9613caaaf07f582c3d0841eea68bdd66f533e465e6ba8b9cb45619572cf4?s=96&d=mm&r=g\",\"contentUrl\":\"https:\/\/secure.gravatar.com\/avatar\/459a9613caaaf07f582c3d0841eea68bdd66f533e465e6ba8b9cb45619572cf4?s=96&d=mm&r=g\",\"caption\":\"Redacao VerdadeOn\"},\"url\":\"https:\/\/verdadeon.com.br\/portal\/author\/redacao\/\"}]}<\/script>\n<!-- \/ Yoast SEO plugin. -->","yoast_head_json":{"title":"S\u00e3o Paulo tem mais de 15 mil novos casos de coronav\u00edrus em um dia - VerdadeOn","robots":{"index":"index","follow":"follow","max-snippet":"max-snippet:-1","max-image-preview":"max-image-preview:large","max-video-preview":"max-video-preview:-1"},"canonical":"https:\/\/verdadeon.com.br\/portal\/2020\/08\/04\/sao-paulo-tem-mais-de-15-mil-novos-casos-de-coronavirus-em-um-dia\/","og_locale":"pt_BR","og_type":"article","og_title":"S\u00e3o Paulo tem mais de 15 mil novos casos de coronav\u00edrus em um dia - VerdadeOn","og_description":"Foi o segundo maior n\u00famero de casos em apenas um dia no estado Por Elaine Patricia Cruz \u2013 Rep\u00f3rter da Ag\u00eancia Brasil &#8211; S\u00e3o Paulo Com [\u2026]","og_url":"https:\/\/verdadeon.com.br\/portal\/2020\/08\/04\/sao-paulo-tem-mais-de-15-mil-novos-casos-de-coronavirus-em-um-dia\/","og_site_name":"VerdadeOn","article_published_time":"2020-08-04T23:59:17+00:00","og_image":[{"width":1000,"height":670,"url":"https:\/\/verdadeon.com.br\/portal\/wp-content\/uploads\/2020\/08\/17_07_2020_covid_testes_exame-7.jpg","type":"image\/jpeg"}],"author":"Redacao VerdadeOn","twitter_card":"summary_large_image","twitter_misc":{"Escrito por":"Redacao VerdadeOn","Est. tempo de leitura":"2 minutos"},"schema":{"@context":"https:\/\/schema.org","@graph":[{"@type":"WebPage","@id":"https:\/\/verdadeon.com.br\/portal\/2020\/08\/04\/sao-paulo-tem-mais-de-15-mil-novos-casos-de-coronavirus-em-um-dia\/","url":"https:\/\/verdadeon.com.br\/portal\/2020\/08\/04\/sao-paulo-tem-mais-de-15-mil-novos-casos-de-coronavirus-em-um-dia\/","name":"S\u00e3o Paulo tem mais de 15 mil novos casos de coronav\u00edrus em um dia - VerdadeOn","isPartOf":{"@id":"https:\/\/verdadeon.com.br\/portal\/#website"},"primaryImageOfPage":{"@id":"https:\/\/verdadeon.com.br\/portal\/2020\/08\/04\/sao-paulo-tem-mais-de-15-mil-novos-casos-de-coronavirus-em-um-dia\/#primaryimage"},"image":{"@id":"https:\/\/verdadeon.com.br\/portal\/2020\/08\/04\/sao-paulo-tem-mais-de-15-mil-novos-casos-de-coronavirus-em-um-dia\/#primaryimage"},"thumbnailUrl":"https:\/\/i0.wp.com\/verdadeon.com.br\/portal\/wp-content\/uploads\/2020\/08\/17_07_2020_covid_testes_exame-7.jpg?fit=1000%2C670&ssl=1","datePublished":"2020-08-04T23:59:17+00:00","author":{"@id":"https:\/\/verdadeon.com.br\/portal\/#\/schema\/person\/a5060ad1e9ea3df545188fc93ce43d2f"},"breadcrumb":{"@id":"https:\/\/verdadeon.com.br\/portal\/2020\/08\/04\/sao-paulo-tem-mais-de-15-mil-novos-casos-de-coronavirus-em-um-dia\/#breadcrumb"},"inLanguage":"pt-BR","potentialAction":[{"@type":"ReadAction","target":["https:\/\/verdadeon.com.br\/portal\/2020\/08\/04\/sao-paulo-tem-mais-de-15-mil-novos-casos-de-coronavirus-em-um-dia\/"]}]},{"@type":"ImageObject","inLanguage":"pt-BR","@id":"https:\/\/verdadeon.com.br\/portal\/2020\/08\/04\/sao-paulo-tem-mais-de-15-mil-novos-casos-de-coronavirus-em-um-dia\/#primaryimage","url":"https:\/\/i0.wp.com\/verdadeon.com.br\/portal\/wp-content\/uploads\/2020\/08\/17_07_2020_covid_testes_exame-7.jpg?fit=1000%2C670&ssl=1","contentUrl":"https:\/\/i0.wp.com\/verdadeon.com.br\/portal\/wp-content\/uploads\/2020\/08\/17_07_2020_covid_testes_exame-7.jpg?fit=1000%2C670&ssl=1","width":1000,"height":670,"caption":"Teste r\u00e1pido de COVID-19"},{"@type":"BreadcrumbList","@id":"https:\/\/verdadeon.com.br\/portal\/2020\/08\/04\/sao-paulo-tem-mais-de-15-mil-novos-casos-de-coronavirus-em-um-dia\/#breadcrumb","itemListElement":[{"@type":"ListItem","position":1,"name":"In\u00edcio","item":"https:\/\/verdadeon.com.br\/portal\/"},{"@type":"ListItem","position":2,"name":"S\u00e3o Paulo tem mais de 15 mil novos casos de coronav\u00edrus em um dia"}]},{"@type":"WebSite","@id":"https:\/\/verdadeon.com.br\/portal\/#website","url":"https:\/\/verdadeon.com.br\/portal\/","name":"VerdadeOn","description":"Not\u00edcias di\u00e1rias sobre Franca, Regi\u00e3o, Esporte, Cultura, Cotidiano, Colunas. Cobertura nos principais eventos da cidade \u00e9 aqui - Verdadeon Franca","potentialAction":[{"@type":"SearchAction","target":{"@type":"EntryPoint","urlTemplate":"https:\/\/verdadeon.com.br\/portal\/?s={search_term_string}"},"query-input":{"@type":"PropertyValueSpecification","valueRequired":true,"valueName":"search_term_string"}}],"inLanguage":"pt-BR"},{"@type":"Person","@id":"https:\/\/verdadeon.com.br\/portal\/#\/schema\/person\/a5060ad1e9ea3df545188fc93ce43d2f","name":"Redacao VerdadeOn","image":{"@type":"ImageObject","inLanguage":"pt-BR","@id":"https:\/\/verdadeon.com.br\/portal\/#\/schema\/person\/image\/","url":"https:\/\/secure.gravatar.com\/avatar\/459a9613caaaf07f582c3d0841eea68bdd66f533e465e6ba8b9cb45619572cf4?s=96&d=mm&r=g","contentUrl":"https:\/\/secure.gravatar.com\/avatar\/459a9613caaaf07f582c3d0841eea68bdd66f533e465e6ba8b9cb45619572cf4?s=96&d=mm&r=g","caption":"Redacao VerdadeOn"},"url":"https:\/\/verdadeon.com.br\/portal\/author\/redacao\/"}]}},"jetpack_publicize_connections":[],"jetpack_featured_media_url":"https:\/\/i0.wp.com\/verdadeon.com.br\/portal\/wp-content\/uploads\/2020\/08\/17_07_2020_covid_testes_exame-7.jpg?fit=1000%2C670&ssl=1","jetpack_sharing_enabled":true,"_links":{"self":[{"href":"https:\/\/verdadeon.com.br\/portal\/wp-json\/wp\/v2\/posts\/9451","targetHints":{"allow":["GET"]}}],"collection":[{"href":"https:\/\/verdadeon.com.br\/portal\/wp-json\/wp\/v2\/posts"}],"about":[{"href":"https:\/\/verdadeon.com.br\/portal\/wp-json\/wp\/v2\/types\/post"}],"author":[{"embeddable":true,"href":"https:\/\/verdadeon.com.br\/portal\/wp-json\/wp\/v2\/users\/10"}],"replies":[{"embeddable":true,"href":"https:\/\/verdadeon.com.br\/portal\/wp-json\/wp\/v2\/comments?post=9451"}],"version-history":[{"count":0,"href":"https:\/\/verdadeon.com.br\/portal\/wp-json\/wp\/v2\/posts\/9451\/revisions"}],"wp:featuredmedia":[{"embeddable":true,"href":"https:\/\/verdadeon.com.br\/portal\/wp-json\/wp\/v2\/media\/9455"}],"wp:attachment":[{"href":"https:\/\/verdadeon.com.br\/portal\/wp-json\/wp\/v2\/media?parent=9451"}],"wp:term":[{"taxonomy":"category","embeddable":true,"href":"https:\/\/verdadeon.com.br\/portal\/wp-json\/wp\/v2\/categories?post=9451"},{"taxonomy":"post_tag","embeddable":true,"href":"https:\/\/verdadeon.com.br\/portal\/wp-json\/wp\/v2\/tags?post=9451"}],"curies":[{"name":"wp","href":"https:\/\/api.w.org\/{rel}","templated":true}]}}