{"id":9450,"date":"2020-08-04T20:56:37","date_gmt":"2020-08-04T23:56:37","guid":{"rendered":"http:\/\/verdadeon.com.br\/portal\/?p=9450"},"modified":"2020-08-04T20:56:37","modified_gmt":"2020-08-04T23:56:37","slug":"covid-19-brasil-chega-a-28-milhoes-de-casos-703-estao-recuperados","status":"publish","type":"post","link":"https:\/\/verdadeon.com.br\/portal\/2020\/08\/04\/covid-19-brasil-chega-a-28-milhoes-de-casos-703-estao-recuperados\/","title":{"rendered":"Covid-19: Brasil chega a 2,8 milh\u00f5es de casos; 70,3% est\u00e3o recuperados"},"content":{"rendered":"<div class=\"col-lg-12 mb-3\">\n<div class=\"row\">\n<h3 class=\"col-10 offset-1 animated fadeInDown dealy-900 display-8 display-md-8 alt-font font-italic my-1 text-center\">Mais de 95 mil brasileiros morreram por causa do novo coronav\u00edrus<\/h3>\n<\/div>\n<p>Por Jonas Valente \u2013 Rep\u00f3rter da Ag\u00eancia Brasil &#8211; Bras\u00edlia<\/p><\/div>\n<div class=\"col-xl-7 offset-xl-1 col-lg-8 offset-lg-0 col-md-10 offset-md-1 mb-3\">\n<div class=\"post-item alt-font\">\n<div class=\"post-item-wrap\">\n<p>Desde o in\u00edcio da pandemia,\u00a02.801.921 de brasileiros contra\u00edram o v\u00edrus. O total de mortes chega a\u00a095.819. H\u00e1 3,6 mil \u00f3bitos em investiga\u00e7\u00e3o.\u00a0Nas \u00faltimas 24 horas, foram registrados 51.603 novos casos confirmados de covid-19 e 1.154 mortes relacionadas \u00e0 pandemia do novo coronav\u00edrus. Os n\u00fameros est\u00e3o no balan\u00e7o di\u00e1rio de hoje (4) publicado pelo Minist\u00e9rio da Sa\u00fade.<img data-recalc-dims=\"1\" decoding=\"async\" src=\"https:\/\/i0.wp.com\/agenciabrasil.ebc.com.br\/ebc.png?w=1220&#038;ssl=1\" \/><img data-recalc-dims=\"1\" decoding=\"async\" src=\"https:\/\/i0.wp.com\/agenciabrasil.ebc.com.br\/ebc.gif?w=1220&#038;ssl=1\" \/><\/p>\n<p>De acordo com o minist\u00e9rio,\u00a01.970.767 pessoas j\u00e1 se recuperaram da covid-19 e 735.335 pacientes est\u00e3o em acompanhamento.<\/p>\n<p>A taxa de letalidade (n\u00famero de mortes pelo total de casos) ficou em 3,4%. A mortalidade (quantidade de \u00f3bitos por 100 mil habitantes) atingiu 45,6. A incid\u00eancia dos casos de covid-19 por 100 mil habitantes \u00e9 de 1.333,3.<\/p>\n<p>Aos s\u00e1bados, domingos e segundas-feiras, o n\u00famero registrado di\u00e1rio tende a ser menor pela dificuldade de alimenta\u00e7\u00e3o dos bancos de dados pelas secretarias municipais e estaduais. J\u00e1 \u00e0s\u00a0ter\u00e7as-feiras, o quantitativo em geral \u00e9 maior pela atualiza\u00e7\u00e3o dos casos acumulados aos fins de semana.<\/p>\n<p>O Brasil mant\u00e9m-se como segundo no\u00a0<em>ranking\u00a0<\/em>mundial em casos e mortes relacionados \u00e0 pandemia. A lideran\u00e7a \u00e9 dos Estados Unidos. De acordo com o mapa da universidade Johns Hopkins, o pa\u00eds possui 156.426 mortes e 4.758.028 casos acumulados.<\/p>\n<h2>Covid-19 nos estados<\/h2>\n<p>Os estados com mais mortes por covid-19 s\u00e3o: S\u00e3o Paulo (23.702), Rio\u00a0de Janeiro\u00a0(13.715), Cear\u00e1 (7.806), Pernambuco (6.717) e Par\u00e1 (5.799). As Unidades da Federa\u00e7\u00e3o com menos falecimentos pela pandemia s\u00e3o Tocantins (408), Mato Grosso do Sul (432), Roraima (528), Acre (545) e Amap\u00e1 (581). Mato Grosso do Sul, que permaneceu ao longo da pandemia como o local menos letal, perdeu o posto para Tocantins, que ocupa agora o \u00faltimo lugar no ranking (408).<\/p>\n<p>J\u00e1 em termos de casos, S\u00e3o Paulo lidera (575.589), seguido por Cear\u00e1 (179.341), Bahia (175.389), Rio\u00a0de Janeiro\u00a0(168.911) e Par\u00e1 (158.277). A Bahia ultrapassou o Rio\u00a0de Janeiro\u00a0na terceira posi\u00e7\u00e3o. Os estados com menos pessoas infectadas at\u00e9 o momento s\u00e3o: Amap\u00e1 (36.999), Roraima (33.194), Mato Grosso do Sul (27.678), Tocantins (27.664) e Acre (20.708). O Acre consolidou a posi\u00e7\u00e3o de estado com menos casos. Nas \u00faltimas semanas, essa posi\u00e7\u00e3o era ocupada por Mato Grosso do Sul.<\/p>\n<div class=\"dnd-widget-wrapper context-cheio_8colunas type-image\">\n<div class=\"dnd-atom-rendered\">\n<div class=\"shadow overflow-hidden rounded-lg d-block zoom-on-hover-sm shadow-hover w-100\"><img data-recalc-dims=\"1\" decoding=\"async\" class=\"flex-fill img-cover\" title=\"Minist\u00e9rio da Sa\u00fade\" src=\"https:\/\/i0.wp.com\/imagens.ebc.com.br\/0bA3Pj8lDL7cBZWda8pFuprHcFw%3D\/754x0\/smart\/https%3A\/\/agenciabrasil.ebc.com.br\/sites\/default\/files\/thumbnails\/image\/whatsapp_image_2020-08-04_at_18.46.24.jpeg?w=1220&#038;ssl=1\" alt=\"Boletim Epidemiol\u00f3gico covid-19\" \/><\/div>\n<\/div>\n<div class=\"dnd-caption-wrapper\">\n<div class=\"meta\">Boletim Epidemiol\u00f3gico covid-19 &#8211;\u00a0<strong>Minist\u00e9rio da Sa\u00fade<\/strong><\/div>\n<\/div>\n<\/div>\n<\/div>\n<p class=\"alt-font font-italic my-2 small text-info\">Edi\u00e7\u00e3o: Liliane Farias<\/p>\n<\/div>\n<\/div>\n","protected":false},"excerpt":{"rendered":"<p>Mais de 95 mil brasileiros morreram por causa do novo coronav\u00edrus Por Jonas Valente \u2013 Rep\u00f3rter da Ag\u00eancia Brasil &#8211; Bras\u00edlia Desde o in\u00edcio da pandemia,\u00a02.801.921<span class=\"excerpt-hellip\"> [\u2026]<\/span><\/p>\n","protected":false},"author":10,"featured_media":9445,"comment_status":"open","ping_status":"open","sticky":false,"template":"","format":"standard","meta":{"_jetpack_memberships_contains_paid_content":false,"footnotes":"","jetpack_publicize_message":"","jetpack_publicize_feature_enabled":true,"jetpack_social_post_already_shared":false,"jetpack_social_options":{"image_generator_settings":{"template":"highway","default_image_id":0,"enabled":false},"version":2}},"categories":[53,44],"tags":[],"class_list":["post-9450","post","type-post","status-publish","format-standard","has-post-thumbnail","hentry","category-brasil","category-noticias"],"yoast_head":"<!-- This site is optimized with the Yoast SEO plugin v25.6 - https:\/\/yoast.com\/wordpress\/plugins\/seo\/ -->\n<title>Covid-19: Brasil chega a 2,8 milh\u00f5es de casos; 70,3% est\u00e3o recuperados - VerdadeOn<\/title>\n<meta name=\"robots\" content=\"index, follow, max-snippet:-1, max-image-preview:large, max-video-preview:-1\" \/>\n<link rel=\"canonical\" href=\"https:\/\/verdadeon.com.br\/portal\/2020\/08\/04\/covid-19-brasil-chega-a-28-milhoes-de-casos-703-estao-recuperados\/\" \/>\n<meta property=\"og:locale\" content=\"pt_BR\" \/>\n<meta property=\"og:type\" content=\"article\" \/>\n<meta property=\"og:title\" content=\"Covid-19: Brasil chega a 2,8 milh\u00f5es de casos; 70,3% est\u00e3o recuperados - VerdadeOn\" \/>\n<meta property=\"og:description\" content=\"Mais de 95 mil brasileiros morreram por causa do novo coronav\u00edrus Por Jonas Valente \u2013 Rep\u00f3rter da Ag\u00eancia Brasil &#8211; Bras\u00edlia Desde o in\u00edcio da pandemia,\u00a02.801.921 [\u2026]\" \/>\n<meta property=\"og:url\" content=\"https:\/\/verdadeon.com.br\/portal\/2020\/08\/04\/covid-19-brasil-chega-a-28-milhoes-de-casos-703-estao-recuperados\/\" \/>\n<meta property=\"og:site_name\" content=\"VerdadeOn\" \/>\n<meta property=\"article:published_time\" content=\"2020-08-04T23:56:37+00:00\" \/>\n<meta property=\"og:image\" content=\"https:\/\/verdadeon.com.br\/portal\/wp-content\/uploads\/2020\/08\/17_07_2020_covid_testes_exame-2.jpg\" \/>\n\t<meta property=\"og:image:width\" content=\"1000\" \/>\n\t<meta property=\"og:image:height\" content=\"670\" \/>\n\t<meta property=\"og:image:type\" content=\"image\/jpeg\" \/>\n<meta name=\"author\" content=\"Redacao VerdadeOn\" \/>\n<meta name=\"twitter:card\" content=\"summary_large_image\" \/>\n<meta name=\"twitter:label1\" content=\"Escrito por\" \/>\n\t<meta name=\"twitter:data1\" content=\"Redacao VerdadeOn\" \/>\n\t<meta name=\"twitter:label2\" content=\"Est. tempo de leitura\" \/>\n\t<meta name=\"twitter:data2\" content=\"2 minutos\" \/>\n<script type=\"application\/ld+json\" class=\"yoast-schema-graph\">{\"@context\":\"https:\/\/schema.org\",\"@graph\":[{\"@type\":\"WebPage\",\"@id\":\"https:\/\/verdadeon.com.br\/portal\/2020\/08\/04\/covid-19-brasil-chega-a-28-milhoes-de-casos-703-estao-recuperados\/\",\"url\":\"https:\/\/verdadeon.com.br\/portal\/2020\/08\/04\/covid-19-brasil-chega-a-28-milhoes-de-casos-703-estao-recuperados\/\",\"name\":\"Covid-19: Brasil chega a 2,8 milh\u00f5es de casos; 70,3% est\u00e3o recuperados - VerdadeOn\",\"isPartOf\":{\"@id\":\"https:\/\/verdadeon.com.br\/portal\/#website\"},\"primaryImageOfPage\":{\"@id\":\"https:\/\/verdadeon.com.br\/portal\/2020\/08\/04\/covid-19-brasil-chega-a-28-milhoes-de-casos-703-estao-recuperados\/#primaryimage\"},\"image\":{\"@id\":\"https:\/\/verdadeon.com.br\/portal\/2020\/08\/04\/covid-19-brasil-chega-a-28-milhoes-de-casos-703-estao-recuperados\/#primaryimage\"},\"thumbnailUrl\":\"https:\/\/i0.wp.com\/verdadeon.com.br\/portal\/wp-content\/uploads\/2020\/08\/17_07_2020_covid_testes_exame-2.jpg?fit=1000%2C670&ssl=1\",\"datePublished\":\"2020-08-04T23:56:37+00:00\",\"author\":{\"@id\":\"https:\/\/verdadeon.com.br\/portal\/#\/schema\/person\/a5060ad1e9ea3df545188fc93ce43d2f\"},\"breadcrumb\":{\"@id\":\"https:\/\/verdadeon.com.br\/portal\/2020\/08\/04\/covid-19-brasil-chega-a-28-milhoes-de-casos-703-estao-recuperados\/#breadcrumb\"},\"inLanguage\":\"pt-BR\",\"potentialAction\":[{\"@type\":\"ReadAction\",\"target\":[\"https:\/\/verdadeon.com.br\/portal\/2020\/08\/04\/covid-19-brasil-chega-a-28-milhoes-de-casos-703-estao-recuperados\/\"]}]},{\"@type\":\"ImageObject\",\"inLanguage\":\"pt-BR\",\"@id\":\"https:\/\/verdadeon.com.br\/portal\/2020\/08\/04\/covid-19-brasil-chega-a-28-milhoes-de-casos-703-estao-recuperados\/#primaryimage\",\"url\":\"https:\/\/i0.wp.com\/verdadeon.com.br\/portal\/wp-content\/uploads\/2020\/08\/17_07_2020_covid_testes_exame-2.jpg?fit=1000%2C670&ssl=1\",\"contentUrl\":\"https:\/\/i0.wp.com\/verdadeon.com.br\/portal\/wp-content\/uploads\/2020\/08\/17_07_2020_covid_testes_exame-2.jpg?fit=1000%2C670&ssl=1\",\"width\":1000,\"height\":670,\"caption\":\"Uso de m\u00e1scara para prote\u00e7\u00e3o contra o novo coronav\u00edrus.\"},{\"@type\":\"BreadcrumbList\",\"@id\":\"https:\/\/verdadeon.com.br\/portal\/2020\/08\/04\/covid-19-brasil-chega-a-28-milhoes-de-casos-703-estao-recuperados\/#breadcrumb\",\"itemListElement\":[{\"@type\":\"ListItem\",\"position\":1,\"name\":\"In\u00edcio\",\"item\":\"https:\/\/verdadeon.com.br\/portal\/\"},{\"@type\":\"ListItem\",\"position\":2,\"name\":\"Covid-19: Brasil chega a 2,8 milh\u00f5es de casos; 70,3% est\u00e3o recuperados\"}]},{\"@type\":\"WebSite\",\"@id\":\"https:\/\/verdadeon.com.br\/portal\/#website\",\"url\":\"https:\/\/verdadeon.com.br\/portal\/\",\"name\":\"VerdadeOn\",\"description\":\"Not\u00edcias di\u00e1rias sobre Franca, Regi\u00e3o, Esporte, Cultura, Cotidiano, Colunas. Cobertura nos principais eventos da cidade \u00e9 aqui - Verdadeon Franca\",\"potentialAction\":[{\"@type\":\"SearchAction\",\"target\":{\"@type\":\"EntryPoint\",\"urlTemplate\":\"https:\/\/verdadeon.com.br\/portal\/?s={search_term_string}\"},\"query-input\":{\"@type\":\"PropertyValueSpecification\",\"valueRequired\":true,\"valueName\":\"search_term_string\"}}],\"inLanguage\":\"pt-BR\"},{\"@type\":\"Person\",\"@id\":\"https:\/\/verdadeon.com.br\/portal\/#\/schema\/person\/a5060ad1e9ea3df545188fc93ce43d2f\",\"name\":\"Redacao VerdadeOn\",\"image\":{\"@type\":\"ImageObject\",\"inLanguage\":\"pt-BR\",\"@id\":\"https:\/\/verdadeon.com.br\/portal\/#\/schema\/person\/image\/\",\"url\":\"https:\/\/secure.gravatar.com\/avatar\/459a9613caaaf07f582c3d0841eea68bdd66f533e465e6ba8b9cb45619572cf4?s=96&d=mm&r=g\",\"contentUrl\":\"https:\/\/secure.gravatar.com\/avatar\/459a9613caaaf07f582c3d0841eea68bdd66f533e465e6ba8b9cb45619572cf4?s=96&d=mm&r=g\",\"caption\":\"Redacao VerdadeOn\"},\"url\":\"https:\/\/verdadeon.com.br\/portal\/author\/redacao\/\"}]}<\/script>\n<!-- \/ Yoast SEO plugin. -->","yoast_head_json":{"title":"Covid-19: Brasil chega a 2,8 milh\u00f5es de casos; 70,3% est\u00e3o recuperados - VerdadeOn","robots":{"index":"index","follow":"follow","max-snippet":"max-snippet:-1","max-image-preview":"max-image-preview:large","max-video-preview":"max-video-preview:-1"},"canonical":"https:\/\/verdadeon.com.br\/portal\/2020\/08\/04\/covid-19-brasil-chega-a-28-milhoes-de-casos-703-estao-recuperados\/","og_locale":"pt_BR","og_type":"article","og_title":"Covid-19: Brasil chega a 2,8 milh\u00f5es de casos; 70,3% est\u00e3o recuperados - VerdadeOn","og_description":"Mais de 95 mil brasileiros morreram por causa do novo coronav\u00edrus Por Jonas Valente \u2013 Rep\u00f3rter da Ag\u00eancia Brasil &#8211; Bras\u00edlia Desde o in\u00edcio da pandemia,\u00a02.801.921 [\u2026]","og_url":"https:\/\/verdadeon.com.br\/portal\/2020\/08\/04\/covid-19-brasil-chega-a-28-milhoes-de-casos-703-estao-recuperados\/","og_site_name":"VerdadeOn","article_published_time":"2020-08-04T23:56:37+00:00","og_image":[{"width":1000,"height":670,"url":"https:\/\/verdadeon.com.br\/portal\/wp-content\/uploads\/2020\/08\/17_07_2020_covid_testes_exame-2.jpg","type":"image\/jpeg"}],"author":"Redacao VerdadeOn","twitter_card":"summary_large_image","twitter_misc":{"Escrito por":"Redacao VerdadeOn","Est. tempo de leitura":"2 minutos"},"schema":{"@context":"https:\/\/schema.org","@graph":[{"@type":"WebPage","@id":"https:\/\/verdadeon.com.br\/portal\/2020\/08\/04\/covid-19-brasil-chega-a-28-milhoes-de-casos-703-estao-recuperados\/","url":"https:\/\/verdadeon.com.br\/portal\/2020\/08\/04\/covid-19-brasil-chega-a-28-milhoes-de-casos-703-estao-recuperados\/","name":"Covid-19: Brasil chega a 2,8 milh\u00f5es de casos; 70,3% est\u00e3o recuperados - VerdadeOn","isPartOf":{"@id":"https:\/\/verdadeon.com.br\/portal\/#website"},"primaryImageOfPage":{"@id":"https:\/\/verdadeon.com.br\/portal\/2020\/08\/04\/covid-19-brasil-chega-a-28-milhoes-de-casos-703-estao-recuperados\/#primaryimage"},"image":{"@id":"https:\/\/verdadeon.com.br\/portal\/2020\/08\/04\/covid-19-brasil-chega-a-28-milhoes-de-casos-703-estao-recuperados\/#primaryimage"},"thumbnailUrl":"https:\/\/i0.wp.com\/verdadeon.com.br\/portal\/wp-content\/uploads\/2020\/08\/17_07_2020_covid_testes_exame-2.jpg?fit=1000%2C670&ssl=1","datePublished":"2020-08-04T23:56:37+00:00","author":{"@id":"https:\/\/verdadeon.com.br\/portal\/#\/schema\/person\/a5060ad1e9ea3df545188fc93ce43d2f"},"breadcrumb":{"@id":"https:\/\/verdadeon.com.br\/portal\/2020\/08\/04\/covid-19-brasil-chega-a-28-milhoes-de-casos-703-estao-recuperados\/#breadcrumb"},"inLanguage":"pt-BR","potentialAction":[{"@type":"ReadAction","target":["https:\/\/verdadeon.com.br\/portal\/2020\/08\/04\/covid-19-brasil-chega-a-28-milhoes-de-casos-703-estao-recuperados\/"]}]},{"@type":"ImageObject","inLanguage":"pt-BR","@id":"https:\/\/verdadeon.com.br\/portal\/2020\/08\/04\/covid-19-brasil-chega-a-28-milhoes-de-casos-703-estao-recuperados\/#primaryimage","url":"https:\/\/i0.wp.com\/verdadeon.com.br\/portal\/wp-content\/uploads\/2020\/08\/17_07_2020_covid_testes_exame-2.jpg?fit=1000%2C670&ssl=1","contentUrl":"https:\/\/i0.wp.com\/verdadeon.com.br\/portal\/wp-content\/uploads\/2020\/08\/17_07_2020_covid_testes_exame-2.jpg?fit=1000%2C670&ssl=1","width":1000,"height":670,"caption":"Uso de m\u00e1scara para prote\u00e7\u00e3o contra o novo coronav\u00edrus."},{"@type":"BreadcrumbList","@id":"https:\/\/verdadeon.com.br\/portal\/2020\/08\/04\/covid-19-brasil-chega-a-28-milhoes-de-casos-703-estao-recuperados\/#breadcrumb","itemListElement":[{"@type":"ListItem","position":1,"name":"In\u00edcio","item":"https:\/\/verdadeon.com.br\/portal\/"},{"@type":"ListItem","position":2,"name":"Covid-19: Brasil chega a 2,8 milh\u00f5es de casos; 70,3% est\u00e3o recuperados"}]},{"@type":"WebSite","@id":"https:\/\/verdadeon.com.br\/portal\/#website","url":"https:\/\/verdadeon.com.br\/portal\/","name":"VerdadeOn","description":"Not\u00edcias di\u00e1rias sobre Franca, Regi\u00e3o, Esporte, Cultura, Cotidiano, Colunas. Cobertura nos principais eventos da cidade \u00e9 aqui - Verdadeon Franca","potentialAction":[{"@type":"SearchAction","target":{"@type":"EntryPoint","urlTemplate":"https:\/\/verdadeon.com.br\/portal\/?s={search_term_string}"},"query-input":{"@type":"PropertyValueSpecification","valueRequired":true,"valueName":"search_term_string"}}],"inLanguage":"pt-BR"},{"@type":"Person","@id":"https:\/\/verdadeon.com.br\/portal\/#\/schema\/person\/a5060ad1e9ea3df545188fc93ce43d2f","name":"Redacao VerdadeOn","image":{"@type":"ImageObject","inLanguage":"pt-BR","@id":"https:\/\/verdadeon.com.br\/portal\/#\/schema\/person\/image\/","url":"https:\/\/secure.gravatar.com\/avatar\/459a9613caaaf07f582c3d0841eea68bdd66f533e465e6ba8b9cb45619572cf4?s=96&d=mm&r=g","contentUrl":"https:\/\/secure.gravatar.com\/avatar\/459a9613caaaf07f582c3d0841eea68bdd66f533e465e6ba8b9cb45619572cf4?s=96&d=mm&r=g","caption":"Redacao VerdadeOn"},"url":"https:\/\/verdadeon.com.br\/portal\/author\/redacao\/"}]}},"jetpack_publicize_connections":[],"jetpack_featured_media_url":"https:\/\/i0.wp.com\/verdadeon.com.br\/portal\/wp-content\/uploads\/2020\/08\/17_07_2020_covid_testes_exame-2.jpg?fit=1000%2C670&ssl=1","jetpack_sharing_enabled":true,"_links":{"self":[{"href":"https:\/\/verdadeon.com.br\/portal\/wp-json\/wp\/v2\/posts\/9450","targetHints":{"allow":["GET"]}}],"collection":[{"href":"https:\/\/verdadeon.com.br\/portal\/wp-json\/wp\/v2\/posts"}],"about":[{"href":"https:\/\/verdadeon.com.br\/portal\/wp-json\/wp\/v2\/types\/post"}],"author":[{"embeddable":true,"href":"https:\/\/verdadeon.com.br\/portal\/wp-json\/wp\/v2\/users\/10"}],"replies":[{"embeddable":true,"href":"https:\/\/verdadeon.com.br\/portal\/wp-json\/wp\/v2\/comments?post=9450"}],"version-history":[{"count":0,"href":"https:\/\/verdadeon.com.br\/portal\/wp-json\/wp\/v2\/posts\/9450\/revisions"}],"wp:featuredmedia":[{"embeddable":true,"href":"https:\/\/verdadeon.com.br\/portal\/wp-json\/wp\/v2\/media\/9445"}],"wp:attachment":[{"href":"https:\/\/verdadeon.com.br\/portal\/wp-json\/wp\/v2\/media?parent=9450"}],"wp:term":[{"taxonomy":"category","embeddable":true,"href":"https:\/\/verdadeon.com.br\/portal\/wp-json\/wp\/v2\/categories?post=9450"},{"taxonomy":"post_tag","embeddable":true,"href":"https:\/\/verdadeon.com.br\/portal\/wp-json\/wp\/v2\/tags?post=9450"}],"curies":[{"name":"wp","href":"https:\/\/api.w.org\/{rel}","templated":true}]}}