{"id":9328,"date":"2020-07-30T20:38:16","date_gmt":"2020-07-30T23:38:16","guid":{"rendered":"http:\/\/verdadeon.com.br\/portal\/?p=9328"},"modified":"2020-07-30T20:38:16","modified_gmt":"2020-07-30T23:38:16","slug":"pedregulho-chega-a-26-casos-de-coronavirus-14-pacientes-ja-estao-recuperados","status":"publish","type":"post","link":"https:\/\/verdadeon.com.br\/portal\/2020\/07\/30\/pedregulho-chega-a-26-casos-de-coronavirus-14-pacientes-ja-estao-recuperados\/","title":{"rendered":"Pedregulho chega a 26 casos de coronav\u00edrus; 14 pacientes j\u00e1 est\u00e3o recuperados"},"content":{"rendered":"<h2>Munic\u00edpio j\u00e1 registrou um \u00f3bito em decorr\u00eancia da doen\u00e7a<\/h2>\n<p>O munic\u00edpio de Pedregulho, na regi\u00e3o de Franca, chegou \u00e0 marca de 26 casos positivos do novo coronav\u00edrus nesta semana. O boletim epidemiol\u00f3gico divulgado pela Secretaria de Sa\u00fade atualizou os dados da cidade. Os n\u00fameros aumentaram de forma consider\u00e1vel durante as \u00faltimas semanas.<\/p>\n<p>Al\u00e9m das confirma\u00e7\u00f5es, uma morte em decorr\u00eancia da Covid-19 foi registrada na semana passada. Uma mulher de 59 anos n\u00e3o resistiu \u00e0s complica\u00e7\u00f5es causadas pelo v\u00edrus e acabou falecendo em Franca, onde estava internada h\u00e1 mais de um m\u00eas. Ao todo, 74 pessoas seguem como suspeitas da doen\u00e7a e est\u00e3o sendo monitoradas pelo setor de Sa\u00fade.<\/p>\n<p>O ponto positivo para o munic\u00edpio \u00e9 em rela\u00e7\u00e3o aos pacientes que j\u00e1 est\u00e3o recuperados do coronav\u00edrus. At\u00e9 o momento, mais de 50% dos infectados est\u00e3o nessa condi\u00e7\u00e3o. As 14 pessoas j\u00e1 sa\u00edram do isolamento total e seguem a vida normalmente, com a recomenda\u00e7\u00e3o de seguir o que \u00e9 solicitado pela Secretaria de Sa\u00fade.<\/p>\n","protected":false},"excerpt":{"rendered":"<p>Munic\u00edpio j\u00e1 registrou um \u00f3bito em decorr\u00eancia da doen\u00e7a O munic\u00edpio de Pedregulho, na regi\u00e3o de Franca, chegou \u00e0 marca de 26 casos positivos do novo<span class=\"excerpt-hellip\"> [\u2026]<\/span><\/p>\n","protected":false},"author":10,"featured_media":9325,"comment_status":"open","ping_status":"open","sticky":false,"template":"","format":"standard","meta":{"_jetpack_memberships_contains_paid_content":false,"footnotes":"","jetpack_publicize_message":"","jetpack_publicize_feature_enabled":true,"jetpack_social_post_already_shared":false,"jetpack_social_options":{"image_generator_settings":{"template":"highway","default_image_id":0,"enabled":false},"version":2}},"categories":[44,58],"tags":[],"class_list":["post-9328","post","type-post","status-publish","format-standard","has-post-thumbnail","hentry","category-noticias","category-regiao"],"yoast_head":"<!-- This site is optimized with the Yoast SEO plugin v25.6 - https:\/\/yoast.com\/wordpress\/plugins\/seo\/ -->\n<title>Pedregulho chega a 26 casos de coronav\u00edrus; 14 pacientes j\u00e1 est\u00e3o recuperados - VerdadeOn<\/title>\n<meta name=\"robots\" content=\"index, follow, max-snippet:-1, max-image-preview:large, max-video-preview:-1\" \/>\n<link rel=\"canonical\" href=\"https:\/\/verdadeon.com.br\/portal\/2020\/07\/30\/pedregulho-chega-a-26-casos-de-coronavirus-14-pacientes-ja-estao-recuperados\/\" \/>\n<meta property=\"og:locale\" content=\"pt_BR\" \/>\n<meta property=\"og:type\" content=\"article\" \/>\n<meta property=\"og:title\" content=\"Pedregulho chega a 26 casos de coronav\u00edrus; 14 pacientes j\u00e1 est\u00e3o recuperados - VerdadeOn\" \/>\n<meta property=\"og:description\" content=\"Munic\u00edpio j\u00e1 registrou um \u00f3bito em decorr\u00eancia da doen\u00e7a O munic\u00edpio de Pedregulho, na regi\u00e3o de Franca, chegou \u00e0 marca de 26 casos positivos do novo [\u2026]\" \/>\n<meta property=\"og:url\" content=\"https:\/\/verdadeon.com.br\/portal\/2020\/07\/30\/pedregulho-chega-a-26-casos-de-coronavirus-14-pacientes-ja-estao-recuperados\/\" \/>\n<meta property=\"og:site_name\" content=\"VerdadeOn\" \/>\n<meta property=\"article:published_time\" content=\"2020-07-30T23:38:16+00:00\" \/>\n<meta property=\"og:image\" content=\"https:\/\/verdadeon.com.br\/portal\/wp-content\/uploads\/2020\/07\/WhatsApp-Image-2020-07-30-at-18.58.31.jpeg\" \/>\n\t<meta property=\"og:image:width\" content=\"1000\" \/>\n\t<meta property=\"og:image:height\" content=\"670\" \/>\n\t<meta property=\"og:image:type\" content=\"image\/jpeg\" \/>\n<meta name=\"author\" content=\"Redacao VerdadeOn\" \/>\n<meta name=\"twitter:card\" content=\"summary_large_image\" \/>\n<meta name=\"twitter:label1\" content=\"Escrito por\" \/>\n\t<meta name=\"twitter:data1\" content=\"Redacao VerdadeOn\" \/>\n\t<meta name=\"twitter:label2\" content=\"Est. tempo de leitura\" \/>\n\t<meta name=\"twitter:data2\" content=\"1 minuto\" \/>\n<script type=\"application\/ld+json\" class=\"yoast-schema-graph\">{\"@context\":\"https:\/\/schema.org\",\"@graph\":[{\"@type\":\"WebPage\",\"@id\":\"https:\/\/verdadeon.com.br\/portal\/2020\/07\/30\/pedregulho-chega-a-26-casos-de-coronavirus-14-pacientes-ja-estao-recuperados\/\",\"url\":\"https:\/\/verdadeon.com.br\/portal\/2020\/07\/30\/pedregulho-chega-a-26-casos-de-coronavirus-14-pacientes-ja-estao-recuperados\/\",\"name\":\"Pedregulho chega a 26 casos de coronav\u00edrus; 14 pacientes j\u00e1 est\u00e3o recuperados - VerdadeOn\",\"isPartOf\":{\"@id\":\"https:\/\/verdadeon.com.br\/portal\/#website\"},\"primaryImageOfPage\":{\"@id\":\"https:\/\/verdadeon.com.br\/portal\/2020\/07\/30\/pedregulho-chega-a-26-casos-de-coronavirus-14-pacientes-ja-estao-recuperados\/#primaryimage\"},\"image\":{\"@id\":\"https:\/\/verdadeon.com.br\/portal\/2020\/07\/30\/pedregulho-chega-a-26-casos-de-coronavirus-14-pacientes-ja-estao-recuperados\/#primaryimage\"},\"thumbnailUrl\":\"https:\/\/i0.wp.com\/verdadeon.com.br\/portal\/wp-content\/uploads\/2020\/07\/WhatsApp-Image-2020-07-30-at-18.58.31.jpeg?fit=1000%2C670&ssl=1\",\"datePublished\":\"2020-07-30T23:38:16+00:00\",\"author\":{\"@id\":\"https:\/\/verdadeon.com.br\/portal\/#\/schema\/person\/a5060ad1e9ea3df545188fc93ce43d2f\"},\"breadcrumb\":{\"@id\":\"https:\/\/verdadeon.com.br\/portal\/2020\/07\/30\/pedregulho-chega-a-26-casos-de-coronavirus-14-pacientes-ja-estao-recuperados\/#breadcrumb\"},\"inLanguage\":\"pt-BR\",\"potentialAction\":[{\"@type\":\"ReadAction\",\"target\":[\"https:\/\/verdadeon.com.br\/portal\/2020\/07\/30\/pedregulho-chega-a-26-casos-de-coronavirus-14-pacientes-ja-estao-recuperados\/\"]}]},{\"@type\":\"ImageObject\",\"inLanguage\":\"pt-BR\",\"@id\":\"https:\/\/verdadeon.com.br\/portal\/2020\/07\/30\/pedregulho-chega-a-26-casos-de-coronavirus-14-pacientes-ja-estao-recuperados\/#primaryimage\",\"url\":\"https:\/\/i0.wp.com\/verdadeon.com.br\/portal\/wp-content\/uploads\/2020\/07\/WhatsApp-Image-2020-07-30-at-18.58.31.jpeg?fit=1000%2C670&ssl=1\",\"contentUrl\":\"https:\/\/i0.wp.com\/verdadeon.com.br\/portal\/wp-content\/uploads\/2020\/07\/WhatsApp-Image-2020-07-30-at-18.58.31.jpeg?fit=1000%2C670&ssl=1\",\"width\":1000,\"height\":670},{\"@type\":\"BreadcrumbList\",\"@id\":\"https:\/\/verdadeon.com.br\/portal\/2020\/07\/30\/pedregulho-chega-a-26-casos-de-coronavirus-14-pacientes-ja-estao-recuperados\/#breadcrumb\",\"itemListElement\":[{\"@type\":\"ListItem\",\"position\":1,\"name\":\"In\u00edcio\",\"item\":\"https:\/\/verdadeon.com.br\/portal\/\"},{\"@type\":\"ListItem\",\"position\":2,\"name\":\"Pedregulho chega a 26 casos de coronav\u00edrus; 14 pacientes j\u00e1 est\u00e3o recuperados\"}]},{\"@type\":\"WebSite\",\"@id\":\"https:\/\/verdadeon.com.br\/portal\/#website\",\"url\":\"https:\/\/verdadeon.com.br\/portal\/\",\"name\":\"VerdadeOn\",\"description\":\"Not\u00edcias di\u00e1rias sobre Franca, Regi\u00e3o, Esporte, Cultura, Cotidiano, Colunas. Cobertura nos principais eventos da cidade \u00e9 aqui - Verdadeon Franca\",\"potentialAction\":[{\"@type\":\"SearchAction\",\"target\":{\"@type\":\"EntryPoint\",\"urlTemplate\":\"https:\/\/verdadeon.com.br\/portal\/?s={search_term_string}\"},\"query-input\":{\"@type\":\"PropertyValueSpecification\",\"valueRequired\":true,\"valueName\":\"search_term_string\"}}],\"inLanguage\":\"pt-BR\"},{\"@type\":\"Person\",\"@id\":\"https:\/\/verdadeon.com.br\/portal\/#\/schema\/person\/a5060ad1e9ea3df545188fc93ce43d2f\",\"name\":\"Redacao VerdadeOn\",\"image\":{\"@type\":\"ImageObject\",\"inLanguage\":\"pt-BR\",\"@id\":\"https:\/\/verdadeon.com.br\/portal\/#\/schema\/person\/image\/\",\"url\":\"https:\/\/secure.gravatar.com\/avatar\/459a9613caaaf07f582c3d0841eea68bdd66f533e465e6ba8b9cb45619572cf4?s=96&d=mm&r=g\",\"contentUrl\":\"https:\/\/secure.gravatar.com\/avatar\/459a9613caaaf07f582c3d0841eea68bdd66f533e465e6ba8b9cb45619572cf4?s=96&d=mm&r=g\",\"caption\":\"Redacao VerdadeOn\"},\"url\":\"https:\/\/verdadeon.com.br\/portal\/author\/redacao\/\"}]}<\/script>\n<!-- \/ Yoast SEO plugin. -->","yoast_head_json":{"title":"Pedregulho chega a 26 casos de coronav\u00edrus; 14 pacientes j\u00e1 est\u00e3o recuperados - VerdadeOn","robots":{"index":"index","follow":"follow","max-snippet":"max-snippet:-1","max-image-preview":"max-image-preview:large","max-video-preview":"max-video-preview:-1"},"canonical":"https:\/\/verdadeon.com.br\/portal\/2020\/07\/30\/pedregulho-chega-a-26-casos-de-coronavirus-14-pacientes-ja-estao-recuperados\/","og_locale":"pt_BR","og_type":"article","og_title":"Pedregulho chega a 26 casos de coronav\u00edrus; 14 pacientes j\u00e1 est\u00e3o recuperados - VerdadeOn","og_description":"Munic\u00edpio j\u00e1 registrou um \u00f3bito em decorr\u00eancia da doen\u00e7a O munic\u00edpio de Pedregulho, na regi\u00e3o de Franca, chegou \u00e0 marca de 26 casos positivos do novo [\u2026]","og_url":"https:\/\/verdadeon.com.br\/portal\/2020\/07\/30\/pedregulho-chega-a-26-casos-de-coronavirus-14-pacientes-ja-estao-recuperados\/","og_site_name":"VerdadeOn","article_published_time":"2020-07-30T23:38:16+00:00","og_image":[{"width":1000,"height":670,"url":"https:\/\/verdadeon.com.br\/portal\/wp-content\/uploads\/2020\/07\/WhatsApp-Image-2020-07-30-at-18.58.31.jpeg","type":"image\/jpeg"}],"author":"Redacao VerdadeOn","twitter_card":"summary_large_image","twitter_misc":{"Escrito por":"Redacao VerdadeOn","Est. tempo de leitura":"1 minuto"},"schema":{"@context":"https:\/\/schema.org","@graph":[{"@type":"WebPage","@id":"https:\/\/verdadeon.com.br\/portal\/2020\/07\/30\/pedregulho-chega-a-26-casos-de-coronavirus-14-pacientes-ja-estao-recuperados\/","url":"https:\/\/verdadeon.com.br\/portal\/2020\/07\/30\/pedregulho-chega-a-26-casos-de-coronavirus-14-pacientes-ja-estao-recuperados\/","name":"Pedregulho chega a 26 casos de coronav\u00edrus; 14 pacientes j\u00e1 est\u00e3o recuperados - VerdadeOn","isPartOf":{"@id":"https:\/\/verdadeon.com.br\/portal\/#website"},"primaryImageOfPage":{"@id":"https:\/\/verdadeon.com.br\/portal\/2020\/07\/30\/pedregulho-chega-a-26-casos-de-coronavirus-14-pacientes-ja-estao-recuperados\/#primaryimage"},"image":{"@id":"https:\/\/verdadeon.com.br\/portal\/2020\/07\/30\/pedregulho-chega-a-26-casos-de-coronavirus-14-pacientes-ja-estao-recuperados\/#primaryimage"},"thumbnailUrl":"https:\/\/i0.wp.com\/verdadeon.com.br\/portal\/wp-content\/uploads\/2020\/07\/WhatsApp-Image-2020-07-30-at-18.58.31.jpeg?fit=1000%2C670&ssl=1","datePublished":"2020-07-30T23:38:16+00:00","author":{"@id":"https:\/\/verdadeon.com.br\/portal\/#\/schema\/person\/a5060ad1e9ea3df545188fc93ce43d2f"},"breadcrumb":{"@id":"https:\/\/verdadeon.com.br\/portal\/2020\/07\/30\/pedregulho-chega-a-26-casos-de-coronavirus-14-pacientes-ja-estao-recuperados\/#breadcrumb"},"inLanguage":"pt-BR","potentialAction":[{"@type":"ReadAction","target":["https:\/\/verdadeon.com.br\/portal\/2020\/07\/30\/pedregulho-chega-a-26-casos-de-coronavirus-14-pacientes-ja-estao-recuperados\/"]}]},{"@type":"ImageObject","inLanguage":"pt-BR","@id":"https:\/\/verdadeon.com.br\/portal\/2020\/07\/30\/pedregulho-chega-a-26-casos-de-coronavirus-14-pacientes-ja-estao-recuperados\/#primaryimage","url":"https:\/\/i0.wp.com\/verdadeon.com.br\/portal\/wp-content\/uploads\/2020\/07\/WhatsApp-Image-2020-07-30-at-18.58.31.jpeg?fit=1000%2C670&ssl=1","contentUrl":"https:\/\/i0.wp.com\/verdadeon.com.br\/portal\/wp-content\/uploads\/2020\/07\/WhatsApp-Image-2020-07-30-at-18.58.31.jpeg?fit=1000%2C670&ssl=1","width":1000,"height":670},{"@type":"BreadcrumbList","@id":"https:\/\/verdadeon.com.br\/portal\/2020\/07\/30\/pedregulho-chega-a-26-casos-de-coronavirus-14-pacientes-ja-estao-recuperados\/#breadcrumb","itemListElement":[{"@type":"ListItem","position":1,"name":"In\u00edcio","item":"https:\/\/verdadeon.com.br\/portal\/"},{"@type":"ListItem","position":2,"name":"Pedregulho chega a 26 casos de coronav\u00edrus; 14 pacientes j\u00e1 est\u00e3o recuperados"}]},{"@type":"WebSite","@id":"https:\/\/verdadeon.com.br\/portal\/#website","url":"https:\/\/verdadeon.com.br\/portal\/","name":"VerdadeOn","description":"Not\u00edcias di\u00e1rias sobre Franca, Regi\u00e3o, Esporte, Cultura, Cotidiano, Colunas. Cobertura nos principais eventos da cidade \u00e9 aqui - Verdadeon Franca","potentialAction":[{"@type":"SearchAction","target":{"@type":"EntryPoint","urlTemplate":"https:\/\/verdadeon.com.br\/portal\/?s={search_term_string}"},"query-input":{"@type":"PropertyValueSpecification","valueRequired":true,"valueName":"search_term_string"}}],"inLanguage":"pt-BR"},{"@type":"Person","@id":"https:\/\/verdadeon.com.br\/portal\/#\/schema\/person\/a5060ad1e9ea3df545188fc93ce43d2f","name":"Redacao VerdadeOn","image":{"@type":"ImageObject","inLanguage":"pt-BR","@id":"https:\/\/verdadeon.com.br\/portal\/#\/schema\/person\/image\/","url":"https:\/\/secure.gravatar.com\/avatar\/459a9613caaaf07f582c3d0841eea68bdd66f533e465e6ba8b9cb45619572cf4?s=96&d=mm&r=g","contentUrl":"https:\/\/secure.gravatar.com\/avatar\/459a9613caaaf07f582c3d0841eea68bdd66f533e465e6ba8b9cb45619572cf4?s=96&d=mm&r=g","caption":"Redacao VerdadeOn"},"url":"https:\/\/verdadeon.com.br\/portal\/author\/redacao\/"}]}},"jetpack_publicize_connections":[],"jetpack_featured_media_url":"https:\/\/i0.wp.com\/verdadeon.com.br\/portal\/wp-content\/uploads\/2020\/07\/WhatsApp-Image-2020-07-30-at-18.58.31.jpeg?fit=1000%2C670&ssl=1","jetpack_sharing_enabled":true,"_links":{"self":[{"href":"https:\/\/verdadeon.com.br\/portal\/wp-json\/wp\/v2\/posts\/9328","targetHints":{"allow":["GET"]}}],"collection":[{"href":"https:\/\/verdadeon.com.br\/portal\/wp-json\/wp\/v2\/posts"}],"about":[{"href":"https:\/\/verdadeon.com.br\/portal\/wp-json\/wp\/v2\/types\/post"}],"author":[{"embeddable":true,"href":"https:\/\/verdadeon.com.br\/portal\/wp-json\/wp\/v2\/users\/10"}],"replies":[{"embeddable":true,"href":"https:\/\/verdadeon.com.br\/portal\/wp-json\/wp\/v2\/comments?post=9328"}],"version-history":[{"count":0,"href":"https:\/\/verdadeon.com.br\/portal\/wp-json\/wp\/v2\/posts\/9328\/revisions"}],"wp:featuredmedia":[{"embeddable":true,"href":"https:\/\/verdadeon.com.br\/portal\/wp-json\/wp\/v2\/media\/9325"}],"wp:attachment":[{"href":"https:\/\/verdadeon.com.br\/portal\/wp-json\/wp\/v2\/media?parent=9328"}],"wp:term":[{"taxonomy":"category","embeddable":true,"href":"https:\/\/verdadeon.com.br\/portal\/wp-json\/wp\/v2\/categories?post=9328"},{"taxonomy":"post_tag","embeddable":true,"href":"https:\/\/verdadeon.com.br\/portal\/wp-json\/wp\/v2\/tags?post=9328"}],"curies":[{"name":"wp","href":"https:\/\/api.w.org\/{rel}","templated":true}]}}