{"id":9327,"date":"2020-07-30T20:50:33","date_gmt":"2020-07-30T23:50:33","guid":{"rendered":"http:\/\/verdadeon.com.br\/portal\/?p=9327"},"modified":"2020-07-30T20:46:57","modified_gmt":"2020-07-30T23:46:57","slug":"franca-chega-a-32-obitos-por-coronavirus-vitima-desta-quinta-e-homem-de-66-anos","status":"publish","type":"post","link":"https:\/\/verdadeon.com.br\/portal\/2020\/07\/30\/franca-chega-a-32-obitos-por-coronavirus-vitima-desta-quinta-e-homem-de-66-anos\/","title":{"rendered":"Franca chega a 32 \u00f3bitos por coronav\u00edrus; v\u00edtima desta quinta \u00e9 homem de 66 anos"},"content":{"rendered":"<h2>Grande parte dos registros foram confirmados durante este m\u00eas<\/h2>\n<p>O que virou rotina durante os \u00faltimos dias j\u00e1 aconteceu nesta quinta-feira (30): mais uma morte em decorr\u00eancia do novo coronav\u00edrus foi confirmada pela Vigil\u00e2ncia Epidemiol\u00f3gica em Franca. Desta vez, a v\u00edtima foi um homem de 66 anos que estava internado no Hospital do Cora\u00e7\u00e3o.<\/p>\n<p>Agora Franca j\u00e1 soma 32 \u00f3bitos por complica\u00e7\u00f5es causadas pelo v\u00edrus. Um fator que chama a aten\u00e7\u00e3o e preocupa \u00e0 popula\u00e7\u00e3o e respons\u00e1veis pelo setor de Sa\u00fade \u00e9 que, apenas durante este m\u00eas, foram registradas 24 mortes, grande parte das confirma\u00e7\u00f5es desde o in\u00edcio da pandemia.<\/p>\n<p>Com essa nova atualiza\u00e7\u00e3o, o munic\u00edpio tem agora 22 homens v\u00edtimas do novo coronav\u00edrus e 10 mulheres. Franca j\u00e1 conta com 1.200 casos positivos da doen\u00e7a, de acordo com o boletim epidemiol\u00f3gico divulgado pela Secretaria de Sa\u00fade local.<\/p>\n","protected":false},"excerpt":{"rendered":"<p>Grande parte dos registros foram confirmados durante este m\u00eas O que virou rotina durante os \u00faltimos dias j\u00e1 aconteceu nesta quinta-feira (30): mais uma morte em<span class=\"excerpt-hellip\"> [\u2026]<\/span><\/p>\n","protected":false},"author":10,"featured_media":9324,"comment_status":"open","ping_status":"open","sticky":false,"template":"","format":"standard","meta":{"_jetpack_memberships_contains_paid_content":false,"footnotes":"","jetpack_publicize_message":"","jetpack_publicize_feature_enabled":true,"jetpack_social_post_already_shared":false,"jetpack_social_options":{"image_generator_settings":{"template":"highway","default_image_id":0,"enabled":false},"version":2}},"categories":[28,81],"tags":[],"class_list":["post-9327","post","type-post","status-publish","format-standard","has-post-thumbnail","hentry","category-cotidiano","category-manchete"],"yoast_head":"<!-- This site is optimized with the Yoast SEO plugin v25.6 - https:\/\/yoast.com\/wordpress\/plugins\/seo\/ -->\n<title>Franca chega a 32 \u00f3bitos por coronav\u00edrus; v\u00edtima desta quinta \u00e9 homem de 66 anos - VerdadeOn<\/title>\n<meta name=\"robots\" content=\"index, follow, max-snippet:-1, max-image-preview:large, max-video-preview:-1\" \/>\n<link rel=\"canonical\" href=\"https:\/\/verdadeon.com.br\/portal\/2020\/07\/30\/franca-chega-a-32-obitos-por-coronavirus-vitima-desta-quinta-e-homem-de-66-anos\/\" \/>\n<meta property=\"og:locale\" content=\"pt_BR\" \/>\n<meta property=\"og:type\" content=\"article\" \/>\n<meta property=\"og:title\" content=\"Franca chega a 32 \u00f3bitos por coronav\u00edrus; v\u00edtima desta quinta \u00e9 homem de 66 anos - VerdadeOn\" \/>\n<meta property=\"og:description\" content=\"Grande parte dos registros foram confirmados durante este m\u00eas O que virou rotina durante os \u00faltimos dias j\u00e1 aconteceu nesta quinta-feira (30): mais uma morte em [\u2026]\" \/>\n<meta property=\"og:url\" content=\"https:\/\/verdadeon.com.br\/portal\/2020\/07\/30\/franca-chega-a-32-obitos-por-coronavirus-vitima-desta-quinta-e-homem-de-66-anos\/\" \/>\n<meta property=\"og:site_name\" content=\"VerdadeOn\" \/>\n<meta property=\"article:published_time\" content=\"2020-07-30T23:50:33+00:00\" \/>\n<meta property=\"og:image\" content=\"https:\/\/verdadeon.com.br\/portal\/wp-content\/uploads\/2020\/07\/WhatsApp-Image-2020-07-30-at-18.58.12.jpeg\" \/>\n\t<meta property=\"og:image:width\" content=\"1000\" \/>\n\t<meta property=\"og:image:height\" content=\"670\" \/>\n\t<meta property=\"og:image:type\" content=\"image\/jpeg\" \/>\n<meta name=\"author\" content=\"Redacao VerdadeOn\" \/>\n<meta name=\"twitter:card\" content=\"summary_large_image\" \/>\n<meta name=\"twitter:label1\" content=\"Escrito por\" \/>\n\t<meta name=\"twitter:data1\" content=\"Redacao VerdadeOn\" \/>\n\t<meta name=\"twitter:label2\" content=\"Est. tempo de leitura\" \/>\n\t<meta name=\"twitter:data2\" content=\"1 minuto\" \/>\n<script type=\"application\/ld+json\" class=\"yoast-schema-graph\">{\"@context\":\"https:\/\/schema.org\",\"@graph\":[{\"@type\":\"WebPage\",\"@id\":\"https:\/\/verdadeon.com.br\/portal\/2020\/07\/30\/franca-chega-a-32-obitos-por-coronavirus-vitima-desta-quinta-e-homem-de-66-anos\/\",\"url\":\"https:\/\/verdadeon.com.br\/portal\/2020\/07\/30\/franca-chega-a-32-obitos-por-coronavirus-vitima-desta-quinta-e-homem-de-66-anos\/\",\"name\":\"Franca chega a 32 \u00f3bitos por coronav\u00edrus; v\u00edtima desta quinta \u00e9 homem de 66 anos - VerdadeOn\",\"isPartOf\":{\"@id\":\"https:\/\/verdadeon.com.br\/portal\/#website\"},\"primaryImageOfPage\":{\"@id\":\"https:\/\/verdadeon.com.br\/portal\/2020\/07\/30\/franca-chega-a-32-obitos-por-coronavirus-vitima-desta-quinta-e-homem-de-66-anos\/#primaryimage\"},\"image\":{\"@id\":\"https:\/\/verdadeon.com.br\/portal\/2020\/07\/30\/franca-chega-a-32-obitos-por-coronavirus-vitima-desta-quinta-e-homem-de-66-anos\/#primaryimage\"},\"thumbnailUrl\":\"https:\/\/i0.wp.com\/verdadeon.com.br\/portal\/wp-content\/uploads\/2020\/07\/WhatsApp-Image-2020-07-30-at-18.58.12.jpeg?fit=1000%2C670&ssl=1\",\"datePublished\":\"2020-07-30T23:50:33+00:00\",\"author\":{\"@id\":\"https:\/\/verdadeon.com.br\/portal\/#\/schema\/person\/a5060ad1e9ea3df545188fc93ce43d2f\"},\"breadcrumb\":{\"@id\":\"https:\/\/verdadeon.com.br\/portal\/2020\/07\/30\/franca-chega-a-32-obitos-por-coronavirus-vitima-desta-quinta-e-homem-de-66-anos\/#breadcrumb\"},\"inLanguage\":\"pt-BR\",\"potentialAction\":[{\"@type\":\"ReadAction\",\"target\":[\"https:\/\/verdadeon.com.br\/portal\/2020\/07\/30\/franca-chega-a-32-obitos-por-coronavirus-vitima-desta-quinta-e-homem-de-66-anos\/\"]}]},{\"@type\":\"ImageObject\",\"inLanguage\":\"pt-BR\",\"@id\":\"https:\/\/verdadeon.com.br\/portal\/2020\/07\/30\/franca-chega-a-32-obitos-por-coronavirus-vitima-desta-quinta-e-homem-de-66-anos\/#primaryimage\",\"url\":\"https:\/\/i0.wp.com\/verdadeon.com.br\/portal\/wp-content\/uploads\/2020\/07\/WhatsApp-Image-2020-07-30-at-18.58.12.jpeg?fit=1000%2C670&ssl=1\",\"contentUrl\":\"https:\/\/i0.wp.com\/verdadeon.com.br\/portal\/wp-content\/uploads\/2020\/07\/WhatsApp-Image-2020-07-30-at-18.58.12.jpeg?fit=1000%2C670&ssl=1\",\"width\":1000,\"height\":670},{\"@type\":\"BreadcrumbList\",\"@id\":\"https:\/\/verdadeon.com.br\/portal\/2020\/07\/30\/franca-chega-a-32-obitos-por-coronavirus-vitima-desta-quinta-e-homem-de-66-anos\/#breadcrumb\",\"itemListElement\":[{\"@type\":\"ListItem\",\"position\":1,\"name\":\"In\u00edcio\",\"item\":\"https:\/\/verdadeon.com.br\/portal\/\"},{\"@type\":\"ListItem\",\"position\":2,\"name\":\"Franca chega a 32 \u00f3bitos por coronav\u00edrus; v\u00edtima desta quinta \u00e9 homem de 66 anos\"}]},{\"@type\":\"WebSite\",\"@id\":\"https:\/\/verdadeon.com.br\/portal\/#website\",\"url\":\"https:\/\/verdadeon.com.br\/portal\/\",\"name\":\"VerdadeOn\",\"description\":\"Not\u00edcias di\u00e1rias sobre Franca, Regi\u00e3o, Esporte, Cultura, Cotidiano, Colunas. Cobertura nos principais eventos da cidade \u00e9 aqui - Verdadeon Franca\",\"potentialAction\":[{\"@type\":\"SearchAction\",\"target\":{\"@type\":\"EntryPoint\",\"urlTemplate\":\"https:\/\/verdadeon.com.br\/portal\/?s={search_term_string}\"},\"query-input\":{\"@type\":\"PropertyValueSpecification\",\"valueRequired\":true,\"valueName\":\"search_term_string\"}}],\"inLanguage\":\"pt-BR\"},{\"@type\":\"Person\",\"@id\":\"https:\/\/verdadeon.com.br\/portal\/#\/schema\/person\/a5060ad1e9ea3df545188fc93ce43d2f\",\"name\":\"Redacao VerdadeOn\",\"image\":{\"@type\":\"ImageObject\",\"inLanguage\":\"pt-BR\",\"@id\":\"https:\/\/verdadeon.com.br\/portal\/#\/schema\/person\/image\/\",\"url\":\"https:\/\/secure.gravatar.com\/avatar\/459a9613caaaf07f582c3d0841eea68bdd66f533e465e6ba8b9cb45619572cf4?s=96&d=mm&r=g\",\"contentUrl\":\"https:\/\/secure.gravatar.com\/avatar\/459a9613caaaf07f582c3d0841eea68bdd66f533e465e6ba8b9cb45619572cf4?s=96&d=mm&r=g\",\"caption\":\"Redacao VerdadeOn\"},\"url\":\"https:\/\/verdadeon.com.br\/portal\/author\/redacao\/\"}]}<\/script>\n<!-- \/ Yoast SEO plugin. -->","yoast_head_json":{"title":"Franca chega a 32 \u00f3bitos por coronav\u00edrus; v\u00edtima desta quinta \u00e9 homem de 66 anos - VerdadeOn","robots":{"index":"index","follow":"follow","max-snippet":"max-snippet:-1","max-image-preview":"max-image-preview:large","max-video-preview":"max-video-preview:-1"},"canonical":"https:\/\/verdadeon.com.br\/portal\/2020\/07\/30\/franca-chega-a-32-obitos-por-coronavirus-vitima-desta-quinta-e-homem-de-66-anos\/","og_locale":"pt_BR","og_type":"article","og_title":"Franca chega a 32 \u00f3bitos por coronav\u00edrus; v\u00edtima desta quinta \u00e9 homem de 66 anos - VerdadeOn","og_description":"Grande parte dos registros foram confirmados durante este m\u00eas O que virou rotina durante os \u00faltimos dias j\u00e1 aconteceu nesta quinta-feira (30): mais uma morte em [\u2026]","og_url":"https:\/\/verdadeon.com.br\/portal\/2020\/07\/30\/franca-chega-a-32-obitos-por-coronavirus-vitima-desta-quinta-e-homem-de-66-anos\/","og_site_name":"VerdadeOn","article_published_time":"2020-07-30T23:50:33+00:00","og_image":[{"width":1000,"height":670,"url":"https:\/\/verdadeon.com.br\/portal\/wp-content\/uploads\/2020\/07\/WhatsApp-Image-2020-07-30-at-18.58.12.jpeg","type":"image\/jpeg"}],"author":"Redacao VerdadeOn","twitter_card":"summary_large_image","twitter_misc":{"Escrito por":"Redacao VerdadeOn","Est. tempo de leitura":"1 minuto"},"schema":{"@context":"https:\/\/schema.org","@graph":[{"@type":"WebPage","@id":"https:\/\/verdadeon.com.br\/portal\/2020\/07\/30\/franca-chega-a-32-obitos-por-coronavirus-vitima-desta-quinta-e-homem-de-66-anos\/","url":"https:\/\/verdadeon.com.br\/portal\/2020\/07\/30\/franca-chega-a-32-obitos-por-coronavirus-vitima-desta-quinta-e-homem-de-66-anos\/","name":"Franca chega a 32 \u00f3bitos por coronav\u00edrus; v\u00edtima desta quinta \u00e9 homem de 66 anos - VerdadeOn","isPartOf":{"@id":"https:\/\/verdadeon.com.br\/portal\/#website"},"primaryImageOfPage":{"@id":"https:\/\/verdadeon.com.br\/portal\/2020\/07\/30\/franca-chega-a-32-obitos-por-coronavirus-vitima-desta-quinta-e-homem-de-66-anos\/#primaryimage"},"image":{"@id":"https:\/\/verdadeon.com.br\/portal\/2020\/07\/30\/franca-chega-a-32-obitos-por-coronavirus-vitima-desta-quinta-e-homem-de-66-anos\/#primaryimage"},"thumbnailUrl":"https:\/\/i0.wp.com\/verdadeon.com.br\/portal\/wp-content\/uploads\/2020\/07\/WhatsApp-Image-2020-07-30-at-18.58.12.jpeg?fit=1000%2C670&ssl=1","datePublished":"2020-07-30T23:50:33+00:00","author":{"@id":"https:\/\/verdadeon.com.br\/portal\/#\/schema\/person\/a5060ad1e9ea3df545188fc93ce43d2f"},"breadcrumb":{"@id":"https:\/\/verdadeon.com.br\/portal\/2020\/07\/30\/franca-chega-a-32-obitos-por-coronavirus-vitima-desta-quinta-e-homem-de-66-anos\/#breadcrumb"},"inLanguage":"pt-BR","potentialAction":[{"@type":"ReadAction","target":["https:\/\/verdadeon.com.br\/portal\/2020\/07\/30\/franca-chega-a-32-obitos-por-coronavirus-vitima-desta-quinta-e-homem-de-66-anos\/"]}]},{"@type":"ImageObject","inLanguage":"pt-BR","@id":"https:\/\/verdadeon.com.br\/portal\/2020\/07\/30\/franca-chega-a-32-obitos-por-coronavirus-vitima-desta-quinta-e-homem-de-66-anos\/#primaryimage","url":"https:\/\/i0.wp.com\/verdadeon.com.br\/portal\/wp-content\/uploads\/2020\/07\/WhatsApp-Image-2020-07-30-at-18.58.12.jpeg?fit=1000%2C670&ssl=1","contentUrl":"https:\/\/i0.wp.com\/verdadeon.com.br\/portal\/wp-content\/uploads\/2020\/07\/WhatsApp-Image-2020-07-30-at-18.58.12.jpeg?fit=1000%2C670&ssl=1","width":1000,"height":670},{"@type":"BreadcrumbList","@id":"https:\/\/verdadeon.com.br\/portal\/2020\/07\/30\/franca-chega-a-32-obitos-por-coronavirus-vitima-desta-quinta-e-homem-de-66-anos\/#breadcrumb","itemListElement":[{"@type":"ListItem","position":1,"name":"In\u00edcio","item":"https:\/\/verdadeon.com.br\/portal\/"},{"@type":"ListItem","position":2,"name":"Franca chega a 32 \u00f3bitos por coronav\u00edrus; v\u00edtima desta quinta \u00e9 homem de 66 anos"}]},{"@type":"WebSite","@id":"https:\/\/verdadeon.com.br\/portal\/#website","url":"https:\/\/verdadeon.com.br\/portal\/","name":"VerdadeOn","description":"Not\u00edcias di\u00e1rias sobre Franca, Regi\u00e3o, Esporte, Cultura, Cotidiano, Colunas. Cobertura nos principais eventos da cidade \u00e9 aqui - Verdadeon Franca","potentialAction":[{"@type":"SearchAction","target":{"@type":"EntryPoint","urlTemplate":"https:\/\/verdadeon.com.br\/portal\/?s={search_term_string}"},"query-input":{"@type":"PropertyValueSpecification","valueRequired":true,"valueName":"search_term_string"}}],"inLanguage":"pt-BR"},{"@type":"Person","@id":"https:\/\/verdadeon.com.br\/portal\/#\/schema\/person\/a5060ad1e9ea3df545188fc93ce43d2f","name":"Redacao VerdadeOn","image":{"@type":"ImageObject","inLanguage":"pt-BR","@id":"https:\/\/verdadeon.com.br\/portal\/#\/schema\/person\/image\/","url":"https:\/\/secure.gravatar.com\/avatar\/459a9613caaaf07f582c3d0841eea68bdd66f533e465e6ba8b9cb45619572cf4?s=96&d=mm&r=g","contentUrl":"https:\/\/secure.gravatar.com\/avatar\/459a9613caaaf07f582c3d0841eea68bdd66f533e465e6ba8b9cb45619572cf4?s=96&d=mm&r=g","caption":"Redacao VerdadeOn"},"url":"https:\/\/verdadeon.com.br\/portal\/author\/redacao\/"}]}},"jetpack_publicize_connections":[],"jetpack_featured_media_url":"https:\/\/i0.wp.com\/verdadeon.com.br\/portal\/wp-content\/uploads\/2020\/07\/WhatsApp-Image-2020-07-30-at-18.58.12.jpeg?fit=1000%2C670&ssl=1","jetpack_sharing_enabled":true,"_links":{"self":[{"href":"https:\/\/verdadeon.com.br\/portal\/wp-json\/wp\/v2\/posts\/9327","targetHints":{"allow":["GET"]}}],"collection":[{"href":"https:\/\/verdadeon.com.br\/portal\/wp-json\/wp\/v2\/posts"}],"about":[{"href":"https:\/\/verdadeon.com.br\/portal\/wp-json\/wp\/v2\/types\/post"}],"author":[{"embeddable":true,"href":"https:\/\/verdadeon.com.br\/portal\/wp-json\/wp\/v2\/users\/10"}],"replies":[{"embeddable":true,"href":"https:\/\/verdadeon.com.br\/portal\/wp-json\/wp\/v2\/comments?post=9327"}],"version-history":[{"count":0,"href":"https:\/\/verdadeon.com.br\/portal\/wp-json\/wp\/v2\/posts\/9327\/revisions"}],"wp:featuredmedia":[{"embeddable":true,"href":"https:\/\/verdadeon.com.br\/portal\/wp-json\/wp\/v2\/media\/9324"}],"wp:attachment":[{"href":"https:\/\/verdadeon.com.br\/portal\/wp-json\/wp\/v2\/media?parent=9327"}],"wp:term":[{"taxonomy":"category","embeddable":true,"href":"https:\/\/verdadeon.com.br\/portal\/wp-json\/wp\/v2\/categories?post=9327"},{"taxonomy":"post_tag","embeddable":true,"href":"https:\/\/verdadeon.com.br\/portal\/wp-json\/wp\/v2\/tags?post=9327"}],"curies":[{"name":"wp","href":"https:\/\/api.w.org\/{rel}","templated":true}]}}