{"id":9212,"date":"2020-07-26T08:10:07","date_gmt":"2020-07-26T11:10:07","guid":{"rendered":"http:\/\/verdadeon.com.br\/portal\/?p=9212"},"modified":"2020-07-25T22:49:20","modified_gmt":"2020-07-26T01:49:20","slug":"partidos-politicos","status":"publish","type":"post","link":"https:\/\/verdadeon.com.br\/portal\/2020\/07\/26\/partidos-politicos\/","title":{"rendered":"PARTIDOS POL\u00cdTICOS&#8230;"},"content":{"rendered":"<p class=\"p1\"><span class=\"s1\">\u201cPartido Pol\u00edtico \u00e9 um grupo organizado, legalmente formado, com base em formas volunt\u00e1rias de participa\u00e7\u00e3o numa associa\u00e7\u00e3o orientada para ocupar o poder pol\u00edtico (Wikip\u00e9dia)\u201d<\/span><\/p>\n<p class=\"p1\"><span class=\"s1\">V\u00ea-se de sa\u00edda que o que temos \u00e9 um arremedo desta defini\u00e7\u00e3o. As ades\u00f5es nem sempre refletem o pensamento do filiado e, o que \u00e9 chamado de Estatuto do partido, ao menos aqui na nossa P\u00e1tria, \u00e9 quase sempre de desconhecimento dos que integram a legenda pol\u00edtica.<\/span><\/p>\n<p class=\"p1\"><span class=\"s1\">Quando analisamos os estatutos dos in\u00fameros partidos oficialmente existentes, ai sim, vemos como tudo n\u00e3o vai al\u00e9m da vontade dos chamados<span class=\"Apple-converted-space\">\u00a0 <\/span>\u201cdonos de legendas\u201d, quase sempre \u00e0 disposi\u00e7\u00e3o dos partidos maiores face hor\u00e1rio eleitoral de tv e r\u00e1dio.<\/span><\/p>\n<p class=\"p1\"><span class=\"s1\">A express\u00e3o partido em verdade \u00e9 cunhada no sentido de \u201cgrupo\u201d unido em torno de ideias e ideais que definem as formas de governar, defendida e a ser adotada, em caso de vit\u00f3ria em elei\u00e7\u00f5es.<\/span><\/p>\n<p class=\"p1\"><span class=\"s1\">Antes devemos pensar que em pol\u00edtica \u00e9 muito dif\u00edcil a pr\u00e1tica da neutralidade, ou se busca um partido<span class=\"Apple-converted-space\">\u00a0 <\/span>que defende a valoriza\u00e7\u00e3o dos verdadeiros princ\u00edpios democr\u00e1ticos, ou ent\u00e3o, sob o disfarce de defesa da democracia se faz a prega\u00e7\u00e3o de regimes de governo frontalmente adverso a este ideal.<\/span><\/p>\n<p class=\"p1\"><span class=\"s1\">Durante o governo dos Generais (1964 a 1985) dois partidos substitu\u00edram o quadro partid\u00e1rio da \u00e9poca. Assim quem apoiava o Governo integrava a ARENA- Alian\u00e7a Renovadora Nacional e, os opositores ao Governo integravam o MDB-<span class=\"Apple-converted-space\">\u00a0 <\/span>Movimento Democr\u00e1tico Brasileiro. Foi um per\u00edodo em que se podia dizer que o povo podia, de fato, fazer sua op\u00e7\u00e3o pois n\u00e3o havia essa miscel\u00e2nea<span class=\"Apple-converted-space\">\u00a0 <\/span>partid\u00e1ria. Era esquerda ou direita. Governo e Oposi\u00e7\u00e3o. Verdade que no ent\u00e3o MDB estavam reunidas as mais variadas tend\u00eancias pol\u00edticas.<\/span><\/p>\n<p class=\"p1\"><span class=\"s1\">O que temos hoje,<span class=\"Apple-converted-space\">\u00a0 <\/span>n\u00e3o se pode denominar como verdadeiros<span class=\"Apple-converted-space\">\u00a0 <\/span>partidos essas in\u00fameras siglas.<\/span><\/p>\n<p class=\"p1\"><span class=\"s1\">Como definir direita e esquerda hoje?&#8230; como acreditar em partido comunista defendendo um ideal se sabemos que nos chamados pa\u00edses comunistas s\u00f3 o partido do governo tem exist\u00eancia real&#8230;?<span class=\"Apple-converted-space\">\u00a0 <\/span>Como seria um partido democr\u00e1tico dentro da China, da Coreia do Norte, de Cuba??, Na China existem registros de oito partidos democr\u00e1ticos que, no entanto, est\u00e3o submetidos \u00e0 lideran\u00e7a do PCC &#8211; Partido Comunista Chin\u00eas.<\/span><\/p>\n<p class=\"p1\"><span class=\"s1\">A<span class=\"Apple-converted-space\">\u00a0 <\/span>lista de partidos brasileiros com vi\u00e9s comunista<span class=\"Apple-converted-space\">\u00a0 <\/span>\u00e9 muito grande. Fazem<span class=\"Apple-converted-space\">\u00a0 <\/span>um esfor\u00e7o desmedido para convencer nossa gente que existe democracia em Cuba, Venezuela, China, Coreia do Norte&#8230;inclusive temos que observar que nem nesta empreitada h\u00e1 uma prega\u00e7\u00e3o ideal \u00fanica.<\/span><\/p>\n<p class=\"p1\"><span class=\"s1\">Sob o guarda chuva do PT est\u00e3o Psol- PCB etc, que em verdade s\u00e3o legendas criadas para dar visibilidade aos principais agentes n\u00e3o democr\u00e1ticos de nossa terra. Apoiam o PT de Lula mas querem holofotes e espa\u00e7o na m\u00eddia como \u00e9 o caso de Marina Silva, Ciro Gomes, FHC e outros&#8230;<\/span><\/p>\n<p class=\"p1\"><span class=\"s1\">Entretanto na chamada \u201cdireita\u201d democr\u00e1tica temos essas mesmas situa\u00e7\u00f5es. Como compor um \u00fanico partido,<span class=\"Apple-converted-space\">\u00a0 <\/span>verdadeiramente carregado de ideal e ideias democr\u00e1ticas se os principais agentes pol\u00edticos que elegemos n\u00e3o abrem m\u00e3o dos holofotes midi\u00e1ticos?<\/span><\/p>\n<p class=\"p1\"><span class=\"s1\">At\u00e9 na cren\u00e7a em Cristo temos essa mesma situa\u00e7\u00e3o. A f\u00e9 n\u00e3o foi, ao longo da Hist\u00f3ria da Humanidade, capaz de colocar todos os fieis na expressam b\u00edblica<span class=\"Apple-converted-space\">\u00a0 <\/span>da exist\u00eancia, um dia, de um s\u00f3 pastor e um s\u00f3 rebanho. Na pol\u00edtica al\u00e9m da cren\u00e7a predominam o gosto pelo poder e a possibilidade de vantagens econ\u00f4micas e financeiras&#8230;?<\/span><\/p>\n<p class=\"p1\"><span class=\"s1\">O que temos visto na nossa pol\u00edtica local \u00e9 uma constante troca de partidos dos pretensos candidatos, tanto a vereadores quanto de pretendentes do cargo de Prefeito. Nessas mudan\u00e7as de partidos o que fica claro \u00e9 a absoluta demonstra\u00e7\u00e3o de que o mais importante n\u00e3o \u00e9 o partido, seu ideal e sua hist\u00f3ria, e sim a chance que a legenda oferece no momento. Assim vemos hoje filiados em partido que combateu de forma sistem\u00e1tica e raivosa.<\/span><\/p>\n<p class=\"p1\"><span class=\"s1\">Assim pensando, poderemos ter e teremos, candidato em partido que repudiava. Essa falta de identidade com o estatuto partid\u00e1rio deixa claro que o candidato quer \u00e9 o poder, a forma e o canal para este intento pouco importa.<\/span><\/p>\n<p class=\"p1\"><span class=\"s1\">A Lei exige que seja atrav\u00e9s de candidatura em<span class=\"Apple-converted-space\">\u00a0 <\/span>partido pol\u00edtico&#8230;o eleitor..?<\/span><\/p>\n<p class=\"p1\"><span class=\"s1\">Para termos um m\u00ednimo de coer\u00eancia de candidaturas teremos que ter uma revis\u00e3o eleitoral profunda&#8230; com o registro de que ser\u00e3o os pol\u00edticos eleitos para o Congresso Nacional que far\u00e3o essa reforma&#8230;.da\u00ed&#8230;???<\/span><\/p>\n<p class=\"p1\"><span class=\"s1\">E, como acreditar \u00e9 preciso, vamos crer que esse milagre acontecer\u00e1 um dia&#8230;<\/span><\/p>\n<p class=\"p1\"><span class=\"s1\">Bom Domingo&#8230;.<\/span><\/p>\n<p>&nbsp;<\/p>\n<p class=\"p1\">Sebasti\u00e3o Ananias<\/p>\n<p class=\"p2\">Agricultor e ex-secret\u00e1rio de Finan\u00e7as da Prefeitura de Franca<\/p>\n","protected":false},"excerpt":{"rendered":"<p>\u201cPartido Pol\u00edtico \u00e9 um grupo organizado, legalmente formado, com base em formas volunt\u00e1rias de participa\u00e7\u00e3o numa associa\u00e7\u00e3o orientada para ocupar o poder pol\u00edtico (Wikip\u00e9dia)\u201d V\u00ea-se de<span class=\"excerpt-hellip\"> [\u2026]<\/span><\/p>\n","protected":false},"author":10,"featured_media":0,"comment_status":"open","ping_status":"open","sticky":false,"template":"","format":"standard","meta":{"_jetpack_memberships_contains_paid_content":false,"footnotes":"","jetpack_publicize_message":"","jetpack_publicize_feature_enabled":true,"jetpack_social_post_already_shared":false,"jetpack_social_options":{"image_generator_settings":{"template":"highway","default_image_id":0,"enabled":false},"version":2}},"categories":[92],"tags":[],"class_list":["post-9212","post","type-post","status-publish","format-standard","hentry","category-colunista"],"yoast_head":"<!-- This site is optimized with the Yoast SEO plugin v25.6 - https:\/\/yoast.com\/wordpress\/plugins\/seo\/ -->\n<title>PARTIDOS POL\u00cdTICOS... - VerdadeOn<\/title>\n<meta name=\"robots\" content=\"index, follow, max-snippet:-1, max-image-preview:large, max-video-preview:-1\" \/>\n<link rel=\"canonical\" href=\"https:\/\/verdadeon.com.br\/portal\/2020\/07\/26\/partidos-politicos\/\" \/>\n<meta property=\"og:locale\" content=\"pt_BR\" \/>\n<meta property=\"og:type\" content=\"article\" \/>\n<meta property=\"og:title\" content=\"PARTIDOS POL\u00cdTICOS... - VerdadeOn\" \/>\n<meta property=\"og:description\" content=\"\u201cPartido Pol\u00edtico \u00e9 um grupo organizado, legalmente formado, com base em formas volunt\u00e1rias de participa\u00e7\u00e3o numa associa\u00e7\u00e3o orientada para ocupar o poder pol\u00edtico (Wikip\u00e9dia)\u201d V\u00ea-se de [\u2026]\" \/>\n<meta property=\"og:url\" content=\"https:\/\/verdadeon.com.br\/portal\/2020\/07\/26\/partidos-politicos\/\" \/>\n<meta property=\"og:site_name\" content=\"VerdadeOn\" \/>\n<meta property=\"article:published_time\" content=\"2020-07-26T11:10:07+00:00\" \/>\n<meta name=\"author\" content=\"Redacao VerdadeOn\" \/>\n<meta name=\"twitter:card\" content=\"summary_large_image\" \/>\n<meta name=\"twitter:label1\" content=\"Escrito por\" \/>\n\t<meta name=\"twitter:data1\" content=\"Redacao VerdadeOn\" \/>\n\t<meta name=\"twitter:label2\" content=\"Est. tempo de leitura\" \/>\n\t<meta name=\"twitter:data2\" content=\"4 minutos\" \/>\n<script type=\"application\/ld+json\" class=\"yoast-schema-graph\">{\"@context\":\"https:\/\/schema.org\",\"@graph\":[{\"@type\":\"WebPage\",\"@id\":\"https:\/\/verdadeon.com.br\/portal\/2020\/07\/26\/partidos-politicos\/\",\"url\":\"https:\/\/verdadeon.com.br\/portal\/2020\/07\/26\/partidos-politicos\/\",\"name\":\"PARTIDOS POL\u00cdTICOS... - VerdadeOn\",\"isPartOf\":{\"@id\":\"https:\/\/verdadeon.com.br\/portal\/#website\"},\"datePublished\":\"2020-07-26T11:10:07+00:00\",\"author\":{\"@id\":\"https:\/\/verdadeon.com.br\/portal\/#\/schema\/person\/a5060ad1e9ea3df545188fc93ce43d2f\"},\"breadcrumb\":{\"@id\":\"https:\/\/verdadeon.com.br\/portal\/2020\/07\/26\/partidos-politicos\/#breadcrumb\"},\"inLanguage\":\"pt-BR\",\"potentialAction\":[{\"@type\":\"ReadAction\",\"target\":[\"https:\/\/verdadeon.com.br\/portal\/2020\/07\/26\/partidos-politicos\/\"]}]},{\"@type\":\"BreadcrumbList\",\"@id\":\"https:\/\/verdadeon.com.br\/portal\/2020\/07\/26\/partidos-politicos\/#breadcrumb\",\"itemListElement\":[{\"@type\":\"ListItem\",\"position\":1,\"name\":\"In\u00edcio\",\"item\":\"https:\/\/verdadeon.com.br\/portal\/\"},{\"@type\":\"ListItem\",\"position\":2,\"name\":\"PARTIDOS POL\u00cdTICOS&#8230;\"}]},{\"@type\":\"WebSite\",\"@id\":\"https:\/\/verdadeon.com.br\/portal\/#website\",\"url\":\"https:\/\/verdadeon.com.br\/portal\/\",\"name\":\"VerdadeOn\",\"description\":\"Not\u00edcias di\u00e1rias sobre Franca, Regi\u00e3o, Esporte, Cultura, Cotidiano, Colunas. Cobertura nos principais eventos da cidade \u00e9 aqui - Verdadeon Franca\",\"potentialAction\":[{\"@type\":\"SearchAction\",\"target\":{\"@type\":\"EntryPoint\",\"urlTemplate\":\"https:\/\/verdadeon.com.br\/portal\/?s={search_term_string}\"},\"query-input\":{\"@type\":\"PropertyValueSpecification\",\"valueRequired\":true,\"valueName\":\"search_term_string\"}}],\"inLanguage\":\"pt-BR\"},{\"@type\":\"Person\",\"@id\":\"https:\/\/verdadeon.com.br\/portal\/#\/schema\/person\/a5060ad1e9ea3df545188fc93ce43d2f\",\"name\":\"Redacao VerdadeOn\",\"image\":{\"@type\":\"ImageObject\",\"inLanguage\":\"pt-BR\",\"@id\":\"https:\/\/verdadeon.com.br\/portal\/#\/schema\/person\/image\/\",\"url\":\"https:\/\/secure.gravatar.com\/avatar\/459a9613caaaf07f582c3d0841eea68bdd66f533e465e6ba8b9cb45619572cf4?s=96&d=mm&r=g\",\"contentUrl\":\"https:\/\/secure.gravatar.com\/avatar\/459a9613caaaf07f582c3d0841eea68bdd66f533e465e6ba8b9cb45619572cf4?s=96&d=mm&r=g\",\"caption\":\"Redacao VerdadeOn\"},\"url\":\"https:\/\/verdadeon.com.br\/portal\/author\/redacao\/\"}]}<\/script>\n<!-- \/ Yoast SEO plugin. -->","yoast_head_json":{"title":"PARTIDOS POL\u00cdTICOS... - VerdadeOn","robots":{"index":"index","follow":"follow","max-snippet":"max-snippet:-1","max-image-preview":"max-image-preview:large","max-video-preview":"max-video-preview:-1"},"canonical":"https:\/\/verdadeon.com.br\/portal\/2020\/07\/26\/partidos-politicos\/","og_locale":"pt_BR","og_type":"article","og_title":"PARTIDOS POL\u00cdTICOS... - VerdadeOn","og_description":"\u201cPartido Pol\u00edtico \u00e9 um grupo organizado, legalmente formado, com base em formas volunt\u00e1rias de participa\u00e7\u00e3o numa associa\u00e7\u00e3o orientada para ocupar o poder pol\u00edtico (Wikip\u00e9dia)\u201d V\u00ea-se de [\u2026]","og_url":"https:\/\/verdadeon.com.br\/portal\/2020\/07\/26\/partidos-politicos\/","og_site_name":"VerdadeOn","article_published_time":"2020-07-26T11:10:07+00:00","author":"Redacao VerdadeOn","twitter_card":"summary_large_image","twitter_misc":{"Escrito por":"Redacao VerdadeOn","Est. tempo de leitura":"4 minutos"},"schema":{"@context":"https:\/\/schema.org","@graph":[{"@type":"WebPage","@id":"https:\/\/verdadeon.com.br\/portal\/2020\/07\/26\/partidos-politicos\/","url":"https:\/\/verdadeon.com.br\/portal\/2020\/07\/26\/partidos-politicos\/","name":"PARTIDOS POL\u00cdTICOS... - VerdadeOn","isPartOf":{"@id":"https:\/\/verdadeon.com.br\/portal\/#website"},"datePublished":"2020-07-26T11:10:07+00:00","author":{"@id":"https:\/\/verdadeon.com.br\/portal\/#\/schema\/person\/a5060ad1e9ea3df545188fc93ce43d2f"},"breadcrumb":{"@id":"https:\/\/verdadeon.com.br\/portal\/2020\/07\/26\/partidos-politicos\/#breadcrumb"},"inLanguage":"pt-BR","potentialAction":[{"@type":"ReadAction","target":["https:\/\/verdadeon.com.br\/portal\/2020\/07\/26\/partidos-politicos\/"]}]},{"@type":"BreadcrumbList","@id":"https:\/\/verdadeon.com.br\/portal\/2020\/07\/26\/partidos-politicos\/#breadcrumb","itemListElement":[{"@type":"ListItem","position":1,"name":"In\u00edcio","item":"https:\/\/verdadeon.com.br\/portal\/"},{"@type":"ListItem","position":2,"name":"PARTIDOS POL\u00cdTICOS&#8230;"}]},{"@type":"WebSite","@id":"https:\/\/verdadeon.com.br\/portal\/#website","url":"https:\/\/verdadeon.com.br\/portal\/","name":"VerdadeOn","description":"Not\u00edcias di\u00e1rias sobre Franca, Regi\u00e3o, Esporte, Cultura, Cotidiano, Colunas. Cobertura nos principais eventos da cidade \u00e9 aqui - Verdadeon Franca","potentialAction":[{"@type":"SearchAction","target":{"@type":"EntryPoint","urlTemplate":"https:\/\/verdadeon.com.br\/portal\/?s={search_term_string}"},"query-input":{"@type":"PropertyValueSpecification","valueRequired":true,"valueName":"search_term_string"}}],"inLanguage":"pt-BR"},{"@type":"Person","@id":"https:\/\/verdadeon.com.br\/portal\/#\/schema\/person\/a5060ad1e9ea3df545188fc93ce43d2f","name":"Redacao VerdadeOn","image":{"@type":"ImageObject","inLanguage":"pt-BR","@id":"https:\/\/verdadeon.com.br\/portal\/#\/schema\/person\/image\/","url":"https:\/\/secure.gravatar.com\/avatar\/459a9613caaaf07f582c3d0841eea68bdd66f533e465e6ba8b9cb45619572cf4?s=96&d=mm&r=g","contentUrl":"https:\/\/secure.gravatar.com\/avatar\/459a9613caaaf07f582c3d0841eea68bdd66f533e465e6ba8b9cb45619572cf4?s=96&d=mm&r=g","caption":"Redacao VerdadeOn"},"url":"https:\/\/verdadeon.com.br\/portal\/author\/redacao\/"}]}},"jetpack_publicize_connections":[],"jetpack_featured_media_url":"","jetpack_sharing_enabled":true,"_links":{"self":[{"href":"https:\/\/verdadeon.com.br\/portal\/wp-json\/wp\/v2\/posts\/9212","targetHints":{"allow":["GET"]}}],"collection":[{"href":"https:\/\/verdadeon.com.br\/portal\/wp-json\/wp\/v2\/posts"}],"about":[{"href":"https:\/\/verdadeon.com.br\/portal\/wp-json\/wp\/v2\/types\/post"}],"author":[{"embeddable":true,"href":"https:\/\/verdadeon.com.br\/portal\/wp-json\/wp\/v2\/users\/10"}],"replies":[{"embeddable":true,"href":"https:\/\/verdadeon.com.br\/portal\/wp-json\/wp\/v2\/comments?post=9212"}],"version-history":[{"count":0,"href":"https:\/\/verdadeon.com.br\/portal\/wp-json\/wp\/v2\/posts\/9212\/revisions"}],"wp:attachment":[{"href":"https:\/\/verdadeon.com.br\/portal\/wp-json\/wp\/v2\/media?parent=9212"}],"wp:term":[{"taxonomy":"category","embeddable":true,"href":"https:\/\/verdadeon.com.br\/portal\/wp-json\/wp\/v2\/categories?post=9212"},{"taxonomy":"post_tag","embeddable":true,"href":"https:\/\/verdadeon.com.br\/portal\/wp-json\/wp\/v2\/tags?post=9212"}],"curies":[{"name":"wp","href":"https:\/\/api.w.org\/{rel}","templated":true}]}}