{"id":9197,"date":"2020-07-25T22:19:11","date_gmt":"2020-07-26T01:19:11","guid":{"rendered":"http:\/\/verdadeon.com.br\/portal\/?p=9197"},"modified":"2020-07-25T22:19:11","modified_gmt":"2020-07-26T01:19:11","slug":"franca-registra-63-casos-de-coronavirus-e-chega-a-25-obitos","status":"publish","type":"post","link":"https:\/\/verdadeon.com.br\/portal\/2020\/07\/25\/franca-registra-63-casos-de-coronavirus-e-chega-a-25-obitos\/","title":{"rendered":"Franca registra 63 casos de coronav\u00edrus e chega a 25 \u00f3bitos"},"content":{"rendered":"<h2>N\u00famero de confirma\u00e7\u00f5es chegou a 1.071 neste s\u00e1bado<\/h2>\n<p>Franca viveu mais um dia de n\u00fameros elevados em rela\u00e7\u00e3o ao novo coronav\u00edrus. Em apenas 24 horas foram confirmados mais 63 registros positivos de pessoas contaminadas com a doen\u00e7a. A atualiza\u00e7\u00e3o feita pela Secretaria de Sa\u00fade apontou que o munic\u00edpio chegou \u00e0 marca de 1.071 confirma\u00e7\u00f5es.<\/p>\n<p>O boletim epidemiol\u00f3gico tamb\u00e9m confirmou que os dados de suspeitos ca\u00edram para 246, enquanto os registros negativos aumentaram para 1.571. O n\u00famero de pacientes n\u00e3o sofreu altera\u00e7\u00e3o e permaneceu em 331.<\/p>\n<p>Hoje tamb\u00e9m foi dia de mais um \u00f3bito em Franca. Um homem de 71 anos que estava internado no Hospital do Cora\u00e7\u00e3o n\u00e3o resistiu \u00e0 doen\u00e7a. Assim, Franca agora tem 25 mortes em decorr\u00eancia da Covid-19. Os n\u00fameros aumentaram consideravelmente nas \u00faltimas semanas.<\/p>\n","protected":false},"excerpt":{"rendered":"<p>N\u00famero de confirma\u00e7\u00f5es chegou a 1.071 neste s\u00e1bado Franca viveu mais um dia de n\u00fameros elevados em rela\u00e7\u00e3o ao novo coronav\u00edrus. Em apenas 24 horas foram<span class=\"excerpt-hellip\"> [\u2026]<\/span><\/p>\n","protected":false},"author":10,"featured_media":9199,"comment_status":"open","ping_status":"open","sticky":false,"template":"","format":"standard","meta":{"_jetpack_memberships_contains_paid_content":false,"footnotes":"","jetpack_publicize_message":"","jetpack_publicize_feature_enabled":true,"jetpack_social_post_already_shared":false,"jetpack_social_options":{"image_generator_settings":{"template":"highway","default_image_id":0,"enabled":false},"version":2}},"categories":[28,81],"tags":[],"class_list":["post-9197","post","type-post","status-publish","format-standard","has-post-thumbnail","hentry","category-cotidiano","category-manchete"],"yoast_head":"<!-- This site is optimized with the Yoast SEO plugin v25.6 - https:\/\/yoast.com\/wordpress\/plugins\/seo\/ -->\n<title>Franca registra 63 casos de coronav\u00edrus e chega a 25 \u00f3bitos - VerdadeOn<\/title>\n<meta name=\"robots\" content=\"index, follow, max-snippet:-1, max-image-preview:large, max-video-preview:-1\" \/>\n<link rel=\"canonical\" href=\"https:\/\/verdadeon.com.br\/portal\/2020\/07\/25\/franca-registra-63-casos-de-coronavirus-e-chega-a-25-obitos\/\" \/>\n<meta property=\"og:locale\" content=\"pt_BR\" \/>\n<meta property=\"og:type\" content=\"article\" \/>\n<meta property=\"og:title\" content=\"Franca registra 63 casos de coronav\u00edrus e chega a 25 \u00f3bitos - VerdadeOn\" \/>\n<meta property=\"og:description\" content=\"N\u00famero de confirma\u00e7\u00f5es chegou a 1.071 neste s\u00e1bado Franca viveu mais um dia de n\u00fameros elevados em rela\u00e7\u00e3o ao novo coronav\u00edrus. Em apenas 24 horas foram [\u2026]\" \/>\n<meta property=\"og:url\" content=\"https:\/\/verdadeon.com.br\/portal\/2020\/07\/25\/franca-registra-63-casos-de-coronavirus-e-chega-a-25-obitos\/\" \/>\n<meta property=\"og:site_name\" content=\"VerdadeOn\" \/>\n<meta property=\"article:published_time\" content=\"2020-07-26T01:19:11+00:00\" \/>\n<meta property=\"og:image\" content=\"https:\/\/verdadeon.com.br\/portal\/wp-content\/uploads\/2020\/07\/WhatsApp-Image-2020-07-25-at-22.03.12.jpeg\" \/>\n\t<meta property=\"og:image:width\" content=\"1000\" \/>\n\t<meta property=\"og:image:height\" content=\"670\" \/>\n\t<meta property=\"og:image:type\" content=\"image\/jpeg\" \/>\n<meta name=\"author\" content=\"Redacao VerdadeOn\" \/>\n<meta name=\"twitter:card\" content=\"summary_large_image\" \/>\n<meta name=\"twitter:label1\" content=\"Escrito por\" \/>\n\t<meta name=\"twitter:data1\" content=\"Redacao VerdadeOn\" \/>\n\t<meta name=\"twitter:label2\" content=\"Est. tempo de leitura\" \/>\n\t<meta name=\"twitter:data2\" content=\"1 minuto\" \/>\n<script type=\"application\/ld+json\" class=\"yoast-schema-graph\">{\"@context\":\"https:\/\/schema.org\",\"@graph\":[{\"@type\":\"WebPage\",\"@id\":\"https:\/\/verdadeon.com.br\/portal\/2020\/07\/25\/franca-registra-63-casos-de-coronavirus-e-chega-a-25-obitos\/\",\"url\":\"https:\/\/verdadeon.com.br\/portal\/2020\/07\/25\/franca-registra-63-casos-de-coronavirus-e-chega-a-25-obitos\/\",\"name\":\"Franca registra 63 casos de coronav\u00edrus e chega a 25 \u00f3bitos - VerdadeOn\",\"isPartOf\":{\"@id\":\"https:\/\/verdadeon.com.br\/portal\/#website\"},\"primaryImageOfPage\":{\"@id\":\"https:\/\/verdadeon.com.br\/portal\/2020\/07\/25\/franca-registra-63-casos-de-coronavirus-e-chega-a-25-obitos\/#primaryimage\"},\"image\":{\"@id\":\"https:\/\/verdadeon.com.br\/portal\/2020\/07\/25\/franca-registra-63-casos-de-coronavirus-e-chega-a-25-obitos\/#primaryimage\"},\"thumbnailUrl\":\"https:\/\/i0.wp.com\/verdadeon.com.br\/portal\/wp-content\/uploads\/2020\/07\/WhatsApp-Image-2020-07-25-at-22.03.12.jpeg?fit=1000%2C670&ssl=1\",\"datePublished\":\"2020-07-26T01:19:11+00:00\",\"author\":{\"@id\":\"https:\/\/verdadeon.com.br\/portal\/#\/schema\/person\/a5060ad1e9ea3df545188fc93ce43d2f\"},\"breadcrumb\":{\"@id\":\"https:\/\/verdadeon.com.br\/portal\/2020\/07\/25\/franca-registra-63-casos-de-coronavirus-e-chega-a-25-obitos\/#breadcrumb\"},\"inLanguage\":\"pt-BR\",\"potentialAction\":[{\"@type\":\"ReadAction\",\"target\":[\"https:\/\/verdadeon.com.br\/portal\/2020\/07\/25\/franca-registra-63-casos-de-coronavirus-e-chega-a-25-obitos\/\"]}]},{\"@type\":\"ImageObject\",\"inLanguage\":\"pt-BR\",\"@id\":\"https:\/\/verdadeon.com.br\/portal\/2020\/07\/25\/franca-registra-63-casos-de-coronavirus-e-chega-a-25-obitos\/#primaryimage\",\"url\":\"https:\/\/i0.wp.com\/verdadeon.com.br\/portal\/wp-content\/uploads\/2020\/07\/WhatsApp-Image-2020-07-25-at-22.03.12.jpeg?fit=1000%2C670&ssl=1\",\"contentUrl\":\"https:\/\/i0.wp.com\/verdadeon.com.br\/portal\/wp-content\/uploads\/2020\/07\/WhatsApp-Image-2020-07-25-at-22.03.12.jpeg?fit=1000%2C670&ssl=1\",\"width\":1000,\"height\":670,\"caption\":\"N\u00famero de casos positivos da doen\u00e7a teve grande aumento em Franca | Foto: Prefeitura\/Divulga\u00e7\u00e3o\"},{\"@type\":\"BreadcrumbList\",\"@id\":\"https:\/\/verdadeon.com.br\/portal\/2020\/07\/25\/franca-registra-63-casos-de-coronavirus-e-chega-a-25-obitos\/#breadcrumb\",\"itemListElement\":[{\"@type\":\"ListItem\",\"position\":1,\"name\":\"In\u00edcio\",\"item\":\"https:\/\/verdadeon.com.br\/portal\/\"},{\"@type\":\"ListItem\",\"position\":2,\"name\":\"Franca registra 63 casos de coronav\u00edrus e chega a 25 \u00f3bitos\"}]},{\"@type\":\"WebSite\",\"@id\":\"https:\/\/verdadeon.com.br\/portal\/#website\",\"url\":\"https:\/\/verdadeon.com.br\/portal\/\",\"name\":\"VerdadeOn\",\"description\":\"Not\u00edcias di\u00e1rias sobre Franca, Regi\u00e3o, Esporte, Cultura, Cotidiano, Colunas. Cobertura nos principais eventos da cidade \u00e9 aqui - Verdadeon Franca\",\"potentialAction\":[{\"@type\":\"SearchAction\",\"target\":{\"@type\":\"EntryPoint\",\"urlTemplate\":\"https:\/\/verdadeon.com.br\/portal\/?s={search_term_string}\"},\"query-input\":{\"@type\":\"PropertyValueSpecification\",\"valueRequired\":true,\"valueName\":\"search_term_string\"}}],\"inLanguage\":\"pt-BR\"},{\"@type\":\"Person\",\"@id\":\"https:\/\/verdadeon.com.br\/portal\/#\/schema\/person\/a5060ad1e9ea3df545188fc93ce43d2f\",\"name\":\"Redacao VerdadeOn\",\"image\":{\"@type\":\"ImageObject\",\"inLanguage\":\"pt-BR\",\"@id\":\"https:\/\/verdadeon.com.br\/portal\/#\/schema\/person\/image\/\",\"url\":\"https:\/\/secure.gravatar.com\/avatar\/459a9613caaaf07f582c3d0841eea68bdd66f533e465e6ba8b9cb45619572cf4?s=96&d=mm&r=g\",\"contentUrl\":\"https:\/\/secure.gravatar.com\/avatar\/459a9613caaaf07f582c3d0841eea68bdd66f533e465e6ba8b9cb45619572cf4?s=96&d=mm&r=g\",\"caption\":\"Redacao VerdadeOn\"},\"url\":\"https:\/\/verdadeon.com.br\/portal\/author\/redacao\/\"}]}<\/script>\n<!-- \/ Yoast SEO plugin. -->","yoast_head_json":{"title":"Franca registra 63 casos de coronav\u00edrus e chega a 25 \u00f3bitos - VerdadeOn","robots":{"index":"index","follow":"follow","max-snippet":"max-snippet:-1","max-image-preview":"max-image-preview:large","max-video-preview":"max-video-preview:-1"},"canonical":"https:\/\/verdadeon.com.br\/portal\/2020\/07\/25\/franca-registra-63-casos-de-coronavirus-e-chega-a-25-obitos\/","og_locale":"pt_BR","og_type":"article","og_title":"Franca registra 63 casos de coronav\u00edrus e chega a 25 \u00f3bitos - VerdadeOn","og_description":"N\u00famero de confirma\u00e7\u00f5es chegou a 1.071 neste s\u00e1bado Franca viveu mais um dia de n\u00fameros elevados em rela\u00e7\u00e3o ao novo coronav\u00edrus. Em apenas 24 horas foram [\u2026]","og_url":"https:\/\/verdadeon.com.br\/portal\/2020\/07\/25\/franca-registra-63-casos-de-coronavirus-e-chega-a-25-obitos\/","og_site_name":"VerdadeOn","article_published_time":"2020-07-26T01:19:11+00:00","og_image":[{"width":1000,"height":670,"url":"https:\/\/verdadeon.com.br\/portal\/wp-content\/uploads\/2020\/07\/WhatsApp-Image-2020-07-25-at-22.03.12.jpeg","type":"image\/jpeg"}],"author":"Redacao VerdadeOn","twitter_card":"summary_large_image","twitter_misc":{"Escrito por":"Redacao VerdadeOn","Est. tempo de leitura":"1 minuto"},"schema":{"@context":"https:\/\/schema.org","@graph":[{"@type":"WebPage","@id":"https:\/\/verdadeon.com.br\/portal\/2020\/07\/25\/franca-registra-63-casos-de-coronavirus-e-chega-a-25-obitos\/","url":"https:\/\/verdadeon.com.br\/portal\/2020\/07\/25\/franca-registra-63-casos-de-coronavirus-e-chega-a-25-obitos\/","name":"Franca registra 63 casos de coronav\u00edrus e chega a 25 \u00f3bitos - VerdadeOn","isPartOf":{"@id":"https:\/\/verdadeon.com.br\/portal\/#website"},"primaryImageOfPage":{"@id":"https:\/\/verdadeon.com.br\/portal\/2020\/07\/25\/franca-registra-63-casos-de-coronavirus-e-chega-a-25-obitos\/#primaryimage"},"image":{"@id":"https:\/\/verdadeon.com.br\/portal\/2020\/07\/25\/franca-registra-63-casos-de-coronavirus-e-chega-a-25-obitos\/#primaryimage"},"thumbnailUrl":"https:\/\/i0.wp.com\/verdadeon.com.br\/portal\/wp-content\/uploads\/2020\/07\/WhatsApp-Image-2020-07-25-at-22.03.12.jpeg?fit=1000%2C670&ssl=1","datePublished":"2020-07-26T01:19:11+00:00","author":{"@id":"https:\/\/verdadeon.com.br\/portal\/#\/schema\/person\/a5060ad1e9ea3df545188fc93ce43d2f"},"breadcrumb":{"@id":"https:\/\/verdadeon.com.br\/portal\/2020\/07\/25\/franca-registra-63-casos-de-coronavirus-e-chega-a-25-obitos\/#breadcrumb"},"inLanguage":"pt-BR","potentialAction":[{"@type":"ReadAction","target":["https:\/\/verdadeon.com.br\/portal\/2020\/07\/25\/franca-registra-63-casos-de-coronavirus-e-chega-a-25-obitos\/"]}]},{"@type":"ImageObject","inLanguage":"pt-BR","@id":"https:\/\/verdadeon.com.br\/portal\/2020\/07\/25\/franca-registra-63-casos-de-coronavirus-e-chega-a-25-obitos\/#primaryimage","url":"https:\/\/i0.wp.com\/verdadeon.com.br\/portal\/wp-content\/uploads\/2020\/07\/WhatsApp-Image-2020-07-25-at-22.03.12.jpeg?fit=1000%2C670&ssl=1","contentUrl":"https:\/\/i0.wp.com\/verdadeon.com.br\/portal\/wp-content\/uploads\/2020\/07\/WhatsApp-Image-2020-07-25-at-22.03.12.jpeg?fit=1000%2C670&ssl=1","width":1000,"height":670,"caption":"N\u00famero de casos positivos da doen\u00e7a teve grande aumento em Franca | Foto: Prefeitura\/Divulga\u00e7\u00e3o"},{"@type":"BreadcrumbList","@id":"https:\/\/verdadeon.com.br\/portal\/2020\/07\/25\/franca-registra-63-casos-de-coronavirus-e-chega-a-25-obitos\/#breadcrumb","itemListElement":[{"@type":"ListItem","position":1,"name":"In\u00edcio","item":"https:\/\/verdadeon.com.br\/portal\/"},{"@type":"ListItem","position":2,"name":"Franca registra 63 casos de coronav\u00edrus e chega a 25 \u00f3bitos"}]},{"@type":"WebSite","@id":"https:\/\/verdadeon.com.br\/portal\/#website","url":"https:\/\/verdadeon.com.br\/portal\/","name":"VerdadeOn","description":"Not\u00edcias di\u00e1rias sobre Franca, Regi\u00e3o, Esporte, Cultura, Cotidiano, Colunas. Cobertura nos principais eventos da cidade \u00e9 aqui - Verdadeon Franca","potentialAction":[{"@type":"SearchAction","target":{"@type":"EntryPoint","urlTemplate":"https:\/\/verdadeon.com.br\/portal\/?s={search_term_string}"},"query-input":{"@type":"PropertyValueSpecification","valueRequired":true,"valueName":"search_term_string"}}],"inLanguage":"pt-BR"},{"@type":"Person","@id":"https:\/\/verdadeon.com.br\/portal\/#\/schema\/person\/a5060ad1e9ea3df545188fc93ce43d2f","name":"Redacao VerdadeOn","image":{"@type":"ImageObject","inLanguage":"pt-BR","@id":"https:\/\/verdadeon.com.br\/portal\/#\/schema\/person\/image\/","url":"https:\/\/secure.gravatar.com\/avatar\/459a9613caaaf07f582c3d0841eea68bdd66f533e465e6ba8b9cb45619572cf4?s=96&d=mm&r=g","contentUrl":"https:\/\/secure.gravatar.com\/avatar\/459a9613caaaf07f582c3d0841eea68bdd66f533e465e6ba8b9cb45619572cf4?s=96&d=mm&r=g","caption":"Redacao VerdadeOn"},"url":"https:\/\/verdadeon.com.br\/portal\/author\/redacao\/"}]}},"jetpack_publicize_connections":[],"jetpack_featured_media_url":"https:\/\/i0.wp.com\/verdadeon.com.br\/portal\/wp-content\/uploads\/2020\/07\/WhatsApp-Image-2020-07-25-at-22.03.12.jpeg?fit=1000%2C670&ssl=1","jetpack_sharing_enabled":true,"_links":{"self":[{"href":"https:\/\/verdadeon.com.br\/portal\/wp-json\/wp\/v2\/posts\/9197","targetHints":{"allow":["GET"]}}],"collection":[{"href":"https:\/\/verdadeon.com.br\/portal\/wp-json\/wp\/v2\/posts"}],"about":[{"href":"https:\/\/verdadeon.com.br\/portal\/wp-json\/wp\/v2\/types\/post"}],"author":[{"embeddable":true,"href":"https:\/\/verdadeon.com.br\/portal\/wp-json\/wp\/v2\/users\/10"}],"replies":[{"embeddable":true,"href":"https:\/\/verdadeon.com.br\/portal\/wp-json\/wp\/v2\/comments?post=9197"}],"version-history":[{"count":0,"href":"https:\/\/verdadeon.com.br\/portal\/wp-json\/wp\/v2\/posts\/9197\/revisions"}],"wp:featuredmedia":[{"embeddable":true,"href":"https:\/\/verdadeon.com.br\/portal\/wp-json\/wp\/v2\/media\/9199"}],"wp:attachment":[{"href":"https:\/\/verdadeon.com.br\/portal\/wp-json\/wp\/v2\/media?parent=9197"}],"wp:term":[{"taxonomy":"category","embeddable":true,"href":"https:\/\/verdadeon.com.br\/portal\/wp-json\/wp\/v2\/categories?post=9197"},{"taxonomy":"post_tag","embeddable":true,"href":"https:\/\/verdadeon.com.br\/portal\/wp-json\/wp\/v2\/tags?post=9197"}],"curies":[{"name":"wp","href":"https:\/\/api.w.org\/{rel}","templated":true}]}}