{"id":8896,"date":"2020-07-15T22:37:51","date_gmt":"2020-07-16T01:37:51","guid":{"rendered":"http:\/\/verdadeon.com.br\/portal\/?p=8896"},"modified":"2020-07-15T22:37:51","modified_gmt":"2020-07-16T01:37:51","slug":"brasil-ultrapassa-75-mil-obitos-por-covi-19","status":"publish","type":"post","link":"https:\/\/verdadeon.com.br\/portal\/2020\/07\/15\/brasil-ultrapassa-75-mil-obitos-por-covi-19\/","title":{"rendered":"Brasil ultrapassa 75 mil \u00f3bitos por Covi-19"},"content":{"rendered":"<h2>Dados s\u00e3o do Minist\u00e9rio da Sa\u00fade<\/h2>\n<p>O Brasil chegou a 1.966.748 de casos confirmados acumulados de covid-19 e o total de 75.366 \u00f3bitos desde o in\u00edcio da pandemia do novo coronav\u00edrus. O n\u00famero foi divulgado na atualiza\u00e7\u00e3o di\u00e1ria do Minist\u00e9rio da Sa\u00fade hoje (15).<br \/>\nNas \u00faltimas 24h, foram 39.924 novos registros de pessoas diagnosticadas com covid-19 informados pelas autoridades estaduais de sa\u00fade. Entre ontem(14) e hoje, foram 1.233 mortes registradas no sistema do Minist\u00e9rio da Sa\u00fade.<br \/>\nDe acordo com a pasta, 635.818 pessoas est\u00e3o em acompanhamento e outras 1.255.564 se recuperaram da doen\u00e7a.<br \/>\nCovid-19 nos estados<br \/>\nOs estados com mais mortes por covid-19 s\u00e3o: S\u00e3o Paulo (18.640), Rio de Janeiro (11.757), Cear\u00e1 (7.030), Pernambuco (5.772) e Par\u00e1 (5.337). As Unidades da Federa\u00e7\u00e3o com menos falecimentos pela pandemia s\u00e3o: Mato Grosso do Sul (183), Tocantins (271), Roraima (403), Acre (446) e Amap\u00e1 (488).<\/p>\n<p>Evolu\u00e7\u00e3o da curva<br \/>\nSegundo o Boletim Epidemiol\u00f3gico do Minist\u00e9rio da Sa\u00fade, a curva de casos novos por semana epidemiol\u00f3gica oscilou levemente para baixo na \u00faltima semana (28\u00aa) em compara\u00e7\u00e3o com a anterior (27\u00aa), de 262.846 para 263.337. Foi a primeira vez que o total de pessoas infectadas registradas na semana foi menor. At\u00e9 ent\u00e3o a curva vinha apresentando n\u00fameros semanais totais ascendentes.<br \/>\nJ\u00e1 a curva de mortes pela covid-19 oscilou levemente para cima no mesmo per\u00edodo. Na 28\u00aa semana epidemiol\u00f3gica, foram 7.204 falecimentos, contra 7.195 na 27\u00aa. H\u00e1 cerca de um m\u00eas e meio os n\u00fameros de \u00f3bitos novos por semana v\u00eam oscilando pouco, mantendo uma trajet\u00f3ria de estabiliza\u00e7\u00e3o. A curva, contudo, n\u00e3o apresenta sinais de queda.<br \/>\nNa an\u00e1lise da curva de casos por estados, nove tiveram aumento, oito ficaram estabilizados e 10 experimentaram redu\u00e7\u00e3o entre as semanas 28 e 27. J\u00e1 na avalia\u00e7\u00e3o de mortes, 12 estados tiveram menos registros, cinco ficaram estabilizados e 10 apresentaram um aumento, especialmente no Sul e Centro-Oeste.<br \/>\nCompara\u00e7\u00e3o internacional<br \/>\nO Brasil segue em 2\u00ba no ranking mundial em n\u00famero de mortes e de casos confirmados de covid-19, atr\u00e1s apenas dos Estados Unidos (que possui 3,4 milh\u00f5es de pessoas infectadas e 136.466 mortes desde o in\u00edcio da pandemia). Quando considerada a compara\u00e7\u00e3o proporcional, no crit\u00e9rio incid\u00eancia (casos de covid-19 por 100 mil habitantes), o Brasil cai para a 10\u00aa posi\u00e7\u00e3o; e no crit\u00e9rio mortalidade (quantidade de \u00f3bitos por 100 mil habitantes), o pa\u00eds cai para o 11\u00ba lugar.<br \/>\nCovid-19 por regi\u00e3o<br \/>\nNa compara\u00e7\u00e3o das regi\u00f5es tomando como refer\u00eancia as semanas epidemiol\u00f3gicas, o Norte apresentou redu\u00e7\u00e3o de mortes de 9% e de casos de 20%. O estado com maior queda foi Roraima (-46% nos casos e 61% nos \u00f3bitos).<br \/>\nNa regi\u00e3o Nordeste, a redu\u00e7\u00e3o foi de 8% nas pessoas infectadas e 4% nos \u00f3bitos. O Rio Grande do Norte foi o local onde houve maior diminui\u00e7\u00e3o (-56% nos casos e -38% nas mortes), enquanto o maior aumento de casos foi em Pernambuco (24%).<br \/>\nNo Sudeste, na 28\u00aa semana, foram registrados 7% mais casos e 3% menos falecimentos em decorr\u00eancia da doen\u00e7a. Em registros de casos confirmados de covid-19, o Rio de Janeiro teve 21% de queda e Minas Gerais 19% de eleva\u00e7\u00e3o no \u00edndice. J\u00e1 se considerados os \u00f3bitos, o Esp\u00edrito Santo apresentou queda de 26% e Minas Gerais contabilizou incremento de 22%.<br \/>\nNo mesmo per\u00edodo, o Sul teve majora\u00e7\u00e3o dos casos e falecimentos de, respectivamente, 8% e 36%. As maiores eleva\u00e7\u00f5es dos \u00edndices foram em Santa Catarina (24% nos casos) e Rio Grande do Sul (42% de \u00f3bitos).<br \/>\nO Centro-Oeste foi a regi\u00e3o com maior incremento de casos (6%) e de mortes (26%). Entre os estados, os destaques negativos foram Mato Grosso (20% nos casos) e Distrito Federal (49% nos falecimentos).<br \/>\nFonte: Ag\u00eancia Brasil<\/p>\n","protected":false},"excerpt":{"rendered":"<p>Dados s\u00e3o do Minist\u00e9rio da Sa\u00fade O Brasil chegou a 1.966.748 de casos confirmados acumulados de covid-19 e o total de 75.366 \u00f3bitos desde o in\u00edcio<span class=\"excerpt-hellip\"> [\u2026]<\/span><\/p>\n","protected":false},"author":10,"featured_media":8902,"comment_status":"open","ping_status":"open","sticky":false,"template":"","format":"standard","meta":{"_jetpack_memberships_contains_paid_content":false,"footnotes":"","jetpack_publicize_message":"","jetpack_publicize_feature_enabled":true,"jetpack_social_post_already_shared":false,"jetpack_social_options":{"image_generator_settings":{"template":"highway","default_image_id":0,"enabled":false},"version":2}},"categories":[53,44],"tags":[],"class_list":["post-8896","post","type-post","status-publish","format-standard","has-post-thumbnail","hentry","category-brasil","category-noticias"],"yoast_head":"<!-- This site is optimized with the Yoast SEO plugin v25.6 - https:\/\/yoast.com\/wordpress\/plugins\/seo\/ -->\n<title>Brasil ultrapassa 75 mil \u00f3bitos por Covi-19 - VerdadeOn<\/title>\n<meta name=\"robots\" content=\"index, follow, max-snippet:-1, max-image-preview:large, max-video-preview:-1\" \/>\n<link rel=\"canonical\" href=\"https:\/\/verdadeon.com.br\/portal\/2020\/07\/15\/brasil-ultrapassa-75-mil-obitos-por-covi-19\/\" \/>\n<meta property=\"og:locale\" content=\"pt_BR\" \/>\n<meta property=\"og:type\" content=\"article\" \/>\n<meta property=\"og:title\" content=\"Brasil ultrapassa 75 mil \u00f3bitos por Covi-19 - VerdadeOn\" \/>\n<meta property=\"og:description\" content=\"Dados s\u00e3o do Minist\u00e9rio da Sa\u00fade O Brasil chegou a 1.966.748 de casos confirmados acumulados de covid-19 e o total de 75.366 \u00f3bitos desde o in\u00edcio [\u2026]\" \/>\n<meta property=\"og:url\" content=\"https:\/\/verdadeon.com.br\/portal\/2020\/07\/15\/brasil-ultrapassa-75-mil-obitos-por-covi-19\/\" \/>\n<meta property=\"og:site_name\" content=\"VerdadeOn\" \/>\n<meta property=\"article:published_time\" content=\"2020-07-16T01:37:51+00:00\" \/>\n<meta property=\"og:image\" content=\"https:\/\/verdadeon.com.br\/portal\/wp-content\/uploads\/2020\/07\/WhatsApp-Image-2020-07-15-at-19.19.16.jpeg\" \/>\n\t<meta property=\"og:image:width\" content=\"1000\" \/>\n\t<meta property=\"og:image:height\" content=\"670\" \/>\n\t<meta property=\"og:image:type\" content=\"image\/jpeg\" \/>\n<meta name=\"author\" content=\"Redacao VerdadeOn\" \/>\n<meta name=\"twitter:card\" content=\"summary_large_image\" \/>\n<meta name=\"twitter:label1\" content=\"Escrito por\" \/>\n\t<meta name=\"twitter:data1\" content=\"Redacao VerdadeOn\" \/>\n\t<meta name=\"twitter:label2\" content=\"Est. tempo de leitura\" \/>\n\t<meta name=\"twitter:data2\" content=\"3 minutos\" \/>\n<script type=\"application\/ld+json\" class=\"yoast-schema-graph\">{\"@context\":\"https:\/\/schema.org\",\"@graph\":[{\"@type\":\"WebPage\",\"@id\":\"https:\/\/verdadeon.com.br\/portal\/2020\/07\/15\/brasil-ultrapassa-75-mil-obitos-por-covi-19\/\",\"url\":\"https:\/\/verdadeon.com.br\/portal\/2020\/07\/15\/brasil-ultrapassa-75-mil-obitos-por-covi-19\/\",\"name\":\"Brasil ultrapassa 75 mil \u00f3bitos por Covi-19 - VerdadeOn\",\"isPartOf\":{\"@id\":\"https:\/\/verdadeon.com.br\/portal\/#website\"},\"primaryImageOfPage\":{\"@id\":\"https:\/\/verdadeon.com.br\/portal\/2020\/07\/15\/brasil-ultrapassa-75-mil-obitos-por-covi-19\/#primaryimage\"},\"image\":{\"@id\":\"https:\/\/verdadeon.com.br\/portal\/2020\/07\/15\/brasil-ultrapassa-75-mil-obitos-por-covi-19\/#primaryimage\"},\"thumbnailUrl\":\"https:\/\/i0.wp.com\/verdadeon.com.br\/portal\/wp-content\/uploads\/2020\/07\/WhatsApp-Image-2020-07-15-at-19.19.16.jpeg?fit=1000%2C670&ssl=1\",\"datePublished\":\"2020-07-16T01:37:51+00:00\",\"author\":{\"@id\":\"https:\/\/verdadeon.com.br\/portal\/#\/schema\/person\/a5060ad1e9ea3df545188fc93ce43d2f\"},\"breadcrumb\":{\"@id\":\"https:\/\/verdadeon.com.br\/portal\/2020\/07\/15\/brasil-ultrapassa-75-mil-obitos-por-covi-19\/#breadcrumb\"},\"inLanguage\":\"pt-BR\",\"potentialAction\":[{\"@type\":\"ReadAction\",\"target\":[\"https:\/\/verdadeon.com.br\/portal\/2020\/07\/15\/brasil-ultrapassa-75-mil-obitos-por-covi-19\/\"]}]},{\"@type\":\"ImageObject\",\"inLanguage\":\"pt-BR\",\"@id\":\"https:\/\/verdadeon.com.br\/portal\/2020\/07\/15\/brasil-ultrapassa-75-mil-obitos-por-covi-19\/#primaryimage\",\"url\":\"https:\/\/i0.wp.com\/verdadeon.com.br\/portal\/wp-content\/uploads\/2020\/07\/WhatsApp-Image-2020-07-15-at-19.19.16.jpeg?fit=1000%2C670&ssl=1\",\"contentUrl\":\"https:\/\/i0.wp.com\/verdadeon.com.br\/portal\/wp-content\/uploads\/2020\/07\/WhatsApp-Image-2020-07-15-at-19.19.16.jpeg?fit=1000%2C670&ssl=1\",\"width\":1000,\"height\":670,\"caption\":\"\u00a0Boletim do Minist\u00e9rio da Sa\u00fade foi divulgado nesta quarta-feira (15) | Foto: Ag\u00eancia Brasil\"},{\"@type\":\"BreadcrumbList\",\"@id\":\"https:\/\/verdadeon.com.br\/portal\/2020\/07\/15\/brasil-ultrapassa-75-mil-obitos-por-covi-19\/#breadcrumb\",\"itemListElement\":[{\"@type\":\"ListItem\",\"position\":1,\"name\":\"In\u00edcio\",\"item\":\"https:\/\/verdadeon.com.br\/portal\/\"},{\"@type\":\"ListItem\",\"position\":2,\"name\":\"Brasil ultrapassa 75 mil \u00f3bitos por Covi-19\"}]},{\"@type\":\"WebSite\",\"@id\":\"https:\/\/verdadeon.com.br\/portal\/#website\",\"url\":\"https:\/\/verdadeon.com.br\/portal\/\",\"name\":\"VerdadeOn\",\"description\":\"Not\u00edcias di\u00e1rias sobre Franca, Regi\u00e3o, Esporte, Cultura, Cotidiano, Colunas. Cobertura nos principais eventos da cidade \u00e9 aqui - Verdadeon Franca\",\"potentialAction\":[{\"@type\":\"SearchAction\",\"target\":{\"@type\":\"EntryPoint\",\"urlTemplate\":\"https:\/\/verdadeon.com.br\/portal\/?s={search_term_string}\"},\"query-input\":{\"@type\":\"PropertyValueSpecification\",\"valueRequired\":true,\"valueName\":\"search_term_string\"}}],\"inLanguage\":\"pt-BR\"},{\"@type\":\"Person\",\"@id\":\"https:\/\/verdadeon.com.br\/portal\/#\/schema\/person\/a5060ad1e9ea3df545188fc93ce43d2f\",\"name\":\"Redacao VerdadeOn\",\"image\":{\"@type\":\"ImageObject\",\"inLanguage\":\"pt-BR\",\"@id\":\"https:\/\/verdadeon.com.br\/portal\/#\/schema\/person\/image\/\",\"url\":\"https:\/\/secure.gravatar.com\/avatar\/459a9613caaaf07f582c3d0841eea68bdd66f533e465e6ba8b9cb45619572cf4?s=96&d=mm&r=g\",\"contentUrl\":\"https:\/\/secure.gravatar.com\/avatar\/459a9613caaaf07f582c3d0841eea68bdd66f533e465e6ba8b9cb45619572cf4?s=96&d=mm&r=g\",\"caption\":\"Redacao VerdadeOn\"},\"url\":\"https:\/\/verdadeon.com.br\/portal\/author\/redacao\/\"}]}<\/script>\n<!-- \/ Yoast SEO plugin. -->","yoast_head_json":{"title":"Brasil ultrapassa 75 mil \u00f3bitos por Covi-19 - VerdadeOn","robots":{"index":"index","follow":"follow","max-snippet":"max-snippet:-1","max-image-preview":"max-image-preview:large","max-video-preview":"max-video-preview:-1"},"canonical":"https:\/\/verdadeon.com.br\/portal\/2020\/07\/15\/brasil-ultrapassa-75-mil-obitos-por-covi-19\/","og_locale":"pt_BR","og_type":"article","og_title":"Brasil ultrapassa 75 mil \u00f3bitos por Covi-19 - VerdadeOn","og_description":"Dados s\u00e3o do Minist\u00e9rio da Sa\u00fade O Brasil chegou a 1.966.748 de casos confirmados acumulados de covid-19 e o total de 75.366 \u00f3bitos desde o in\u00edcio [\u2026]","og_url":"https:\/\/verdadeon.com.br\/portal\/2020\/07\/15\/brasil-ultrapassa-75-mil-obitos-por-covi-19\/","og_site_name":"VerdadeOn","article_published_time":"2020-07-16T01:37:51+00:00","og_image":[{"width":1000,"height":670,"url":"https:\/\/verdadeon.com.br\/portal\/wp-content\/uploads\/2020\/07\/WhatsApp-Image-2020-07-15-at-19.19.16.jpeg","type":"image\/jpeg"}],"author":"Redacao VerdadeOn","twitter_card":"summary_large_image","twitter_misc":{"Escrito por":"Redacao VerdadeOn","Est. tempo de leitura":"3 minutos"},"schema":{"@context":"https:\/\/schema.org","@graph":[{"@type":"WebPage","@id":"https:\/\/verdadeon.com.br\/portal\/2020\/07\/15\/brasil-ultrapassa-75-mil-obitos-por-covi-19\/","url":"https:\/\/verdadeon.com.br\/portal\/2020\/07\/15\/brasil-ultrapassa-75-mil-obitos-por-covi-19\/","name":"Brasil ultrapassa 75 mil \u00f3bitos por Covi-19 - VerdadeOn","isPartOf":{"@id":"https:\/\/verdadeon.com.br\/portal\/#website"},"primaryImageOfPage":{"@id":"https:\/\/verdadeon.com.br\/portal\/2020\/07\/15\/brasil-ultrapassa-75-mil-obitos-por-covi-19\/#primaryimage"},"image":{"@id":"https:\/\/verdadeon.com.br\/portal\/2020\/07\/15\/brasil-ultrapassa-75-mil-obitos-por-covi-19\/#primaryimage"},"thumbnailUrl":"https:\/\/i0.wp.com\/verdadeon.com.br\/portal\/wp-content\/uploads\/2020\/07\/WhatsApp-Image-2020-07-15-at-19.19.16.jpeg?fit=1000%2C670&ssl=1","datePublished":"2020-07-16T01:37:51+00:00","author":{"@id":"https:\/\/verdadeon.com.br\/portal\/#\/schema\/person\/a5060ad1e9ea3df545188fc93ce43d2f"},"breadcrumb":{"@id":"https:\/\/verdadeon.com.br\/portal\/2020\/07\/15\/brasil-ultrapassa-75-mil-obitos-por-covi-19\/#breadcrumb"},"inLanguage":"pt-BR","potentialAction":[{"@type":"ReadAction","target":["https:\/\/verdadeon.com.br\/portal\/2020\/07\/15\/brasil-ultrapassa-75-mil-obitos-por-covi-19\/"]}]},{"@type":"ImageObject","inLanguage":"pt-BR","@id":"https:\/\/verdadeon.com.br\/portal\/2020\/07\/15\/brasil-ultrapassa-75-mil-obitos-por-covi-19\/#primaryimage","url":"https:\/\/i0.wp.com\/verdadeon.com.br\/portal\/wp-content\/uploads\/2020\/07\/WhatsApp-Image-2020-07-15-at-19.19.16.jpeg?fit=1000%2C670&ssl=1","contentUrl":"https:\/\/i0.wp.com\/verdadeon.com.br\/portal\/wp-content\/uploads\/2020\/07\/WhatsApp-Image-2020-07-15-at-19.19.16.jpeg?fit=1000%2C670&ssl=1","width":1000,"height":670,"caption":"\u00a0Boletim do Minist\u00e9rio da Sa\u00fade foi divulgado nesta quarta-feira (15) | Foto: Ag\u00eancia Brasil"},{"@type":"BreadcrumbList","@id":"https:\/\/verdadeon.com.br\/portal\/2020\/07\/15\/brasil-ultrapassa-75-mil-obitos-por-covi-19\/#breadcrumb","itemListElement":[{"@type":"ListItem","position":1,"name":"In\u00edcio","item":"https:\/\/verdadeon.com.br\/portal\/"},{"@type":"ListItem","position":2,"name":"Brasil ultrapassa 75 mil \u00f3bitos por Covi-19"}]},{"@type":"WebSite","@id":"https:\/\/verdadeon.com.br\/portal\/#website","url":"https:\/\/verdadeon.com.br\/portal\/","name":"VerdadeOn","description":"Not\u00edcias di\u00e1rias sobre Franca, Regi\u00e3o, Esporte, Cultura, Cotidiano, Colunas. Cobertura nos principais eventos da cidade \u00e9 aqui - Verdadeon Franca","potentialAction":[{"@type":"SearchAction","target":{"@type":"EntryPoint","urlTemplate":"https:\/\/verdadeon.com.br\/portal\/?s={search_term_string}"},"query-input":{"@type":"PropertyValueSpecification","valueRequired":true,"valueName":"search_term_string"}}],"inLanguage":"pt-BR"},{"@type":"Person","@id":"https:\/\/verdadeon.com.br\/portal\/#\/schema\/person\/a5060ad1e9ea3df545188fc93ce43d2f","name":"Redacao VerdadeOn","image":{"@type":"ImageObject","inLanguage":"pt-BR","@id":"https:\/\/verdadeon.com.br\/portal\/#\/schema\/person\/image\/","url":"https:\/\/secure.gravatar.com\/avatar\/459a9613caaaf07f582c3d0841eea68bdd66f533e465e6ba8b9cb45619572cf4?s=96&d=mm&r=g","contentUrl":"https:\/\/secure.gravatar.com\/avatar\/459a9613caaaf07f582c3d0841eea68bdd66f533e465e6ba8b9cb45619572cf4?s=96&d=mm&r=g","caption":"Redacao VerdadeOn"},"url":"https:\/\/verdadeon.com.br\/portal\/author\/redacao\/"}]}},"jetpack_publicize_connections":[],"jetpack_featured_media_url":"https:\/\/i0.wp.com\/verdadeon.com.br\/portal\/wp-content\/uploads\/2020\/07\/WhatsApp-Image-2020-07-15-at-19.19.16.jpeg?fit=1000%2C670&ssl=1","jetpack_sharing_enabled":true,"_links":{"self":[{"href":"https:\/\/verdadeon.com.br\/portal\/wp-json\/wp\/v2\/posts\/8896","targetHints":{"allow":["GET"]}}],"collection":[{"href":"https:\/\/verdadeon.com.br\/portal\/wp-json\/wp\/v2\/posts"}],"about":[{"href":"https:\/\/verdadeon.com.br\/portal\/wp-json\/wp\/v2\/types\/post"}],"author":[{"embeddable":true,"href":"https:\/\/verdadeon.com.br\/portal\/wp-json\/wp\/v2\/users\/10"}],"replies":[{"embeddable":true,"href":"https:\/\/verdadeon.com.br\/portal\/wp-json\/wp\/v2\/comments?post=8896"}],"version-history":[{"count":0,"href":"https:\/\/verdadeon.com.br\/portal\/wp-json\/wp\/v2\/posts\/8896\/revisions"}],"wp:featuredmedia":[{"embeddable":true,"href":"https:\/\/verdadeon.com.br\/portal\/wp-json\/wp\/v2\/media\/8902"}],"wp:attachment":[{"href":"https:\/\/verdadeon.com.br\/portal\/wp-json\/wp\/v2\/media?parent=8896"}],"wp:term":[{"taxonomy":"category","embeddable":true,"href":"https:\/\/verdadeon.com.br\/portal\/wp-json\/wp\/v2\/categories?post=8896"},{"taxonomy":"post_tag","embeddable":true,"href":"https:\/\/verdadeon.com.br\/portal\/wp-json\/wp\/v2\/tags?post=8896"}],"curies":[{"name":"wp","href":"https:\/\/api.w.org\/{rel}","templated":true}]}}