{"id":8848,"date":"2020-07-14T11:08:52","date_gmt":"2020-07-14T14:08:52","guid":{"rendered":"http:\/\/verdadeon.com.br\/portal\/?p=8848"},"modified":"2020-07-14T11:08:52","modified_gmt":"2020-07-14T14:08:52","slug":"crise-do-novo-coronavirus-pode-ficar-pior-alerta-oms","status":"publish","type":"post","link":"https:\/\/verdadeon.com.br\/portal\/2020\/07\/14\/crise-do-novo-coronavirus-pode-ficar-pior-alerta-oms\/","title":{"rendered":"Crise do novo coronav\u00edrus pode ficar pior, alerta OMS"},"content":{"rendered":"<h2>N\u00famero de casos no mundo aumentou 1 milh\u00e3o em cinco dias<\/h2>\n<p>A pandemia de coronav\u00edrus pode piorar muito se os pa\u00edses n\u00e3o aderirem \u00e0s precau\u00e7\u00f5es b\u00e1sicas de sa\u00fade, alertou a Organiza\u00e7\u00e3o Mundial da Sa\u00fade (OMS) nessa segunda-feira (13).<\/p>\n<p>&#8220;Deixe-me ser franco, muitos pa\u00edses est\u00e3o indo na dire\u00e7\u00e3o errada, o v\u00edrus continua sendo o inimigo p\u00fablico n\u00famero um&#8221;, disse o diretor-geral da OMS, Tedros Adhanom, em entrevista online da sede da organiza\u00e7\u00e3o, em Genebra. &#8220;Se o b\u00e1sico n\u00e3o for seguido, o \u00fanico caminho dessa pandemia ser\u00e1 ficar cada vez pior e pior e pior.&#8221;<\/p>\n<p>As infec\u00e7\u00f5es superaram a marca de 13 milh\u00f5es em todo o mundo nessa segunda-feira, de acordo com contagem da Reuters, aumentando 1 milh\u00e3o em apenas cinco dias, em uma pandemia que matou mais de meio milh\u00e3o de pessoas.<\/p>\n<p>Tedros, cuja lideran\u00e7a tem sido criticada pelo presidente dos Estados Unidos, Donald Trump, disse que de 230 mil novos casos no domingo, 80% eram de dez pa\u00edses e 50% de apenas dois.<\/p>\n<p>&#8220;N\u00e3o haver\u00e1 retorno ao antigo normal no futuro pr\u00f3ximo. H\u00e1 muito com o que se preocupar&#8221;, acrescentou, em um de seus coment\u00e1rios mais fortes nas \u00faltimas semanas. Os Estados Unidos e o Brasil s\u00e3o os pa\u00edses mais afetados.<\/p>\n<p>Ele disse que a OMS ainda n\u00e3o recebeu uma notifica\u00e7\u00e3o formal da sa\u00edda dos EUA da organiza\u00e7\u00e3o, anunciada por Trump. O presidente norte-americano diz que a OMS se alinhou \u00e0 China, onde a covid-19 foi detectada pela primeira vez, no in\u00edcio da crise.<\/p>\n<p>Trump, que usou uma m\u00e1scara protetora em p\u00fablico pela primeira vez no fim de semana, foi acusado por advers\u00e1rios pol\u00edticos de n\u00e3o levar o novo coronav\u00edrus a s\u00e9rio o suficiente, o que ele nega.<\/p>\n<p>Uma equipe da OMS foi \u00e0 China para investigar as origens do novo coronav\u00edrus, descoberto pela primeira vez na cidade de Wuhan. Os membros da equipe ficaram em quarentena, de acordo com o procedimento padr\u00e3o, antes de come\u00e7ar a trabalhar com cientistas chineses, disse Mike Ryan, chefe do Programa de Emerg\u00eancias da OMS.<\/p>\n<p>Fonte: Stephanie Nebehay, Michael Shields e Silke Koltrowitz &#8211; Rep\u00f3rteres da Reuters<\/p>\n","protected":false},"excerpt":{"rendered":"<p>N\u00famero de casos no mundo aumentou 1 milh\u00e3o em cinco dias A pandemia de coronav\u00edrus pode piorar muito se os pa\u00edses n\u00e3o aderirem \u00e0s precau\u00e7\u00f5es b\u00e1sicas<span class=\"excerpt-hellip\"> [\u2026]<\/span><\/p>\n","protected":false},"author":10,"featured_media":8852,"comment_status":"open","ping_status":"open","sticky":false,"template":"","format":"standard","meta":{"_jetpack_memberships_contains_paid_content":false,"footnotes":"","jetpack_publicize_message":"","jetpack_publicize_feature_enabled":true,"jetpack_social_post_already_shared":false,"jetpack_social_options":{"image_generator_settings":{"template":"highway","default_image_id":0,"enabled":false},"version":2}},"categories":[53,44],"tags":[],"class_list":["post-8848","post","type-post","status-publish","format-standard","has-post-thumbnail","hentry","category-brasil","category-noticias"],"yoast_head":"<!-- This site is optimized with the Yoast SEO plugin v25.6 - https:\/\/yoast.com\/wordpress\/plugins\/seo\/ -->\n<title>Crise do novo coronav\u00edrus pode ficar pior, alerta OMS - VerdadeOn<\/title>\n<meta name=\"robots\" content=\"index, follow, max-snippet:-1, max-image-preview:large, max-video-preview:-1\" \/>\n<link rel=\"canonical\" href=\"https:\/\/verdadeon.com.br\/portal\/2020\/07\/14\/crise-do-novo-coronavirus-pode-ficar-pior-alerta-oms\/\" \/>\n<meta property=\"og:locale\" content=\"pt_BR\" \/>\n<meta property=\"og:type\" content=\"article\" \/>\n<meta property=\"og:title\" content=\"Crise do novo coronav\u00edrus pode ficar pior, alerta OMS - VerdadeOn\" \/>\n<meta property=\"og:description\" content=\"N\u00famero de casos no mundo aumentou 1 milh\u00e3o em cinco dias A pandemia de coronav\u00edrus pode piorar muito se os pa\u00edses n\u00e3o aderirem \u00e0s precau\u00e7\u00f5es b\u00e1sicas [\u2026]\" \/>\n<meta property=\"og:url\" content=\"https:\/\/verdadeon.com.br\/portal\/2020\/07\/14\/crise-do-novo-coronavirus-pode-ficar-pior-alerta-oms\/\" \/>\n<meta property=\"og:site_name\" content=\"VerdadeOn\" \/>\n<meta property=\"article:published_time\" content=\"2020-07-14T14:08:52+00:00\" \/>\n<meta property=\"og:image\" content=\"https:\/\/verdadeon.com.br\/portal\/wp-content\/uploads\/2020\/07\/WhatsApp-Image-2020-07-14-at-10.10.34.jpeg\" \/>\n\t<meta property=\"og:image:width\" content=\"1000\" \/>\n\t<meta property=\"og:image:height\" content=\"670\" \/>\n\t<meta property=\"og:image:type\" content=\"image\/jpeg\" \/>\n<meta name=\"author\" content=\"Redacao VerdadeOn\" \/>\n<meta name=\"twitter:card\" content=\"summary_large_image\" \/>\n<meta name=\"twitter:label1\" content=\"Escrito por\" \/>\n\t<meta name=\"twitter:data1\" content=\"Redacao VerdadeOn\" \/>\n\t<meta name=\"twitter:label2\" content=\"Est. tempo de leitura\" \/>\n\t<meta name=\"twitter:data2\" content=\"2 minutos\" \/>\n<script type=\"application\/ld+json\" class=\"yoast-schema-graph\">{\"@context\":\"https:\/\/schema.org\",\"@graph\":[{\"@type\":\"WebPage\",\"@id\":\"https:\/\/verdadeon.com.br\/portal\/2020\/07\/14\/crise-do-novo-coronavirus-pode-ficar-pior-alerta-oms\/\",\"url\":\"https:\/\/verdadeon.com.br\/portal\/2020\/07\/14\/crise-do-novo-coronavirus-pode-ficar-pior-alerta-oms\/\",\"name\":\"Crise do novo coronav\u00edrus pode ficar pior, alerta OMS - VerdadeOn\",\"isPartOf\":{\"@id\":\"https:\/\/verdadeon.com.br\/portal\/#website\"},\"primaryImageOfPage\":{\"@id\":\"https:\/\/verdadeon.com.br\/portal\/2020\/07\/14\/crise-do-novo-coronavirus-pode-ficar-pior-alerta-oms\/#primaryimage\"},\"image\":{\"@id\":\"https:\/\/verdadeon.com.br\/portal\/2020\/07\/14\/crise-do-novo-coronavirus-pode-ficar-pior-alerta-oms\/#primaryimage\"},\"thumbnailUrl\":\"https:\/\/i0.wp.com\/verdadeon.com.br\/portal\/wp-content\/uploads\/2020\/07\/WhatsApp-Image-2020-07-14-at-10.10.34.jpeg?fit=1000%2C670&ssl=1\",\"datePublished\":\"2020-07-14T14:08:52+00:00\",\"author\":{\"@id\":\"https:\/\/verdadeon.com.br\/portal\/#\/schema\/person\/a5060ad1e9ea3df545188fc93ce43d2f\"},\"breadcrumb\":{\"@id\":\"https:\/\/verdadeon.com.br\/portal\/2020\/07\/14\/crise-do-novo-coronavirus-pode-ficar-pior-alerta-oms\/#breadcrumb\"},\"inLanguage\":\"pt-BR\",\"potentialAction\":[{\"@type\":\"ReadAction\",\"target\":[\"https:\/\/verdadeon.com.br\/portal\/2020\/07\/14\/crise-do-novo-coronavirus-pode-ficar-pior-alerta-oms\/\"]}]},{\"@type\":\"ImageObject\",\"inLanguage\":\"pt-BR\",\"@id\":\"https:\/\/verdadeon.com.br\/portal\/2020\/07\/14\/crise-do-novo-coronavirus-pode-ficar-pior-alerta-oms\/#primaryimage\",\"url\":\"https:\/\/i0.wp.com\/verdadeon.com.br\/portal\/wp-content\/uploads\/2020\/07\/WhatsApp-Image-2020-07-14-at-10.10.34.jpeg?fit=1000%2C670&ssl=1\",\"contentUrl\":\"https:\/\/i0.wp.com\/verdadeon.com.br\/portal\/wp-content\/uploads\/2020\/07\/WhatsApp-Image-2020-07-14-at-10.10.34.jpeg?fit=1000%2C670&ssl=1\",\"width\":1000,\"height\":670},{\"@type\":\"BreadcrumbList\",\"@id\":\"https:\/\/verdadeon.com.br\/portal\/2020\/07\/14\/crise-do-novo-coronavirus-pode-ficar-pior-alerta-oms\/#breadcrumb\",\"itemListElement\":[{\"@type\":\"ListItem\",\"position\":1,\"name\":\"In\u00edcio\",\"item\":\"https:\/\/verdadeon.com.br\/portal\/\"},{\"@type\":\"ListItem\",\"position\":2,\"name\":\"Crise do novo coronav\u00edrus pode ficar pior, alerta OMS\"}]},{\"@type\":\"WebSite\",\"@id\":\"https:\/\/verdadeon.com.br\/portal\/#website\",\"url\":\"https:\/\/verdadeon.com.br\/portal\/\",\"name\":\"VerdadeOn\",\"description\":\"Not\u00edcias di\u00e1rias sobre Franca, Regi\u00e3o, Esporte, Cultura, Cotidiano, Colunas. Cobertura nos principais eventos da cidade \u00e9 aqui - Verdadeon Franca\",\"potentialAction\":[{\"@type\":\"SearchAction\",\"target\":{\"@type\":\"EntryPoint\",\"urlTemplate\":\"https:\/\/verdadeon.com.br\/portal\/?s={search_term_string}\"},\"query-input\":{\"@type\":\"PropertyValueSpecification\",\"valueRequired\":true,\"valueName\":\"search_term_string\"}}],\"inLanguage\":\"pt-BR\"},{\"@type\":\"Person\",\"@id\":\"https:\/\/verdadeon.com.br\/portal\/#\/schema\/person\/a5060ad1e9ea3df545188fc93ce43d2f\",\"name\":\"Redacao VerdadeOn\",\"image\":{\"@type\":\"ImageObject\",\"inLanguage\":\"pt-BR\",\"@id\":\"https:\/\/verdadeon.com.br\/portal\/#\/schema\/person\/image\/\",\"url\":\"https:\/\/secure.gravatar.com\/avatar\/459a9613caaaf07f582c3d0841eea68bdd66f533e465e6ba8b9cb45619572cf4?s=96&d=mm&r=g\",\"contentUrl\":\"https:\/\/secure.gravatar.com\/avatar\/459a9613caaaf07f582c3d0841eea68bdd66f533e465e6ba8b9cb45619572cf4?s=96&d=mm&r=g\",\"caption\":\"Redacao VerdadeOn\"},\"url\":\"https:\/\/verdadeon.com.br\/portal\/author\/redacao\/\"}]}<\/script>\n<!-- \/ Yoast SEO plugin. -->","yoast_head_json":{"title":"Crise do novo coronav\u00edrus pode ficar pior, alerta OMS - VerdadeOn","robots":{"index":"index","follow":"follow","max-snippet":"max-snippet:-1","max-image-preview":"max-image-preview:large","max-video-preview":"max-video-preview:-1"},"canonical":"https:\/\/verdadeon.com.br\/portal\/2020\/07\/14\/crise-do-novo-coronavirus-pode-ficar-pior-alerta-oms\/","og_locale":"pt_BR","og_type":"article","og_title":"Crise do novo coronav\u00edrus pode ficar pior, alerta OMS - VerdadeOn","og_description":"N\u00famero de casos no mundo aumentou 1 milh\u00e3o em cinco dias A pandemia de coronav\u00edrus pode piorar muito se os pa\u00edses n\u00e3o aderirem \u00e0s precau\u00e7\u00f5es b\u00e1sicas [\u2026]","og_url":"https:\/\/verdadeon.com.br\/portal\/2020\/07\/14\/crise-do-novo-coronavirus-pode-ficar-pior-alerta-oms\/","og_site_name":"VerdadeOn","article_published_time":"2020-07-14T14:08:52+00:00","og_image":[{"width":1000,"height":670,"url":"https:\/\/verdadeon.com.br\/portal\/wp-content\/uploads\/2020\/07\/WhatsApp-Image-2020-07-14-at-10.10.34.jpeg","type":"image\/jpeg"}],"author":"Redacao VerdadeOn","twitter_card":"summary_large_image","twitter_misc":{"Escrito por":"Redacao VerdadeOn","Est. tempo de leitura":"2 minutos"},"schema":{"@context":"https:\/\/schema.org","@graph":[{"@type":"WebPage","@id":"https:\/\/verdadeon.com.br\/portal\/2020\/07\/14\/crise-do-novo-coronavirus-pode-ficar-pior-alerta-oms\/","url":"https:\/\/verdadeon.com.br\/portal\/2020\/07\/14\/crise-do-novo-coronavirus-pode-ficar-pior-alerta-oms\/","name":"Crise do novo coronav\u00edrus pode ficar pior, alerta OMS - VerdadeOn","isPartOf":{"@id":"https:\/\/verdadeon.com.br\/portal\/#website"},"primaryImageOfPage":{"@id":"https:\/\/verdadeon.com.br\/portal\/2020\/07\/14\/crise-do-novo-coronavirus-pode-ficar-pior-alerta-oms\/#primaryimage"},"image":{"@id":"https:\/\/verdadeon.com.br\/portal\/2020\/07\/14\/crise-do-novo-coronavirus-pode-ficar-pior-alerta-oms\/#primaryimage"},"thumbnailUrl":"https:\/\/i0.wp.com\/verdadeon.com.br\/portal\/wp-content\/uploads\/2020\/07\/WhatsApp-Image-2020-07-14-at-10.10.34.jpeg?fit=1000%2C670&ssl=1","datePublished":"2020-07-14T14:08:52+00:00","author":{"@id":"https:\/\/verdadeon.com.br\/portal\/#\/schema\/person\/a5060ad1e9ea3df545188fc93ce43d2f"},"breadcrumb":{"@id":"https:\/\/verdadeon.com.br\/portal\/2020\/07\/14\/crise-do-novo-coronavirus-pode-ficar-pior-alerta-oms\/#breadcrumb"},"inLanguage":"pt-BR","potentialAction":[{"@type":"ReadAction","target":["https:\/\/verdadeon.com.br\/portal\/2020\/07\/14\/crise-do-novo-coronavirus-pode-ficar-pior-alerta-oms\/"]}]},{"@type":"ImageObject","inLanguage":"pt-BR","@id":"https:\/\/verdadeon.com.br\/portal\/2020\/07\/14\/crise-do-novo-coronavirus-pode-ficar-pior-alerta-oms\/#primaryimage","url":"https:\/\/i0.wp.com\/verdadeon.com.br\/portal\/wp-content\/uploads\/2020\/07\/WhatsApp-Image-2020-07-14-at-10.10.34.jpeg?fit=1000%2C670&ssl=1","contentUrl":"https:\/\/i0.wp.com\/verdadeon.com.br\/portal\/wp-content\/uploads\/2020\/07\/WhatsApp-Image-2020-07-14-at-10.10.34.jpeg?fit=1000%2C670&ssl=1","width":1000,"height":670},{"@type":"BreadcrumbList","@id":"https:\/\/verdadeon.com.br\/portal\/2020\/07\/14\/crise-do-novo-coronavirus-pode-ficar-pior-alerta-oms\/#breadcrumb","itemListElement":[{"@type":"ListItem","position":1,"name":"In\u00edcio","item":"https:\/\/verdadeon.com.br\/portal\/"},{"@type":"ListItem","position":2,"name":"Crise do novo coronav\u00edrus pode ficar pior, alerta OMS"}]},{"@type":"WebSite","@id":"https:\/\/verdadeon.com.br\/portal\/#website","url":"https:\/\/verdadeon.com.br\/portal\/","name":"VerdadeOn","description":"Not\u00edcias di\u00e1rias sobre Franca, Regi\u00e3o, Esporte, Cultura, Cotidiano, Colunas. Cobertura nos principais eventos da cidade \u00e9 aqui - Verdadeon Franca","potentialAction":[{"@type":"SearchAction","target":{"@type":"EntryPoint","urlTemplate":"https:\/\/verdadeon.com.br\/portal\/?s={search_term_string}"},"query-input":{"@type":"PropertyValueSpecification","valueRequired":true,"valueName":"search_term_string"}}],"inLanguage":"pt-BR"},{"@type":"Person","@id":"https:\/\/verdadeon.com.br\/portal\/#\/schema\/person\/a5060ad1e9ea3df545188fc93ce43d2f","name":"Redacao VerdadeOn","image":{"@type":"ImageObject","inLanguage":"pt-BR","@id":"https:\/\/verdadeon.com.br\/portal\/#\/schema\/person\/image\/","url":"https:\/\/secure.gravatar.com\/avatar\/459a9613caaaf07f582c3d0841eea68bdd66f533e465e6ba8b9cb45619572cf4?s=96&d=mm&r=g","contentUrl":"https:\/\/secure.gravatar.com\/avatar\/459a9613caaaf07f582c3d0841eea68bdd66f533e465e6ba8b9cb45619572cf4?s=96&d=mm&r=g","caption":"Redacao VerdadeOn"},"url":"https:\/\/verdadeon.com.br\/portal\/author\/redacao\/"}]}},"jetpack_publicize_connections":[],"jetpack_featured_media_url":"https:\/\/i0.wp.com\/verdadeon.com.br\/portal\/wp-content\/uploads\/2020\/07\/WhatsApp-Image-2020-07-14-at-10.10.34.jpeg?fit=1000%2C670&ssl=1","jetpack_sharing_enabled":true,"_links":{"self":[{"href":"https:\/\/verdadeon.com.br\/portal\/wp-json\/wp\/v2\/posts\/8848","targetHints":{"allow":["GET"]}}],"collection":[{"href":"https:\/\/verdadeon.com.br\/portal\/wp-json\/wp\/v2\/posts"}],"about":[{"href":"https:\/\/verdadeon.com.br\/portal\/wp-json\/wp\/v2\/types\/post"}],"author":[{"embeddable":true,"href":"https:\/\/verdadeon.com.br\/portal\/wp-json\/wp\/v2\/users\/10"}],"replies":[{"embeddable":true,"href":"https:\/\/verdadeon.com.br\/portal\/wp-json\/wp\/v2\/comments?post=8848"}],"version-history":[{"count":0,"href":"https:\/\/verdadeon.com.br\/portal\/wp-json\/wp\/v2\/posts\/8848\/revisions"}],"wp:featuredmedia":[{"embeddable":true,"href":"https:\/\/verdadeon.com.br\/portal\/wp-json\/wp\/v2\/media\/8852"}],"wp:attachment":[{"href":"https:\/\/verdadeon.com.br\/portal\/wp-json\/wp\/v2\/media?parent=8848"}],"wp:term":[{"taxonomy":"category","embeddable":true,"href":"https:\/\/verdadeon.com.br\/portal\/wp-json\/wp\/v2\/categories?post=8848"},{"taxonomy":"post_tag","embeddable":true,"href":"https:\/\/verdadeon.com.br\/portal\/wp-json\/wp\/v2\/tags?post=8848"}],"curies":[{"name":"wp","href":"https:\/\/api.w.org\/{rel}","templated":true}]}}