{"id":8821,"date":"2020-07-13T19:27:46","date_gmt":"2020-07-13T22:27:46","guid":{"rendered":"http:\/\/verdadeon.com.br\/portal\/?p=8821"},"modified":"2020-07-13T19:27:46","modified_gmt":"2020-07-13T22:27:46","slug":"segue-internado-motociclista-atropelado-por-professor-que-ingeriu-bebida-alcoolica","status":"publish","type":"post","link":"https:\/\/verdadeon.com.br\/portal\/2020\/07\/13\/segue-internado-motociclista-atropelado-por-professor-que-ingeriu-bebida-alcoolica\/","title":{"rendered":"Segue internado motociclista atropelado por professor que ingeriu bebida alco\u00f3lica"},"content":{"rendered":"<h2>Acidente foi no domingo<\/h2>\n<p>Segue internado na Santa Casa de Franca, o motociclista de 44 anos, que foi atropelado na noite de domingo (12), na zona norte da cidade. Elifer da Costa teve politrauma, ap\u00f3s ser atingido por uma ecosport que era conduzida por um professor de 40 anos. Ap\u00f3s o acidente, o condutor do ve\u00edculo fugiu sem prestar socorrido.<br \/>\nA v\u00edtima foi levada para a Santa Casa onde passou por cirurgia e permanece internado. Segundo a pol\u00edcia, a placa do ve\u00edculo se soltou durante o acidente, e atrav\u00e9s dela os militares conseguiram chegar at\u00e9 o autor, que confessou que fugiu por ter consumido bebidas alco\u00f3licas.<br \/>\nEle foi levado para o plant\u00e3o policial, ouvido e ap\u00f3s recolhido ao Sistema Prisional de Franca, ele vai responder por les\u00e3o corporal grave e omiss\u00e3o de socorro.<\/p>\n","protected":false},"excerpt":{"rendered":"<p>Acidente foi no domingo Segue internado na Santa Casa de Franca, o motociclista de 44 anos, que foi atropelado na noite de domingo (12), na zona<span class=\"excerpt-hellip\"> [\u2026]<\/span><\/p>\n","protected":false},"author":10,"featured_media":8825,"comment_status":"open","ping_status":"open","sticky":false,"template":"","format":"standard","meta":{"_jetpack_memberships_contains_paid_content":false,"footnotes":"","jetpack_publicize_message":"","jetpack_publicize_feature_enabled":true,"jetpack_social_post_already_shared":false,"jetpack_social_options":{"image_generator_settings":{"template":"highway","default_image_id":0,"enabled":false},"version":2}},"categories":[28,44],"tags":[],"class_list":["post-8821","post","type-post","status-publish","format-standard","has-post-thumbnail","hentry","category-cotidiano","category-noticias"],"yoast_head":"<!-- This site is optimized with the Yoast SEO plugin v25.6 - https:\/\/yoast.com\/wordpress\/plugins\/seo\/ -->\n<title>Segue internado motociclista atropelado por professor que ingeriu bebida alco\u00f3lica - VerdadeOn<\/title>\n<meta name=\"robots\" content=\"index, follow, max-snippet:-1, max-image-preview:large, max-video-preview:-1\" \/>\n<link rel=\"canonical\" href=\"https:\/\/verdadeon.com.br\/portal\/2020\/07\/13\/segue-internado-motociclista-atropelado-por-professor-que-ingeriu-bebida-alcoolica\/\" \/>\n<meta property=\"og:locale\" content=\"pt_BR\" \/>\n<meta property=\"og:type\" content=\"article\" \/>\n<meta property=\"og:title\" content=\"Segue internado motociclista atropelado por professor que ingeriu bebida alco\u00f3lica - VerdadeOn\" \/>\n<meta property=\"og:description\" content=\"Acidente foi no domingo Segue internado na Santa Casa de Franca, o motociclista de 44 anos, que foi atropelado na noite de domingo (12), na zona [\u2026]\" \/>\n<meta property=\"og:url\" content=\"https:\/\/verdadeon.com.br\/portal\/2020\/07\/13\/segue-internado-motociclista-atropelado-por-professor-que-ingeriu-bebida-alcoolica\/\" \/>\n<meta property=\"og:site_name\" content=\"VerdadeOn\" \/>\n<meta property=\"article:published_time\" content=\"2020-07-13T22:27:46+00:00\" \/>\n<meta property=\"og:image\" content=\"https:\/\/verdadeon.com.br\/portal\/wp-content\/uploads\/2020\/07\/WhatsApp-Image-2020-07-13-at-18.38.46.jpeg\" \/>\n\t<meta property=\"og:image:width\" content=\"1000\" \/>\n\t<meta property=\"og:image:height\" content=\"670\" \/>\n\t<meta property=\"og:image:type\" content=\"image\/jpeg\" \/>\n<meta name=\"author\" content=\"Redacao VerdadeOn\" \/>\n<meta name=\"twitter:card\" content=\"summary_large_image\" \/>\n<meta name=\"twitter:label1\" content=\"Escrito por\" \/>\n\t<meta name=\"twitter:data1\" content=\"Redacao VerdadeOn\" \/>\n\t<meta name=\"twitter:label2\" content=\"Est. tempo de leitura\" \/>\n\t<meta name=\"twitter:data2\" content=\"1 minuto\" \/>\n<script type=\"application\/ld+json\" class=\"yoast-schema-graph\">{\"@context\":\"https:\/\/schema.org\",\"@graph\":[{\"@type\":\"WebPage\",\"@id\":\"https:\/\/verdadeon.com.br\/portal\/2020\/07\/13\/segue-internado-motociclista-atropelado-por-professor-que-ingeriu-bebida-alcoolica\/\",\"url\":\"https:\/\/verdadeon.com.br\/portal\/2020\/07\/13\/segue-internado-motociclista-atropelado-por-professor-que-ingeriu-bebida-alcoolica\/\",\"name\":\"Segue internado motociclista atropelado por professor que ingeriu bebida alco\u00f3lica - VerdadeOn\",\"isPartOf\":{\"@id\":\"https:\/\/verdadeon.com.br\/portal\/#website\"},\"primaryImageOfPage\":{\"@id\":\"https:\/\/verdadeon.com.br\/portal\/2020\/07\/13\/segue-internado-motociclista-atropelado-por-professor-que-ingeriu-bebida-alcoolica\/#primaryimage\"},\"image\":{\"@id\":\"https:\/\/verdadeon.com.br\/portal\/2020\/07\/13\/segue-internado-motociclista-atropelado-por-professor-que-ingeriu-bebida-alcoolica\/#primaryimage\"},\"thumbnailUrl\":\"https:\/\/i0.wp.com\/verdadeon.com.br\/portal\/wp-content\/uploads\/2020\/07\/WhatsApp-Image-2020-07-13-at-18.38.46.jpeg?fit=1000%2C670&ssl=1\",\"datePublished\":\"2020-07-13T22:27:46+00:00\",\"author\":{\"@id\":\"https:\/\/verdadeon.com.br\/portal\/#\/schema\/person\/a5060ad1e9ea3df545188fc93ce43d2f\"},\"breadcrumb\":{\"@id\":\"https:\/\/verdadeon.com.br\/portal\/2020\/07\/13\/segue-internado-motociclista-atropelado-por-professor-que-ingeriu-bebida-alcoolica\/#breadcrumb\"},\"inLanguage\":\"pt-BR\",\"potentialAction\":[{\"@type\":\"ReadAction\",\"target\":[\"https:\/\/verdadeon.com.br\/portal\/2020\/07\/13\/segue-internado-motociclista-atropelado-por-professor-que-ingeriu-bebida-alcoolica\/\"]}]},{\"@type\":\"ImageObject\",\"inLanguage\":\"pt-BR\",\"@id\":\"https:\/\/verdadeon.com.br\/portal\/2020\/07\/13\/segue-internado-motociclista-atropelado-por-professor-que-ingeriu-bebida-alcoolica\/#primaryimage\",\"url\":\"https:\/\/i0.wp.com\/verdadeon.com.br\/portal\/wp-content\/uploads\/2020\/07\/WhatsApp-Image-2020-07-13-at-18.38.46.jpeg?fit=1000%2C670&ssl=1\",\"contentUrl\":\"https:\/\/i0.wp.com\/verdadeon.com.br\/portal\/wp-content\/uploads\/2020\/07\/WhatsApp-Image-2020-07-13-at-18.38.46.jpeg?fit=1000%2C670&ssl=1\",\"width\":1000,\"height\":670,\"caption\":\"Professor confessou que fugiu do local do acidente porque tinha consumido \u00e1lcool | Foto: Jornal Verdade\"},{\"@type\":\"BreadcrumbList\",\"@id\":\"https:\/\/verdadeon.com.br\/portal\/2020\/07\/13\/segue-internado-motociclista-atropelado-por-professor-que-ingeriu-bebida-alcoolica\/#breadcrumb\",\"itemListElement\":[{\"@type\":\"ListItem\",\"position\":1,\"name\":\"In\u00edcio\",\"item\":\"https:\/\/verdadeon.com.br\/portal\/\"},{\"@type\":\"ListItem\",\"position\":2,\"name\":\"Segue internado motociclista atropelado por professor que ingeriu bebida alco\u00f3lica\"}]},{\"@type\":\"WebSite\",\"@id\":\"https:\/\/verdadeon.com.br\/portal\/#website\",\"url\":\"https:\/\/verdadeon.com.br\/portal\/\",\"name\":\"VerdadeOn\",\"description\":\"Not\u00edcias di\u00e1rias sobre Franca, Regi\u00e3o, Esporte, Cultura, Cotidiano, Colunas. Cobertura nos principais eventos da cidade \u00e9 aqui - Verdadeon Franca\",\"potentialAction\":[{\"@type\":\"SearchAction\",\"target\":{\"@type\":\"EntryPoint\",\"urlTemplate\":\"https:\/\/verdadeon.com.br\/portal\/?s={search_term_string}\"},\"query-input\":{\"@type\":\"PropertyValueSpecification\",\"valueRequired\":true,\"valueName\":\"search_term_string\"}}],\"inLanguage\":\"pt-BR\"},{\"@type\":\"Person\",\"@id\":\"https:\/\/verdadeon.com.br\/portal\/#\/schema\/person\/a5060ad1e9ea3df545188fc93ce43d2f\",\"name\":\"Redacao VerdadeOn\",\"image\":{\"@type\":\"ImageObject\",\"inLanguage\":\"pt-BR\",\"@id\":\"https:\/\/verdadeon.com.br\/portal\/#\/schema\/person\/image\/\",\"url\":\"https:\/\/secure.gravatar.com\/avatar\/459a9613caaaf07f582c3d0841eea68bdd66f533e465e6ba8b9cb45619572cf4?s=96&d=mm&r=g\",\"contentUrl\":\"https:\/\/secure.gravatar.com\/avatar\/459a9613caaaf07f582c3d0841eea68bdd66f533e465e6ba8b9cb45619572cf4?s=96&d=mm&r=g\",\"caption\":\"Redacao VerdadeOn\"},\"url\":\"https:\/\/verdadeon.com.br\/portal\/author\/redacao\/\"}]}<\/script>\n<!-- \/ Yoast SEO plugin. -->","yoast_head_json":{"title":"Segue internado motociclista atropelado por professor que ingeriu bebida alco\u00f3lica - VerdadeOn","robots":{"index":"index","follow":"follow","max-snippet":"max-snippet:-1","max-image-preview":"max-image-preview:large","max-video-preview":"max-video-preview:-1"},"canonical":"https:\/\/verdadeon.com.br\/portal\/2020\/07\/13\/segue-internado-motociclista-atropelado-por-professor-que-ingeriu-bebida-alcoolica\/","og_locale":"pt_BR","og_type":"article","og_title":"Segue internado motociclista atropelado por professor que ingeriu bebida alco\u00f3lica - VerdadeOn","og_description":"Acidente foi no domingo Segue internado na Santa Casa de Franca, o motociclista de 44 anos, que foi atropelado na noite de domingo (12), na zona [\u2026]","og_url":"https:\/\/verdadeon.com.br\/portal\/2020\/07\/13\/segue-internado-motociclista-atropelado-por-professor-que-ingeriu-bebida-alcoolica\/","og_site_name":"VerdadeOn","article_published_time":"2020-07-13T22:27:46+00:00","og_image":[{"width":1000,"height":670,"url":"https:\/\/verdadeon.com.br\/portal\/wp-content\/uploads\/2020\/07\/WhatsApp-Image-2020-07-13-at-18.38.46.jpeg","type":"image\/jpeg"}],"author":"Redacao VerdadeOn","twitter_card":"summary_large_image","twitter_misc":{"Escrito por":"Redacao VerdadeOn","Est. tempo de leitura":"1 minuto"},"schema":{"@context":"https:\/\/schema.org","@graph":[{"@type":"WebPage","@id":"https:\/\/verdadeon.com.br\/portal\/2020\/07\/13\/segue-internado-motociclista-atropelado-por-professor-que-ingeriu-bebida-alcoolica\/","url":"https:\/\/verdadeon.com.br\/portal\/2020\/07\/13\/segue-internado-motociclista-atropelado-por-professor-que-ingeriu-bebida-alcoolica\/","name":"Segue internado motociclista atropelado por professor que ingeriu bebida alco\u00f3lica - VerdadeOn","isPartOf":{"@id":"https:\/\/verdadeon.com.br\/portal\/#website"},"primaryImageOfPage":{"@id":"https:\/\/verdadeon.com.br\/portal\/2020\/07\/13\/segue-internado-motociclista-atropelado-por-professor-que-ingeriu-bebida-alcoolica\/#primaryimage"},"image":{"@id":"https:\/\/verdadeon.com.br\/portal\/2020\/07\/13\/segue-internado-motociclista-atropelado-por-professor-que-ingeriu-bebida-alcoolica\/#primaryimage"},"thumbnailUrl":"https:\/\/i0.wp.com\/verdadeon.com.br\/portal\/wp-content\/uploads\/2020\/07\/WhatsApp-Image-2020-07-13-at-18.38.46.jpeg?fit=1000%2C670&ssl=1","datePublished":"2020-07-13T22:27:46+00:00","author":{"@id":"https:\/\/verdadeon.com.br\/portal\/#\/schema\/person\/a5060ad1e9ea3df545188fc93ce43d2f"},"breadcrumb":{"@id":"https:\/\/verdadeon.com.br\/portal\/2020\/07\/13\/segue-internado-motociclista-atropelado-por-professor-que-ingeriu-bebida-alcoolica\/#breadcrumb"},"inLanguage":"pt-BR","potentialAction":[{"@type":"ReadAction","target":["https:\/\/verdadeon.com.br\/portal\/2020\/07\/13\/segue-internado-motociclista-atropelado-por-professor-que-ingeriu-bebida-alcoolica\/"]}]},{"@type":"ImageObject","inLanguage":"pt-BR","@id":"https:\/\/verdadeon.com.br\/portal\/2020\/07\/13\/segue-internado-motociclista-atropelado-por-professor-que-ingeriu-bebida-alcoolica\/#primaryimage","url":"https:\/\/i0.wp.com\/verdadeon.com.br\/portal\/wp-content\/uploads\/2020\/07\/WhatsApp-Image-2020-07-13-at-18.38.46.jpeg?fit=1000%2C670&ssl=1","contentUrl":"https:\/\/i0.wp.com\/verdadeon.com.br\/portal\/wp-content\/uploads\/2020\/07\/WhatsApp-Image-2020-07-13-at-18.38.46.jpeg?fit=1000%2C670&ssl=1","width":1000,"height":670,"caption":"Professor confessou que fugiu do local do acidente porque tinha consumido \u00e1lcool | Foto: Jornal Verdade"},{"@type":"BreadcrumbList","@id":"https:\/\/verdadeon.com.br\/portal\/2020\/07\/13\/segue-internado-motociclista-atropelado-por-professor-que-ingeriu-bebida-alcoolica\/#breadcrumb","itemListElement":[{"@type":"ListItem","position":1,"name":"In\u00edcio","item":"https:\/\/verdadeon.com.br\/portal\/"},{"@type":"ListItem","position":2,"name":"Segue internado motociclista atropelado por professor que ingeriu bebida alco\u00f3lica"}]},{"@type":"WebSite","@id":"https:\/\/verdadeon.com.br\/portal\/#website","url":"https:\/\/verdadeon.com.br\/portal\/","name":"VerdadeOn","description":"Not\u00edcias di\u00e1rias sobre Franca, Regi\u00e3o, Esporte, Cultura, Cotidiano, Colunas. Cobertura nos principais eventos da cidade \u00e9 aqui - Verdadeon Franca","potentialAction":[{"@type":"SearchAction","target":{"@type":"EntryPoint","urlTemplate":"https:\/\/verdadeon.com.br\/portal\/?s={search_term_string}"},"query-input":{"@type":"PropertyValueSpecification","valueRequired":true,"valueName":"search_term_string"}}],"inLanguage":"pt-BR"},{"@type":"Person","@id":"https:\/\/verdadeon.com.br\/portal\/#\/schema\/person\/a5060ad1e9ea3df545188fc93ce43d2f","name":"Redacao VerdadeOn","image":{"@type":"ImageObject","inLanguage":"pt-BR","@id":"https:\/\/verdadeon.com.br\/portal\/#\/schema\/person\/image\/","url":"https:\/\/secure.gravatar.com\/avatar\/459a9613caaaf07f582c3d0841eea68bdd66f533e465e6ba8b9cb45619572cf4?s=96&d=mm&r=g","contentUrl":"https:\/\/secure.gravatar.com\/avatar\/459a9613caaaf07f582c3d0841eea68bdd66f533e465e6ba8b9cb45619572cf4?s=96&d=mm&r=g","caption":"Redacao VerdadeOn"},"url":"https:\/\/verdadeon.com.br\/portal\/author\/redacao\/"}]}},"jetpack_publicize_connections":[],"jetpack_featured_media_url":"https:\/\/i0.wp.com\/verdadeon.com.br\/portal\/wp-content\/uploads\/2020\/07\/WhatsApp-Image-2020-07-13-at-18.38.46.jpeg?fit=1000%2C670&ssl=1","jetpack_sharing_enabled":true,"_links":{"self":[{"href":"https:\/\/verdadeon.com.br\/portal\/wp-json\/wp\/v2\/posts\/8821","targetHints":{"allow":["GET"]}}],"collection":[{"href":"https:\/\/verdadeon.com.br\/portal\/wp-json\/wp\/v2\/posts"}],"about":[{"href":"https:\/\/verdadeon.com.br\/portal\/wp-json\/wp\/v2\/types\/post"}],"author":[{"embeddable":true,"href":"https:\/\/verdadeon.com.br\/portal\/wp-json\/wp\/v2\/users\/10"}],"replies":[{"embeddable":true,"href":"https:\/\/verdadeon.com.br\/portal\/wp-json\/wp\/v2\/comments?post=8821"}],"version-history":[{"count":0,"href":"https:\/\/verdadeon.com.br\/portal\/wp-json\/wp\/v2\/posts\/8821\/revisions"}],"wp:featuredmedia":[{"embeddable":true,"href":"https:\/\/verdadeon.com.br\/portal\/wp-json\/wp\/v2\/media\/8825"}],"wp:attachment":[{"href":"https:\/\/verdadeon.com.br\/portal\/wp-json\/wp\/v2\/media?parent=8821"}],"wp:term":[{"taxonomy":"category","embeddable":true,"href":"https:\/\/verdadeon.com.br\/portal\/wp-json\/wp\/v2\/categories?post=8821"},{"taxonomy":"post_tag","embeddable":true,"href":"https:\/\/verdadeon.com.br\/portal\/wp-json\/wp\/v2\/tags?post=8821"}],"curies":[{"name":"wp","href":"https:\/\/api.w.org\/{rel}","templated":true}]}}