{"id":8550,"date":"2020-07-05T07:40:17","date_gmt":"2020-07-05T10:40:17","guid":{"rendered":"http:\/\/verdadeon.com.br\/portal\/?p=8550"},"modified":"2020-07-04T20:55:41","modified_gmt":"2020-07-04T23:55:41","slug":"locacao-de-imoveis-e-o-direito-do-consumidor","status":"publish","type":"post","link":"https:\/\/verdadeon.com.br\/portal\/2020\/07\/05\/locacao-de-imoveis-e-o-direito-do-consumidor\/","title":{"rendered":"LOCA\u00c7\u00c3O DE IM\u00d3VEIS E O DIREITO DO CONSUMIDOR"},"content":{"rendered":"<p class=\"p1\">Mesmo em \u00e9poca de pandemia causada pelo coronav\u00edrus Covid-19, as loca\u00e7\u00f5es imobili\u00e1rias tem trazido v\u00e1rios questionamentos no direito do consumidor.<\/p>\n<p class=\"p1\">Afinal, existe uma rela\u00e7\u00e3o de consumo no caso de uma loca\u00e7\u00e3o de im\u00f3vel?. Haveria uma rela\u00e7\u00e3o de consumo entre o locador e o locat\u00e1rio, ou entre o locador e imobili\u00e1ria, ou ainda entre o locat\u00e1ria e a imobili\u00e1ria?<\/p>\n<p class=\"p1\">Enfim, o questionamento \u00e9 saber se o C\u00f3digo de Defesa do Consumidor CDC, seria aplic\u00e1vel aos contratos de loca\u00e7\u00e3o, considerando-se que, alguns estudiosos entendem como configurada uma rela\u00e7\u00e3o de consumo.<\/p>\n<p class=\"p1\">O fato a ser destacado \u00e9 que a loca\u00e7\u00e3o n\u00e3o se sujeita aos ditames do CDC, uma vez que este disp\u00f5e:<\/p>\n<p class=\"p1\">Art. 2\u00b0 Consumidor \u00e9 toda pessoa f\u00edsica ou jur\u00eddica que adquire ou utiliza produto ou servi\u00e7o como destinat\u00e1rio final. (&#8230;).<\/p>\n<p class=\"p1\">Art. 3\u00b0 Fornecedor \u00e9 toda pessoa f\u00edsica ou jur\u00eddica, p\u00fablica ou privada, nacional ou estrangeira, bem como os entes despersonalizados, que desenvolvem atividade de produ\u00e7\u00e3o, montagem, cria\u00e7\u00e3o, constru\u00e7\u00e3o, transforma\u00e7\u00e3o, importa\u00e7\u00e3o, exporta\u00e7\u00e3o, distribui\u00e7\u00e3o ou comercializa\u00e7\u00e3o de produtos ou presta\u00e7\u00e3o de servi\u00e7os. (&#8230;).<\/p>\n<p class=\"p1\">Assim, com base nos artigos mencionados, h\u00e1 de se destacar a aus\u00eancia manifesta da rela\u00e7\u00e3o jur\u00eddica de consumo, visto que o v\u00ednculo estabelecido entre as partes (locador e locat\u00e1rio) n\u00e3o se amolda em qualquer dos artigos mencionados.<\/p>\n<p class=\"p1\">Al\u00e9m disso, existe legisla\u00e7\u00e3o espec\u00edfica que cuida das rela\u00e7\u00f5es jur\u00eddicas locat\u00edcias, qual seja, a Lei 8245\/91, que trata sobre as loca\u00e7\u00f5es dos im\u00f3veis urbanos e os procedimentos correspondentes.<\/p>\n<p class=\"p1\">O entendimento da jurisprud\u00eancia em especial do STJ, \u00e9 no sentido de que, de fato \u201cn\u00e3o se aplica o C\u00f3digo de Defesa do Consumidor ao contrato de loca\u00e7\u00e3o regido pela Lei n. 8.245\/1991, porquanto, al\u00e9m de fazerem parte de microssistemas distintos do \u00e2mbito normativo do direito privado, as rela\u00e7\u00f5es jur\u00eddicas n\u00e3o possuem os tra\u00e7os caracter\u00edsticos da rela\u00e7\u00e3o de consumo, previstos nos artigos 2\u00ba e 3\u00ba da Lei n. 8.078\/1990\u201d.<\/p>\n<p class=\"p1\">Entendem alguns que, em se tratando de loca\u00e7\u00e3o de im\u00f3veis com a intermedia\u00e7\u00e3o de uma imobili\u00e1ria, somente haver\u00e1 rela\u00e7\u00e3o de consumo entre o propriet\u00e1rio do im\u00f3vel com a imobili\u00e1ria e o locat\u00e1rio com a imobili\u00e1ria, vez que a imobili\u00e1ria exerce o papel de administradora da atividade de loca\u00e7\u00e3o, com presta\u00e7\u00e3o de servi\u00e7os n\u00e3o s\u00f3 ao locador como tamb\u00e9m, ao locat\u00e1rio.<\/p>\n<p class=\"p1\">Assim sendo, em se tratando a loca\u00e7\u00e3o de im\u00f3vel pr\u00f3prio, inexistindo a intermedia\u00e7\u00e3o de uma imobili\u00e1ria, o contrato n\u00e3o poder\u00e1 ser questionado com base no CDC, vez que n\u00e3o se trata de rela\u00e7\u00e3o jur\u00eddica de consumo, ou seja, na \u00e1rea do direito do consumidor, e sim de uma rela\u00e7\u00e3o jur\u00eddica na \u00e1rea do direito civil.<\/p>\n<p class=\"p1\">Portanto, a tese da jurisprud\u00eancia consolidada \u00e9 no sentido de que a atividade da imobili\u00e1ria trabalha com duas rela\u00e7\u00f5es jur\u00eddicas distintas, ou seja, presta\u00e7\u00e3o de servi\u00e7os, entre o propriet\u00e1rio do im\u00f3vel e a administradora, e a de loca\u00e7\u00e3o propriamente dita, em que a imobili\u00e1ria atua como intermedi\u00e1ria de um contrato de loca\u00e7\u00e3o.<\/p>\n<p class=\"p1\">Referido entendimento \u00e9 o que melhor se amolda \u00e0 situa\u00e7\u00e3o, considerando-se que muitos quando alugam diretamente um im\u00f3vel n\u00e3o possuem habilidade de uma imobili\u00e1ria na presta\u00e7\u00e3o de servi\u00e7o, sendo evidentemente uma rela\u00e7\u00e3o contratual entre duas pessoas f\u00edsicas \u2013 locador e locat\u00e1rio, uma rela\u00e7\u00e3o civil, e n\u00e3o de consumo.<\/p>\n<p class=\"p1\">Portanto, em resumo, toda vez que o contrato de aluguel for diretamente entre inquilino\/locat\u00e1rio e o propriet\u00e1rio\/locador do im\u00f3vel, inexiste rela\u00e7\u00e3o de consumo, nesses casos, havendo conflito de interesse as partes devem recorrer \u00e0 justi\u00e7a para solu\u00e7\u00e3o do problema. O \u00f3rg\u00e3o de defesa e prote\u00e7\u00e3o do consumidor \u2013 Procon, somente ser\u00e1 acionado se houver rela\u00e7\u00e3o de consumo, ou seja, quando o conflito se der entre locador\/imobili\u00e1ria, ou entre locat\u00e1rio\/imobili\u00e1ria.<\/p>\n<p>&nbsp;<\/p>\n<p class=\"p1\">Jo\u00e3o Vicente Miguel<\/p>\n<p class=\"p2\">Advogado<\/p>\n","protected":false},"excerpt":{"rendered":"<p>Mesmo em \u00e9poca de pandemia causada pelo coronav\u00edrus Covid-19, as loca\u00e7\u00f5es imobili\u00e1rias tem trazido v\u00e1rios questionamentos no direito do consumidor. Afinal, existe uma rela\u00e7\u00e3o de consumo<span class=\"excerpt-hellip\"> [\u2026]<\/span><\/p>\n","protected":false},"author":10,"featured_media":0,"comment_status":"open","ping_status":"open","sticky":false,"template":"","format":"standard","meta":{"_jetpack_memberships_contains_paid_content":false,"footnotes":"","jetpack_publicize_message":"","jetpack_publicize_feature_enabled":true,"jetpack_social_post_already_shared":false,"jetpack_social_options":{"image_generator_settings":{"template":"highway","default_image_id":0,"enabled":false},"version":2}},"categories":[92],"tags":[],"class_list":["post-8550","post","type-post","status-publish","format-standard","hentry","category-colunista"],"yoast_head":"<!-- This site is optimized with the Yoast SEO plugin v25.6 - https:\/\/yoast.com\/wordpress\/plugins\/seo\/ -->\n<title>LOCA\u00c7\u00c3O DE IM\u00d3VEIS E O DIREITO DO CONSUMIDOR - VerdadeOn<\/title>\n<meta name=\"robots\" content=\"index, follow, max-snippet:-1, max-image-preview:large, max-video-preview:-1\" \/>\n<link rel=\"canonical\" href=\"https:\/\/verdadeon.com.br\/portal\/2020\/07\/05\/locacao-de-imoveis-e-o-direito-do-consumidor\/\" \/>\n<meta property=\"og:locale\" content=\"pt_BR\" \/>\n<meta property=\"og:type\" content=\"article\" \/>\n<meta property=\"og:title\" content=\"LOCA\u00c7\u00c3O DE IM\u00d3VEIS E O DIREITO DO CONSUMIDOR - VerdadeOn\" \/>\n<meta property=\"og:description\" content=\"Mesmo em \u00e9poca de pandemia causada pelo coronav\u00edrus Covid-19, as loca\u00e7\u00f5es imobili\u00e1rias tem trazido v\u00e1rios questionamentos no direito do consumidor. Afinal, existe uma rela\u00e7\u00e3o de consumo [\u2026]\" \/>\n<meta property=\"og:url\" content=\"https:\/\/verdadeon.com.br\/portal\/2020\/07\/05\/locacao-de-imoveis-e-o-direito-do-consumidor\/\" \/>\n<meta property=\"og:site_name\" content=\"VerdadeOn\" \/>\n<meta property=\"article:published_time\" content=\"2020-07-05T10:40:17+00:00\" \/>\n<meta name=\"author\" content=\"Redacao VerdadeOn\" \/>\n<meta name=\"twitter:card\" content=\"summary_large_image\" \/>\n<meta name=\"twitter:label1\" content=\"Escrito por\" \/>\n\t<meta name=\"twitter:data1\" content=\"Redacao VerdadeOn\" \/>\n\t<meta name=\"twitter:label2\" content=\"Est. tempo de leitura\" \/>\n\t<meta name=\"twitter:data2\" content=\"4 minutos\" \/>\n<script type=\"application\/ld+json\" class=\"yoast-schema-graph\">{\"@context\":\"https:\/\/schema.org\",\"@graph\":[{\"@type\":\"WebPage\",\"@id\":\"https:\/\/verdadeon.com.br\/portal\/2020\/07\/05\/locacao-de-imoveis-e-o-direito-do-consumidor\/\",\"url\":\"https:\/\/verdadeon.com.br\/portal\/2020\/07\/05\/locacao-de-imoveis-e-o-direito-do-consumidor\/\",\"name\":\"LOCA\u00c7\u00c3O DE IM\u00d3VEIS E O DIREITO DO CONSUMIDOR - VerdadeOn\",\"isPartOf\":{\"@id\":\"https:\/\/verdadeon.com.br\/portal\/#website\"},\"datePublished\":\"2020-07-05T10:40:17+00:00\",\"author\":{\"@id\":\"https:\/\/verdadeon.com.br\/portal\/#\/schema\/person\/a5060ad1e9ea3df545188fc93ce43d2f\"},\"breadcrumb\":{\"@id\":\"https:\/\/verdadeon.com.br\/portal\/2020\/07\/05\/locacao-de-imoveis-e-o-direito-do-consumidor\/#breadcrumb\"},\"inLanguage\":\"pt-BR\",\"potentialAction\":[{\"@type\":\"ReadAction\",\"target\":[\"https:\/\/verdadeon.com.br\/portal\/2020\/07\/05\/locacao-de-imoveis-e-o-direito-do-consumidor\/\"]}]},{\"@type\":\"BreadcrumbList\",\"@id\":\"https:\/\/verdadeon.com.br\/portal\/2020\/07\/05\/locacao-de-imoveis-e-o-direito-do-consumidor\/#breadcrumb\",\"itemListElement\":[{\"@type\":\"ListItem\",\"position\":1,\"name\":\"In\u00edcio\",\"item\":\"https:\/\/verdadeon.com.br\/portal\/\"},{\"@type\":\"ListItem\",\"position\":2,\"name\":\"LOCA\u00c7\u00c3O DE IM\u00d3VEIS E O DIREITO DO CONSUMIDOR\"}]},{\"@type\":\"WebSite\",\"@id\":\"https:\/\/verdadeon.com.br\/portal\/#website\",\"url\":\"https:\/\/verdadeon.com.br\/portal\/\",\"name\":\"VerdadeOn\",\"description\":\"Not\u00edcias di\u00e1rias sobre Franca, Regi\u00e3o, Esporte, Cultura, Cotidiano, Colunas. Cobertura nos principais eventos da cidade \u00e9 aqui - Verdadeon Franca\",\"potentialAction\":[{\"@type\":\"SearchAction\",\"target\":{\"@type\":\"EntryPoint\",\"urlTemplate\":\"https:\/\/verdadeon.com.br\/portal\/?s={search_term_string}\"},\"query-input\":{\"@type\":\"PropertyValueSpecification\",\"valueRequired\":true,\"valueName\":\"search_term_string\"}}],\"inLanguage\":\"pt-BR\"},{\"@type\":\"Person\",\"@id\":\"https:\/\/verdadeon.com.br\/portal\/#\/schema\/person\/a5060ad1e9ea3df545188fc93ce43d2f\",\"name\":\"Redacao VerdadeOn\",\"image\":{\"@type\":\"ImageObject\",\"inLanguage\":\"pt-BR\",\"@id\":\"https:\/\/verdadeon.com.br\/portal\/#\/schema\/person\/image\/\",\"url\":\"https:\/\/secure.gravatar.com\/avatar\/459a9613caaaf07f582c3d0841eea68bdd66f533e465e6ba8b9cb45619572cf4?s=96&d=mm&r=g\",\"contentUrl\":\"https:\/\/secure.gravatar.com\/avatar\/459a9613caaaf07f582c3d0841eea68bdd66f533e465e6ba8b9cb45619572cf4?s=96&d=mm&r=g\",\"caption\":\"Redacao VerdadeOn\"},\"url\":\"https:\/\/verdadeon.com.br\/portal\/author\/redacao\/\"}]}<\/script>\n<!-- \/ Yoast SEO plugin. -->","yoast_head_json":{"title":"LOCA\u00c7\u00c3O DE IM\u00d3VEIS E O DIREITO DO CONSUMIDOR - VerdadeOn","robots":{"index":"index","follow":"follow","max-snippet":"max-snippet:-1","max-image-preview":"max-image-preview:large","max-video-preview":"max-video-preview:-1"},"canonical":"https:\/\/verdadeon.com.br\/portal\/2020\/07\/05\/locacao-de-imoveis-e-o-direito-do-consumidor\/","og_locale":"pt_BR","og_type":"article","og_title":"LOCA\u00c7\u00c3O DE IM\u00d3VEIS E O DIREITO DO CONSUMIDOR - VerdadeOn","og_description":"Mesmo em \u00e9poca de pandemia causada pelo coronav\u00edrus Covid-19, as loca\u00e7\u00f5es imobili\u00e1rias tem trazido v\u00e1rios questionamentos no direito do consumidor. Afinal, existe uma rela\u00e7\u00e3o de consumo [\u2026]","og_url":"https:\/\/verdadeon.com.br\/portal\/2020\/07\/05\/locacao-de-imoveis-e-o-direito-do-consumidor\/","og_site_name":"VerdadeOn","article_published_time":"2020-07-05T10:40:17+00:00","author":"Redacao VerdadeOn","twitter_card":"summary_large_image","twitter_misc":{"Escrito por":"Redacao VerdadeOn","Est. tempo de leitura":"4 minutos"},"schema":{"@context":"https:\/\/schema.org","@graph":[{"@type":"WebPage","@id":"https:\/\/verdadeon.com.br\/portal\/2020\/07\/05\/locacao-de-imoveis-e-o-direito-do-consumidor\/","url":"https:\/\/verdadeon.com.br\/portal\/2020\/07\/05\/locacao-de-imoveis-e-o-direito-do-consumidor\/","name":"LOCA\u00c7\u00c3O DE IM\u00d3VEIS E O DIREITO DO CONSUMIDOR - VerdadeOn","isPartOf":{"@id":"https:\/\/verdadeon.com.br\/portal\/#website"},"datePublished":"2020-07-05T10:40:17+00:00","author":{"@id":"https:\/\/verdadeon.com.br\/portal\/#\/schema\/person\/a5060ad1e9ea3df545188fc93ce43d2f"},"breadcrumb":{"@id":"https:\/\/verdadeon.com.br\/portal\/2020\/07\/05\/locacao-de-imoveis-e-o-direito-do-consumidor\/#breadcrumb"},"inLanguage":"pt-BR","potentialAction":[{"@type":"ReadAction","target":["https:\/\/verdadeon.com.br\/portal\/2020\/07\/05\/locacao-de-imoveis-e-o-direito-do-consumidor\/"]}]},{"@type":"BreadcrumbList","@id":"https:\/\/verdadeon.com.br\/portal\/2020\/07\/05\/locacao-de-imoveis-e-o-direito-do-consumidor\/#breadcrumb","itemListElement":[{"@type":"ListItem","position":1,"name":"In\u00edcio","item":"https:\/\/verdadeon.com.br\/portal\/"},{"@type":"ListItem","position":2,"name":"LOCA\u00c7\u00c3O DE IM\u00d3VEIS E O DIREITO DO CONSUMIDOR"}]},{"@type":"WebSite","@id":"https:\/\/verdadeon.com.br\/portal\/#website","url":"https:\/\/verdadeon.com.br\/portal\/","name":"VerdadeOn","description":"Not\u00edcias di\u00e1rias sobre Franca, Regi\u00e3o, Esporte, Cultura, Cotidiano, Colunas. Cobertura nos principais eventos da cidade \u00e9 aqui - Verdadeon Franca","potentialAction":[{"@type":"SearchAction","target":{"@type":"EntryPoint","urlTemplate":"https:\/\/verdadeon.com.br\/portal\/?s={search_term_string}"},"query-input":{"@type":"PropertyValueSpecification","valueRequired":true,"valueName":"search_term_string"}}],"inLanguage":"pt-BR"},{"@type":"Person","@id":"https:\/\/verdadeon.com.br\/portal\/#\/schema\/person\/a5060ad1e9ea3df545188fc93ce43d2f","name":"Redacao VerdadeOn","image":{"@type":"ImageObject","inLanguage":"pt-BR","@id":"https:\/\/verdadeon.com.br\/portal\/#\/schema\/person\/image\/","url":"https:\/\/secure.gravatar.com\/avatar\/459a9613caaaf07f582c3d0841eea68bdd66f533e465e6ba8b9cb45619572cf4?s=96&d=mm&r=g","contentUrl":"https:\/\/secure.gravatar.com\/avatar\/459a9613caaaf07f582c3d0841eea68bdd66f533e465e6ba8b9cb45619572cf4?s=96&d=mm&r=g","caption":"Redacao VerdadeOn"},"url":"https:\/\/verdadeon.com.br\/portal\/author\/redacao\/"}]}},"jetpack_publicize_connections":[],"jetpack_featured_media_url":"","jetpack_sharing_enabled":true,"_links":{"self":[{"href":"https:\/\/verdadeon.com.br\/portal\/wp-json\/wp\/v2\/posts\/8550","targetHints":{"allow":["GET"]}}],"collection":[{"href":"https:\/\/verdadeon.com.br\/portal\/wp-json\/wp\/v2\/posts"}],"about":[{"href":"https:\/\/verdadeon.com.br\/portal\/wp-json\/wp\/v2\/types\/post"}],"author":[{"embeddable":true,"href":"https:\/\/verdadeon.com.br\/portal\/wp-json\/wp\/v2\/users\/10"}],"replies":[{"embeddable":true,"href":"https:\/\/verdadeon.com.br\/portal\/wp-json\/wp\/v2\/comments?post=8550"}],"version-history":[{"count":0,"href":"https:\/\/verdadeon.com.br\/portal\/wp-json\/wp\/v2\/posts\/8550\/revisions"}],"wp:attachment":[{"href":"https:\/\/verdadeon.com.br\/portal\/wp-json\/wp\/v2\/media?parent=8550"}],"wp:term":[{"taxonomy":"category","embeddable":true,"href":"https:\/\/verdadeon.com.br\/portal\/wp-json\/wp\/v2\/categories?post=8550"},{"taxonomy":"post_tag","embeddable":true,"href":"https:\/\/verdadeon.com.br\/portal\/wp-json\/wp\/v2\/tags?post=8550"}],"curies":[{"name":"wp","href":"https:\/\/api.w.org\/{rel}","templated":true}]}}