{"id":8493,"date":"2020-07-03T15:07:06","date_gmt":"2020-07-03T18:07:06","guid":{"rendered":"http:\/\/verdadeon.com.br\/portal\/?p=8493"},"modified":"2020-07-03T15:07:06","modified_gmt":"2020-07-03T18:07:06","slug":"bolsonaro-sanciona-lei-que-torna-obrigatorio-o-uso-de-mascara","status":"publish","type":"post","link":"https:\/\/verdadeon.com.br\/portal\/2020\/07\/03\/bolsonaro-sanciona-lei-que-torna-obrigatorio-o-uso-de-mascara\/","title":{"rendered":"Bolsonaro sanciona lei que torna obrigat\u00f3rio o uso de m\u00e1scara"},"content":{"rendered":"<h2>Medida foi publicada hoje no Di\u00e1rio Oficial da Uni\u00e3o<\/h2>\n<p>O presidente Jair Bolsonaro sancionou a lei que torna obrigat\u00f3rio o uso de m\u00e1scaras de prote\u00e7\u00e3o individual em espa\u00e7os p\u00fablicos e privados, mas acess\u00edveis ao p\u00fablico, durante a pandemia de covid-19. A Lei n\u00ba 14.019\/2020 foi publicada hoje (3) no Di\u00e1rio Oficial da Uni\u00e3o e diz que as m\u00e1scaras podem ser artesanais ou industriais.<\/p>\n<p>A obriga\u00e7\u00e3o, entretanto, n\u00e3o se aplica a \u00f3rg\u00e3os e entidades p\u00fablicos. Esse e outros dispositivos foram vetados pelo presidente, que justificou que a medida criaria obriga\u00e7\u00e3o ao Poder Executivo e despesa obrigat\u00f3ria sem a indica\u00e7\u00e3o da fonte dos recursos.<\/p>\n<p>Pelo texto publicado no Di\u00e1rio Oficial, a obrigatoriedade do uso da prote\u00e7\u00e3o facial engloba vias p\u00fablicas e transportes p\u00fablicos coletivos, como \u00f4nibus e metr\u00f4, bem como em t\u00e1xis e carros de aplicativos, \u00f4nibus, aeronaves ou embarca\u00e7\u00f5es de uso coletivo fretados.<\/p>\n<p>De acordo com a nova lei, as concession\u00e1rias e empresas de transporte p\u00fablico dever\u00e3o atuar com o poder p\u00fablico na fiscaliza\u00e7\u00e3o do cumprimento das normas, podendo inclusive vedar a entrada de passageiros sem m\u00e1scaras nos terminais e meios de transporte. O n\u00e3o uso do equipamento de prote\u00e7\u00e3o individual acarretar\u00e1 multa estabelecida pelos estados ou munic\u00edpios. Atualmente, diversas cidades j\u00e1 t\u00eam adotado o uso obrigat\u00f3rio de m\u00e1scaras, em leis de alcance local.<\/p>\n<p>Os \u00f3rg\u00e3os e entidades p\u00fablicos, concession\u00e1rias de servi\u00e7os p\u00fablicos, como transporte, e o setor privado de bens e servi\u00e7os dever\u00e3o adotar medidas de higieniza\u00e7\u00e3o em locais de circula\u00e7\u00e3o de pessoas e no interior de ve\u00edculos, disponibilizando produtos saneantes aos usu\u00e1rios, como \u00e1lcool em gel.<\/p>\n<p>O texto prev\u00ea que pessoas com transtorno do espectro autista, com defici\u00eancia intelectual, com defici\u00eancias sensoriais ou com quaisquer outras defici\u00eancias que as impe\u00e7am de fazer o uso adequado de m\u00e1scara de prote\u00e7\u00e3o facial estar\u00e3o dispensadas da obriga\u00e7\u00e3o do uso, assim como crian\u00e7as com menos de 3 anos. Para isso, eles devem portar declara\u00e7\u00e3o m\u00e9dica, que poder\u00e1 ser obtida por meio digital.<\/p>\n<p>Vetos<\/p>\n<p>O presidente Bolsonaro vetou ao todo 17 dispositivos do texto que foi aprovado no Congresso no dia 9 de junho, alegando, entre outras raz\u00f5es, que criariam obriga\u00e7\u00f5es a estados e munic\u00edpios, violando a autonomia dos entes federados, ou despesas obrigat\u00f3rias ao poder p\u00fablico sem indicar a fonte dos recursos e impacto or\u00e7ament\u00e1rio. As raz\u00f5es dos vetos, que tamb\u00e9m foram publicadas no Di\u00e1rio Oficial da Uni\u00e3o, ser\u00e3o agora analisadas pelos parlamentares.<\/p>\n<p>Um dos trechos vetados diz respeito ao uso obrigat\u00f3rio de m\u00e1scara em \u201cestabelecimentos comerciais e industriais, templos religiosos, estabelecimentos de ensino e demais locais fechados em que haja reuni\u00e3o de pessoas\u201d. Em mensagem ao Congresso, a Presid\u00eancia explicou que a express\u00e3o \u201cdemais locais fechados\u201d \u00e9 uma \u201cposs\u00edvel viola\u00e7\u00e3o de domic\u00edlio por abarcar conceito abrangente de locais n\u00e3o abertos ao p\u00fablico\u201d. Como n\u00e3o h\u00e1 possibilidade de vetar palavras ou trechos, o presidente vetou o dispositivo todo.<\/p>\n<p>Tamb\u00e9m foi vetada a proibi\u00e7\u00e3o da aplica\u00e7\u00e3o da multa pelo n\u00e3o uso da m\u00e1scara \u00e0 popula\u00e7\u00e3o economicamente vulner\u00e1vel. Para a Presid\u00eancia, ao prever tal exce\u00e7\u00e3o, mesmo sendo compreens\u00edvel as raz\u00f5es, \u201co dispositivo criava uma autoriza\u00e7\u00e3o para a n\u00e3o utiliza\u00e7\u00e3o do equipamento de prote\u00e7\u00e3o, sendo que todos s\u00e3o capazes de contrair e transmitir o v\u00edrus, independentemente de sua condi\u00e7\u00e3o social\u201d.<\/p>\n<p>A proposta aprovada pelo Parlamento tamb\u00e9m previa a obrigatoriedade do poder p\u00fablico de fornecer m\u00e1scaras \u00e0 popula\u00e7\u00e3o economicamente vulner\u00e1vel, por meio da rede Farm\u00e1cia Popular do Brasil. Al\u00e9m de criar despesa obrigat\u00f3rio, de acordo com a Presid\u00eancia, \u201ctal medida contrariava o interesse p\u00fablico em raz\u00e3o do referido equipamento de prote\u00e7\u00e3o individual n\u00e3o ter rela\u00e7\u00e3o com o Programa Farm\u00e1cia Popular do Brasil\u201d.<\/p>\n<p>Fonte: Andreia Verd\u00e9lio \u2013 Rep\u00f3rter da Ag\u00eancia Brasil<\/p>\n","protected":false},"excerpt":{"rendered":"<p>Medida foi publicada hoje no Di\u00e1rio Oficial da Uni\u00e3o O presidente Jair Bolsonaro sancionou a lei que torna obrigat\u00f3rio o uso de m\u00e1scaras de prote\u00e7\u00e3o individual<span class=\"excerpt-hellip\"> [\u2026]<\/span><\/p>\n","protected":false},"author":10,"featured_media":8502,"comment_status":"open","ping_status":"open","sticky":false,"template":"","format":"standard","meta":{"_jetpack_memberships_contains_paid_content":false,"footnotes":"","jetpack_publicize_message":"","jetpack_publicize_feature_enabled":true,"jetpack_social_post_already_shared":false,"jetpack_social_options":{"image_generator_settings":{"template":"highway","default_image_id":0,"enabled":false},"version":2}},"categories":[53,44],"tags":[],"class_list":["post-8493","post","type-post","status-publish","format-standard","has-post-thumbnail","hentry","category-brasil","category-noticias"],"yoast_head":"<!-- This site is optimized with the Yoast SEO plugin v25.6 - https:\/\/yoast.com\/wordpress\/plugins\/seo\/ -->\n<title>Bolsonaro sanciona lei que torna obrigat\u00f3rio o uso de m\u00e1scara - VerdadeOn<\/title>\n<meta name=\"robots\" content=\"index, follow, max-snippet:-1, max-image-preview:large, max-video-preview:-1\" \/>\n<link rel=\"canonical\" href=\"https:\/\/verdadeon.com.br\/portal\/2020\/07\/03\/bolsonaro-sanciona-lei-que-torna-obrigatorio-o-uso-de-mascara\/\" \/>\n<meta property=\"og:locale\" content=\"pt_BR\" \/>\n<meta property=\"og:type\" content=\"article\" \/>\n<meta property=\"og:title\" content=\"Bolsonaro sanciona lei que torna obrigat\u00f3rio o uso de m\u00e1scara - VerdadeOn\" \/>\n<meta property=\"og:description\" content=\"Medida foi publicada hoje no Di\u00e1rio Oficial da Uni\u00e3o O presidente Jair Bolsonaro sancionou a lei que torna obrigat\u00f3rio o uso de m\u00e1scaras de prote\u00e7\u00e3o individual [\u2026]\" \/>\n<meta property=\"og:url\" content=\"https:\/\/verdadeon.com.br\/portal\/2020\/07\/03\/bolsonaro-sanciona-lei-que-torna-obrigatorio-o-uso-de-mascara\/\" \/>\n<meta property=\"og:site_name\" content=\"VerdadeOn\" \/>\n<meta property=\"article:published_time\" content=\"2020-07-03T18:07:06+00:00\" \/>\n<meta property=\"og:image\" content=\"https:\/\/verdadeon.com.br\/portal\/wp-content\/uploads\/2020\/07\/WhatsApp-Image-2020-07-03-at-14.42.45.jpeg\" \/>\n\t<meta property=\"og:image:width\" content=\"1000\" \/>\n\t<meta property=\"og:image:height\" content=\"670\" \/>\n\t<meta property=\"og:image:type\" content=\"image\/jpeg\" \/>\n<meta name=\"author\" content=\"Redacao VerdadeOn\" \/>\n<meta name=\"twitter:card\" content=\"summary_large_image\" \/>\n<meta name=\"twitter:label1\" content=\"Escrito por\" \/>\n\t<meta name=\"twitter:data1\" content=\"Redacao VerdadeOn\" \/>\n\t<meta name=\"twitter:label2\" content=\"Est. tempo de leitura\" \/>\n\t<meta name=\"twitter:data2\" content=\"4 minutos\" \/>\n<script type=\"application\/ld+json\" class=\"yoast-schema-graph\">{\"@context\":\"https:\/\/schema.org\",\"@graph\":[{\"@type\":\"WebPage\",\"@id\":\"https:\/\/verdadeon.com.br\/portal\/2020\/07\/03\/bolsonaro-sanciona-lei-que-torna-obrigatorio-o-uso-de-mascara\/\",\"url\":\"https:\/\/verdadeon.com.br\/portal\/2020\/07\/03\/bolsonaro-sanciona-lei-que-torna-obrigatorio-o-uso-de-mascara\/\",\"name\":\"Bolsonaro sanciona lei que torna obrigat\u00f3rio o uso de m\u00e1scara - VerdadeOn\",\"isPartOf\":{\"@id\":\"https:\/\/verdadeon.com.br\/portal\/#website\"},\"primaryImageOfPage\":{\"@id\":\"https:\/\/verdadeon.com.br\/portal\/2020\/07\/03\/bolsonaro-sanciona-lei-que-torna-obrigatorio-o-uso-de-mascara\/#primaryimage\"},\"image\":{\"@id\":\"https:\/\/verdadeon.com.br\/portal\/2020\/07\/03\/bolsonaro-sanciona-lei-que-torna-obrigatorio-o-uso-de-mascara\/#primaryimage\"},\"thumbnailUrl\":\"https:\/\/i0.wp.com\/verdadeon.com.br\/portal\/wp-content\/uploads\/2020\/07\/WhatsApp-Image-2020-07-03-at-14.42.45.jpeg?fit=1000%2C670&ssl=1\",\"datePublished\":\"2020-07-03T18:07:06+00:00\",\"author\":{\"@id\":\"https:\/\/verdadeon.com.br\/portal\/#\/schema\/person\/a5060ad1e9ea3df545188fc93ce43d2f\"},\"breadcrumb\":{\"@id\":\"https:\/\/verdadeon.com.br\/portal\/2020\/07\/03\/bolsonaro-sanciona-lei-que-torna-obrigatorio-o-uso-de-mascara\/#breadcrumb\"},\"inLanguage\":\"pt-BR\",\"potentialAction\":[{\"@type\":\"ReadAction\",\"target\":[\"https:\/\/verdadeon.com.br\/portal\/2020\/07\/03\/bolsonaro-sanciona-lei-que-torna-obrigatorio-o-uso-de-mascara\/\"]}]},{\"@type\":\"ImageObject\",\"inLanguage\":\"pt-BR\",\"@id\":\"https:\/\/verdadeon.com.br\/portal\/2020\/07\/03\/bolsonaro-sanciona-lei-que-torna-obrigatorio-o-uso-de-mascara\/#primaryimage\",\"url\":\"https:\/\/i0.wp.com\/verdadeon.com.br\/portal\/wp-content\/uploads\/2020\/07\/WhatsApp-Image-2020-07-03-at-14.42.45.jpeg?fit=1000%2C670&ssl=1\",\"contentUrl\":\"https:\/\/i0.wp.com\/verdadeon.com.br\/portal\/wp-content\/uploads\/2020\/07\/WhatsApp-Image-2020-07-03-at-14.42.45.jpeg?fit=1000%2C670&ssl=1\",\"width\":1000,\"height\":670,\"caption\":\"Pelo texto publicado no Di\u00e1rio Oficial, a obrigatoriedade do uso da prote\u00e7\u00e3o facial engloba vias p\u00fablicas e transportes p\u00fablicos coletivos | Foto: Marcello Casal\/Ag\u00eancia Brasil\"},{\"@type\":\"BreadcrumbList\",\"@id\":\"https:\/\/verdadeon.com.br\/portal\/2020\/07\/03\/bolsonaro-sanciona-lei-que-torna-obrigatorio-o-uso-de-mascara\/#breadcrumb\",\"itemListElement\":[{\"@type\":\"ListItem\",\"position\":1,\"name\":\"In\u00edcio\",\"item\":\"https:\/\/verdadeon.com.br\/portal\/\"},{\"@type\":\"ListItem\",\"position\":2,\"name\":\"Bolsonaro sanciona lei que torna obrigat\u00f3rio o uso de m\u00e1scara\"}]},{\"@type\":\"WebSite\",\"@id\":\"https:\/\/verdadeon.com.br\/portal\/#website\",\"url\":\"https:\/\/verdadeon.com.br\/portal\/\",\"name\":\"VerdadeOn\",\"description\":\"Not\u00edcias di\u00e1rias sobre Franca, Regi\u00e3o, Esporte, Cultura, Cotidiano, Colunas. Cobertura nos principais eventos da cidade \u00e9 aqui - Verdadeon Franca\",\"potentialAction\":[{\"@type\":\"SearchAction\",\"target\":{\"@type\":\"EntryPoint\",\"urlTemplate\":\"https:\/\/verdadeon.com.br\/portal\/?s={search_term_string}\"},\"query-input\":{\"@type\":\"PropertyValueSpecification\",\"valueRequired\":true,\"valueName\":\"search_term_string\"}}],\"inLanguage\":\"pt-BR\"},{\"@type\":\"Person\",\"@id\":\"https:\/\/verdadeon.com.br\/portal\/#\/schema\/person\/a5060ad1e9ea3df545188fc93ce43d2f\",\"name\":\"Redacao VerdadeOn\",\"image\":{\"@type\":\"ImageObject\",\"inLanguage\":\"pt-BR\",\"@id\":\"https:\/\/verdadeon.com.br\/portal\/#\/schema\/person\/image\/\",\"url\":\"https:\/\/secure.gravatar.com\/avatar\/459a9613caaaf07f582c3d0841eea68bdd66f533e465e6ba8b9cb45619572cf4?s=96&d=mm&r=g\",\"contentUrl\":\"https:\/\/secure.gravatar.com\/avatar\/459a9613caaaf07f582c3d0841eea68bdd66f533e465e6ba8b9cb45619572cf4?s=96&d=mm&r=g\",\"caption\":\"Redacao VerdadeOn\"},\"url\":\"https:\/\/verdadeon.com.br\/portal\/author\/redacao\/\"}]}<\/script>\n<!-- \/ Yoast SEO plugin. -->","yoast_head_json":{"title":"Bolsonaro sanciona lei que torna obrigat\u00f3rio o uso de m\u00e1scara - VerdadeOn","robots":{"index":"index","follow":"follow","max-snippet":"max-snippet:-1","max-image-preview":"max-image-preview:large","max-video-preview":"max-video-preview:-1"},"canonical":"https:\/\/verdadeon.com.br\/portal\/2020\/07\/03\/bolsonaro-sanciona-lei-que-torna-obrigatorio-o-uso-de-mascara\/","og_locale":"pt_BR","og_type":"article","og_title":"Bolsonaro sanciona lei que torna obrigat\u00f3rio o uso de m\u00e1scara - VerdadeOn","og_description":"Medida foi publicada hoje no Di\u00e1rio Oficial da Uni\u00e3o O presidente Jair Bolsonaro sancionou a lei que torna obrigat\u00f3rio o uso de m\u00e1scaras de prote\u00e7\u00e3o individual [\u2026]","og_url":"https:\/\/verdadeon.com.br\/portal\/2020\/07\/03\/bolsonaro-sanciona-lei-que-torna-obrigatorio-o-uso-de-mascara\/","og_site_name":"VerdadeOn","article_published_time":"2020-07-03T18:07:06+00:00","og_image":[{"width":1000,"height":670,"url":"https:\/\/verdadeon.com.br\/portal\/wp-content\/uploads\/2020\/07\/WhatsApp-Image-2020-07-03-at-14.42.45.jpeg","type":"image\/jpeg"}],"author":"Redacao VerdadeOn","twitter_card":"summary_large_image","twitter_misc":{"Escrito por":"Redacao VerdadeOn","Est. tempo de leitura":"4 minutos"},"schema":{"@context":"https:\/\/schema.org","@graph":[{"@type":"WebPage","@id":"https:\/\/verdadeon.com.br\/portal\/2020\/07\/03\/bolsonaro-sanciona-lei-que-torna-obrigatorio-o-uso-de-mascara\/","url":"https:\/\/verdadeon.com.br\/portal\/2020\/07\/03\/bolsonaro-sanciona-lei-que-torna-obrigatorio-o-uso-de-mascara\/","name":"Bolsonaro sanciona lei que torna obrigat\u00f3rio o uso de m\u00e1scara - VerdadeOn","isPartOf":{"@id":"https:\/\/verdadeon.com.br\/portal\/#website"},"primaryImageOfPage":{"@id":"https:\/\/verdadeon.com.br\/portal\/2020\/07\/03\/bolsonaro-sanciona-lei-que-torna-obrigatorio-o-uso-de-mascara\/#primaryimage"},"image":{"@id":"https:\/\/verdadeon.com.br\/portal\/2020\/07\/03\/bolsonaro-sanciona-lei-que-torna-obrigatorio-o-uso-de-mascara\/#primaryimage"},"thumbnailUrl":"https:\/\/i0.wp.com\/verdadeon.com.br\/portal\/wp-content\/uploads\/2020\/07\/WhatsApp-Image-2020-07-03-at-14.42.45.jpeg?fit=1000%2C670&ssl=1","datePublished":"2020-07-03T18:07:06+00:00","author":{"@id":"https:\/\/verdadeon.com.br\/portal\/#\/schema\/person\/a5060ad1e9ea3df545188fc93ce43d2f"},"breadcrumb":{"@id":"https:\/\/verdadeon.com.br\/portal\/2020\/07\/03\/bolsonaro-sanciona-lei-que-torna-obrigatorio-o-uso-de-mascara\/#breadcrumb"},"inLanguage":"pt-BR","potentialAction":[{"@type":"ReadAction","target":["https:\/\/verdadeon.com.br\/portal\/2020\/07\/03\/bolsonaro-sanciona-lei-que-torna-obrigatorio-o-uso-de-mascara\/"]}]},{"@type":"ImageObject","inLanguage":"pt-BR","@id":"https:\/\/verdadeon.com.br\/portal\/2020\/07\/03\/bolsonaro-sanciona-lei-que-torna-obrigatorio-o-uso-de-mascara\/#primaryimage","url":"https:\/\/i0.wp.com\/verdadeon.com.br\/portal\/wp-content\/uploads\/2020\/07\/WhatsApp-Image-2020-07-03-at-14.42.45.jpeg?fit=1000%2C670&ssl=1","contentUrl":"https:\/\/i0.wp.com\/verdadeon.com.br\/portal\/wp-content\/uploads\/2020\/07\/WhatsApp-Image-2020-07-03-at-14.42.45.jpeg?fit=1000%2C670&ssl=1","width":1000,"height":670,"caption":"Pelo texto publicado no Di\u00e1rio Oficial, a obrigatoriedade do uso da prote\u00e7\u00e3o facial engloba vias p\u00fablicas e transportes p\u00fablicos coletivos | Foto: Marcello Casal\/Ag\u00eancia Brasil"},{"@type":"BreadcrumbList","@id":"https:\/\/verdadeon.com.br\/portal\/2020\/07\/03\/bolsonaro-sanciona-lei-que-torna-obrigatorio-o-uso-de-mascara\/#breadcrumb","itemListElement":[{"@type":"ListItem","position":1,"name":"In\u00edcio","item":"https:\/\/verdadeon.com.br\/portal\/"},{"@type":"ListItem","position":2,"name":"Bolsonaro sanciona lei que torna obrigat\u00f3rio o uso de m\u00e1scara"}]},{"@type":"WebSite","@id":"https:\/\/verdadeon.com.br\/portal\/#website","url":"https:\/\/verdadeon.com.br\/portal\/","name":"VerdadeOn","description":"Not\u00edcias di\u00e1rias sobre Franca, Regi\u00e3o, Esporte, Cultura, Cotidiano, Colunas. Cobertura nos principais eventos da cidade \u00e9 aqui - Verdadeon Franca","potentialAction":[{"@type":"SearchAction","target":{"@type":"EntryPoint","urlTemplate":"https:\/\/verdadeon.com.br\/portal\/?s={search_term_string}"},"query-input":{"@type":"PropertyValueSpecification","valueRequired":true,"valueName":"search_term_string"}}],"inLanguage":"pt-BR"},{"@type":"Person","@id":"https:\/\/verdadeon.com.br\/portal\/#\/schema\/person\/a5060ad1e9ea3df545188fc93ce43d2f","name":"Redacao VerdadeOn","image":{"@type":"ImageObject","inLanguage":"pt-BR","@id":"https:\/\/verdadeon.com.br\/portal\/#\/schema\/person\/image\/","url":"https:\/\/secure.gravatar.com\/avatar\/459a9613caaaf07f582c3d0841eea68bdd66f533e465e6ba8b9cb45619572cf4?s=96&d=mm&r=g","contentUrl":"https:\/\/secure.gravatar.com\/avatar\/459a9613caaaf07f582c3d0841eea68bdd66f533e465e6ba8b9cb45619572cf4?s=96&d=mm&r=g","caption":"Redacao VerdadeOn"},"url":"https:\/\/verdadeon.com.br\/portal\/author\/redacao\/"}]}},"jetpack_publicize_connections":[],"jetpack_featured_media_url":"https:\/\/i0.wp.com\/verdadeon.com.br\/portal\/wp-content\/uploads\/2020\/07\/WhatsApp-Image-2020-07-03-at-14.42.45.jpeg?fit=1000%2C670&ssl=1","jetpack_sharing_enabled":true,"_links":{"self":[{"href":"https:\/\/verdadeon.com.br\/portal\/wp-json\/wp\/v2\/posts\/8493","targetHints":{"allow":["GET"]}}],"collection":[{"href":"https:\/\/verdadeon.com.br\/portal\/wp-json\/wp\/v2\/posts"}],"about":[{"href":"https:\/\/verdadeon.com.br\/portal\/wp-json\/wp\/v2\/types\/post"}],"author":[{"embeddable":true,"href":"https:\/\/verdadeon.com.br\/portal\/wp-json\/wp\/v2\/users\/10"}],"replies":[{"embeddable":true,"href":"https:\/\/verdadeon.com.br\/portal\/wp-json\/wp\/v2\/comments?post=8493"}],"version-history":[{"count":0,"href":"https:\/\/verdadeon.com.br\/portal\/wp-json\/wp\/v2\/posts\/8493\/revisions"}],"wp:featuredmedia":[{"embeddable":true,"href":"https:\/\/verdadeon.com.br\/portal\/wp-json\/wp\/v2\/media\/8502"}],"wp:attachment":[{"href":"https:\/\/verdadeon.com.br\/portal\/wp-json\/wp\/v2\/media?parent=8493"}],"wp:term":[{"taxonomy":"category","embeddable":true,"href":"https:\/\/verdadeon.com.br\/portal\/wp-json\/wp\/v2\/categories?post=8493"},{"taxonomy":"post_tag","embeddable":true,"href":"https:\/\/verdadeon.com.br\/portal\/wp-json\/wp\/v2\/tags?post=8493"}],"curies":[{"name":"wp","href":"https:\/\/api.w.org\/{rel}","templated":true}]}}