{"id":8492,"date":"2020-07-03T15:05:48","date_gmt":"2020-07-03T18:05:48","guid":{"rendered":"http:\/\/verdadeon.com.br\/portal\/?p=8492"},"modified":"2020-07-03T15:05:48","modified_gmt":"2020-07-03T18:05:48","slug":"mulher-de-32-anos-e-recebida-com-aplausos-apos-ser-curada-da-covid-19-em-igarapava","status":"publish","type":"post","link":"https:\/\/verdadeon.com.br\/portal\/2020\/07\/03\/mulher-de-32-anos-e-recebida-com-aplausos-apos-ser-curada-da-covid-19-em-igarapava\/","title":{"rendered":"Mulher de 32 anos \u00e9 recebida com aplausos ap\u00f3s ser curada da Covid-19 em Igarapava"},"content":{"rendered":"<h2>Paciente recebeu alta e saiu do hospital na \u00faltima quinta-feira<\/h2>\n<p>Em meio \u00e0 pandemia do novo coronav\u00edrus que tem deixado parte das pessoas em estado de choque por conta da gravidade do problema, not\u00edcias positivas tamb\u00e9m chamam a aten\u00e7\u00e3o. Sempre que um paciente recebe alta ap\u00f3s interna\u00e7\u00e3o \u00e9 motivo de festa. E n\u00e3o \u00e9 para menos. A vit\u00f3ria contra esse problema precisa ser comemorada. Em Igarapava, cidade da regi\u00e3o de Franca, aconteceu nesta semana uma demonstra\u00e7\u00e3o desta forma.<\/p>\n<p>Uma mulher de 32 anos foi liberada da Santa Casa de Miseric\u00f3rdia do munic\u00edpio e recebida com aplausos da equipe do hospital e de familiares. De acordo com as informa\u00e7\u00f5es divulgadas pelo local, ela ficou internada por 11 dias ap\u00f3s ser diagnosticada com a doen\u00e7a.<\/p>\n<p>O v\u00edrus afetou a mulher de forma agressiva e, por conta disso, ela precisou receber todos os cuidados realizados pela equipe de profissionais do hospital. At\u00e9 por isso, ap\u00f3s a libera\u00e7\u00e3o, ela saiu emocionada da Santa Casa.<\/p>\n<p>Igarapava tem at\u00e9 o momento, segundo o boletim epidemiol\u00f3gico divulgado pela Secretaria de Sa\u00fade, 43 pessoas contaminadas com o v\u00edrus. Destes, 21 j\u00e1 est\u00e3o recuperados. Al\u00e9m dos casos positivos, 28 pessoas seguem com suspeita e dois \u00f3bitos j\u00e1 foram registrados.<\/p>\n<p>&nbsp;<\/p>\n<p><iframe loading=\"lazy\" src=\"https:\/\/www.youtube.com\/embed\/RJ8JnCoEFfU\" width=\"560\" height=\"315\" frameborder=\"0\" allowfullscreen=\"allowfullscreen\"><\/iframe><\/p>\n","protected":false},"excerpt":{"rendered":"<p>Paciente recebeu alta e saiu do hospital na \u00faltima quinta-feira Em meio \u00e0 pandemia do novo coronav\u00edrus que tem deixado parte das pessoas em estado de<span class=\"excerpt-hellip\"> [\u2026]<\/span><\/p>\n","protected":false},"author":10,"featured_media":8501,"comment_status":"open","ping_status":"open","sticky":false,"template":"","format":"standard","meta":{"_jetpack_memberships_contains_paid_content":false,"footnotes":"","jetpack_publicize_message":"","jetpack_publicize_feature_enabled":true,"jetpack_social_post_already_shared":false,"jetpack_social_options":{"image_generator_settings":{"template":"highway","default_image_id":0,"enabled":false},"version":2}},"categories":[28,81],"tags":[],"class_list":["post-8492","post","type-post","status-publish","format-standard","has-post-thumbnail","hentry","category-cotidiano","category-manchete"],"yoast_head":"<!-- This site is optimized with the Yoast SEO plugin v25.6 - https:\/\/yoast.com\/wordpress\/plugins\/seo\/ -->\n<title>Mulher de 32 anos \u00e9 recebida com aplausos ap\u00f3s ser curada da Covid-19 em Igarapava - VerdadeOn<\/title>\n<meta name=\"robots\" content=\"index, follow, max-snippet:-1, max-image-preview:large, max-video-preview:-1\" \/>\n<link rel=\"canonical\" href=\"https:\/\/verdadeon.com.br\/portal\/2020\/07\/03\/mulher-de-32-anos-e-recebida-com-aplausos-apos-ser-curada-da-covid-19-em-igarapava\/\" \/>\n<meta property=\"og:locale\" content=\"pt_BR\" \/>\n<meta property=\"og:type\" content=\"article\" \/>\n<meta property=\"og:title\" content=\"Mulher de 32 anos \u00e9 recebida com aplausos ap\u00f3s ser curada da Covid-19 em Igarapava - VerdadeOn\" \/>\n<meta property=\"og:description\" content=\"Paciente recebeu alta e saiu do hospital na \u00faltima quinta-feira Em meio \u00e0 pandemia do novo coronav\u00edrus que tem deixado parte das pessoas em estado de [\u2026]\" \/>\n<meta property=\"og:url\" content=\"https:\/\/verdadeon.com.br\/portal\/2020\/07\/03\/mulher-de-32-anos-e-recebida-com-aplausos-apos-ser-curada-da-covid-19-em-igarapava\/\" \/>\n<meta property=\"og:site_name\" content=\"VerdadeOn\" \/>\n<meta property=\"article:published_time\" content=\"2020-07-03T18:05:48+00:00\" \/>\n<meta property=\"og:image\" content=\"https:\/\/verdadeon.com.br\/portal\/wp-content\/uploads\/2020\/07\/WhatsApp-Image-2020-07-03-at-14.37.08.jpeg\" \/>\n\t<meta property=\"og:image:width\" content=\"1000\" \/>\n\t<meta property=\"og:image:height\" content=\"670\" \/>\n\t<meta property=\"og:image:type\" content=\"image\/jpeg\" \/>\n<meta name=\"author\" content=\"Redacao VerdadeOn\" \/>\n<meta name=\"twitter:card\" content=\"summary_large_image\" \/>\n<meta name=\"twitter:label1\" content=\"Escrito por\" \/>\n\t<meta name=\"twitter:data1\" content=\"Redacao VerdadeOn\" \/>\n\t<meta name=\"twitter:label2\" content=\"Est. tempo de leitura\" \/>\n\t<meta name=\"twitter:data2\" content=\"1 minuto\" \/>\n<script type=\"application\/ld+json\" class=\"yoast-schema-graph\">{\"@context\":\"https:\/\/schema.org\",\"@graph\":[{\"@type\":\"WebPage\",\"@id\":\"https:\/\/verdadeon.com.br\/portal\/2020\/07\/03\/mulher-de-32-anos-e-recebida-com-aplausos-apos-ser-curada-da-covid-19-em-igarapava\/\",\"url\":\"https:\/\/verdadeon.com.br\/portal\/2020\/07\/03\/mulher-de-32-anos-e-recebida-com-aplausos-apos-ser-curada-da-covid-19-em-igarapava\/\",\"name\":\"Mulher de 32 anos \u00e9 recebida com aplausos ap\u00f3s ser curada da Covid-19 em Igarapava - VerdadeOn\",\"isPartOf\":{\"@id\":\"https:\/\/verdadeon.com.br\/portal\/#website\"},\"primaryImageOfPage\":{\"@id\":\"https:\/\/verdadeon.com.br\/portal\/2020\/07\/03\/mulher-de-32-anos-e-recebida-com-aplausos-apos-ser-curada-da-covid-19-em-igarapava\/#primaryimage\"},\"image\":{\"@id\":\"https:\/\/verdadeon.com.br\/portal\/2020\/07\/03\/mulher-de-32-anos-e-recebida-com-aplausos-apos-ser-curada-da-covid-19-em-igarapava\/#primaryimage\"},\"thumbnailUrl\":\"https:\/\/i0.wp.com\/verdadeon.com.br\/portal\/wp-content\/uploads\/2020\/07\/WhatsApp-Image-2020-07-03-at-14.37.08.jpeg?fit=1000%2C670&ssl=1\",\"datePublished\":\"2020-07-03T18:05:48+00:00\",\"author\":{\"@id\":\"https:\/\/verdadeon.com.br\/portal\/#\/schema\/person\/a5060ad1e9ea3df545188fc93ce43d2f\"},\"breadcrumb\":{\"@id\":\"https:\/\/verdadeon.com.br\/portal\/2020\/07\/03\/mulher-de-32-anos-e-recebida-com-aplausos-apos-ser-curada-da-covid-19-em-igarapava\/#breadcrumb\"},\"inLanguage\":\"pt-BR\",\"potentialAction\":[{\"@type\":\"ReadAction\",\"target\":[\"https:\/\/verdadeon.com.br\/portal\/2020\/07\/03\/mulher-de-32-anos-e-recebida-com-aplausos-apos-ser-curada-da-covid-19-em-igarapava\/\"]}]},{\"@type\":\"ImageObject\",\"inLanguage\":\"pt-BR\",\"@id\":\"https:\/\/verdadeon.com.br\/portal\/2020\/07\/03\/mulher-de-32-anos-e-recebida-com-aplausos-apos-ser-curada-da-covid-19-em-igarapava\/#primaryimage\",\"url\":\"https:\/\/i0.wp.com\/verdadeon.com.br\/portal\/wp-content\/uploads\/2020\/07\/WhatsApp-Image-2020-07-03-at-14.37.08.jpeg?fit=1000%2C670&ssl=1\",\"contentUrl\":\"https:\/\/i0.wp.com\/verdadeon.com.br\/portal\/wp-content\/uploads\/2020\/07\/WhatsApp-Image-2020-07-03-at-14.37.08.jpeg?fit=1000%2C670&ssl=1\",\"width\":1000,\"height\":670,\"caption\":\"V\u00eddeo da sa\u00edda da mulher registra momento de felicidade na Santa Casa de Igarapava | Foto: Divulga\u00e7\u00e3o\"},{\"@type\":\"BreadcrumbList\",\"@id\":\"https:\/\/verdadeon.com.br\/portal\/2020\/07\/03\/mulher-de-32-anos-e-recebida-com-aplausos-apos-ser-curada-da-covid-19-em-igarapava\/#breadcrumb\",\"itemListElement\":[{\"@type\":\"ListItem\",\"position\":1,\"name\":\"In\u00edcio\",\"item\":\"https:\/\/verdadeon.com.br\/portal\/\"},{\"@type\":\"ListItem\",\"position\":2,\"name\":\"Mulher de 32 anos \u00e9 recebida com aplausos ap\u00f3s ser curada da Covid-19 em Igarapava\"}]},{\"@type\":\"WebSite\",\"@id\":\"https:\/\/verdadeon.com.br\/portal\/#website\",\"url\":\"https:\/\/verdadeon.com.br\/portal\/\",\"name\":\"VerdadeOn\",\"description\":\"Not\u00edcias di\u00e1rias sobre Franca, Regi\u00e3o, Esporte, Cultura, Cotidiano, Colunas. Cobertura nos principais eventos da cidade \u00e9 aqui - Verdadeon Franca\",\"potentialAction\":[{\"@type\":\"SearchAction\",\"target\":{\"@type\":\"EntryPoint\",\"urlTemplate\":\"https:\/\/verdadeon.com.br\/portal\/?s={search_term_string}\"},\"query-input\":{\"@type\":\"PropertyValueSpecification\",\"valueRequired\":true,\"valueName\":\"search_term_string\"}}],\"inLanguage\":\"pt-BR\"},{\"@type\":\"Person\",\"@id\":\"https:\/\/verdadeon.com.br\/portal\/#\/schema\/person\/a5060ad1e9ea3df545188fc93ce43d2f\",\"name\":\"Redacao VerdadeOn\",\"image\":{\"@type\":\"ImageObject\",\"inLanguage\":\"pt-BR\",\"@id\":\"https:\/\/verdadeon.com.br\/portal\/#\/schema\/person\/image\/\",\"url\":\"https:\/\/secure.gravatar.com\/avatar\/459a9613caaaf07f582c3d0841eea68bdd66f533e465e6ba8b9cb45619572cf4?s=96&d=mm&r=g\",\"contentUrl\":\"https:\/\/secure.gravatar.com\/avatar\/459a9613caaaf07f582c3d0841eea68bdd66f533e465e6ba8b9cb45619572cf4?s=96&d=mm&r=g\",\"caption\":\"Redacao VerdadeOn\"},\"url\":\"https:\/\/verdadeon.com.br\/portal\/author\/redacao\/\"}]}<\/script>\n<!-- \/ Yoast SEO plugin. -->","yoast_head_json":{"title":"Mulher de 32 anos \u00e9 recebida com aplausos ap\u00f3s ser curada da Covid-19 em Igarapava - VerdadeOn","robots":{"index":"index","follow":"follow","max-snippet":"max-snippet:-1","max-image-preview":"max-image-preview:large","max-video-preview":"max-video-preview:-1"},"canonical":"https:\/\/verdadeon.com.br\/portal\/2020\/07\/03\/mulher-de-32-anos-e-recebida-com-aplausos-apos-ser-curada-da-covid-19-em-igarapava\/","og_locale":"pt_BR","og_type":"article","og_title":"Mulher de 32 anos \u00e9 recebida com aplausos ap\u00f3s ser curada da Covid-19 em Igarapava - VerdadeOn","og_description":"Paciente recebeu alta e saiu do hospital na \u00faltima quinta-feira Em meio \u00e0 pandemia do novo coronav\u00edrus que tem deixado parte das pessoas em estado de [\u2026]","og_url":"https:\/\/verdadeon.com.br\/portal\/2020\/07\/03\/mulher-de-32-anos-e-recebida-com-aplausos-apos-ser-curada-da-covid-19-em-igarapava\/","og_site_name":"VerdadeOn","article_published_time":"2020-07-03T18:05:48+00:00","og_image":[{"width":1000,"height":670,"url":"https:\/\/verdadeon.com.br\/portal\/wp-content\/uploads\/2020\/07\/WhatsApp-Image-2020-07-03-at-14.37.08.jpeg","type":"image\/jpeg"}],"author":"Redacao VerdadeOn","twitter_card":"summary_large_image","twitter_misc":{"Escrito por":"Redacao VerdadeOn","Est. tempo de leitura":"1 minuto"},"schema":{"@context":"https:\/\/schema.org","@graph":[{"@type":"WebPage","@id":"https:\/\/verdadeon.com.br\/portal\/2020\/07\/03\/mulher-de-32-anos-e-recebida-com-aplausos-apos-ser-curada-da-covid-19-em-igarapava\/","url":"https:\/\/verdadeon.com.br\/portal\/2020\/07\/03\/mulher-de-32-anos-e-recebida-com-aplausos-apos-ser-curada-da-covid-19-em-igarapava\/","name":"Mulher de 32 anos \u00e9 recebida com aplausos ap\u00f3s ser curada da Covid-19 em Igarapava - VerdadeOn","isPartOf":{"@id":"https:\/\/verdadeon.com.br\/portal\/#website"},"primaryImageOfPage":{"@id":"https:\/\/verdadeon.com.br\/portal\/2020\/07\/03\/mulher-de-32-anos-e-recebida-com-aplausos-apos-ser-curada-da-covid-19-em-igarapava\/#primaryimage"},"image":{"@id":"https:\/\/verdadeon.com.br\/portal\/2020\/07\/03\/mulher-de-32-anos-e-recebida-com-aplausos-apos-ser-curada-da-covid-19-em-igarapava\/#primaryimage"},"thumbnailUrl":"https:\/\/i0.wp.com\/verdadeon.com.br\/portal\/wp-content\/uploads\/2020\/07\/WhatsApp-Image-2020-07-03-at-14.37.08.jpeg?fit=1000%2C670&ssl=1","datePublished":"2020-07-03T18:05:48+00:00","author":{"@id":"https:\/\/verdadeon.com.br\/portal\/#\/schema\/person\/a5060ad1e9ea3df545188fc93ce43d2f"},"breadcrumb":{"@id":"https:\/\/verdadeon.com.br\/portal\/2020\/07\/03\/mulher-de-32-anos-e-recebida-com-aplausos-apos-ser-curada-da-covid-19-em-igarapava\/#breadcrumb"},"inLanguage":"pt-BR","potentialAction":[{"@type":"ReadAction","target":["https:\/\/verdadeon.com.br\/portal\/2020\/07\/03\/mulher-de-32-anos-e-recebida-com-aplausos-apos-ser-curada-da-covid-19-em-igarapava\/"]}]},{"@type":"ImageObject","inLanguage":"pt-BR","@id":"https:\/\/verdadeon.com.br\/portal\/2020\/07\/03\/mulher-de-32-anos-e-recebida-com-aplausos-apos-ser-curada-da-covid-19-em-igarapava\/#primaryimage","url":"https:\/\/i0.wp.com\/verdadeon.com.br\/portal\/wp-content\/uploads\/2020\/07\/WhatsApp-Image-2020-07-03-at-14.37.08.jpeg?fit=1000%2C670&ssl=1","contentUrl":"https:\/\/i0.wp.com\/verdadeon.com.br\/portal\/wp-content\/uploads\/2020\/07\/WhatsApp-Image-2020-07-03-at-14.37.08.jpeg?fit=1000%2C670&ssl=1","width":1000,"height":670,"caption":"V\u00eddeo da sa\u00edda da mulher registra momento de felicidade na Santa Casa de Igarapava | Foto: Divulga\u00e7\u00e3o"},{"@type":"BreadcrumbList","@id":"https:\/\/verdadeon.com.br\/portal\/2020\/07\/03\/mulher-de-32-anos-e-recebida-com-aplausos-apos-ser-curada-da-covid-19-em-igarapava\/#breadcrumb","itemListElement":[{"@type":"ListItem","position":1,"name":"In\u00edcio","item":"https:\/\/verdadeon.com.br\/portal\/"},{"@type":"ListItem","position":2,"name":"Mulher de 32 anos \u00e9 recebida com aplausos ap\u00f3s ser curada da Covid-19 em Igarapava"}]},{"@type":"WebSite","@id":"https:\/\/verdadeon.com.br\/portal\/#website","url":"https:\/\/verdadeon.com.br\/portal\/","name":"VerdadeOn","description":"Not\u00edcias di\u00e1rias sobre Franca, Regi\u00e3o, Esporte, Cultura, Cotidiano, Colunas. Cobertura nos principais eventos da cidade \u00e9 aqui - Verdadeon Franca","potentialAction":[{"@type":"SearchAction","target":{"@type":"EntryPoint","urlTemplate":"https:\/\/verdadeon.com.br\/portal\/?s={search_term_string}"},"query-input":{"@type":"PropertyValueSpecification","valueRequired":true,"valueName":"search_term_string"}}],"inLanguage":"pt-BR"},{"@type":"Person","@id":"https:\/\/verdadeon.com.br\/portal\/#\/schema\/person\/a5060ad1e9ea3df545188fc93ce43d2f","name":"Redacao VerdadeOn","image":{"@type":"ImageObject","inLanguage":"pt-BR","@id":"https:\/\/verdadeon.com.br\/portal\/#\/schema\/person\/image\/","url":"https:\/\/secure.gravatar.com\/avatar\/459a9613caaaf07f582c3d0841eea68bdd66f533e465e6ba8b9cb45619572cf4?s=96&d=mm&r=g","contentUrl":"https:\/\/secure.gravatar.com\/avatar\/459a9613caaaf07f582c3d0841eea68bdd66f533e465e6ba8b9cb45619572cf4?s=96&d=mm&r=g","caption":"Redacao VerdadeOn"},"url":"https:\/\/verdadeon.com.br\/portal\/author\/redacao\/"}]}},"jetpack_publicize_connections":[],"jetpack_featured_media_url":"https:\/\/i0.wp.com\/verdadeon.com.br\/portal\/wp-content\/uploads\/2020\/07\/WhatsApp-Image-2020-07-03-at-14.37.08.jpeg?fit=1000%2C670&ssl=1","jetpack_sharing_enabled":true,"_links":{"self":[{"href":"https:\/\/verdadeon.com.br\/portal\/wp-json\/wp\/v2\/posts\/8492","targetHints":{"allow":["GET"]}}],"collection":[{"href":"https:\/\/verdadeon.com.br\/portal\/wp-json\/wp\/v2\/posts"}],"about":[{"href":"https:\/\/verdadeon.com.br\/portal\/wp-json\/wp\/v2\/types\/post"}],"author":[{"embeddable":true,"href":"https:\/\/verdadeon.com.br\/portal\/wp-json\/wp\/v2\/users\/10"}],"replies":[{"embeddable":true,"href":"https:\/\/verdadeon.com.br\/portal\/wp-json\/wp\/v2\/comments?post=8492"}],"version-history":[{"count":0,"href":"https:\/\/verdadeon.com.br\/portal\/wp-json\/wp\/v2\/posts\/8492\/revisions"}],"wp:featuredmedia":[{"embeddable":true,"href":"https:\/\/verdadeon.com.br\/portal\/wp-json\/wp\/v2\/media\/8501"}],"wp:attachment":[{"href":"https:\/\/verdadeon.com.br\/portal\/wp-json\/wp\/v2\/media?parent=8492"}],"wp:term":[{"taxonomy":"category","embeddable":true,"href":"https:\/\/verdadeon.com.br\/portal\/wp-json\/wp\/v2\/categories?post=8492"},{"taxonomy":"post_tag","embeddable":true,"href":"https:\/\/verdadeon.com.br\/portal\/wp-json\/wp\/v2\/tags?post=8492"}],"curies":[{"name":"wp","href":"https:\/\/api.w.org\/{rel}","templated":true}]}}