{"id":8423,"date":"2020-07-01T15:21:18","date_gmt":"2020-07-01T18:21:18","guid":{"rendered":"http:\/\/verdadeon.com.br\/portal\/?p=8423"},"modified":"2020-07-01T15:21:18","modified_gmt":"2020-07-01T18:21:18","slug":"ao-menos-nove-pessoas-morreram-devido-a-ciclone-que-atingiu-regiao-sul","status":"publish","type":"post","link":"https:\/\/verdadeon.com.br\/portal\/2020\/07\/01\/ao-menos-nove-pessoas-morreram-devido-a-ciclone-que-atingiu-regiao-sul\/","title":{"rendered":"Ao menos nove pessoas morreram devido a ciclone que atingiu Regi\u00e3o Sul"},"content":{"rendered":"<h2>Em Santa Catarina, al\u00e9m dos \u00f3bitos, 49 cidades foram afetadas<\/h2>\n<p>Chega a nove o n\u00famero de mortes confirmadas no Sul do Brasil devido \u00e0s consequ\u00eancias de um ciclone extratropical que atingiu a regi\u00e3o na tarde desta ter\u00e7a-feira (30), causando fortes ventos, chuvas, granizo e muitos estragos.<\/p>\n<p>As nove mortes confirmadas aconteceram em Santa Catarina, onde ao menos 49 cidades foram afetadas. Um poss\u00edvel d\u00e9cimo \u00f3bito est\u00e1 sob an\u00e1lise pericial no Rio Grande do Sul. Trata-se de um homem de 53 anos que morreu soterrado ap\u00f3s ser atingido por um deslizamento de terra enquanto trabalhava em uma obra, em Nova Prata.<\/p>\n<p>Segundo a Defesa Civil do Rio Grande do Sul, embora o acidente tenha ocorrido no meio da tarde, quando j\u00e1 chovia forte no estado, ser\u00e1 preciso aguardar o resultado da per\u00edcia para saber o quanto as chuvas de ontem contribu\u00edram para a instabilidade do solo, causando o deslizamento.<\/p>\n<p>Em Santa Catarina, a Defesa Civil j\u00e1 confirmou nove mortes. Tr\u00eas \u00f3bitos foram registrados em Tijucas (3). Os demais em Chapec\u00f3; Santo Amaro da Imperatriz; Governador Celso Ramos; Ilhota; Itai\u00f3polis e Rio dos Cedros. Em Brusque, uma pessoa est\u00e1 desaparecida.<\/p>\n<p>Segundo o governo catarinense, mais de mil bombeiros est\u00e3o atendendo ocorr\u00eancias, especialmente relacionadas a quedas de \u00e1rvores e de placas. At\u00e9 esta manh\u00e3, a corpora\u00e7\u00e3o j\u00e1 tinha atendido por volta de 1,6 mil chamados.<\/p>\n<p>De acordo com as Centrais El\u00e9tricas de Santa Catarina, o rompimento de cabos e outros problemas interromperam o fornecimento de energia el\u00e9trica para 1,5 milh\u00e3o de unidades consumidoras. Em muitas cidades, segundo o governo estadual, n\u00e3o h\u00e1 sinal de telefone ou internet.<\/p>\n<p>Em seu perfil no Twitter, o governador de Santa Catarina, Carlos Mois\u00e9s, prometeu, ontem a noite, que \u201co governo n\u00e3o medir\u00e1 esfor\u00e7os para auxiliar os catarinenses neste momento de dificuldade\u201d.<\/p>\n<p>Tamb\u00e9m pela rede social, o governador do Rio Grande do Sul, Eduardo Leite, anunciou que a situa\u00e7\u00e3o dos munic\u00edpios ga\u00fachos afetados pelo ciclone est\u00e1 sendo acompanhada pela Defesa Civil estadual.<\/p>\n<p>\u201cTodas as equipes est\u00e3o mobilizadas para dar suporte [\u00e0 popula\u00e7\u00e3o]. O Estado j\u00e1 distribuiu mais de 3 mil m\u00b2 de lona e est\u00e1 atuando tamb\u00e9m no corte de \u00e1rvores ca\u00eddas e na desobstru\u00e7\u00e3o de vias\u201d, comentou Leite, referindo-se ao material entregue a moradores de Ira\u00ed, onde ao menos 300 casas foram destelhadas ou sofreram outros danos.<\/p>\n<p>Al\u00e9m de Ira\u00ed, as cidades ga\u00fachas mais afetadas foram Cacique Doble, Barrac\u00e3o, Vacaria e Cap\u00e3o Bonito do Sul. De acordo com a Defesa Civil do Rio Grande do Sul, 1.119 pessoas e 921 resid\u00eancias foram atingidas pela chuva e pelos fortes ventos em todo o estado. S\u00f3 em Vacaria, o vendaval desalojou 520 pessoas e danificou 130 casas.<\/p>\n<p>Em Cap\u00e3o Bonito do Sul, at\u00e9 esta manh\u00e3, a rela\u00e7\u00e3o de pessoas desalojadas j\u00e1 tinha 400 nomes. Em Barrac\u00e3o, at\u00e9 o hospital municipal foi atingido, ficando parcialmente destelhado.<\/p>\n<p>No Paran\u00e1, o fen\u00f4meno clim\u00e1tico afetou a 3.127 pessoas em 30 cidades, danificando a 666 casas e for\u00e7ando ao menos 81 pessoas a deixarem temporariamente seus lares. O fornecimento de energia el\u00e9trica para cerca de 1,2 milh\u00e3o de resid\u00eancias e estabelecimentos comerciais chegou a ser interrompido segundo a Companhia Paranaense de Energia (Copel). S\u00f3 na regi\u00e3o leste do estado, 2.562 unidades consumidoras continuavam sem energia at\u00e9 esta manh\u00e3.<\/p>\n<p>\u201cOs efeitos que sofremos s\u00e3o apenas o resqu\u00edcio do ciclone que afetou principalmente Santa Catarina\u201d, disse \u00e0 Ag\u00eancia Brasil a sargento Caroline Pompeu, da Defesa Civil paranaense. Segundo o \u00f3rg\u00e3o estadual, embora as fortes chuvas decorrentes do ciclone extratropical comecem a afastar, os ventos podem atingir entre 50 e 70 km\/h entre o sul e parte do leste do estado.<\/p>\n<p>Fonte: Alex Rodrigues &#8211; Rep\u00f3rter da Ag\u00eancia Brasil<\/p>\n","protected":false},"excerpt":{"rendered":"<p>Em Santa Catarina, al\u00e9m dos \u00f3bitos, 49 cidades foram afetadas Chega a nove o n\u00famero de mortes confirmadas no Sul do Brasil devido \u00e0s consequ\u00eancias de<span class=\"excerpt-hellip\"> [\u2026]<\/span><\/p>\n","protected":false},"author":10,"featured_media":8429,"comment_status":"open","ping_status":"open","sticky":false,"template":"","format":"standard","meta":{"_jetpack_memberships_contains_paid_content":false,"footnotes":"","jetpack_publicize_message":"","jetpack_publicize_feature_enabled":true,"jetpack_social_post_already_shared":false,"jetpack_social_options":{"image_generator_settings":{"template":"highway","default_image_id":0,"enabled":false},"version":2}},"categories":[53,81],"tags":[],"class_list":["post-8423","post","type-post","status-publish","format-standard","has-post-thumbnail","hentry","category-brasil","category-manchete"],"yoast_head":"<!-- This site is optimized with the Yoast SEO plugin v25.6 - https:\/\/yoast.com\/wordpress\/plugins\/seo\/ -->\n<title>Ao menos nove pessoas morreram devido a ciclone que atingiu Regi\u00e3o Sul - VerdadeOn<\/title>\n<meta name=\"robots\" content=\"index, follow, max-snippet:-1, max-image-preview:large, max-video-preview:-1\" \/>\n<link rel=\"canonical\" href=\"https:\/\/verdadeon.com.br\/portal\/2020\/07\/01\/ao-menos-nove-pessoas-morreram-devido-a-ciclone-que-atingiu-regiao-sul\/\" \/>\n<meta property=\"og:locale\" content=\"pt_BR\" \/>\n<meta property=\"og:type\" content=\"article\" \/>\n<meta property=\"og:title\" content=\"Ao menos nove pessoas morreram devido a ciclone que atingiu Regi\u00e3o Sul - VerdadeOn\" \/>\n<meta property=\"og:description\" content=\"Em Santa Catarina, al\u00e9m dos \u00f3bitos, 49 cidades foram afetadas Chega a nove o n\u00famero de mortes confirmadas no Sul do Brasil devido \u00e0s consequ\u00eancias de [\u2026]\" \/>\n<meta property=\"og:url\" content=\"https:\/\/verdadeon.com.br\/portal\/2020\/07\/01\/ao-menos-nove-pessoas-morreram-devido-a-ciclone-que-atingiu-regiao-sul\/\" \/>\n<meta property=\"og:site_name\" content=\"VerdadeOn\" \/>\n<meta property=\"article:published_time\" content=\"2020-07-01T18:21:18+00:00\" \/>\n<meta property=\"og:image\" content=\"https:\/\/verdadeon.com.br\/portal\/wp-content\/uploads\/2020\/07\/WhatsApp-Image-2020-07-01-at-14.29.12.jpeg\" \/>\n\t<meta property=\"og:image:width\" content=\"1000\" \/>\n\t<meta property=\"og:image:height\" content=\"670\" \/>\n\t<meta property=\"og:image:type\" content=\"image\/jpeg\" \/>\n<meta name=\"author\" content=\"Redacao VerdadeOn\" \/>\n<meta name=\"twitter:card\" content=\"summary_large_image\" \/>\n<meta name=\"twitter:label1\" content=\"Escrito por\" \/>\n\t<meta name=\"twitter:data1\" content=\"Redacao VerdadeOn\" \/>\n\t<meta name=\"twitter:label2\" content=\"Est. tempo de leitura\" \/>\n\t<meta name=\"twitter:data2\" content=\"3 minutos\" \/>\n<script type=\"application\/ld+json\" class=\"yoast-schema-graph\">{\"@context\":\"https:\/\/schema.org\",\"@graph\":[{\"@type\":\"WebPage\",\"@id\":\"https:\/\/verdadeon.com.br\/portal\/2020\/07\/01\/ao-menos-nove-pessoas-morreram-devido-a-ciclone-que-atingiu-regiao-sul\/\",\"url\":\"https:\/\/verdadeon.com.br\/portal\/2020\/07\/01\/ao-menos-nove-pessoas-morreram-devido-a-ciclone-que-atingiu-regiao-sul\/\",\"name\":\"Ao menos nove pessoas morreram devido a ciclone que atingiu Regi\u00e3o Sul - VerdadeOn\",\"isPartOf\":{\"@id\":\"https:\/\/verdadeon.com.br\/portal\/#website\"},\"primaryImageOfPage\":{\"@id\":\"https:\/\/verdadeon.com.br\/portal\/2020\/07\/01\/ao-menos-nove-pessoas-morreram-devido-a-ciclone-que-atingiu-regiao-sul\/#primaryimage\"},\"image\":{\"@id\":\"https:\/\/verdadeon.com.br\/portal\/2020\/07\/01\/ao-menos-nove-pessoas-morreram-devido-a-ciclone-que-atingiu-regiao-sul\/#primaryimage\"},\"thumbnailUrl\":\"https:\/\/i0.wp.com\/verdadeon.com.br\/portal\/wp-content\/uploads\/2020\/07\/WhatsApp-Image-2020-07-01-at-14.29.12.jpeg?fit=1000%2C670&ssl=1\",\"datePublished\":\"2020-07-01T18:21:18+00:00\",\"author\":{\"@id\":\"https:\/\/verdadeon.com.br\/portal\/#\/schema\/person\/a5060ad1e9ea3df545188fc93ce43d2f\"},\"breadcrumb\":{\"@id\":\"https:\/\/verdadeon.com.br\/portal\/2020\/07\/01\/ao-menos-nove-pessoas-morreram-devido-a-ciclone-que-atingiu-regiao-sul\/#breadcrumb\"},\"inLanguage\":\"pt-BR\",\"potentialAction\":[{\"@type\":\"ReadAction\",\"target\":[\"https:\/\/verdadeon.com.br\/portal\/2020\/07\/01\/ao-menos-nove-pessoas-morreram-devido-a-ciclone-que-atingiu-regiao-sul\/\"]}]},{\"@type\":\"ImageObject\",\"inLanguage\":\"pt-BR\",\"@id\":\"https:\/\/verdadeon.com.br\/portal\/2020\/07\/01\/ao-menos-nove-pessoas-morreram-devido-a-ciclone-que-atingiu-regiao-sul\/#primaryimage\",\"url\":\"https:\/\/i0.wp.com\/verdadeon.com.br\/portal\/wp-content\/uploads\/2020\/07\/WhatsApp-Image-2020-07-01-at-14.29.12.jpeg?fit=1000%2C670&ssl=1\",\"contentUrl\":\"https:\/\/i0.wp.com\/verdadeon.com.br\/portal\/wp-content\/uploads\/2020\/07\/WhatsApp-Image-2020-07-01-at-14.29.12.jpeg?fit=1000%2C670&ssl=1\",\"width\":1000,\"height\":670},{\"@type\":\"BreadcrumbList\",\"@id\":\"https:\/\/verdadeon.com.br\/portal\/2020\/07\/01\/ao-menos-nove-pessoas-morreram-devido-a-ciclone-que-atingiu-regiao-sul\/#breadcrumb\",\"itemListElement\":[{\"@type\":\"ListItem\",\"position\":1,\"name\":\"In\u00edcio\",\"item\":\"https:\/\/verdadeon.com.br\/portal\/\"},{\"@type\":\"ListItem\",\"position\":2,\"name\":\"Ao menos nove pessoas morreram devido a ciclone que atingiu Regi\u00e3o Sul\"}]},{\"@type\":\"WebSite\",\"@id\":\"https:\/\/verdadeon.com.br\/portal\/#website\",\"url\":\"https:\/\/verdadeon.com.br\/portal\/\",\"name\":\"VerdadeOn\",\"description\":\"Not\u00edcias di\u00e1rias sobre Franca, Regi\u00e3o, Esporte, Cultura, Cotidiano, Colunas. Cobertura nos principais eventos da cidade \u00e9 aqui - Verdadeon Franca\",\"potentialAction\":[{\"@type\":\"SearchAction\",\"target\":{\"@type\":\"EntryPoint\",\"urlTemplate\":\"https:\/\/verdadeon.com.br\/portal\/?s={search_term_string}\"},\"query-input\":{\"@type\":\"PropertyValueSpecification\",\"valueRequired\":true,\"valueName\":\"search_term_string\"}}],\"inLanguage\":\"pt-BR\"},{\"@type\":\"Person\",\"@id\":\"https:\/\/verdadeon.com.br\/portal\/#\/schema\/person\/a5060ad1e9ea3df545188fc93ce43d2f\",\"name\":\"Redacao VerdadeOn\",\"image\":{\"@type\":\"ImageObject\",\"inLanguage\":\"pt-BR\",\"@id\":\"https:\/\/verdadeon.com.br\/portal\/#\/schema\/person\/image\/\",\"url\":\"https:\/\/secure.gravatar.com\/avatar\/459a9613caaaf07f582c3d0841eea68bdd66f533e465e6ba8b9cb45619572cf4?s=96&d=mm&r=g\",\"contentUrl\":\"https:\/\/secure.gravatar.com\/avatar\/459a9613caaaf07f582c3d0841eea68bdd66f533e465e6ba8b9cb45619572cf4?s=96&d=mm&r=g\",\"caption\":\"Redacao VerdadeOn\"},\"url\":\"https:\/\/verdadeon.com.br\/portal\/author\/redacao\/\"}]}<\/script>\n<!-- \/ Yoast SEO plugin. -->","yoast_head_json":{"title":"Ao menos nove pessoas morreram devido a ciclone que atingiu Regi\u00e3o Sul - VerdadeOn","robots":{"index":"index","follow":"follow","max-snippet":"max-snippet:-1","max-image-preview":"max-image-preview:large","max-video-preview":"max-video-preview:-1"},"canonical":"https:\/\/verdadeon.com.br\/portal\/2020\/07\/01\/ao-menos-nove-pessoas-morreram-devido-a-ciclone-que-atingiu-regiao-sul\/","og_locale":"pt_BR","og_type":"article","og_title":"Ao menos nove pessoas morreram devido a ciclone que atingiu Regi\u00e3o Sul - VerdadeOn","og_description":"Em Santa Catarina, al\u00e9m dos \u00f3bitos, 49 cidades foram afetadas Chega a nove o n\u00famero de mortes confirmadas no Sul do Brasil devido \u00e0s consequ\u00eancias de [\u2026]","og_url":"https:\/\/verdadeon.com.br\/portal\/2020\/07\/01\/ao-menos-nove-pessoas-morreram-devido-a-ciclone-que-atingiu-regiao-sul\/","og_site_name":"VerdadeOn","article_published_time":"2020-07-01T18:21:18+00:00","og_image":[{"width":1000,"height":670,"url":"https:\/\/verdadeon.com.br\/portal\/wp-content\/uploads\/2020\/07\/WhatsApp-Image-2020-07-01-at-14.29.12.jpeg","type":"image\/jpeg"}],"author":"Redacao VerdadeOn","twitter_card":"summary_large_image","twitter_misc":{"Escrito por":"Redacao VerdadeOn","Est. tempo de leitura":"3 minutos"},"schema":{"@context":"https:\/\/schema.org","@graph":[{"@type":"WebPage","@id":"https:\/\/verdadeon.com.br\/portal\/2020\/07\/01\/ao-menos-nove-pessoas-morreram-devido-a-ciclone-que-atingiu-regiao-sul\/","url":"https:\/\/verdadeon.com.br\/portal\/2020\/07\/01\/ao-menos-nove-pessoas-morreram-devido-a-ciclone-que-atingiu-regiao-sul\/","name":"Ao menos nove pessoas morreram devido a ciclone que atingiu Regi\u00e3o Sul - VerdadeOn","isPartOf":{"@id":"https:\/\/verdadeon.com.br\/portal\/#website"},"primaryImageOfPage":{"@id":"https:\/\/verdadeon.com.br\/portal\/2020\/07\/01\/ao-menos-nove-pessoas-morreram-devido-a-ciclone-que-atingiu-regiao-sul\/#primaryimage"},"image":{"@id":"https:\/\/verdadeon.com.br\/portal\/2020\/07\/01\/ao-menos-nove-pessoas-morreram-devido-a-ciclone-que-atingiu-regiao-sul\/#primaryimage"},"thumbnailUrl":"https:\/\/i0.wp.com\/verdadeon.com.br\/portal\/wp-content\/uploads\/2020\/07\/WhatsApp-Image-2020-07-01-at-14.29.12.jpeg?fit=1000%2C670&ssl=1","datePublished":"2020-07-01T18:21:18+00:00","author":{"@id":"https:\/\/verdadeon.com.br\/portal\/#\/schema\/person\/a5060ad1e9ea3df545188fc93ce43d2f"},"breadcrumb":{"@id":"https:\/\/verdadeon.com.br\/portal\/2020\/07\/01\/ao-menos-nove-pessoas-morreram-devido-a-ciclone-que-atingiu-regiao-sul\/#breadcrumb"},"inLanguage":"pt-BR","potentialAction":[{"@type":"ReadAction","target":["https:\/\/verdadeon.com.br\/portal\/2020\/07\/01\/ao-menos-nove-pessoas-morreram-devido-a-ciclone-que-atingiu-regiao-sul\/"]}]},{"@type":"ImageObject","inLanguage":"pt-BR","@id":"https:\/\/verdadeon.com.br\/portal\/2020\/07\/01\/ao-menos-nove-pessoas-morreram-devido-a-ciclone-que-atingiu-regiao-sul\/#primaryimage","url":"https:\/\/i0.wp.com\/verdadeon.com.br\/portal\/wp-content\/uploads\/2020\/07\/WhatsApp-Image-2020-07-01-at-14.29.12.jpeg?fit=1000%2C670&ssl=1","contentUrl":"https:\/\/i0.wp.com\/verdadeon.com.br\/portal\/wp-content\/uploads\/2020\/07\/WhatsApp-Image-2020-07-01-at-14.29.12.jpeg?fit=1000%2C670&ssl=1","width":1000,"height":670},{"@type":"BreadcrumbList","@id":"https:\/\/verdadeon.com.br\/portal\/2020\/07\/01\/ao-menos-nove-pessoas-morreram-devido-a-ciclone-que-atingiu-regiao-sul\/#breadcrumb","itemListElement":[{"@type":"ListItem","position":1,"name":"In\u00edcio","item":"https:\/\/verdadeon.com.br\/portal\/"},{"@type":"ListItem","position":2,"name":"Ao menos nove pessoas morreram devido a ciclone que atingiu Regi\u00e3o Sul"}]},{"@type":"WebSite","@id":"https:\/\/verdadeon.com.br\/portal\/#website","url":"https:\/\/verdadeon.com.br\/portal\/","name":"VerdadeOn","description":"Not\u00edcias di\u00e1rias sobre Franca, Regi\u00e3o, Esporte, Cultura, Cotidiano, Colunas. Cobertura nos principais eventos da cidade \u00e9 aqui - Verdadeon Franca","potentialAction":[{"@type":"SearchAction","target":{"@type":"EntryPoint","urlTemplate":"https:\/\/verdadeon.com.br\/portal\/?s={search_term_string}"},"query-input":{"@type":"PropertyValueSpecification","valueRequired":true,"valueName":"search_term_string"}}],"inLanguage":"pt-BR"},{"@type":"Person","@id":"https:\/\/verdadeon.com.br\/portal\/#\/schema\/person\/a5060ad1e9ea3df545188fc93ce43d2f","name":"Redacao VerdadeOn","image":{"@type":"ImageObject","inLanguage":"pt-BR","@id":"https:\/\/verdadeon.com.br\/portal\/#\/schema\/person\/image\/","url":"https:\/\/secure.gravatar.com\/avatar\/459a9613caaaf07f582c3d0841eea68bdd66f533e465e6ba8b9cb45619572cf4?s=96&d=mm&r=g","contentUrl":"https:\/\/secure.gravatar.com\/avatar\/459a9613caaaf07f582c3d0841eea68bdd66f533e465e6ba8b9cb45619572cf4?s=96&d=mm&r=g","caption":"Redacao VerdadeOn"},"url":"https:\/\/verdadeon.com.br\/portal\/author\/redacao\/"}]}},"jetpack_publicize_connections":[],"jetpack_featured_media_url":"https:\/\/i0.wp.com\/verdadeon.com.br\/portal\/wp-content\/uploads\/2020\/07\/WhatsApp-Image-2020-07-01-at-14.29.12.jpeg?fit=1000%2C670&ssl=1","jetpack_sharing_enabled":true,"_links":{"self":[{"href":"https:\/\/verdadeon.com.br\/portal\/wp-json\/wp\/v2\/posts\/8423","targetHints":{"allow":["GET"]}}],"collection":[{"href":"https:\/\/verdadeon.com.br\/portal\/wp-json\/wp\/v2\/posts"}],"about":[{"href":"https:\/\/verdadeon.com.br\/portal\/wp-json\/wp\/v2\/types\/post"}],"author":[{"embeddable":true,"href":"https:\/\/verdadeon.com.br\/portal\/wp-json\/wp\/v2\/users\/10"}],"replies":[{"embeddable":true,"href":"https:\/\/verdadeon.com.br\/portal\/wp-json\/wp\/v2\/comments?post=8423"}],"version-history":[{"count":0,"href":"https:\/\/verdadeon.com.br\/portal\/wp-json\/wp\/v2\/posts\/8423\/revisions"}],"wp:featuredmedia":[{"embeddable":true,"href":"https:\/\/verdadeon.com.br\/portal\/wp-json\/wp\/v2\/media\/8429"}],"wp:attachment":[{"href":"https:\/\/verdadeon.com.br\/portal\/wp-json\/wp\/v2\/media?parent=8423"}],"wp:term":[{"taxonomy":"category","embeddable":true,"href":"https:\/\/verdadeon.com.br\/portal\/wp-json\/wp\/v2\/categories?post=8423"},{"taxonomy":"post_tag","embeddable":true,"href":"https:\/\/verdadeon.com.br\/portal\/wp-json\/wp\/v2\/tags?post=8423"}],"curies":[{"name":"wp","href":"https:\/\/api.w.org\/{rel}","templated":true}]}}