{"id":8272,"date":"2020-06-26T10:47:44","date_gmt":"2020-06-26T13:47:44","guid":{"rendered":"http:\/\/verdadeon.com.br\/portal\/?p=8272"},"modified":"2020-06-26T10:47:44","modified_gmt":"2020-06-26T13:47:44","slug":"veto-do-artigo-11-do-projeto-de-lei-1-179-2020","status":"publish","type":"post","link":"https:\/\/verdadeon.com.br\/portal\/2020\/06\/26\/veto-do-artigo-11-do-projeto-de-lei-1-179-2020\/","title":{"rendered":"Veto do artigo 11 do Projeto de Lei 1.179\/2020:"},"content":{"rendered":"<p class=\"p1\"><i>E agora, o que muda nos condom\u00ednios?<\/i><\/p>\n<p class=\"p1\">No \u00faltimo dia 10 de junho o Presidente da Rep\u00fablica sancionou o PL 1.179\/2020, tornando-o na Lei n\u00ba 14.010\/2020. No entanto, houve alguns vetos e, no que tange aos condom\u00ednios, foi vetado o artigo 11.<\/p>\n<p class=\"p1\">Tal artigo dispunha sobre a amplia\u00e7\u00e3o dos poderes do s\u00edndico, ampliando-os para al\u00e9m daqueles conferidos pelo artigo 1.348 do C\u00f3digo Civil. Autorizava que o s\u00edndico restringisse a utiliza\u00e7\u00e3o das \u00e1reas comuns; restringisse ou proibisse a realiza\u00e7\u00e3o de reuni\u00f5es e festas e tamb\u00e9m o uso de garagem por terceiros, tudo com o objetivo de evitar a contamina\u00e7\u00e3o pela Covid-19. O mesmo artigo trazia um par\u00e1grafo excetuando a restri\u00e7\u00e3o e proibi\u00e7\u00e3o nos casos de atendimento m\u00e9dico, de obras de natureza estrutural ou para a realiza\u00e7\u00e3o de benfeitorias necess\u00e1rias.<\/p>\n<p class=\"p1\">Nos incisos sobre as restri\u00e7\u00f5es e proibi\u00e7\u00f5es o artigo conferia poderes muito amplos ao s\u00edndico, j\u00e1 que ele poderia inclusive proibir reuni\u00f5es familiares dentro das unidades. Nesse aspecto pairavam diversas d\u00favidas como, por exemplo, se o s\u00edndico poderia impedir que uma fam\u00edlia comemorasse o anivers\u00e1rio de um membro que vive l\u00e1, dentro da mesma unidade, pois segundo a letra da lei, poder-se-ia restringir reuni\u00f5es e festividades dentro das unidades privativas.<\/p>\n<p class=\"p1\">Dessa forma, questiona-se: At\u00e9 onde vai a liberdade e o direito de propriedade do morador? Bom, foi pensando nisso que houve o veto presidencial, sob a justificativa: \u201c&#8230; ao conceder\u00a0poderes excepcionais para os s\u00edndicos suspenderem o uso de \u00e1reas comuns e particulares,\u00a0retira a autonomia e a necessidade das delibera\u00e7\u00f5es por assembleia, em conformidade com seus estatutos, limitando a vontade coletiva dos cond\u00f4minos.\u201d<\/p>\n<p class=\"p1\">Assim, at\u00e9 que n\u00e3o haja modifica\u00e7\u00f5es, j\u00e1 que os artigos que foram vetados voltaram para aprecia\u00e7\u00e3o do Congresso Nacional, valem as delibera\u00e7\u00f5es em assembleia, pelos pr\u00f3prios cond\u00f4minos.<\/p>\n<p class=\"p1\">Consideramos bastante razo\u00e1vel esse veto, tendo em vista que cabe aos cond\u00f4minos as decis\u00f5es acerca da sua propriedade, tanto das \u00e1reas privativas, quanto das \u00e1reas comuns, resguardando-se o direito constitucional de propriedade.<\/p>\n<p>&nbsp;<\/p>\n<p class=\"p1\">Daniela Derm\u00ednio Posterare Santos<br \/>\nAdvogada e professora. P\u00f3s-graduanda em Direito e Gest\u00e3o Condominial<\/p>\n","protected":false},"excerpt":{"rendered":"<p>E agora, o que muda nos condom\u00ednios? No \u00faltimo dia 10 de junho o Presidente da Rep\u00fablica sancionou o PL 1.179\/2020, tornando-o na Lei n\u00ba 14.010\/2020.<span class=\"excerpt-hellip\"> [\u2026]<\/span><\/p>\n","protected":false},"author":10,"featured_media":0,"comment_status":"open","ping_status":"open","sticky":false,"template":"","format":"standard","meta":{"_jetpack_memberships_contains_paid_content":false,"footnotes":"","jetpack_publicize_message":"","jetpack_publicize_feature_enabled":true,"jetpack_social_post_already_shared":false,"jetpack_social_options":{"image_generator_settings":{"template":"highway","default_image_id":0,"enabled":false},"version":2}},"categories":[92],"tags":[],"class_list":["post-8272","post","type-post","status-publish","format-standard","hentry","category-colunista"],"yoast_head":"<!-- This site is optimized with the Yoast SEO plugin v25.6 - https:\/\/yoast.com\/wordpress\/plugins\/seo\/ -->\n<title>Veto do artigo 11 do Projeto de Lei 1.179\/2020: - VerdadeOn<\/title>\n<meta name=\"robots\" content=\"index, follow, max-snippet:-1, max-image-preview:large, max-video-preview:-1\" \/>\n<link rel=\"canonical\" href=\"https:\/\/verdadeon.com.br\/portal\/2020\/06\/26\/veto-do-artigo-11-do-projeto-de-lei-1-179-2020\/\" \/>\n<meta property=\"og:locale\" content=\"pt_BR\" \/>\n<meta property=\"og:type\" content=\"article\" \/>\n<meta property=\"og:title\" content=\"Veto do artigo 11 do Projeto de Lei 1.179\/2020: - VerdadeOn\" \/>\n<meta property=\"og:description\" content=\"E agora, o que muda nos condom\u00ednios? No \u00faltimo dia 10 de junho o Presidente da Rep\u00fablica sancionou o PL 1.179\/2020, tornando-o na Lei n\u00ba 14.010\/2020. [\u2026]\" \/>\n<meta property=\"og:url\" content=\"https:\/\/verdadeon.com.br\/portal\/2020\/06\/26\/veto-do-artigo-11-do-projeto-de-lei-1-179-2020\/\" \/>\n<meta property=\"og:site_name\" content=\"VerdadeOn\" \/>\n<meta property=\"article:published_time\" content=\"2020-06-26T13:47:44+00:00\" \/>\n<meta name=\"author\" content=\"Redacao VerdadeOn\" \/>\n<meta name=\"twitter:card\" content=\"summary_large_image\" \/>\n<meta name=\"twitter:label1\" content=\"Escrito por\" \/>\n\t<meta name=\"twitter:data1\" content=\"Redacao VerdadeOn\" \/>\n\t<meta name=\"twitter:label2\" content=\"Est. tempo de leitura\" \/>\n\t<meta name=\"twitter:data2\" content=\"2 minutos\" \/>\n<script type=\"application\/ld+json\" class=\"yoast-schema-graph\">{\"@context\":\"https:\/\/schema.org\",\"@graph\":[{\"@type\":\"WebPage\",\"@id\":\"https:\/\/verdadeon.com.br\/portal\/2020\/06\/26\/veto-do-artigo-11-do-projeto-de-lei-1-179-2020\/\",\"url\":\"https:\/\/verdadeon.com.br\/portal\/2020\/06\/26\/veto-do-artigo-11-do-projeto-de-lei-1-179-2020\/\",\"name\":\"Veto do artigo 11 do Projeto de Lei 1.179\/2020: - VerdadeOn\",\"isPartOf\":{\"@id\":\"https:\/\/verdadeon.com.br\/portal\/#website\"},\"datePublished\":\"2020-06-26T13:47:44+00:00\",\"author\":{\"@id\":\"https:\/\/verdadeon.com.br\/portal\/#\/schema\/person\/a5060ad1e9ea3df545188fc93ce43d2f\"},\"breadcrumb\":{\"@id\":\"https:\/\/verdadeon.com.br\/portal\/2020\/06\/26\/veto-do-artigo-11-do-projeto-de-lei-1-179-2020\/#breadcrumb\"},\"inLanguage\":\"pt-BR\",\"potentialAction\":[{\"@type\":\"ReadAction\",\"target\":[\"https:\/\/verdadeon.com.br\/portal\/2020\/06\/26\/veto-do-artigo-11-do-projeto-de-lei-1-179-2020\/\"]}]},{\"@type\":\"BreadcrumbList\",\"@id\":\"https:\/\/verdadeon.com.br\/portal\/2020\/06\/26\/veto-do-artigo-11-do-projeto-de-lei-1-179-2020\/#breadcrumb\",\"itemListElement\":[{\"@type\":\"ListItem\",\"position\":1,\"name\":\"In\u00edcio\",\"item\":\"https:\/\/verdadeon.com.br\/portal\/\"},{\"@type\":\"ListItem\",\"position\":2,\"name\":\"Veto do artigo 11 do Projeto de Lei 1.179\/2020:\"}]},{\"@type\":\"WebSite\",\"@id\":\"https:\/\/verdadeon.com.br\/portal\/#website\",\"url\":\"https:\/\/verdadeon.com.br\/portal\/\",\"name\":\"VerdadeOn\",\"description\":\"Not\u00edcias di\u00e1rias sobre Franca, Regi\u00e3o, Esporte, Cultura, Cotidiano, Colunas. Cobertura nos principais eventos da cidade \u00e9 aqui - Verdadeon Franca\",\"potentialAction\":[{\"@type\":\"SearchAction\",\"target\":{\"@type\":\"EntryPoint\",\"urlTemplate\":\"https:\/\/verdadeon.com.br\/portal\/?s={search_term_string}\"},\"query-input\":{\"@type\":\"PropertyValueSpecification\",\"valueRequired\":true,\"valueName\":\"search_term_string\"}}],\"inLanguage\":\"pt-BR\"},{\"@type\":\"Person\",\"@id\":\"https:\/\/verdadeon.com.br\/portal\/#\/schema\/person\/a5060ad1e9ea3df545188fc93ce43d2f\",\"name\":\"Redacao VerdadeOn\",\"image\":{\"@type\":\"ImageObject\",\"inLanguage\":\"pt-BR\",\"@id\":\"https:\/\/verdadeon.com.br\/portal\/#\/schema\/person\/image\/\",\"url\":\"https:\/\/secure.gravatar.com\/avatar\/459a9613caaaf07f582c3d0841eea68bdd66f533e465e6ba8b9cb45619572cf4?s=96&d=mm&r=g\",\"contentUrl\":\"https:\/\/secure.gravatar.com\/avatar\/459a9613caaaf07f582c3d0841eea68bdd66f533e465e6ba8b9cb45619572cf4?s=96&d=mm&r=g\",\"caption\":\"Redacao VerdadeOn\"},\"url\":\"https:\/\/verdadeon.com.br\/portal\/author\/redacao\/\"}]}<\/script>\n<!-- \/ Yoast SEO plugin. -->","yoast_head_json":{"title":"Veto do artigo 11 do Projeto de Lei 1.179\/2020: - VerdadeOn","robots":{"index":"index","follow":"follow","max-snippet":"max-snippet:-1","max-image-preview":"max-image-preview:large","max-video-preview":"max-video-preview:-1"},"canonical":"https:\/\/verdadeon.com.br\/portal\/2020\/06\/26\/veto-do-artigo-11-do-projeto-de-lei-1-179-2020\/","og_locale":"pt_BR","og_type":"article","og_title":"Veto do artigo 11 do Projeto de Lei 1.179\/2020: - VerdadeOn","og_description":"E agora, o que muda nos condom\u00ednios? No \u00faltimo dia 10 de junho o Presidente da Rep\u00fablica sancionou o PL 1.179\/2020, tornando-o na Lei n\u00ba 14.010\/2020. [\u2026]","og_url":"https:\/\/verdadeon.com.br\/portal\/2020\/06\/26\/veto-do-artigo-11-do-projeto-de-lei-1-179-2020\/","og_site_name":"VerdadeOn","article_published_time":"2020-06-26T13:47:44+00:00","author":"Redacao VerdadeOn","twitter_card":"summary_large_image","twitter_misc":{"Escrito por":"Redacao VerdadeOn","Est. tempo de leitura":"2 minutos"},"schema":{"@context":"https:\/\/schema.org","@graph":[{"@type":"WebPage","@id":"https:\/\/verdadeon.com.br\/portal\/2020\/06\/26\/veto-do-artigo-11-do-projeto-de-lei-1-179-2020\/","url":"https:\/\/verdadeon.com.br\/portal\/2020\/06\/26\/veto-do-artigo-11-do-projeto-de-lei-1-179-2020\/","name":"Veto do artigo 11 do Projeto de Lei 1.179\/2020: - VerdadeOn","isPartOf":{"@id":"https:\/\/verdadeon.com.br\/portal\/#website"},"datePublished":"2020-06-26T13:47:44+00:00","author":{"@id":"https:\/\/verdadeon.com.br\/portal\/#\/schema\/person\/a5060ad1e9ea3df545188fc93ce43d2f"},"breadcrumb":{"@id":"https:\/\/verdadeon.com.br\/portal\/2020\/06\/26\/veto-do-artigo-11-do-projeto-de-lei-1-179-2020\/#breadcrumb"},"inLanguage":"pt-BR","potentialAction":[{"@type":"ReadAction","target":["https:\/\/verdadeon.com.br\/portal\/2020\/06\/26\/veto-do-artigo-11-do-projeto-de-lei-1-179-2020\/"]}]},{"@type":"BreadcrumbList","@id":"https:\/\/verdadeon.com.br\/portal\/2020\/06\/26\/veto-do-artigo-11-do-projeto-de-lei-1-179-2020\/#breadcrumb","itemListElement":[{"@type":"ListItem","position":1,"name":"In\u00edcio","item":"https:\/\/verdadeon.com.br\/portal\/"},{"@type":"ListItem","position":2,"name":"Veto do artigo 11 do Projeto de Lei 1.179\/2020:"}]},{"@type":"WebSite","@id":"https:\/\/verdadeon.com.br\/portal\/#website","url":"https:\/\/verdadeon.com.br\/portal\/","name":"VerdadeOn","description":"Not\u00edcias di\u00e1rias sobre Franca, Regi\u00e3o, Esporte, Cultura, Cotidiano, Colunas. Cobertura nos principais eventos da cidade \u00e9 aqui - Verdadeon Franca","potentialAction":[{"@type":"SearchAction","target":{"@type":"EntryPoint","urlTemplate":"https:\/\/verdadeon.com.br\/portal\/?s={search_term_string}"},"query-input":{"@type":"PropertyValueSpecification","valueRequired":true,"valueName":"search_term_string"}}],"inLanguage":"pt-BR"},{"@type":"Person","@id":"https:\/\/verdadeon.com.br\/portal\/#\/schema\/person\/a5060ad1e9ea3df545188fc93ce43d2f","name":"Redacao VerdadeOn","image":{"@type":"ImageObject","inLanguage":"pt-BR","@id":"https:\/\/verdadeon.com.br\/portal\/#\/schema\/person\/image\/","url":"https:\/\/secure.gravatar.com\/avatar\/459a9613caaaf07f582c3d0841eea68bdd66f533e465e6ba8b9cb45619572cf4?s=96&d=mm&r=g","contentUrl":"https:\/\/secure.gravatar.com\/avatar\/459a9613caaaf07f582c3d0841eea68bdd66f533e465e6ba8b9cb45619572cf4?s=96&d=mm&r=g","caption":"Redacao VerdadeOn"},"url":"https:\/\/verdadeon.com.br\/portal\/author\/redacao\/"}]}},"jetpack_publicize_connections":[],"jetpack_featured_media_url":"","jetpack_sharing_enabled":true,"_links":{"self":[{"href":"https:\/\/verdadeon.com.br\/portal\/wp-json\/wp\/v2\/posts\/8272","targetHints":{"allow":["GET"]}}],"collection":[{"href":"https:\/\/verdadeon.com.br\/portal\/wp-json\/wp\/v2\/posts"}],"about":[{"href":"https:\/\/verdadeon.com.br\/portal\/wp-json\/wp\/v2\/types\/post"}],"author":[{"embeddable":true,"href":"https:\/\/verdadeon.com.br\/portal\/wp-json\/wp\/v2\/users\/10"}],"replies":[{"embeddable":true,"href":"https:\/\/verdadeon.com.br\/portal\/wp-json\/wp\/v2\/comments?post=8272"}],"version-history":[{"count":0,"href":"https:\/\/verdadeon.com.br\/portal\/wp-json\/wp\/v2\/posts\/8272\/revisions"}],"wp:attachment":[{"href":"https:\/\/verdadeon.com.br\/portal\/wp-json\/wp\/v2\/media?parent=8272"}],"wp:term":[{"taxonomy":"category","embeddable":true,"href":"https:\/\/verdadeon.com.br\/portal\/wp-json\/wp\/v2\/categories?post=8272"},{"taxonomy":"post_tag","embeddable":true,"href":"https:\/\/verdadeon.com.br\/portal\/wp-json\/wp\/v2\/tags?post=8272"}],"curies":[{"name":"wp","href":"https:\/\/api.w.org\/{rel}","templated":true}]}}