{"id":8200,"date":"2020-06-24T12:41:26","date_gmt":"2020-06-24T15:41:26","guid":{"rendered":"http:\/\/verdadeon.com.br\/portal\/?p=8200"},"modified":"2020-06-24T12:41:26","modified_gmt":"2020-06-24T15:41:26","slug":"helinho-garcia-e-membros-da-comissao-tecnica-tem-contratos-renovados-pelo-sesi-franca","status":"publish","type":"post","link":"https:\/\/verdadeon.com.br\/portal\/2020\/06\/24\/helinho-garcia-e-membros-da-comissao-tecnica-tem-contratos-renovados-pelo-sesi-franca\/","title":{"rendered":"Helinho Garcia e membros da comiss\u00e3o t\u00e9cnica t\u00eam contratos renovados pelo Sesi Franca"},"content":{"rendered":"<h2>Equipe est\u00e1 em fase de conversas com elenco de jogadores<\/h2>\n<p>Em fase de negocia\u00e7\u00e3o com os integrantes do clube que disputar\u00e3o a pr\u00f3xima temporada do basquete nacional, o Sesi Franca anunciou na noite da \u00faltima ter\u00e7a-feira (23) a renova\u00e7\u00e3o de cinco membros da comiss\u00e3o t\u00e9cnica. O treinador Helinho Garcia, o preparador f\u00edsico Douglas Nazar, o assistente t\u00e9cnico Pablo Costa, al\u00e9m de Lula Ferreira, supervisor e o fisioterapeuta Rog\u00e9rio Barbosa continuam no clube por pelo menos mais um ano.<\/p>\n<p>O an\u00fancio foi feito pelo clube por meio das redes sociais. \u201cO Sesi Franca Basquete iniciou o processo de montagem da sua equipe para a pro\u0301xima temporada. O primeiro passo foi a renovac\u0327a\u0303o com o te\u0301cnico Helinho Garcia e toda comissa\u0303o te\u0301cnica\u201d, afirmou em nota.<\/p>\n<p>Satisfeito com as \u00faltimas temporadas realizadas pela equipe, o presidente do Franca Basquete, Lu\u00eds Aur\u00e9lio Prior, falou sobre a novidade. \u201cEstamos muito felizes com a renova\u00e7\u00e3o de toda a comiss\u00e3o t\u00e9cnica e, com isso, a gente come\u00e7a a montar todo o time para uma temporada que, se Deus quiser, ser\u00e1 vencedora, como tem sido as \u00faltimas\u201d, disse.<\/p>\n<p>Em meio \u00e0 pandemia do novo coronav\u00edrus, o foco da diretoria do Sesi deve ser a partir de agora em rela\u00e7\u00e3o aos atletas. Isso porque os contratos de todos os jogadores se encerraram no dia 30 de junho. Apenas o ala L\u00e9o Schattmann j\u00e1 foi comunicado que n\u00e3o continuar\u00e1 na equipe. O restante dos atletas deve ter as renova\u00e7\u00f5es anunciadas nos pr\u00f3ximos dias.<\/p>\n","protected":false},"excerpt":{"rendered":"<p>Equipe est\u00e1 em fase de conversas com elenco de jogadores Em fase de negocia\u00e7\u00e3o com os integrantes do clube que disputar\u00e3o a pr\u00f3xima temporada do basquete<span class=\"excerpt-hellip\"> [\u2026]<\/span><\/p>\n","protected":false},"author":10,"featured_media":8211,"comment_status":"open","ping_status":"open","sticky":false,"template":"","format":"standard","meta":{"_jetpack_memberships_contains_paid_content":false,"footnotes":"","jetpack_publicize_message":"","jetpack_publicize_feature_enabled":true,"jetpack_social_post_already_shared":false,"jetpack_social_options":{"image_generator_settings":{"template":"highway","default_image_id":0,"enabled":false},"version":2}},"categories":[29,44],"tags":[],"class_list":["post-8200","post","type-post","status-publish","format-standard","has-post-thumbnail","hentry","category-esportes","category-noticias"],"yoast_head":"<!-- This site is optimized with the Yoast SEO plugin v25.6 - https:\/\/yoast.com\/wordpress\/plugins\/seo\/ -->\n<title>Helinho Garcia e membros da comiss\u00e3o t\u00e9cnica t\u00eam contratos renovados pelo Sesi Franca - VerdadeOn<\/title>\n<meta name=\"robots\" content=\"index, follow, max-snippet:-1, max-image-preview:large, max-video-preview:-1\" \/>\n<link rel=\"canonical\" href=\"https:\/\/verdadeon.com.br\/portal\/2020\/06\/24\/helinho-garcia-e-membros-da-comissao-tecnica-tem-contratos-renovados-pelo-sesi-franca\/\" \/>\n<meta property=\"og:locale\" content=\"pt_BR\" \/>\n<meta property=\"og:type\" content=\"article\" \/>\n<meta property=\"og:title\" content=\"Helinho Garcia e membros da comiss\u00e3o t\u00e9cnica t\u00eam contratos renovados pelo Sesi Franca - VerdadeOn\" \/>\n<meta property=\"og:description\" content=\"Equipe est\u00e1 em fase de conversas com elenco de jogadores Em fase de negocia\u00e7\u00e3o com os integrantes do clube que disputar\u00e3o a pr\u00f3xima temporada do basquete [\u2026]\" \/>\n<meta property=\"og:url\" content=\"https:\/\/verdadeon.com.br\/portal\/2020\/06\/24\/helinho-garcia-e-membros-da-comissao-tecnica-tem-contratos-renovados-pelo-sesi-franca\/\" \/>\n<meta property=\"og:site_name\" content=\"VerdadeOn\" \/>\n<meta property=\"article:published_time\" content=\"2020-06-24T15:41:26+00:00\" \/>\n<meta property=\"og:image\" content=\"https:\/\/verdadeon.com.br\/portal\/wp-content\/uploads\/2020\/06\/WhatsApp-Image-2020-06-24-at-12.02.17.jpeg\" \/>\n\t<meta property=\"og:image:width\" content=\"1000\" \/>\n\t<meta property=\"og:image:height\" content=\"670\" \/>\n\t<meta property=\"og:image:type\" content=\"image\/jpeg\" \/>\n<meta name=\"author\" content=\"Redacao VerdadeOn\" \/>\n<meta name=\"twitter:card\" content=\"summary_large_image\" \/>\n<meta name=\"twitter:label1\" content=\"Escrito por\" \/>\n\t<meta name=\"twitter:data1\" content=\"Redacao VerdadeOn\" \/>\n\t<meta name=\"twitter:label2\" content=\"Est. tempo de leitura\" \/>\n\t<meta name=\"twitter:data2\" content=\"1 minuto\" \/>\n<script type=\"application\/ld+json\" class=\"yoast-schema-graph\">{\"@context\":\"https:\/\/schema.org\",\"@graph\":[{\"@type\":\"WebPage\",\"@id\":\"https:\/\/verdadeon.com.br\/portal\/2020\/06\/24\/helinho-garcia-e-membros-da-comissao-tecnica-tem-contratos-renovados-pelo-sesi-franca\/\",\"url\":\"https:\/\/verdadeon.com.br\/portal\/2020\/06\/24\/helinho-garcia-e-membros-da-comissao-tecnica-tem-contratos-renovados-pelo-sesi-franca\/\",\"name\":\"Helinho Garcia e membros da comiss\u00e3o t\u00e9cnica t\u00eam contratos renovados pelo Sesi Franca - VerdadeOn\",\"isPartOf\":{\"@id\":\"https:\/\/verdadeon.com.br\/portal\/#website\"},\"primaryImageOfPage\":{\"@id\":\"https:\/\/verdadeon.com.br\/portal\/2020\/06\/24\/helinho-garcia-e-membros-da-comissao-tecnica-tem-contratos-renovados-pelo-sesi-franca\/#primaryimage\"},\"image\":{\"@id\":\"https:\/\/verdadeon.com.br\/portal\/2020\/06\/24\/helinho-garcia-e-membros-da-comissao-tecnica-tem-contratos-renovados-pelo-sesi-franca\/#primaryimage\"},\"thumbnailUrl\":\"https:\/\/i0.wp.com\/verdadeon.com.br\/portal\/wp-content\/uploads\/2020\/06\/WhatsApp-Image-2020-06-24-at-12.02.17.jpeg?fit=1000%2C670&ssl=1\",\"datePublished\":\"2020-06-24T15:41:26+00:00\",\"author\":{\"@id\":\"https:\/\/verdadeon.com.br\/portal\/#\/schema\/person\/a5060ad1e9ea3df545188fc93ce43d2f\"},\"breadcrumb\":{\"@id\":\"https:\/\/verdadeon.com.br\/portal\/2020\/06\/24\/helinho-garcia-e-membros-da-comissao-tecnica-tem-contratos-renovados-pelo-sesi-franca\/#breadcrumb\"},\"inLanguage\":\"pt-BR\",\"potentialAction\":[{\"@type\":\"ReadAction\",\"target\":[\"https:\/\/verdadeon.com.br\/portal\/2020\/06\/24\/helinho-garcia-e-membros-da-comissao-tecnica-tem-contratos-renovados-pelo-sesi-franca\/\"]}]},{\"@type\":\"ImageObject\",\"inLanguage\":\"pt-BR\",\"@id\":\"https:\/\/verdadeon.com.br\/portal\/2020\/06\/24\/helinho-garcia-e-membros-da-comissao-tecnica-tem-contratos-renovados-pelo-sesi-franca\/#primaryimage\",\"url\":\"https:\/\/i0.wp.com\/verdadeon.com.br\/portal\/wp-content\/uploads\/2020\/06\/WhatsApp-Image-2020-06-24-at-12.02.17.jpeg?fit=1000%2C670&ssl=1\",\"contentUrl\":\"https:\/\/i0.wp.com\/verdadeon.com.br\/portal\/wp-content\/uploads\/2020\/06\/WhatsApp-Image-2020-06-24-at-12.02.17.jpeg?fit=1000%2C670&ssl=1\",\"width\":1000,\"height\":670,\"caption\":\"Helinho Garcia, treinador do Sesi Franca, \u00e9 um dos nomes que teve o contrato renovado | Foto: Divulga\u00e7\u00e3o\"},{\"@type\":\"BreadcrumbList\",\"@id\":\"https:\/\/verdadeon.com.br\/portal\/2020\/06\/24\/helinho-garcia-e-membros-da-comissao-tecnica-tem-contratos-renovados-pelo-sesi-franca\/#breadcrumb\",\"itemListElement\":[{\"@type\":\"ListItem\",\"position\":1,\"name\":\"In\u00edcio\",\"item\":\"https:\/\/verdadeon.com.br\/portal\/\"},{\"@type\":\"ListItem\",\"position\":2,\"name\":\"Helinho Garcia e membros da comiss\u00e3o t\u00e9cnica t\u00eam contratos renovados pelo Sesi Franca\"}]},{\"@type\":\"WebSite\",\"@id\":\"https:\/\/verdadeon.com.br\/portal\/#website\",\"url\":\"https:\/\/verdadeon.com.br\/portal\/\",\"name\":\"VerdadeOn\",\"description\":\"Not\u00edcias di\u00e1rias sobre Franca, Regi\u00e3o, Esporte, Cultura, Cotidiano, Colunas. Cobertura nos principais eventos da cidade \u00e9 aqui - Verdadeon Franca\",\"potentialAction\":[{\"@type\":\"SearchAction\",\"target\":{\"@type\":\"EntryPoint\",\"urlTemplate\":\"https:\/\/verdadeon.com.br\/portal\/?s={search_term_string}\"},\"query-input\":{\"@type\":\"PropertyValueSpecification\",\"valueRequired\":true,\"valueName\":\"search_term_string\"}}],\"inLanguage\":\"pt-BR\"},{\"@type\":\"Person\",\"@id\":\"https:\/\/verdadeon.com.br\/portal\/#\/schema\/person\/a5060ad1e9ea3df545188fc93ce43d2f\",\"name\":\"Redacao VerdadeOn\",\"image\":{\"@type\":\"ImageObject\",\"inLanguage\":\"pt-BR\",\"@id\":\"https:\/\/verdadeon.com.br\/portal\/#\/schema\/person\/image\/\",\"url\":\"https:\/\/secure.gravatar.com\/avatar\/459a9613caaaf07f582c3d0841eea68bdd66f533e465e6ba8b9cb45619572cf4?s=96&d=mm&r=g\",\"contentUrl\":\"https:\/\/secure.gravatar.com\/avatar\/459a9613caaaf07f582c3d0841eea68bdd66f533e465e6ba8b9cb45619572cf4?s=96&d=mm&r=g\",\"caption\":\"Redacao VerdadeOn\"},\"url\":\"https:\/\/verdadeon.com.br\/portal\/author\/redacao\/\"}]}<\/script>\n<!-- \/ Yoast SEO plugin. -->","yoast_head_json":{"title":"Helinho Garcia e membros da comiss\u00e3o t\u00e9cnica t\u00eam contratos renovados pelo Sesi Franca - VerdadeOn","robots":{"index":"index","follow":"follow","max-snippet":"max-snippet:-1","max-image-preview":"max-image-preview:large","max-video-preview":"max-video-preview:-1"},"canonical":"https:\/\/verdadeon.com.br\/portal\/2020\/06\/24\/helinho-garcia-e-membros-da-comissao-tecnica-tem-contratos-renovados-pelo-sesi-franca\/","og_locale":"pt_BR","og_type":"article","og_title":"Helinho Garcia e membros da comiss\u00e3o t\u00e9cnica t\u00eam contratos renovados pelo Sesi Franca - VerdadeOn","og_description":"Equipe est\u00e1 em fase de conversas com elenco de jogadores Em fase de negocia\u00e7\u00e3o com os integrantes do clube que disputar\u00e3o a pr\u00f3xima temporada do basquete [\u2026]","og_url":"https:\/\/verdadeon.com.br\/portal\/2020\/06\/24\/helinho-garcia-e-membros-da-comissao-tecnica-tem-contratos-renovados-pelo-sesi-franca\/","og_site_name":"VerdadeOn","article_published_time":"2020-06-24T15:41:26+00:00","og_image":[{"width":1000,"height":670,"url":"https:\/\/verdadeon.com.br\/portal\/wp-content\/uploads\/2020\/06\/WhatsApp-Image-2020-06-24-at-12.02.17.jpeg","type":"image\/jpeg"}],"author":"Redacao VerdadeOn","twitter_card":"summary_large_image","twitter_misc":{"Escrito por":"Redacao VerdadeOn","Est. tempo de leitura":"1 minuto"},"schema":{"@context":"https:\/\/schema.org","@graph":[{"@type":"WebPage","@id":"https:\/\/verdadeon.com.br\/portal\/2020\/06\/24\/helinho-garcia-e-membros-da-comissao-tecnica-tem-contratos-renovados-pelo-sesi-franca\/","url":"https:\/\/verdadeon.com.br\/portal\/2020\/06\/24\/helinho-garcia-e-membros-da-comissao-tecnica-tem-contratos-renovados-pelo-sesi-franca\/","name":"Helinho Garcia e membros da comiss\u00e3o t\u00e9cnica t\u00eam contratos renovados pelo Sesi Franca - VerdadeOn","isPartOf":{"@id":"https:\/\/verdadeon.com.br\/portal\/#website"},"primaryImageOfPage":{"@id":"https:\/\/verdadeon.com.br\/portal\/2020\/06\/24\/helinho-garcia-e-membros-da-comissao-tecnica-tem-contratos-renovados-pelo-sesi-franca\/#primaryimage"},"image":{"@id":"https:\/\/verdadeon.com.br\/portal\/2020\/06\/24\/helinho-garcia-e-membros-da-comissao-tecnica-tem-contratos-renovados-pelo-sesi-franca\/#primaryimage"},"thumbnailUrl":"https:\/\/i0.wp.com\/verdadeon.com.br\/portal\/wp-content\/uploads\/2020\/06\/WhatsApp-Image-2020-06-24-at-12.02.17.jpeg?fit=1000%2C670&ssl=1","datePublished":"2020-06-24T15:41:26+00:00","author":{"@id":"https:\/\/verdadeon.com.br\/portal\/#\/schema\/person\/a5060ad1e9ea3df545188fc93ce43d2f"},"breadcrumb":{"@id":"https:\/\/verdadeon.com.br\/portal\/2020\/06\/24\/helinho-garcia-e-membros-da-comissao-tecnica-tem-contratos-renovados-pelo-sesi-franca\/#breadcrumb"},"inLanguage":"pt-BR","potentialAction":[{"@type":"ReadAction","target":["https:\/\/verdadeon.com.br\/portal\/2020\/06\/24\/helinho-garcia-e-membros-da-comissao-tecnica-tem-contratos-renovados-pelo-sesi-franca\/"]}]},{"@type":"ImageObject","inLanguage":"pt-BR","@id":"https:\/\/verdadeon.com.br\/portal\/2020\/06\/24\/helinho-garcia-e-membros-da-comissao-tecnica-tem-contratos-renovados-pelo-sesi-franca\/#primaryimage","url":"https:\/\/i0.wp.com\/verdadeon.com.br\/portal\/wp-content\/uploads\/2020\/06\/WhatsApp-Image-2020-06-24-at-12.02.17.jpeg?fit=1000%2C670&ssl=1","contentUrl":"https:\/\/i0.wp.com\/verdadeon.com.br\/portal\/wp-content\/uploads\/2020\/06\/WhatsApp-Image-2020-06-24-at-12.02.17.jpeg?fit=1000%2C670&ssl=1","width":1000,"height":670,"caption":"Helinho Garcia, treinador do Sesi Franca, \u00e9 um dos nomes que teve o contrato renovado | Foto: Divulga\u00e7\u00e3o"},{"@type":"BreadcrumbList","@id":"https:\/\/verdadeon.com.br\/portal\/2020\/06\/24\/helinho-garcia-e-membros-da-comissao-tecnica-tem-contratos-renovados-pelo-sesi-franca\/#breadcrumb","itemListElement":[{"@type":"ListItem","position":1,"name":"In\u00edcio","item":"https:\/\/verdadeon.com.br\/portal\/"},{"@type":"ListItem","position":2,"name":"Helinho Garcia e membros da comiss\u00e3o t\u00e9cnica t\u00eam contratos renovados pelo Sesi Franca"}]},{"@type":"WebSite","@id":"https:\/\/verdadeon.com.br\/portal\/#website","url":"https:\/\/verdadeon.com.br\/portal\/","name":"VerdadeOn","description":"Not\u00edcias di\u00e1rias sobre Franca, Regi\u00e3o, Esporte, Cultura, Cotidiano, Colunas. Cobertura nos principais eventos da cidade \u00e9 aqui - Verdadeon Franca","potentialAction":[{"@type":"SearchAction","target":{"@type":"EntryPoint","urlTemplate":"https:\/\/verdadeon.com.br\/portal\/?s={search_term_string}"},"query-input":{"@type":"PropertyValueSpecification","valueRequired":true,"valueName":"search_term_string"}}],"inLanguage":"pt-BR"},{"@type":"Person","@id":"https:\/\/verdadeon.com.br\/portal\/#\/schema\/person\/a5060ad1e9ea3df545188fc93ce43d2f","name":"Redacao VerdadeOn","image":{"@type":"ImageObject","inLanguage":"pt-BR","@id":"https:\/\/verdadeon.com.br\/portal\/#\/schema\/person\/image\/","url":"https:\/\/secure.gravatar.com\/avatar\/459a9613caaaf07f582c3d0841eea68bdd66f533e465e6ba8b9cb45619572cf4?s=96&d=mm&r=g","contentUrl":"https:\/\/secure.gravatar.com\/avatar\/459a9613caaaf07f582c3d0841eea68bdd66f533e465e6ba8b9cb45619572cf4?s=96&d=mm&r=g","caption":"Redacao VerdadeOn"},"url":"https:\/\/verdadeon.com.br\/portal\/author\/redacao\/"}]}},"jetpack_publicize_connections":[],"jetpack_featured_media_url":"https:\/\/i0.wp.com\/verdadeon.com.br\/portal\/wp-content\/uploads\/2020\/06\/WhatsApp-Image-2020-06-24-at-12.02.17.jpeg?fit=1000%2C670&ssl=1","jetpack_sharing_enabled":true,"_links":{"self":[{"href":"https:\/\/verdadeon.com.br\/portal\/wp-json\/wp\/v2\/posts\/8200","targetHints":{"allow":["GET"]}}],"collection":[{"href":"https:\/\/verdadeon.com.br\/portal\/wp-json\/wp\/v2\/posts"}],"about":[{"href":"https:\/\/verdadeon.com.br\/portal\/wp-json\/wp\/v2\/types\/post"}],"author":[{"embeddable":true,"href":"https:\/\/verdadeon.com.br\/portal\/wp-json\/wp\/v2\/users\/10"}],"replies":[{"embeddable":true,"href":"https:\/\/verdadeon.com.br\/portal\/wp-json\/wp\/v2\/comments?post=8200"}],"version-history":[{"count":0,"href":"https:\/\/verdadeon.com.br\/portal\/wp-json\/wp\/v2\/posts\/8200\/revisions"}],"wp:featuredmedia":[{"embeddable":true,"href":"https:\/\/verdadeon.com.br\/portal\/wp-json\/wp\/v2\/media\/8211"}],"wp:attachment":[{"href":"https:\/\/verdadeon.com.br\/portal\/wp-json\/wp\/v2\/media?parent=8200"}],"wp:term":[{"taxonomy":"category","embeddable":true,"href":"https:\/\/verdadeon.com.br\/portal\/wp-json\/wp\/v2\/categories?post=8200"},{"taxonomy":"post_tag","embeddable":true,"href":"https:\/\/verdadeon.com.br\/portal\/wp-json\/wp\/v2\/tags?post=8200"}],"curies":[{"name":"wp","href":"https:\/\/api.w.org\/{rel}","templated":true}]}}