{"id":8136,"date":"2020-06-21T11:22:00","date_gmt":"2020-06-21T14:22:00","guid":{"rendered":"http:\/\/verdadeon.com.br\/portal\/?p=8136"},"modified":"2020-06-21T11:22:00","modified_gmt":"2020-06-21T14:22:00","slug":"tabelamento-e-precos-livres","status":"publish","type":"post","link":"https:\/\/verdadeon.com.br\/portal\/2020\/06\/21\/tabelamento-e-precos-livres\/","title":{"rendered":"Tabelamento e pre\u00e7os livres&#8230;"},"content":{"rendered":"<p class=\"p1\"><span class=\"s1\">Buscar uma justificativa para uma dessas op\u00e7\u00f5es, tabelamento ou pre\u00e7os livres, pode nos levar a conclus\u00f5es surpreendentes.<\/span><\/p>\n<p class=\"p1\"><span class=\"s1\">Quando foi lan\u00e7ado em 1986 o Plano Cruzado, assistimos uma \u201ccruzada nacional\u201d por aproveitar os pre\u00e7os que o novo formato de nossa economia nos apresentava, atrav\u00e9s de compras muito al\u00e9m do racional, e das necessidades familiares, com a forma\u00e7\u00e3o de absurdos<span class=\"Apple-converted-space\">\u00a0 <\/span>estoques familiares.<\/span><\/p>\n<p class=\"p1\"><span class=\"s1\">Era uma amostra de como nossa popula\u00e7\u00e3o n\u00e3o est\u00e1 preparada para acreditar no governo e em suas propostas e ou decis\u00f5es.<\/span><\/p>\n<p class=\"p1\"><span class=\"s1\">Merece registro neste momento o desolador conflito entre os membros dos Poderes da Rep\u00fablica e, como estes tamb\u00e9m est\u00e3o despreparados para entender o que, de fato, interessa ao povo.<\/span><\/p>\n<p class=\"p1\"><span class=\"s1\">N\u00e3o tardou muito para o desabastecimento mostrar que \u201cnossa esperteza \u201c rapidamente faria ruir um projeto t\u00e3o audacioso.<\/span><\/p>\n<p class=\"p1\"><span class=\"s1\">Fui, naquela oportunidade, nomeado pelo Ministro Dilson Domingos Funaro, delegado especial nos termos da Lei Delegada n\u00famero 4., e pude ver que, al\u00e9m do despreparo de nossa gente, o programa trazia tamb\u00e9m a outra causa de seu fracasso&#8230; o congelamento.<\/span><\/p>\n<p class=\"p1\"><span class=\"s1\">Foram meses de grande reboli\u00e7o em nossa na\u00e7\u00e3o. Considero que se n\u00e3o tivessem posto o congelamento o processo poderia ter tido um sucesso maior.<span class=\"Apple-converted-space\">\u00a0 <\/span>Afirmo que o fracasso foi imposto tamb\u00e9m pelo congelamento&#8230; que impediu que novas tabelas fossem editadas com as implica\u00e7\u00f5es de disponibilidades e marcas de produtos.<\/span><\/p>\n<p class=\"p1\"><span class=\"s1\">J\u00e1 tivemos no Brasil as tabelas de tantos produtos, principalmente dos combust\u00edveis, cujos novos valores eram sempre anunciados na noite de sexta-feira. S\u00e1bado e domingo os postos nao abriam.<\/span><\/p>\n<p class=\"p1\"><span class=\"s1\">Os pre\u00e7os obedeciam a estudos das \u00e1reas econ\u00f4micas e os atos dos Governos dos Generais poderiam desagradar, por\u00e9m n\u00e3o possibilitavam abusos de quaisquer esp\u00e9cies.<\/span><\/p>\n<p class=\"p1\"><span class=\"s1\">Sou e sempre fui favor\u00e1vel ao sistema de \u201cmercado livre\u201d onde o pre\u00e7o ao consumidor demonstra a soma do custo da produ\u00e7\u00e3o mais um \u201crazo\u00e1vel \u201c lucro de revenda.<\/span><\/p>\n<p class=\"p1\"><span class=\"s1\">Escrevi este artigo em Ribeir\u00e3o Preto e vi o pre\u00e7o do Etanol nos postos daquela cidade. O fato que chamou minha aten\u00e7\u00e3o \u00e9 a diferen\u00e7a m\u00ednima entre os pre\u00e7os de Franca e de Ribeir\u00e3o de R$-0,40 (quarenta centavos).<\/span><\/p>\n<p class=\"p1\"><span class=\"s1\">Parece pouco &#8230; mas&#8230; considerando que um caminh\u00e3o tanque transporta, no m\u00ednimo 15.000 litros de combust\u00edvel, cada viagem rende \u00e0 transportadora um m\u00ednimo de R$-6.000,00 (seis mil reais)&#8230; ou ent\u00e3o a margem de lucro dos postos de nossa querida terra das tr\u00eas colimas, est\u00e1<span class=\"Apple-converted-space\">\u00a0 <\/span>muito mais alto que a maior destas colinas&#8230; valha-nos Deus.\u2019<\/span><\/p>\n<p class=\"p1\"><span class=\"s1\">N\u00e3o advogo a tese do tabelamento e muito menos a do congelamento mas&#8230; ou<span class=\"Apple-converted-space\">\u00a0 <\/span>algu\u00e9m est\u00e1 ganhando pouco, os postos de Ribeir\u00e3o (coitados..!!!)&#8230; ou as transportadoras e ou os postos de Franca faturando alto e, aos olhos de muitos que poderiam fornecer uma explica\u00e7\u00e3o razo\u00e1vel aos francanos<span class=\"Apple-converted-space\">\u00a0 <\/span>sobre esta situa\u00e7\u00e3o.<\/span><\/p>\n<p class=\"p1\"><span class=\"s1\">Observo que n\u00e3o fiz nenhuma pesquisa oficial de pre\u00e7os, t\u00e3o somente anotei os valores dos pain\u00e9is das bombas desse combust\u00edvel, com o complemento de que h\u00e1 pouco mais de vinte dias a diferen\u00e7a m\u00ednima n\u00e3o era inferior a R$ -0,50 (cinquenta centavos).<\/span><\/p>\n<p class=\"p1\"><span class=\"s1\">Dif\u00edcil concordar com trais disparidades..!!!<\/span><\/p>\n<p class=\"p1\"><span class=\"s1\">No sistema de pre\u00e7os livres ao consumidor presumo granjear maior clientela os que, em produtos iguais, oferecem tamb\u00e9m os menores pre\u00e7os.<\/span><\/p>\n<p class=\"p1\"><span class=\"s1\">Bom domingo<\/span><\/p>\n<p>&nbsp;<\/p>\n<p class=\"p1\">Sebasti\u00e3o Ananias<\/p>\n<p class=\"p2\">Agricultor e ex-secret\u00e1rio<\/p>\n<p class=\"p2\">de Finan\u00e7as da Prefeitura de Franca<\/p>\n","protected":false},"excerpt":{"rendered":"<p>Buscar uma justificativa para uma dessas op\u00e7\u00f5es, tabelamento ou pre\u00e7os livres, pode nos levar a conclus\u00f5es surpreendentes. Quando foi lan\u00e7ado em 1986 o Plano Cruzado, assistimos<span class=\"excerpt-hellip\"> [\u2026]<\/span><\/p>\n","protected":false},"author":10,"featured_media":0,"comment_status":"open","ping_status":"open","sticky":false,"template":"","format":"standard","meta":{"_jetpack_memberships_contains_paid_content":false,"footnotes":"","jetpack_publicize_message":"","jetpack_publicize_feature_enabled":true,"jetpack_social_post_already_shared":false,"jetpack_social_options":{"image_generator_settings":{"template":"highway","default_image_id":0,"enabled":false},"version":2}},"categories":[92],"tags":[],"class_list":["post-8136","post","type-post","status-publish","format-standard","hentry","category-colunista"],"yoast_head":"<!-- This site is optimized with the Yoast SEO plugin v25.6 - https:\/\/yoast.com\/wordpress\/plugins\/seo\/ -->\n<title>Tabelamento e pre\u00e7os livres... - VerdadeOn<\/title>\n<meta name=\"robots\" content=\"index, follow, max-snippet:-1, max-image-preview:large, max-video-preview:-1\" \/>\n<link rel=\"canonical\" href=\"https:\/\/verdadeon.com.br\/portal\/2020\/06\/21\/tabelamento-e-precos-livres\/\" \/>\n<meta property=\"og:locale\" content=\"pt_BR\" \/>\n<meta property=\"og:type\" content=\"article\" \/>\n<meta property=\"og:title\" content=\"Tabelamento e pre\u00e7os livres... - VerdadeOn\" \/>\n<meta property=\"og:description\" content=\"Buscar uma justificativa para uma dessas op\u00e7\u00f5es, tabelamento ou pre\u00e7os livres, pode nos levar a conclus\u00f5es surpreendentes. Quando foi lan\u00e7ado em 1986 o Plano Cruzado, assistimos [\u2026]\" \/>\n<meta property=\"og:url\" content=\"https:\/\/verdadeon.com.br\/portal\/2020\/06\/21\/tabelamento-e-precos-livres\/\" \/>\n<meta property=\"og:site_name\" content=\"VerdadeOn\" \/>\n<meta property=\"article:published_time\" content=\"2020-06-21T14:22:00+00:00\" \/>\n<meta name=\"author\" content=\"Redacao VerdadeOn\" \/>\n<meta name=\"twitter:card\" content=\"summary_large_image\" \/>\n<meta name=\"twitter:label1\" content=\"Escrito por\" \/>\n\t<meta name=\"twitter:data1\" content=\"Redacao VerdadeOn\" \/>\n\t<meta name=\"twitter:label2\" content=\"Est. tempo de leitura\" \/>\n\t<meta name=\"twitter:data2\" content=\"3 minutos\" \/>\n<script type=\"application\/ld+json\" class=\"yoast-schema-graph\">{\"@context\":\"https:\/\/schema.org\",\"@graph\":[{\"@type\":\"WebPage\",\"@id\":\"https:\/\/verdadeon.com.br\/portal\/2020\/06\/21\/tabelamento-e-precos-livres\/\",\"url\":\"https:\/\/verdadeon.com.br\/portal\/2020\/06\/21\/tabelamento-e-precos-livres\/\",\"name\":\"Tabelamento e pre\u00e7os livres... - VerdadeOn\",\"isPartOf\":{\"@id\":\"https:\/\/verdadeon.com.br\/portal\/#website\"},\"datePublished\":\"2020-06-21T14:22:00+00:00\",\"author\":{\"@id\":\"https:\/\/verdadeon.com.br\/portal\/#\/schema\/person\/a5060ad1e9ea3df545188fc93ce43d2f\"},\"breadcrumb\":{\"@id\":\"https:\/\/verdadeon.com.br\/portal\/2020\/06\/21\/tabelamento-e-precos-livres\/#breadcrumb\"},\"inLanguage\":\"pt-BR\",\"potentialAction\":[{\"@type\":\"ReadAction\",\"target\":[\"https:\/\/verdadeon.com.br\/portal\/2020\/06\/21\/tabelamento-e-precos-livres\/\"]}]},{\"@type\":\"BreadcrumbList\",\"@id\":\"https:\/\/verdadeon.com.br\/portal\/2020\/06\/21\/tabelamento-e-precos-livres\/#breadcrumb\",\"itemListElement\":[{\"@type\":\"ListItem\",\"position\":1,\"name\":\"In\u00edcio\",\"item\":\"https:\/\/verdadeon.com.br\/portal\/\"},{\"@type\":\"ListItem\",\"position\":2,\"name\":\"Tabelamento e pre\u00e7os livres&#8230;\"}]},{\"@type\":\"WebSite\",\"@id\":\"https:\/\/verdadeon.com.br\/portal\/#website\",\"url\":\"https:\/\/verdadeon.com.br\/portal\/\",\"name\":\"VerdadeOn\",\"description\":\"Not\u00edcias di\u00e1rias sobre Franca, Regi\u00e3o, Esporte, Cultura, Cotidiano, Colunas. Cobertura nos principais eventos da cidade \u00e9 aqui - Verdadeon Franca\",\"potentialAction\":[{\"@type\":\"SearchAction\",\"target\":{\"@type\":\"EntryPoint\",\"urlTemplate\":\"https:\/\/verdadeon.com.br\/portal\/?s={search_term_string}\"},\"query-input\":{\"@type\":\"PropertyValueSpecification\",\"valueRequired\":true,\"valueName\":\"search_term_string\"}}],\"inLanguage\":\"pt-BR\"},{\"@type\":\"Person\",\"@id\":\"https:\/\/verdadeon.com.br\/portal\/#\/schema\/person\/a5060ad1e9ea3df545188fc93ce43d2f\",\"name\":\"Redacao VerdadeOn\",\"image\":{\"@type\":\"ImageObject\",\"inLanguage\":\"pt-BR\",\"@id\":\"https:\/\/verdadeon.com.br\/portal\/#\/schema\/person\/image\/\",\"url\":\"https:\/\/secure.gravatar.com\/avatar\/459a9613caaaf07f582c3d0841eea68bdd66f533e465e6ba8b9cb45619572cf4?s=96&d=mm&r=g\",\"contentUrl\":\"https:\/\/secure.gravatar.com\/avatar\/459a9613caaaf07f582c3d0841eea68bdd66f533e465e6ba8b9cb45619572cf4?s=96&d=mm&r=g\",\"caption\":\"Redacao VerdadeOn\"},\"url\":\"https:\/\/verdadeon.com.br\/portal\/author\/redacao\/\"}]}<\/script>\n<!-- \/ Yoast SEO plugin. -->","yoast_head_json":{"title":"Tabelamento e pre\u00e7os livres... - VerdadeOn","robots":{"index":"index","follow":"follow","max-snippet":"max-snippet:-1","max-image-preview":"max-image-preview:large","max-video-preview":"max-video-preview:-1"},"canonical":"https:\/\/verdadeon.com.br\/portal\/2020\/06\/21\/tabelamento-e-precos-livres\/","og_locale":"pt_BR","og_type":"article","og_title":"Tabelamento e pre\u00e7os livres... - VerdadeOn","og_description":"Buscar uma justificativa para uma dessas op\u00e7\u00f5es, tabelamento ou pre\u00e7os livres, pode nos levar a conclus\u00f5es surpreendentes. Quando foi lan\u00e7ado em 1986 o Plano Cruzado, assistimos [\u2026]","og_url":"https:\/\/verdadeon.com.br\/portal\/2020\/06\/21\/tabelamento-e-precos-livres\/","og_site_name":"VerdadeOn","article_published_time":"2020-06-21T14:22:00+00:00","author":"Redacao VerdadeOn","twitter_card":"summary_large_image","twitter_misc":{"Escrito por":"Redacao VerdadeOn","Est. tempo de leitura":"3 minutos"},"schema":{"@context":"https:\/\/schema.org","@graph":[{"@type":"WebPage","@id":"https:\/\/verdadeon.com.br\/portal\/2020\/06\/21\/tabelamento-e-precos-livres\/","url":"https:\/\/verdadeon.com.br\/portal\/2020\/06\/21\/tabelamento-e-precos-livres\/","name":"Tabelamento e pre\u00e7os livres... - VerdadeOn","isPartOf":{"@id":"https:\/\/verdadeon.com.br\/portal\/#website"},"datePublished":"2020-06-21T14:22:00+00:00","author":{"@id":"https:\/\/verdadeon.com.br\/portal\/#\/schema\/person\/a5060ad1e9ea3df545188fc93ce43d2f"},"breadcrumb":{"@id":"https:\/\/verdadeon.com.br\/portal\/2020\/06\/21\/tabelamento-e-precos-livres\/#breadcrumb"},"inLanguage":"pt-BR","potentialAction":[{"@type":"ReadAction","target":["https:\/\/verdadeon.com.br\/portal\/2020\/06\/21\/tabelamento-e-precos-livres\/"]}]},{"@type":"BreadcrumbList","@id":"https:\/\/verdadeon.com.br\/portal\/2020\/06\/21\/tabelamento-e-precos-livres\/#breadcrumb","itemListElement":[{"@type":"ListItem","position":1,"name":"In\u00edcio","item":"https:\/\/verdadeon.com.br\/portal\/"},{"@type":"ListItem","position":2,"name":"Tabelamento e pre\u00e7os livres&#8230;"}]},{"@type":"WebSite","@id":"https:\/\/verdadeon.com.br\/portal\/#website","url":"https:\/\/verdadeon.com.br\/portal\/","name":"VerdadeOn","description":"Not\u00edcias di\u00e1rias sobre Franca, Regi\u00e3o, Esporte, Cultura, Cotidiano, Colunas. Cobertura nos principais eventos da cidade \u00e9 aqui - Verdadeon Franca","potentialAction":[{"@type":"SearchAction","target":{"@type":"EntryPoint","urlTemplate":"https:\/\/verdadeon.com.br\/portal\/?s={search_term_string}"},"query-input":{"@type":"PropertyValueSpecification","valueRequired":true,"valueName":"search_term_string"}}],"inLanguage":"pt-BR"},{"@type":"Person","@id":"https:\/\/verdadeon.com.br\/portal\/#\/schema\/person\/a5060ad1e9ea3df545188fc93ce43d2f","name":"Redacao VerdadeOn","image":{"@type":"ImageObject","inLanguage":"pt-BR","@id":"https:\/\/verdadeon.com.br\/portal\/#\/schema\/person\/image\/","url":"https:\/\/secure.gravatar.com\/avatar\/459a9613caaaf07f582c3d0841eea68bdd66f533e465e6ba8b9cb45619572cf4?s=96&d=mm&r=g","contentUrl":"https:\/\/secure.gravatar.com\/avatar\/459a9613caaaf07f582c3d0841eea68bdd66f533e465e6ba8b9cb45619572cf4?s=96&d=mm&r=g","caption":"Redacao VerdadeOn"},"url":"https:\/\/verdadeon.com.br\/portal\/author\/redacao\/"}]}},"jetpack_publicize_connections":[],"jetpack_featured_media_url":"","jetpack_sharing_enabled":true,"_links":{"self":[{"href":"https:\/\/verdadeon.com.br\/portal\/wp-json\/wp\/v2\/posts\/8136","targetHints":{"allow":["GET"]}}],"collection":[{"href":"https:\/\/verdadeon.com.br\/portal\/wp-json\/wp\/v2\/posts"}],"about":[{"href":"https:\/\/verdadeon.com.br\/portal\/wp-json\/wp\/v2\/types\/post"}],"author":[{"embeddable":true,"href":"https:\/\/verdadeon.com.br\/portal\/wp-json\/wp\/v2\/users\/10"}],"replies":[{"embeddable":true,"href":"https:\/\/verdadeon.com.br\/portal\/wp-json\/wp\/v2\/comments?post=8136"}],"version-history":[{"count":0,"href":"https:\/\/verdadeon.com.br\/portal\/wp-json\/wp\/v2\/posts\/8136\/revisions"}],"wp:attachment":[{"href":"https:\/\/verdadeon.com.br\/portal\/wp-json\/wp\/v2\/media?parent=8136"}],"wp:term":[{"taxonomy":"category","embeddable":true,"href":"https:\/\/verdadeon.com.br\/portal\/wp-json\/wp\/v2\/categories?post=8136"},{"taxonomy":"post_tag","embeddable":true,"href":"https:\/\/verdadeon.com.br\/portal\/wp-json\/wp\/v2\/tags?post=8136"}],"curies":[{"name":"wp","href":"https:\/\/api.w.org\/{rel}","templated":true}]}}