{"id":8135,"date":"2020-06-21T11:21:03","date_gmt":"2020-06-21T14:21:03","guid":{"rendered":"http:\/\/verdadeon.com.br\/portal\/?p=8135"},"modified":"2020-06-21T11:21:03","modified_gmt":"2020-06-21T14:21:03","slug":"habitos-de-higiene-em-tempo-de-coronavirus","status":"publish","type":"post","link":"https:\/\/verdadeon.com.br\/portal\/2020\/06\/21\/habitos-de-higiene-em-tempo-de-coronavirus\/","title":{"rendered":"H\u00c1BITOS DE HIGIENE EM  TEMPO DE CORONAV\u00cdRUS"},"content":{"rendered":"<p class=\"p1\"><span class=\"s1\">Com a pandemia do coronav\u00edrus covid-19, necess\u00e1rio se faz a mudan\u00e7a de h\u00e1bitos higi\u00eanicos que, embora, aparentemente simples (como lavar as m\u00e3os ao tocar um produto ou uma superf\u00edcie; usar \u00e1lcool liquido ou em gel 70\u00ba; usar m\u00e1scaras, etc.), quando deixados de lado podem ocasionar s\u00e9rios problemas de sa\u00fade, inclusive, com risco de morte ao indiv\u00edduo.<\/span><\/p>\n<p class=\"p1\"><span class=\"s1\">Sabe-se que a propaga\u00e7\u00e3o do coronav\u00edrus ocorre exatamente pela falta de prote\u00e7\u00e3o existente no ser humano, inclusive, ante a inexist\u00eancia de uma vacina. Desse modo, pelo fato do v\u00edrus representar uma amea\u00e7a mortal, as \u00fanicas barreiras dispon\u00edveis no momento para evitar que este se alastre ainda mais, referem-se aos cuidados b\u00e1sicos de higiene, como desinfec\u00e7\u00e3o do ambiente, lavar as m\u00e3os constantemente e de forma correta, e a utiliza\u00e7\u00e3o de m\u00e1scaras.<\/span><\/p>\n<p class=\"p1\"><span class=\"s1\">Ali\u00e1s, com rela\u00e7\u00e3o a m\u00e1scara os estudiosos alertam que \u201cEla evita que a pessoa se contamine, mas o principal objetivo \u00e9 evitar que a pessoa possa estar contaminando o ambiente comprometendo assim a integridade da sa\u00fade das outras pessoas que venham ter acesso a esse mesmo ambiente\u201d.<\/span><\/p>\n<p class=\"p1\"><span class=\"s1\">Higiene \u00e9 regra fundamental a ser cumprida por todos para se prevenir doen\u00e7as e ao mesmo tempo preservar a sa\u00fade, independentemente da pandemia do coronav\u00edrus covid-19. S\u00e3o cuidados b\u00e1sicos com asseio do corpo, dos alimentos, das vestimentas, assim como do meio ambiente. A palavra higiene tem origem grega e significa o que \u00e9 saud\u00e1vel, ou seja, um \u201cconjunto de condi\u00e7\u00f5es ou h\u00e1bitos que conduzem ao bem-estar e \u00e0 sa\u00fade; limpeza, asseio\u201d.<\/span><\/p>\n<p class=\"p1\"><span class=\"s1\">Portanto, bons h\u00e1bitos de higiene, al\u00e9m de promoverem a sa\u00fade, ajudam preventivamente no combate a muitas doen\u00e7as infectocontagiosas, que na maioria das vezes s\u00e3o encontradas em ambientes inadequados decorrentes dos baixos padr\u00f5es de higiene.<\/span><\/p>\n<p class=\"p1\"><span class=\"s1\">Assim sendo, por meio da conscientiza\u00e7\u00e3o da popula\u00e7\u00e3o e implementa\u00e7\u00e3o de padr\u00f5es de higiene, muitas doen\u00e7as podem ser prevenidas.<\/span><\/p>\n<p class=\"p1\"><span class=\"s1\">Como salientado anteriormente, os h\u00e1bitos de higiene podem ser: pessoais e ambientais.<\/span><\/p>\n<p class=\"p1\"><span class=\"s1\">Ali\u00e1s, as sociedades humanas sempre estiveram \u00e0 procura de solu\u00e7\u00f5es para os problemas sanit\u00e1rios. Esta reflex\u00e3o \u00e9 permeada por ideias e interesses onde encontramos marcadamente a preocupa\u00e7\u00e3o com a Higiene e sua transforma\u00e7\u00e3o em um conjunto de normas particulares e coletivas, objetivando o controle ou a erradica\u00e7\u00e3o das doen\u00e7as e a melhoria da qualidade de vida em sociedade.<\/span><\/p>\n<p class=\"p1\"><span class=\"s1\">Ao longo da hist\u00f3ria, os maiores problemas de sa\u00fade que os seres humanos enfrentaram, estiveram relacionados com a natureza da vida comunit\u00e1ria. A \u00eanfase relativa sobre cada problema da vida em sociedade variou-se no tempo, e de sua inter-rela\u00e7\u00e3o se originou a Sa\u00fade P\u00fablica.<\/span><\/p>\n<p class=\"p1\"><span class=\"s1\">E por tratar do tema HIGIENE\/SA\u00daDE, o que se v\u00ea, n\u00e3o apenas por parte de alguns estabelecimentos como tamb\u00e9m, de consumidores de nossa Cidade de Franca SP, infelizmente s\u00e3o IN\u00daMERAS irregularidades no que se refere ao tema HIGIENE. Verifica-se as mais absurdas ocorr\u00eancias, com rela\u00e7\u00e3o a total aus\u00eancia de \u201cHIGIENE\u201d em estabelecimentos dedicados ao com\u00e9rcio de g\u00eaneros aliment\u00edcios, dentre os quais, a\u00e7ougues, padarias, supermercados, varej\u00f5es, peixarias, etc., do mesmo modo por parte dos consumidores, que ainda continuam colocando seus filhos dentro dos carrinhos de alimentos, mesmo n\u00e3o sendo crian\u00e7as de colo.<\/span><\/p>\n<p class=\"p1\"><span class=\"s1\">Ali\u00e1s, s\u00e3o Direitos B\u00e1sicos do Consumidor, nos termos do art. 6\u00ba, inciso I, do C\u00f3digo de Defesa do Consumidor, a prote\u00e7\u00e3o da vida, sa\u00fade e seguran\u00e7a contr<\/span><span class=\"s1\">a os riscos provocados por pr\u00e1ticas no fornecimento de produtos e servi\u00e7os considerados perigosos ou nocivos.<\/span><\/p>\n<p class=\"p1\"><span class=\"s1\">Esta reflex\u00e3o \u00e9 permeada por ideias e interesses onde encontramos marcadamente a preocupa\u00e7\u00e3o com a HIGIENE e sua transforma\u00e7\u00e3o em um conjunto de normas particulares e coletivas, objetivando o controle das doen\u00e7as e a melhoria de vida em sociedade, inclusive, em \u00e9poca da pandemia do coronav\u00edrus cvid-19. A conscientiza\u00e7\u00e3o \u00e9 obriga\u00e7\u00e3o de todos.<\/span><\/p>\n<p>&nbsp;<\/p>\n<p class=\"p1\">Jo\u00e3o Vicente Miguel<\/p>\n<p class=\"p2\">Advogado<\/p>\n","protected":false},"excerpt":{"rendered":"<p>Com a pandemia do coronav\u00edrus covid-19, necess\u00e1rio se faz a mudan\u00e7a de h\u00e1bitos higi\u00eanicos que, embora, aparentemente simples (como lavar as m\u00e3os ao tocar um produto<span class=\"excerpt-hellip\"> [\u2026]<\/span><\/p>\n","protected":false},"author":10,"featured_media":0,"comment_status":"open","ping_status":"open","sticky":false,"template":"","format":"standard","meta":{"_jetpack_memberships_contains_paid_content":false,"footnotes":"","jetpack_publicize_message":"","jetpack_publicize_feature_enabled":true,"jetpack_social_post_already_shared":false,"jetpack_social_options":{"image_generator_settings":{"template":"highway","default_image_id":0,"enabled":false},"version":2}},"categories":[92],"tags":[],"class_list":["post-8135","post","type-post","status-publish","format-standard","hentry","category-colunista"],"yoast_head":"<!-- This site is optimized with the Yoast SEO plugin v25.6 - https:\/\/yoast.com\/wordpress\/plugins\/seo\/ -->\n<title>H\u00c1BITOS DE HIGIENE EM TEMPO DE CORONAV\u00cdRUS - VerdadeOn<\/title>\n<meta name=\"robots\" content=\"index, follow, max-snippet:-1, max-image-preview:large, max-video-preview:-1\" \/>\n<link rel=\"canonical\" href=\"https:\/\/verdadeon.com.br\/portal\/2020\/06\/21\/habitos-de-higiene-em-tempo-de-coronavirus\/\" \/>\n<meta property=\"og:locale\" content=\"pt_BR\" \/>\n<meta property=\"og:type\" content=\"article\" \/>\n<meta property=\"og:title\" content=\"H\u00c1BITOS DE HIGIENE EM TEMPO DE CORONAV\u00cdRUS - VerdadeOn\" \/>\n<meta property=\"og:description\" content=\"Com a pandemia do coronav\u00edrus covid-19, necess\u00e1rio se faz a mudan\u00e7a de h\u00e1bitos higi\u00eanicos que, embora, aparentemente simples (como lavar as m\u00e3os ao tocar um produto [\u2026]\" \/>\n<meta property=\"og:url\" content=\"https:\/\/verdadeon.com.br\/portal\/2020\/06\/21\/habitos-de-higiene-em-tempo-de-coronavirus\/\" \/>\n<meta property=\"og:site_name\" content=\"VerdadeOn\" \/>\n<meta property=\"article:published_time\" content=\"2020-06-21T14:21:03+00:00\" \/>\n<meta name=\"author\" content=\"Redacao VerdadeOn\" \/>\n<meta name=\"twitter:card\" content=\"summary_large_image\" \/>\n<meta name=\"twitter:label1\" content=\"Escrito por\" \/>\n\t<meta name=\"twitter:data1\" content=\"Redacao VerdadeOn\" \/>\n\t<meta name=\"twitter:label2\" content=\"Est. tempo de leitura\" \/>\n\t<meta name=\"twitter:data2\" content=\"3 minutos\" \/>\n<script type=\"application\/ld+json\" class=\"yoast-schema-graph\">{\"@context\":\"https:\/\/schema.org\",\"@graph\":[{\"@type\":\"WebPage\",\"@id\":\"https:\/\/verdadeon.com.br\/portal\/2020\/06\/21\/habitos-de-higiene-em-tempo-de-coronavirus\/\",\"url\":\"https:\/\/verdadeon.com.br\/portal\/2020\/06\/21\/habitos-de-higiene-em-tempo-de-coronavirus\/\",\"name\":\"H\u00c1BITOS DE HIGIENE EM TEMPO DE CORONAV\u00cdRUS - VerdadeOn\",\"isPartOf\":{\"@id\":\"https:\/\/verdadeon.com.br\/portal\/#website\"},\"datePublished\":\"2020-06-21T14:21:03+00:00\",\"author\":{\"@id\":\"https:\/\/verdadeon.com.br\/portal\/#\/schema\/person\/a5060ad1e9ea3df545188fc93ce43d2f\"},\"breadcrumb\":{\"@id\":\"https:\/\/verdadeon.com.br\/portal\/2020\/06\/21\/habitos-de-higiene-em-tempo-de-coronavirus\/#breadcrumb\"},\"inLanguage\":\"pt-BR\",\"potentialAction\":[{\"@type\":\"ReadAction\",\"target\":[\"https:\/\/verdadeon.com.br\/portal\/2020\/06\/21\/habitos-de-higiene-em-tempo-de-coronavirus\/\"]}]},{\"@type\":\"BreadcrumbList\",\"@id\":\"https:\/\/verdadeon.com.br\/portal\/2020\/06\/21\/habitos-de-higiene-em-tempo-de-coronavirus\/#breadcrumb\",\"itemListElement\":[{\"@type\":\"ListItem\",\"position\":1,\"name\":\"In\u00edcio\",\"item\":\"https:\/\/verdadeon.com.br\/portal\/\"},{\"@type\":\"ListItem\",\"position\":2,\"name\":\"H\u00c1BITOS DE HIGIENE EM TEMPO DE CORONAV\u00cdRUS\"}]},{\"@type\":\"WebSite\",\"@id\":\"https:\/\/verdadeon.com.br\/portal\/#website\",\"url\":\"https:\/\/verdadeon.com.br\/portal\/\",\"name\":\"VerdadeOn\",\"description\":\"Not\u00edcias di\u00e1rias sobre Franca, Regi\u00e3o, Esporte, Cultura, Cotidiano, Colunas. Cobertura nos principais eventos da cidade \u00e9 aqui - Verdadeon Franca\",\"potentialAction\":[{\"@type\":\"SearchAction\",\"target\":{\"@type\":\"EntryPoint\",\"urlTemplate\":\"https:\/\/verdadeon.com.br\/portal\/?s={search_term_string}\"},\"query-input\":{\"@type\":\"PropertyValueSpecification\",\"valueRequired\":true,\"valueName\":\"search_term_string\"}}],\"inLanguage\":\"pt-BR\"},{\"@type\":\"Person\",\"@id\":\"https:\/\/verdadeon.com.br\/portal\/#\/schema\/person\/a5060ad1e9ea3df545188fc93ce43d2f\",\"name\":\"Redacao VerdadeOn\",\"image\":{\"@type\":\"ImageObject\",\"inLanguage\":\"pt-BR\",\"@id\":\"https:\/\/verdadeon.com.br\/portal\/#\/schema\/person\/image\/\",\"url\":\"https:\/\/secure.gravatar.com\/avatar\/459a9613caaaf07f582c3d0841eea68bdd66f533e465e6ba8b9cb45619572cf4?s=96&d=mm&r=g\",\"contentUrl\":\"https:\/\/secure.gravatar.com\/avatar\/459a9613caaaf07f582c3d0841eea68bdd66f533e465e6ba8b9cb45619572cf4?s=96&d=mm&r=g\",\"caption\":\"Redacao VerdadeOn\"},\"url\":\"https:\/\/verdadeon.com.br\/portal\/author\/redacao\/\"}]}<\/script>\n<!-- \/ Yoast SEO plugin. -->","yoast_head_json":{"title":"H\u00c1BITOS DE HIGIENE EM TEMPO DE CORONAV\u00cdRUS - VerdadeOn","robots":{"index":"index","follow":"follow","max-snippet":"max-snippet:-1","max-image-preview":"max-image-preview:large","max-video-preview":"max-video-preview:-1"},"canonical":"https:\/\/verdadeon.com.br\/portal\/2020\/06\/21\/habitos-de-higiene-em-tempo-de-coronavirus\/","og_locale":"pt_BR","og_type":"article","og_title":"H\u00c1BITOS DE HIGIENE EM TEMPO DE CORONAV\u00cdRUS - VerdadeOn","og_description":"Com a pandemia do coronav\u00edrus covid-19, necess\u00e1rio se faz a mudan\u00e7a de h\u00e1bitos higi\u00eanicos que, embora, aparentemente simples (como lavar as m\u00e3os ao tocar um produto [\u2026]","og_url":"https:\/\/verdadeon.com.br\/portal\/2020\/06\/21\/habitos-de-higiene-em-tempo-de-coronavirus\/","og_site_name":"VerdadeOn","article_published_time":"2020-06-21T14:21:03+00:00","author":"Redacao VerdadeOn","twitter_card":"summary_large_image","twitter_misc":{"Escrito por":"Redacao VerdadeOn","Est. tempo de leitura":"3 minutos"},"schema":{"@context":"https:\/\/schema.org","@graph":[{"@type":"WebPage","@id":"https:\/\/verdadeon.com.br\/portal\/2020\/06\/21\/habitos-de-higiene-em-tempo-de-coronavirus\/","url":"https:\/\/verdadeon.com.br\/portal\/2020\/06\/21\/habitos-de-higiene-em-tempo-de-coronavirus\/","name":"H\u00c1BITOS DE HIGIENE EM TEMPO DE CORONAV\u00cdRUS - VerdadeOn","isPartOf":{"@id":"https:\/\/verdadeon.com.br\/portal\/#website"},"datePublished":"2020-06-21T14:21:03+00:00","author":{"@id":"https:\/\/verdadeon.com.br\/portal\/#\/schema\/person\/a5060ad1e9ea3df545188fc93ce43d2f"},"breadcrumb":{"@id":"https:\/\/verdadeon.com.br\/portal\/2020\/06\/21\/habitos-de-higiene-em-tempo-de-coronavirus\/#breadcrumb"},"inLanguage":"pt-BR","potentialAction":[{"@type":"ReadAction","target":["https:\/\/verdadeon.com.br\/portal\/2020\/06\/21\/habitos-de-higiene-em-tempo-de-coronavirus\/"]}]},{"@type":"BreadcrumbList","@id":"https:\/\/verdadeon.com.br\/portal\/2020\/06\/21\/habitos-de-higiene-em-tempo-de-coronavirus\/#breadcrumb","itemListElement":[{"@type":"ListItem","position":1,"name":"In\u00edcio","item":"https:\/\/verdadeon.com.br\/portal\/"},{"@type":"ListItem","position":2,"name":"H\u00c1BITOS DE HIGIENE EM TEMPO DE CORONAV\u00cdRUS"}]},{"@type":"WebSite","@id":"https:\/\/verdadeon.com.br\/portal\/#website","url":"https:\/\/verdadeon.com.br\/portal\/","name":"VerdadeOn","description":"Not\u00edcias di\u00e1rias sobre Franca, Regi\u00e3o, Esporte, Cultura, Cotidiano, Colunas. Cobertura nos principais eventos da cidade \u00e9 aqui - Verdadeon Franca","potentialAction":[{"@type":"SearchAction","target":{"@type":"EntryPoint","urlTemplate":"https:\/\/verdadeon.com.br\/portal\/?s={search_term_string}"},"query-input":{"@type":"PropertyValueSpecification","valueRequired":true,"valueName":"search_term_string"}}],"inLanguage":"pt-BR"},{"@type":"Person","@id":"https:\/\/verdadeon.com.br\/portal\/#\/schema\/person\/a5060ad1e9ea3df545188fc93ce43d2f","name":"Redacao VerdadeOn","image":{"@type":"ImageObject","inLanguage":"pt-BR","@id":"https:\/\/verdadeon.com.br\/portal\/#\/schema\/person\/image\/","url":"https:\/\/secure.gravatar.com\/avatar\/459a9613caaaf07f582c3d0841eea68bdd66f533e465e6ba8b9cb45619572cf4?s=96&d=mm&r=g","contentUrl":"https:\/\/secure.gravatar.com\/avatar\/459a9613caaaf07f582c3d0841eea68bdd66f533e465e6ba8b9cb45619572cf4?s=96&d=mm&r=g","caption":"Redacao VerdadeOn"},"url":"https:\/\/verdadeon.com.br\/portal\/author\/redacao\/"}]}},"jetpack_publicize_connections":[],"jetpack_featured_media_url":"","jetpack_sharing_enabled":true,"_links":{"self":[{"href":"https:\/\/verdadeon.com.br\/portal\/wp-json\/wp\/v2\/posts\/8135","targetHints":{"allow":["GET"]}}],"collection":[{"href":"https:\/\/verdadeon.com.br\/portal\/wp-json\/wp\/v2\/posts"}],"about":[{"href":"https:\/\/verdadeon.com.br\/portal\/wp-json\/wp\/v2\/types\/post"}],"author":[{"embeddable":true,"href":"https:\/\/verdadeon.com.br\/portal\/wp-json\/wp\/v2\/users\/10"}],"replies":[{"embeddable":true,"href":"https:\/\/verdadeon.com.br\/portal\/wp-json\/wp\/v2\/comments?post=8135"}],"version-history":[{"count":0,"href":"https:\/\/verdadeon.com.br\/portal\/wp-json\/wp\/v2\/posts\/8135\/revisions"}],"wp:attachment":[{"href":"https:\/\/verdadeon.com.br\/portal\/wp-json\/wp\/v2\/media?parent=8135"}],"wp:term":[{"taxonomy":"category","embeddable":true,"href":"https:\/\/verdadeon.com.br\/portal\/wp-json\/wp\/v2\/categories?post=8135"},{"taxonomy":"post_tag","embeddable":true,"href":"https:\/\/verdadeon.com.br\/portal\/wp-json\/wp\/v2\/tags?post=8135"}],"curies":[{"name":"wp","href":"https:\/\/api.w.org\/{rel}","templated":true}]}}