{"id":7975,"date":"2020-06-16T21:02:16","date_gmt":"2020-06-17T00:02:16","guid":{"rendered":"http:\/\/verdadeon.com.br\/portal\/?p=7975"},"modified":"2020-06-16T21:02:16","modified_gmt":"2020-06-17T00:02:16","slug":"mec-divulga-novas-datas-do-sisu-prouni-e-fies","status":"publish","type":"post","link":"https:\/\/verdadeon.com.br\/portal\/2020\/06\/16\/mec-divulga-novas-datas-do-sisu-prouni-e-fies\/","title":{"rendered":"MEC divulga novas datas do Sisu, Prouni e Fies"},"content":{"rendered":"<h2>Altera\u00e7\u00e3o ocorre por solicita\u00e7\u00e3o de universidades p\u00fablicas e privadas<\/h2>\n<p>O Minist\u00e9rio da Educa\u00e7\u00e3o (MEC) alterou as datas das inscri\u00e7\u00f5es aos principais programas de acesso \u00e0s universidades para atender a uma solicita\u00e7\u00e3o das institui\u00e7\u00f5es de ensino superior p\u00fablicas e privadas, segundo informou o secret\u00e1rio de Ensino Superior do MEC, Wagner Vilas Boas Souza.<br \/>\nO edital que muda o prazo de inscri\u00e7\u00e3o do Sistema de Sele\u00e7\u00e3o Unificada (Sisu) do segundo semestre, de 16 a 19 de junho para 7 a 10 de julho, deve ser publicado na quarta-feira (17). O Programa Universidade Para Todos (Prouni), que teria as inscri\u00e7\u00f5es abertas de 23 a 26 de junho, passou para o dia 14 de julho. E o Financiamento Estudantil (Fies) que teria inscri\u00e7\u00f5es efetuadas de 30 de junho a 3 de julho passou para 21 a 24 de julho.<br \/>\nConforme o secret\u00e1rio, a mudan\u00e7a ocorre devido \u00e0 suspens\u00e3o de algumas atividades acad\u00eamicas e administrativas nas universidades ocorridas em consequ\u00eancia da pandemia do novo coronav\u00edrus (covid-19).<br \/>\nAtendendo \u00e0s solicita\u00e7\u00f5es da Associa\u00e7\u00e3o Nacional de Dirigentes de Institutos Federais de Ensino Superior (Andifes), primeiro o MEC postergou o prazo para as institui\u00e7\u00f5es aderirem ao Sisu, que passou para 25 a 29 de maio para o dia 12 de junho.<br \/>\n\u201cSe n\u00f3s n\u00e3o tiv\u00e9ssemos prorrogado na data prevista a gente s\u00f3 teria, no m\u00e1ximo, 40 mil vagas ofertadas. E essa prorroga\u00e7\u00e3o permitiu um acr\u00e9scimo de pelo menos 20% no n\u00famero de vagas. Hoje s\u00e3o 51 mil vagas que ser\u00e3o ofertadas no Sisu justamente em fun\u00e7\u00e3o da prorroga\u00e7\u00e3o\u201d, comentou o secret\u00e1rio.<br \/>\nA consulta dos estudantes \u00e0s vagas dispon\u00edveis no Sisu poder\u00e1 ser feita a partir do dia 30 de junho.<br \/>\nEAD no Sisu<br \/>\nA partir do segundo semestre de 2020 ser\u00e1 poss\u00edvel fazer, pela primeira vez, a inscri\u00e7\u00e3o para cursos de Educa\u00e7\u00e3o a Dist\u00e2ncia (EAD) no Sisu.<br \/>\n\u201cEssa prorroga\u00e7\u00e3o nos permitiu inclusive essa inova\u00e7\u00e3o. At\u00e9 ent\u00e3o as institui\u00e7\u00f5es p\u00fablicas s\u00f3 poderiam oferecer vagas presenciais pelo Sisu. As vagas eventualmente de EAD que as institui\u00e7\u00f5es p\u00fablicas t\u00eam elas oferecem nos seus pr\u00f3prios portais, ent\u00e3o n\u00e3o \u00e9 dada muita divulga\u00e7\u00e3o. A gente inovou alterando a portaria do Sisu, alterando as regras, para que as institui\u00e7\u00f5es, al\u00e9m das vagas presenciais possam ofertar ent\u00e3o ensino \u00e0 dist\u00e2ncia\u201d, diz o secret\u00e1rio.<br \/>\nConforme Souza, a expectativa \u00e9 que o n\u00famero de vagas \u00e0 dist\u00e2ncia oferecidas nas universidades p\u00fablicas aumente a cada novo processo seletivo. Na rede particular, o n\u00famero de vagas \u00e0 dist\u00e2ncia chega a 40% do total.<\/p>\n","protected":false},"excerpt":{"rendered":"<p>Altera\u00e7\u00e3o ocorre por solicita\u00e7\u00e3o de universidades p\u00fablicas e privadas O Minist\u00e9rio da Educa\u00e7\u00e3o (MEC) alterou as datas das inscri\u00e7\u00f5es aos principais programas de acesso \u00e0s universidades<span class=\"excerpt-hellip\"> [\u2026]<\/span><\/p>\n","protected":false},"author":10,"featured_media":7976,"comment_status":"open","ping_status":"open","sticky":false,"template":"","format":"standard","meta":{"_jetpack_memberships_contains_paid_content":false,"footnotes":"","jetpack_publicize_message":"","jetpack_publicize_feature_enabled":true,"jetpack_social_post_already_shared":false,"jetpack_social_options":{"image_generator_settings":{"template":"highway","default_image_id":0,"enabled":false},"version":2}},"categories":[28,44],"tags":[],"class_list":["post-7975","post","type-post","status-publish","format-standard","has-post-thumbnail","hentry","category-cotidiano","category-noticias"],"yoast_head":"<!-- This site is optimized with the Yoast SEO plugin v25.6 - https:\/\/yoast.com\/wordpress\/plugins\/seo\/ -->\n<title>MEC divulga novas datas do Sisu, Prouni e Fies - VerdadeOn<\/title>\n<meta name=\"robots\" content=\"index, follow, max-snippet:-1, max-image-preview:large, max-video-preview:-1\" \/>\n<link rel=\"canonical\" href=\"https:\/\/verdadeon.com.br\/portal\/2020\/06\/16\/mec-divulga-novas-datas-do-sisu-prouni-e-fies\/\" \/>\n<meta property=\"og:locale\" content=\"pt_BR\" \/>\n<meta property=\"og:type\" content=\"article\" \/>\n<meta property=\"og:title\" content=\"MEC divulga novas datas do Sisu, Prouni e Fies - VerdadeOn\" \/>\n<meta property=\"og:description\" content=\"Altera\u00e7\u00e3o ocorre por solicita\u00e7\u00e3o de universidades p\u00fablicas e privadas O Minist\u00e9rio da Educa\u00e7\u00e3o (MEC) alterou as datas das inscri\u00e7\u00f5es aos principais programas de acesso \u00e0s universidades [\u2026]\" \/>\n<meta property=\"og:url\" content=\"https:\/\/verdadeon.com.br\/portal\/2020\/06\/16\/mec-divulga-novas-datas-do-sisu-prouni-e-fies\/\" \/>\n<meta property=\"og:site_name\" content=\"VerdadeOn\" \/>\n<meta property=\"article:published_time\" content=\"2020-06-17T00:02:16+00:00\" \/>\n<meta property=\"og:image\" content=\"https:\/\/verdadeon.com.br\/portal\/wp-content\/uploads\/2020\/06\/WhatsApp-Image-2020-06-16-at-19.31.01.jpeg\" \/>\n\t<meta property=\"og:image:width\" content=\"1000\" \/>\n\t<meta property=\"og:image:height\" content=\"670\" \/>\n\t<meta property=\"og:image:type\" content=\"image\/jpeg\" \/>\n<meta name=\"author\" content=\"Redacao VerdadeOn\" \/>\n<meta name=\"twitter:card\" content=\"summary_large_image\" \/>\n<meta name=\"twitter:label1\" content=\"Escrito por\" \/>\n\t<meta name=\"twitter:data1\" content=\"Redacao VerdadeOn\" \/>\n\t<meta name=\"twitter:label2\" content=\"Est. tempo de leitura\" \/>\n\t<meta name=\"twitter:data2\" content=\"2 minutos\" \/>\n<script type=\"application\/ld+json\" class=\"yoast-schema-graph\">{\"@context\":\"https:\/\/schema.org\",\"@graph\":[{\"@type\":\"WebPage\",\"@id\":\"https:\/\/verdadeon.com.br\/portal\/2020\/06\/16\/mec-divulga-novas-datas-do-sisu-prouni-e-fies\/\",\"url\":\"https:\/\/verdadeon.com.br\/portal\/2020\/06\/16\/mec-divulga-novas-datas-do-sisu-prouni-e-fies\/\",\"name\":\"MEC divulga novas datas do Sisu, Prouni e Fies - VerdadeOn\",\"isPartOf\":{\"@id\":\"https:\/\/verdadeon.com.br\/portal\/#website\"},\"primaryImageOfPage\":{\"@id\":\"https:\/\/verdadeon.com.br\/portal\/2020\/06\/16\/mec-divulga-novas-datas-do-sisu-prouni-e-fies\/#primaryimage\"},\"image\":{\"@id\":\"https:\/\/verdadeon.com.br\/portal\/2020\/06\/16\/mec-divulga-novas-datas-do-sisu-prouni-e-fies\/#primaryimage\"},\"thumbnailUrl\":\"https:\/\/i0.wp.com\/verdadeon.com.br\/portal\/wp-content\/uploads\/2020\/06\/WhatsApp-Image-2020-06-16-at-19.31.01.jpeg?fit=1000%2C670&ssl=1\",\"datePublished\":\"2020-06-17T00:02:16+00:00\",\"author\":{\"@id\":\"https:\/\/verdadeon.com.br\/portal\/#\/schema\/person\/a5060ad1e9ea3df545188fc93ce43d2f\"},\"breadcrumb\":{\"@id\":\"https:\/\/verdadeon.com.br\/portal\/2020\/06\/16\/mec-divulga-novas-datas-do-sisu-prouni-e-fies\/#breadcrumb\"},\"inLanguage\":\"pt-BR\",\"potentialAction\":[{\"@type\":\"ReadAction\",\"target\":[\"https:\/\/verdadeon.com.br\/portal\/2020\/06\/16\/mec-divulga-novas-datas-do-sisu-prouni-e-fies\/\"]}]},{\"@type\":\"ImageObject\",\"inLanguage\":\"pt-BR\",\"@id\":\"https:\/\/verdadeon.com.br\/portal\/2020\/06\/16\/mec-divulga-novas-datas-do-sisu-prouni-e-fies\/#primaryimage\",\"url\":\"https:\/\/i0.wp.com\/verdadeon.com.br\/portal\/wp-content\/uploads\/2020\/06\/WhatsApp-Image-2020-06-16-at-19.31.01.jpeg?fit=1000%2C670&ssl=1\",\"contentUrl\":\"https:\/\/i0.wp.com\/verdadeon.com.br\/portal\/wp-content\/uploads\/2020\/06\/WhatsApp-Image-2020-06-16-at-19.31.01.jpeg?fit=1000%2C670&ssl=1\",\"width\":1000,\"height\":670,\"caption\":\"a mudan\u00e7a ocorre devido \u00e0 suspens\u00e3o de algumas atividades acad\u00eamicas e administrativas nas universidades Foto: Ag\u00eancia Brasil\"},{\"@type\":\"BreadcrumbList\",\"@id\":\"https:\/\/verdadeon.com.br\/portal\/2020\/06\/16\/mec-divulga-novas-datas-do-sisu-prouni-e-fies\/#breadcrumb\",\"itemListElement\":[{\"@type\":\"ListItem\",\"position\":1,\"name\":\"In\u00edcio\",\"item\":\"https:\/\/verdadeon.com.br\/portal\/\"},{\"@type\":\"ListItem\",\"position\":2,\"name\":\"MEC divulga novas datas do Sisu, Prouni e Fies\"}]},{\"@type\":\"WebSite\",\"@id\":\"https:\/\/verdadeon.com.br\/portal\/#website\",\"url\":\"https:\/\/verdadeon.com.br\/portal\/\",\"name\":\"VerdadeOn\",\"description\":\"Not\u00edcias di\u00e1rias sobre Franca, Regi\u00e3o, Esporte, Cultura, Cotidiano, Colunas. Cobertura nos principais eventos da cidade \u00e9 aqui - Verdadeon Franca\",\"potentialAction\":[{\"@type\":\"SearchAction\",\"target\":{\"@type\":\"EntryPoint\",\"urlTemplate\":\"https:\/\/verdadeon.com.br\/portal\/?s={search_term_string}\"},\"query-input\":{\"@type\":\"PropertyValueSpecification\",\"valueRequired\":true,\"valueName\":\"search_term_string\"}}],\"inLanguage\":\"pt-BR\"},{\"@type\":\"Person\",\"@id\":\"https:\/\/verdadeon.com.br\/portal\/#\/schema\/person\/a5060ad1e9ea3df545188fc93ce43d2f\",\"name\":\"Redacao VerdadeOn\",\"image\":{\"@type\":\"ImageObject\",\"inLanguage\":\"pt-BR\",\"@id\":\"https:\/\/verdadeon.com.br\/portal\/#\/schema\/person\/image\/\",\"url\":\"https:\/\/secure.gravatar.com\/avatar\/459a9613caaaf07f582c3d0841eea68bdd66f533e465e6ba8b9cb45619572cf4?s=96&d=mm&r=g\",\"contentUrl\":\"https:\/\/secure.gravatar.com\/avatar\/459a9613caaaf07f582c3d0841eea68bdd66f533e465e6ba8b9cb45619572cf4?s=96&d=mm&r=g\",\"caption\":\"Redacao VerdadeOn\"},\"url\":\"https:\/\/verdadeon.com.br\/portal\/author\/redacao\/\"}]}<\/script>\n<!-- \/ Yoast SEO plugin. -->","yoast_head_json":{"title":"MEC divulga novas datas do Sisu, Prouni e Fies - VerdadeOn","robots":{"index":"index","follow":"follow","max-snippet":"max-snippet:-1","max-image-preview":"max-image-preview:large","max-video-preview":"max-video-preview:-1"},"canonical":"https:\/\/verdadeon.com.br\/portal\/2020\/06\/16\/mec-divulga-novas-datas-do-sisu-prouni-e-fies\/","og_locale":"pt_BR","og_type":"article","og_title":"MEC divulga novas datas do Sisu, Prouni e Fies - VerdadeOn","og_description":"Altera\u00e7\u00e3o ocorre por solicita\u00e7\u00e3o de universidades p\u00fablicas e privadas O Minist\u00e9rio da Educa\u00e7\u00e3o (MEC) alterou as datas das inscri\u00e7\u00f5es aos principais programas de acesso \u00e0s universidades [\u2026]","og_url":"https:\/\/verdadeon.com.br\/portal\/2020\/06\/16\/mec-divulga-novas-datas-do-sisu-prouni-e-fies\/","og_site_name":"VerdadeOn","article_published_time":"2020-06-17T00:02:16+00:00","og_image":[{"width":1000,"height":670,"url":"https:\/\/verdadeon.com.br\/portal\/wp-content\/uploads\/2020\/06\/WhatsApp-Image-2020-06-16-at-19.31.01.jpeg","type":"image\/jpeg"}],"author":"Redacao VerdadeOn","twitter_card":"summary_large_image","twitter_misc":{"Escrito por":"Redacao VerdadeOn","Est. tempo de leitura":"2 minutos"},"schema":{"@context":"https:\/\/schema.org","@graph":[{"@type":"WebPage","@id":"https:\/\/verdadeon.com.br\/portal\/2020\/06\/16\/mec-divulga-novas-datas-do-sisu-prouni-e-fies\/","url":"https:\/\/verdadeon.com.br\/portal\/2020\/06\/16\/mec-divulga-novas-datas-do-sisu-prouni-e-fies\/","name":"MEC divulga novas datas do Sisu, Prouni e Fies - VerdadeOn","isPartOf":{"@id":"https:\/\/verdadeon.com.br\/portal\/#website"},"primaryImageOfPage":{"@id":"https:\/\/verdadeon.com.br\/portal\/2020\/06\/16\/mec-divulga-novas-datas-do-sisu-prouni-e-fies\/#primaryimage"},"image":{"@id":"https:\/\/verdadeon.com.br\/portal\/2020\/06\/16\/mec-divulga-novas-datas-do-sisu-prouni-e-fies\/#primaryimage"},"thumbnailUrl":"https:\/\/i0.wp.com\/verdadeon.com.br\/portal\/wp-content\/uploads\/2020\/06\/WhatsApp-Image-2020-06-16-at-19.31.01.jpeg?fit=1000%2C670&ssl=1","datePublished":"2020-06-17T00:02:16+00:00","author":{"@id":"https:\/\/verdadeon.com.br\/portal\/#\/schema\/person\/a5060ad1e9ea3df545188fc93ce43d2f"},"breadcrumb":{"@id":"https:\/\/verdadeon.com.br\/portal\/2020\/06\/16\/mec-divulga-novas-datas-do-sisu-prouni-e-fies\/#breadcrumb"},"inLanguage":"pt-BR","potentialAction":[{"@type":"ReadAction","target":["https:\/\/verdadeon.com.br\/portal\/2020\/06\/16\/mec-divulga-novas-datas-do-sisu-prouni-e-fies\/"]}]},{"@type":"ImageObject","inLanguage":"pt-BR","@id":"https:\/\/verdadeon.com.br\/portal\/2020\/06\/16\/mec-divulga-novas-datas-do-sisu-prouni-e-fies\/#primaryimage","url":"https:\/\/i0.wp.com\/verdadeon.com.br\/portal\/wp-content\/uploads\/2020\/06\/WhatsApp-Image-2020-06-16-at-19.31.01.jpeg?fit=1000%2C670&ssl=1","contentUrl":"https:\/\/i0.wp.com\/verdadeon.com.br\/portal\/wp-content\/uploads\/2020\/06\/WhatsApp-Image-2020-06-16-at-19.31.01.jpeg?fit=1000%2C670&ssl=1","width":1000,"height":670,"caption":"a mudan\u00e7a ocorre devido \u00e0 suspens\u00e3o de algumas atividades acad\u00eamicas e administrativas nas universidades Foto: Ag\u00eancia Brasil"},{"@type":"BreadcrumbList","@id":"https:\/\/verdadeon.com.br\/portal\/2020\/06\/16\/mec-divulga-novas-datas-do-sisu-prouni-e-fies\/#breadcrumb","itemListElement":[{"@type":"ListItem","position":1,"name":"In\u00edcio","item":"https:\/\/verdadeon.com.br\/portal\/"},{"@type":"ListItem","position":2,"name":"MEC divulga novas datas do Sisu, Prouni e Fies"}]},{"@type":"WebSite","@id":"https:\/\/verdadeon.com.br\/portal\/#website","url":"https:\/\/verdadeon.com.br\/portal\/","name":"VerdadeOn","description":"Not\u00edcias di\u00e1rias sobre Franca, Regi\u00e3o, Esporte, Cultura, Cotidiano, Colunas. Cobertura nos principais eventos da cidade \u00e9 aqui - Verdadeon Franca","potentialAction":[{"@type":"SearchAction","target":{"@type":"EntryPoint","urlTemplate":"https:\/\/verdadeon.com.br\/portal\/?s={search_term_string}"},"query-input":{"@type":"PropertyValueSpecification","valueRequired":true,"valueName":"search_term_string"}}],"inLanguage":"pt-BR"},{"@type":"Person","@id":"https:\/\/verdadeon.com.br\/portal\/#\/schema\/person\/a5060ad1e9ea3df545188fc93ce43d2f","name":"Redacao VerdadeOn","image":{"@type":"ImageObject","inLanguage":"pt-BR","@id":"https:\/\/verdadeon.com.br\/portal\/#\/schema\/person\/image\/","url":"https:\/\/secure.gravatar.com\/avatar\/459a9613caaaf07f582c3d0841eea68bdd66f533e465e6ba8b9cb45619572cf4?s=96&d=mm&r=g","contentUrl":"https:\/\/secure.gravatar.com\/avatar\/459a9613caaaf07f582c3d0841eea68bdd66f533e465e6ba8b9cb45619572cf4?s=96&d=mm&r=g","caption":"Redacao VerdadeOn"},"url":"https:\/\/verdadeon.com.br\/portal\/author\/redacao\/"}]}},"jetpack_publicize_connections":[],"jetpack_featured_media_url":"https:\/\/i0.wp.com\/verdadeon.com.br\/portal\/wp-content\/uploads\/2020\/06\/WhatsApp-Image-2020-06-16-at-19.31.01.jpeg?fit=1000%2C670&ssl=1","jetpack_sharing_enabled":true,"_links":{"self":[{"href":"https:\/\/verdadeon.com.br\/portal\/wp-json\/wp\/v2\/posts\/7975","targetHints":{"allow":["GET"]}}],"collection":[{"href":"https:\/\/verdadeon.com.br\/portal\/wp-json\/wp\/v2\/posts"}],"about":[{"href":"https:\/\/verdadeon.com.br\/portal\/wp-json\/wp\/v2\/types\/post"}],"author":[{"embeddable":true,"href":"https:\/\/verdadeon.com.br\/portal\/wp-json\/wp\/v2\/users\/10"}],"replies":[{"embeddable":true,"href":"https:\/\/verdadeon.com.br\/portal\/wp-json\/wp\/v2\/comments?post=7975"}],"version-history":[{"count":0,"href":"https:\/\/verdadeon.com.br\/portal\/wp-json\/wp\/v2\/posts\/7975\/revisions"}],"wp:featuredmedia":[{"embeddable":true,"href":"https:\/\/verdadeon.com.br\/portal\/wp-json\/wp\/v2\/media\/7976"}],"wp:attachment":[{"href":"https:\/\/verdadeon.com.br\/portal\/wp-json\/wp\/v2\/media?parent=7975"}],"wp:term":[{"taxonomy":"category","embeddable":true,"href":"https:\/\/verdadeon.com.br\/portal\/wp-json\/wp\/v2\/categories?post=7975"},{"taxonomy":"post_tag","embeddable":true,"href":"https:\/\/verdadeon.com.br\/portal\/wp-json\/wp\/v2\/tags?post=7975"}],"curies":[{"name":"wp","href":"https:\/\/api.w.org\/{rel}","templated":true}]}}