{"id":7973,"date":"2020-06-16T21:00:31","date_gmt":"2020-06-17T00:00:31","guid":{"rendered":"http:\/\/verdadeon.com.br\/portal\/?p=7973"},"modified":"2020-06-16T21:00:31","modified_gmt":"2020-06-17T00:00:31","slug":"apae-de-franca-apresenta-balanco-de-live","status":"publish","type":"post","link":"https:\/\/verdadeon.com.br\/portal\/2020\/06\/16\/apae-de-franca-apresenta-balanco-de-live\/","title":{"rendered":"APAE de Franca apresenta balan\u00e7o de live"},"content":{"rendered":"<h2>Foram arrecadados alimentos e dinheiro<\/h2>\n<p>A APAE de Franca divulgou um balan\u00e7o da arrecada\u00e7\u00e3o feita durante a live e o drive-thru, que tinha o objetivo de atender mais de 300 fam\u00edlias assistidas pela institui\u00e7\u00e3o e que vivem em estado de vulnerabilidade social.<br \/>\nA Live Amigos da APAE obteve quase 7.000 visualiza\u00e7\u00f5es, e o resultado final da a\u00e7\u00e3o foi de 12,600 toneladas de alimentos, 2.026 litros de leite, 570 m\u00e1scaras e uma arrecada\u00e7\u00e3o em dinheiro de R$ 84.812,08. Uma tela de Nossa Senhora que foi pintada durante a live foi arrematada por R$ 6.000,00.<br \/>\n\u201cA APAE de Franca, que neste ano completou 50 anos de hist\u00f3ria, atende em<br \/>\nm\u00e9dia 960 usu\u00e1rios\/diariamente de Franca e de mais 11 cidades da regi\u00e3o. Os<br \/>\natendimentos s\u00e3o realizados \u00e0s pessoas com defici\u00eancia intelectual e m\u00faltipla, nas<br \/>\n\u00e1reas da sa\u00fade, educa\u00e7\u00e3o e assist\u00eancia social. A Live Amigos da APAE, contou com a presen\u00e7a do m\u00fasico internacionalmente renomado, Diego Figueiredo e seus convidados, e a participa\u00e7\u00e3o dos cantores regionais Fabiano S\u00e1, Jo\u00e3o Neves, Rafael Lemos, Rafaela Neves, Rico e Roney, Turquin Violeiro &amp; Cleiton Prado. E tamb\u00e9m tivemos a participa\u00e7\u00e3o especial do renomado artista pl\u00e1stico W. Ver\u00edssimo, que pintou uma bel\u00edssima tela de Nossa Senhora ao vivo e doou para ser leiloada no final da Live\u201d, informou no balan\u00e7o.<br \/>\n\u201cA APAE de Franca \u00e9 imensamente grata pela colabora\u00e7\u00e3o e doa\u00e7\u00e3o das empresas e sociedade de Franca e Regi\u00e3o. E aproveita tamb\u00e9m para agradecer o apoio da imprensa local e volunt\u00e1rios que se candidataram para realiza\u00e7\u00e3o das a\u00e7\u00f5es da Live Amigos da APAE\u201d, finalizou.<\/p>\n","protected":false},"excerpt":{"rendered":"<p>Foram arrecadados alimentos e dinheiro A APAE de Franca divulgou um balan\u00e7o da arrecada\u00e7\u00e3o feita durante a live e o drive-thru, que tinha o objetivo de<span class=\"excerpt-hellip\"> [\u2026]<\/span><\/p>\n","protected":false},"author":10,"featured_media":7978,"comment_status":"open","ping_status":"open","sticky":false,"template":"","format":"standard","meta":{"_jetpack_memberships_contains_paid_content":false,"footnotes":"","jetpack_publicize_message":"","jetpack_publicize_feature_enabled":true,"jetpack_social_post_already_shared":false,"jetpack_social_options":{"image_generator_settings":{"template":"highway","default_image_id":0,"enabled":false},"version":2}},"categories":[28,44],"tags":[],"class_list":["post-7973","post","type-post","status-publish","format-standard","has-post-thumbnail","hentry","category-cotidiano","category-noticias"],"yoast_head":"<!-- This site is optimized with the Yoast SEO plugin v25.6 - https:\/\/yoast.com\/wordpress\/plugins\/seo\/ -->\n<title>APAE de Franca apresenta balan\u00e7o de live - VerdadeOn<\/title>\n<meta name=\"robots\" content=\"index, follow, max-snippet:-1, max-image-preview:large, max-video-preview:-1\" \/>\n<link rel=\"canonical\" href=\"https:\/\/verdadeon.com.br\/portal\/2020\/06\/16\/apae-de-franca-apresenta-balanco-de-live\/\" \/>\n<meta property=\"og:locale\" content=\"pt_BR\" \/>\n<meta property=\"og:type\" content=\"article\" \/>\n<meta property=\"og:title\" content=\"APAE de Franca apresenta balan\u00e7o de live - VerdadeOn\" \/>\n<meta property=\"og:description\" content=\"Foram arrecadados alimentos e dinheiro A APAE de Franca divulgou um balan\u00e7o da arrecada\u00e7\u00e3o feita durante a live e o drive-thru, que tinha o objetivo de [\u2026]\" \/>\n<meta property=\"og:url\" content=\"https:\/\/verdadeon.com.br\/portal\/2020\/06\/16\/apae-de-franca-apresenta-balanco-de-live\/\" \/>\n<meta property=\"og:site_name\" content=\"VerdadeOn\" \/>\n<meta property=\"article:published_time\" content=\"2020-06-17T00:00:31+00:00\" \/>\n<meta property=\"og:image\" content=\"https:\/\/verdadeon.com.br\/portal\/wp-content\/uploads\/2020\/06\/WhatsApp-Image-2020-06-16-at-19.28.57.jpeg\" \/>\n\t<meta property=\"og:image:width\" content=\"1000\" \/>\n\t<meta property=\"og:image:height\" content=\"670\" \/>\n\t<meta property=\"og:image:type\" content=\"image\/jpeg\" \/>\n<meta name=\"author\" content=\"Redacao VerdadeOn\" \/>\n<meta name=\"twitter:card\" content=\"summary_large_image\" \/>\n<meta name=\"twitter:label1\" content=\"Escrito por\" \/>\n\t<meta name=\"twitter:data1\" content=\"Redacao VerdadeOn\" \/>\n\t<meta name=\"twitter:label2\" content=\"Est. tempo de leitura\" \/>\n\t<meta name=\"twitter:data2\" content=\"1 minuto\" \/>\n<script type=\"application\/ld+json\" class=\"yoast-schema-graph\">{\"@context\":\"https:\/\/schema.org\",\"@graph\":[{\"@type\":\"WebPage\",\"@id\":\"https:\/\/verdadeon.com.br\/portal\/2020\/06\/16\/apae-de-franca-apresenta-balanco-de-live\/\",\"url\":\"https:\/\/verdadeon.com.br\/portal\/2020\/06\/16\/apae-de-franca-apresenta-balanco-de-live\/\",\"name\":\"APAE de Franca apresenta balan\u00e7o de live - VerdadeOn\",\"isPartOf\":{\"@id\":\"https:\/\/verdadeon.com.br\/portal\/#website\"},\"primaryImageOfPage\":{\"@id\":\"https:\/\/verdadeon.com.br\/portal\/2020\/06\/16\/apae-de-franca-apresenta-balanco-de-live\/#primaryimage\"},\"image\":{\"@id\":\"https:\/\/verdadeon.com.br\/portal\/2020\/06\/16\/apae-de-franca-apresenta-balanco-de-live\/#primaryimage\"},\"thumbnailUrl\":\"https:\/\/i0.wp.com\/verdadeon.com.br\/portal\/wp-content\/uploads\/2020\/06\/WhatsApp-Image-2020-06-16-at-19.28.57.jpeg?fit=1000%2C670&ssl=1\",\"datePublished\":\"2020-06-17T00:00:31+00:00\",\"author\":{\"@id\":\"https:\/\/verdadeon.com.br\/portal\/#\/schema\/person\/a5060ad1e9ea3df545188fc93ce43d2f\"},\"breadcrumb\":{\"@id\":\"https:\/\/verdadeon.com.br\/portal\/2020\/06\/16\/apae-de-franca-apresenta-balanco-de-live\/#breadcrumb\"},\"inLanguage\":\"pt-BR\",\"potentialAction\":[{\"@type\":\"ReadAction\",\"target\":[\"https:\/\/verdadeon.com.br\/portal\/2020\/06\/16\/apae-de-franca-apresenta-balanco-de-live\/\"]}]},{\"@type\":\"ImageObject\",\"inLanguage\":\"pt-BR\",\"@id\":\"https:\/\/verdadeon.com.br\/portal\/2020\/06\/16\/apae-de-franca-apresenta-balanco-de-live\/#primaryimage\",\"url\":\"https:\/\/i0.wp.com\/verdadeon.com.br\/portal\/wp-content\/uploads\/2020\/06\/WhatsApp-Image-2020-06-16-at-19.28.57.jpeg?fit=1000%2C670&ssl=1\",\"contentUrl\":\"https:\/\/i0.wp.com\/verdadeon.com.br\/portal\/wp-content\/uploads\/2020\/06\/WhatsApp-Image-2020-06-16-at-19.28.57.jpeg?fit=1000%2C670&ssl=1\",\"width\":1000,\"height\":670,\"caption\":\"Tudo o que foi arrecadado ser\u00e1 revertido para fam\u00edlias assistidas pela APAE | Foto: Divulga\u00e7\u00e3o\"},{\"@type\":\"BreadcrumbList\",\"@id\":\"https:\/\/verdadeon.com.br\/portal\/2020\/06\/16\/apae-de-franca-apresenta-balanco-de-live\/#breadcrumb\",\"itemListElement\":[{\"@type\":\"ListItem\",\"position\":1,\"name\":\"In\u00edcio\",\"item\":\"https:\/\/verdadeon.com.br\/portal\/\"},{\"@type\":\"ListItem\",\"position\":2,\"name\":\"APAE de Franca apresenta balan\u00e7o de live\"}]},{\"@type\":\"WebSite\",\"@id\":\"https:\/\/verdadeon.com.br\/portal\/#website\",\"url\":\"https:\/\/verdadeon.com.br\/portal\/\",\"name\":\"VerdadeOn\",\"description\":\"Not\u00edcias di\u00e1rias sobre Franca, Regi\u00e3o, Esporte, Cultura, Cotidiano, Colunas. Cobertura nos principais eventos da cidade \u00e9 aqui - Verdadeon Franca\",\"potentialAction\":[{\"@type\":\"SearchAction\",\"target\":{\"@type\":\"EntryPoint\",\"urlTemplate\":\"https:\/\/verdadeon.com.br\/portal\/?s={search_term_string}\"},\"query-input\":{\"@type\":\"PropertyValueSpecification\",\"valueRequired\":true,\"valueName\":\"search_term_string\"}}],\"inLanguage\":\"pt-BR\"},{\"@type\":\"Person\",\"@id\":\"https:\/\/verdadeon.com.br\/portal\/#\/schema\/person\/a5060ad1e9ea3df545188fc93ce43d2f\",\"name\":\"Redacao VerdadeOn\",\"image\":{\"@type\":\"ImageObject\",\"inLanguage\":\"pt-BR\",\"@id\":\"https:\/\/verdadeon.com.br\/portal\/#\/schema\/person\/image\/\",\"url\":\"https:\/\/secure.gravatar.com\/avatar\/459a9613caaaf07f582c3d0841eea68bdd66f533e465e6ba8b9cb45619572cf4?s=96&d=mm&r=g\",\"contentUrl\":\"https:\/\/secure.gravatar.com\/avatar\/459a9613caaaf07f582c3d0841eea68bdd66f533e465e6ba8b9cb45619572cf4?s=96&d=mm&r=g\",\"caption\":\"Redacao VerdadeOn\"},\"url\":\"https:\/\/verdadeon.com.br\/portal\/author\/redacao\/\"}]}<\/script>\n<!-- \/ Yoast SEO plugin. -->","yoast_head_json":{"title":"APAE de Franca apresenta balan\u00e7o de live - VerdadeOn","robots":{"index":"index","follow":"follow","max-snippet":"max-snippet:-1","max-image-preview":"max-image-preview:large","max-video-preview":"max-video-preview:-1"},"canonical":"https:\/\/verdadeon.com.br\/portal\/2020\/06\/16\/apae-de-franca-apresenta-balanco-de-live\/","og_locale":"pt_BR","og_type":"article","og_title":"APAE de Franca apresenta balan\u00e7o de live - VerdadeOn","og_description":"Foram arrecadados alimentos e dinheiro A APAE de Franca divulgou um balan\u00e7o da arrecada\u00e7\u00e3o feita durante a live e o drive-thru, que tinha o objetivo de [\u2026]","og_url":"https:\/\/verdadeon.com.br\/portal\/2020\/06\/16\/apae-de-franca-apresenta-balanco-de-live\/","og_site_name":"VerdadeOn","article_published_time":"2020-06-17T00:00:31+00:00","og_image":[{"width":1000,"height":670,"url":"https:\/\/verdadeon.com.br\/portal\/wp-content\/uploads\/2020\/06\/WhatsApp-Image-2020-06-16-at-19.28.57.jpeg","type":"image\/jpeg"}],"author":"Redacao VerdadeOn","twitter_card":"summary_large_image","twitter_misc":{"Escrito por":"Redacao VerdadeOn","Est. tempo de leitura":"1 minuto"},"schema":{"@context":"https:\/\/schema.org","@graph":[{"@type":"WebPage","@id":"https:\/\/verdadeon.com.br\/portal\/2020\/06\/16\/apae-de-franca-apresenta-balanco-de-live\/","url":"https:\/\/verdadeon.com.br\/portal\/2020\/06\/16\/apae-de-franca-apresenta-balanco-de-live\/","name":"APAE de Franca apresenta balan\u00e7o de live - VerdadeOn","isPartOf":{"@id":"https:\/\/verdadeon.com.br\/portal\/#website"},"primaryImageOfPage":{"@id":"https:\/\/verdadeon.com.br\/portal\/2020\/06\/16\/apae-de-franca-apresenta-balanco-de-live\/#primaryimage"},"image":{"@id":"https:\/\/verdadeon.com.br\/portal\/2020\/06\/16\/apae-de-franca-apresenta-balanco-de-live\/#primaryimage"},"thumbnailUrl":"https:\/\/i0.wp.com\/verdadeon.com.br\/portal\/wp-content\/uploads\/2020\/06\/WhatsApp-Image-2020-06-16-at-19.28.57.jpeg?fit=1000%2C670&ssl=1","datePublished":"2020-06-17T00:00:31+00:00","author":{"@id":"https:\/\/verdadeon.com.br\/portal\/#\/schema\/person\/a5060ad1e9ea3df545188fc93ce43d2f"},"breadcrumb":{"@id":"https:\/\/verdadeon.com.br\/portal\/2020\/06\/16\/apae-de-franca-apresenta-balanco-de-live\/#breadcrumb"},"inLanguage":"pt-BR","potentialAction":[{"@type":"ReadAction","target":["https:\/\/verdadeon.com.br\/portal\/2020\/06\/16\/apae-de-franca-apresenta-balanco-de-live\/"]}]},{"@type":"ImageObject","inLanguage":"pt-BR","@id":"https:\/\/verdadeon.com.br\/portal\/2020\/06\/16\/apae-de-franca-apresenta-balanco-de-live\/#primaryimage","url":"https:\/\/i0.wp.com\/verdadeon.com.br\/portal\/wp-content\/uploads\/2020\/06\/WhatsApp-Image-2020-06-16-at-19.28.57.jpeg?fit=1000%2C670&ssl=1","contentUrl":"https:\/\/i0.wp.com\/verdadeon.com.br\/portal\/wp-content\/uploads\/2020\/06\/WhatsApp-Image-2020-06-16-at-19.28.57.jpeg?fit=1000%2C670&ssl=1","width":1000,"height":670,"caption":"Tudo o que foi arrecadado ser\u00e1 revertido para fam\u00edlias assistidas pela APAE | Foto: Divulga\u00e7\u00e3o"},{"@type":"BreadcrumbList","@id":"https:\/\/verdadeon.com.br\/portal\/2020\/06\/16\/apae-de-franca-apresenta-balanco-de-live\/#breadcrumb","itemListElement":[{"@type":"ListItem","position":1,"name":"In\u00edcio","item":"https:\/\/verdadeon.com.br\/portal\/"},{"@type":"ListItem","position":2,"name":"APAE de Franca apresenta balan\u00e7o de live"}]},{"@type":"WebSite","@id":"https:\/\/verdadeon.com.br\/portal\/#website","url":"https:\/\/verdadeon.com.br\/portal\/","name":"VerdadeOn","description":"Not\u00edcias di\u00e1rias sobre Franca, Regi\u00e3o, Esporte, Cultura, Cotidiano, Colunas. Cobertura nos principais eventos da cidade \u00e9 aqui - Verdadeon Franca","potentialAction":[{"@type":"SearchAction","target":{"@type":"EntryPoint","urlTemplate":"https:\/\/verdadeon.com.br\/portal\/?s={search_term_string}"},"query-input":{"@type":"PropertyValueSpecification","valueRequired":true,"valueName":"search_term_string"}}],"inLanguage":"pt-BR"},{"@type":"Person","@id":"https:\/\/verdadeon.com.br\/portal\/#\/schema\/person\/a5060ad1e9ea3df545188fc93ce43d2f","name":"Redacao VerdadeOn","image":{"@type":"ImageObject","inLanguage":"pt-BR","@id":"https:\/\/verdadeon.com.br\/portal\/#\/schema\/person\/image\/","url":"https:\/\/secure.gravatar.com\/avatar\/459a9613caaaf07f582c3d0841eea68bdd66f533e465e6ba8b9cb45619572cf4?s=96&d=mm&r=g","contentUrl":"https:\/\/secure.gravatar.com\/avatar\/459a9613caaaf07f582c3d0841eea68bdd66f533e465e6ba8b9cb45619572cf4?s=96&d=mm&r=g","caption":"Redacao VerdadeOn"},"url":"https:\/\/verdadeon.com.br\/portal\/author\/redacao\/"}]}},"jetpack_publicize_connections":[],"jetpack_featured_media_url":"https:\/\/i0.wp.com\/verdadeon.com.br\/portal\/wp-content\/uploads\/2020\/06\/WhatsApp-Image-2020-06-16-at-19.28.57.jpeg?fit=1000%2C670&ssl=1","jetpack_sharing_enabled":true,"_links":{"self":[{"href":"https:\/\/verdadeon.com.br\/portal\/wp-json\/wp\/v2\/posts\/7973","targetHints":{"allow":["GET"]}}],"collection":[{"href":"https:\/\/verdadeon.com.br\/portal\/wp-json\/wp\/v2\/posts"}],"about":[{"href":"https:\/\/verdadeon.com.br\/portal\/wp-json\/wp\/v2\/types\/post"}],"author":[{"embeddable":true,"href":"https:\/\/verdadeon.com.br\/portal\/wp-json\/wp\/v2\/users\/10"}],"replies":[{"embeddable":true,"href":"https:\/\/verdadeon.com.br\/portal\/wp-json\/wp\/v2\/comments?post=7973"}],"version-history":[{"count":0,"href":"https:\/\/verdadeon.com.br\/portal\/wp-json\/wp\/v2\/posts\/7973\/revisions"}],"wp:featuredmedia":[{"embeddable":true,"href":"https:\/\/verdadeon.com.br\/portal\/wp-json\/wp\/v2\/media\/7978"}],"wp:attachment":[{"href":"https:\/\/verdadeon.com.br\/portal\/wp-json\/wp\/v2\/media?parent=7973"}],"wp:term":[{"taxonomy":"category","embeddable":true,"href":"https:\/\/verdadeon.com.br\/portal\/wp-json\/wp\/v2\/categories?post=7973"},{"taxonomy":"post_tag","embeddable":true,"href":"https:\/\/verdadeon.com.br\/portal\/wp-json\/wp\/v2\/tags?post=7973"}],"curies":[{"name":"wp","href":"https:\/\/api.w.org\/{rel}","templated":true}]}}