{"id":7847,"date":"2020-06-10T16:12:26","date_gmt":"2020-06-10T19:12:26","guid":{"rendered":"http:\/\/verdadeon.com.br\/portal\/?p=7847"},"modified":"2020-06-10T16:12:26","modified_gmt":"2020-06-10T19:12:26","slug":"pertencimento-e-posicionamento","status":"publish","type":"post","link":"https:\/\/verdadeon.com.br\/portal\/2020\/06\/10\/pertencimento-e-posicionamento\/","title":{"rendered":"PERTENCIMENTO E POSICIONAMENTO"},"content":{"rendered":"<p class=\"p1\"><span class=\"s1\">Quais s\u00e3o os motivos que nos levam a desejar pertencer a algum grupo ou institui\u00e7\u00e3o? O ser humano \u00e9 por natureza greg\u00e1rio, social. Para, Ana L\u00facia Amaral, Procuradora Regional da Rep\u00fablica, \u201cpertencimento, ou o sentimento de pertencimento \u00e9 a cren\u00e7a subjetiva numa origem comum que une distintos indiv\u00edduos. Os indiv\u00edduos pensam em si mesmos como membros de uma coletividade na qual s\u00edmbolos expressam valores, medos e aspira\u00e7\u00f5es. Esse sentimento pode fazer destacar caracter\u00edsticas culturais e raciais. H\u00e1 uma comunidade de sentido, partilha de valores, de costumes, da mem\u00f3ria comum, na qual se cria uma \u201ccomunidade de sentido\u201d, independentemente de la\u00e7os sangu\u00edneos. H\u00e1 um \u201csentimento de pertencimento e essa sensa\u00e7\u00e3o significa que precisamos nos sentir como pertencentes a tal lugar e ao mesmo tempo sentir que esse tal lugar nos pertence, e que assim acreditamos que podemos interferir e, mais do que tudo, que vale a pena interferir na rotina e nos rumos desse tal lugar\u201d. Com o sentimento de pertencimento passa-se a desenvolver o posicionamento, que \u00e9 o \u201cato\u00a0ou\u00a0efeito\u00a0de\u00a0posicionar\u201d, de se expor, de revelar os valores, os prop\u00f3sitos, as metas e as miss\u00f5es. Quando h\u00e1 o posicionamento surge tamb\u00e9m a marca da diferen\u00e7a e, quanto mais raro e diferenciado ela for, maior valor pode gerar. O pertencimento gera seguran\u00e7a, status e conex\u00e3o, logo, proporciona experi\u00eancias que podem mudar os estados emocionais. Frases como: \u201cJuntos somos mais fortes e vamos mais longe\u201d, \u201cjuntos somos fortes, unidos somos imbat\u00edveis\u201d, \u201cse sozinhos podemos ser fortes, unidos seremos inquebrant\u00e1veis\u201d e \u201cjuntos somos mais fortes, unidos somos os melhores\u201d, est\u00e3o diretamente ligadas ao pertencimento e posicionamento. A reflex\u00e3o proposta neste artigo \u00e9 de tamb\u00e9m a te motivar a criar o c\u00edrculo dourado apresentado por Simon Sinek. Crie tr\u00eas c\u00edrculos. Um dentro do outro. O primeiro e interno \u00e9 o \u201cpor qu\u00ea?\u201d, depois o \u201ccomo?\u201d e por fim \u201co que?\u201d Os por qu\u00eas nos levam a refletir sobre as causas, as cren\u00e7as e os motivos de exist\u00eancia. Para tanto \u00e9 necess\u00e1rio comunicar-se de forma diferente, partir do \u201cpor qu\u00ea?\u201d para s\u00f3 depois chegar no \u201co qu\u00ea\u201d. Uma comunica\u00e7\u00e3o de dentro para fora uma vez que as pessoas tendem a aderir aquilo que \u00e9 respondido pelo \u201cpor qu\u00ea?\u201d e n\u00e3o pelo \u201ccomo?\u201d ou pelo \u201co que?\u201d Desta forma o pertencimento \u00e9 criado pelas cren\u00e7as, pelas respostas dos \u201cpor qu\u00eas?\u201d Sendo assim, se voc\u00ea n\u00e3o se sente pertencente ao grupo, a institui\u00e7\u00e3o, a empresa, ao clube, \u00e9 poss\u00edvel que as repostas dos \u201cpor qu\u00eas?\u201d n\u00e3o est\u00e3o alinhadas e que n\u00e3o h\u00e1 conex\u00e3o entre os \u201cpor qu\u00eas?\u201d.<span class=\"Apple-converted-space\">\u00a0 <\/span>Isso refletir\u00e1 necessariamente nos resultados que s\u00e3o p\u00edfios ou pouco relevantes. Com isso, quero desafiar voc\u00ea leitor a fazer o seu c\u00edrculo dourado e responder para voc\u00ea e para os outros essas tr\u00eas perguntas e, no final, veja se algu\u00e9m sente a sua falta caso voc\u00ea n\u00e3o mais apare\u00e7a. Se a aus\u00eancia for sentida \u00e9 porque voc\u00ea pertencia, caso contr\u00e1rio, era s\u00f3 mais um no meio de muitos!<\/span><\/p>\n<p>&nbsp;<\/p>\n<p class=\"p1\">Acir de Matos Gomes<\/p>\n<p class=\"p2\">Advogado e vice-presidente da subse\u00e7\u00e3o da OAB-Franca<\/p>\n","protected":false},"excerpt":{"rendered":"<p>Quais s\u00e3o os motivos que nos levam a desejar pertencer a algum grupo ou institui\u00e7\u00e3o? O ser humano \u00e9 por natureza greg\u00e1rio, social. Para, Ana L\u00facia<span class=\"excerpt-hellip\"> [\u2026]<\/span><\/p>\n","protected":false},"author":10,"featured_media":0,"comment_status":"open","ping_status":"open","sticky":false,"template":"","format":"standard","meta":{"_jetpack_memberships_contains_paid_content":false,"footnotes":"","jetpack_publicize_message":"","jetpack_publicize_feature_enabled":true,"jetpack_social_post_already_shared":false,"jetpack_social_options":{"image_generator_settings":{"template":"highway","default_image_id":0,"enabled":false},"version":2}},"categories":[92],"tags":[],"class_list":["post-7847","post","type-post","status-publish","format-standard","hentry","category-colunista"],"yoast_head":"<!-- This site is optimized with the Yoast SEO plugin v25.6 - https:\/\/yoast.com\/wordpress\/plugins\/seo\/ -->\n<title>PERTENCIMENTO E POSICIONAMENTO - VerdadeOn<\/title>\n<meta name=\"robots\" content=\"index, follow, max-snippet:-1, max-image-preview:large, max-video-preview:-1\" \/>\n<link rel=\"canonical\" href=\"https:\/\/verdadeon.com.br\/portal\/2020\/06\/10\/pertencimento-e-posicionamento\/\" \/>\n<meta property=\"og:locale\" content=\"pt_BR\" \/>\n<meta property=\"og:type\" content=\"article\" \/>\n<meta property=\"og:title\" content=\"PERTENCIMENTO E POSICIONAMENTO - VerdadeOn\" \/>\n<meta property=\"og:description\" content=\"Quais s\u00e3o os motivos que nos levam a desejar pertencer a algum grupo ou institui\u00e7\u00e3o? O ser humano \u00e9 por natureza greg\u00e1rio, social. Para, Ana L\u00facia [\u2026]\" \/>\n<meta property=\"og:url\" content=\"https:\/\/verdadeon.com.br\/portal\/2020\/06\/10\/pertencimento-e-posicionamento\/\" \/>\n<meta property=\"og:site_name\" content=\"VerdadeOn\" \/>\n<meta property=\"article:published_time\" content=\"2020-06-10T19:12:26+00:00\" \/>\n<meta name=\"author\" content=\"Redacao VerdadeOn\" \/>\n<meta name=\"twitter:card\" content=\"summary_large_image\" \/>\n<meta name=\"twitter:label1\" content=\"Escrito por\" \/>\n\t<meta name=\"twitter:data1\" content=\"Redacao VerdadeOn\" \/>\n\t<meta name=\"twitter:label2\" content=\"Est. tempo de leitura\" \/>\n\t<meta name=\"twitter:data2\" content=\"3 minutos\" \/>\n<script type=\"application\/ld+json\" class=\"yoast-schema-graph\">{\"@context\":\"https:\/\/schema.org\",\"@graph\":[{\"@type\":\"WebPage\",\"@id\":\"https:\/\/verdadeon.com.br\/portal\/2020\/06\/10\/pertencimento-e-posicionamento\/\",\"url\":\"https:\/\/verdadeon.com.br\/portal\/2020\/06\/10\/pertencimento-e-posicionamento\/\",\"name\":\"PERTENCIMENTO E POSICIONAMENTO - VerdadeOn\",\"isPartOf\":{\"@id\":\"https:\/\/verdadeon.com.br\/portal\/#website\"},\"datePublished\":\"2020-06-10T19:12:26+00:00\",\"author\":{\"@id\":\"https:\/\/verdadeon.com.br\/portal\/#\/schema\/person\/a5060ad1e9ea3df545188fc93ce43d2f\"},\"breadcrumb\":{\"@id\":\"https:\/\/verdadeon.com.br\/portal\/2020\/06\/10\/pertencimento-e-posicionamento\/#breadcrumb\"},\"inLanguage\":\"pt-BR\",\"potentialAction\":[{\"@type\":\"ReadAction\",\"target\":[\"https:\/\/verdadeon.com.br\/portal\/2020\/06\/10\/pertencimento-e-posicionamento\/\"]}]},{\"@type\":\"BreadcrumbList\",\"@id\":\"https:\/\/verdadeon.com.br\/portal\/2020\/06\/10\/pertencimento-e-posicionamento\/#breadcrumb\",\"itemListElement\":[{\"@type\":\"ListItem\",\"position\":1,\"name\":\"In\u00edcio\",\"item\":\"https:\/\/verdadeon.com.br\/portal\/\"},{\"@type\":\"ListItem\",\"position\":2,\"name\":\"PERTENCIMENTO E POSICIONAMENTO\"}]},{\"@type\":\"WebSite\",\"@id\":\"https:\/\/verdadeon.com.br\/portal\/#website\",\"url\":\"https:\/\/verdadeon.com.br\/portal\/\",\"name\":\"VerdadeOn\",\"description\":\"Not\u00edcias di\u00e1rias sobre Franca, Regi\u00e3o, Esporte, Cultura, Cotidiano, Colunas. Cobertura nos principais eventos da cidade \u00e9 aqui - Verdadeon Franca\",\"potentialAction\":[{\"@type\":\"SearchAction\",\"target\":{\"@type\":\"EntryPoint\",\"urlTemplate\":\"https:\/\/verdadeon.com.br\/portal\/?s={search_term_string}\"},\"query-input\":{\"@type\":\"PropertyValueSpecification\",\"valueRequired\":true,\"valueName\":\"search_term_string\"}}],\"inLanguage\":\"pt-BR\"},{\"@type\":\"Person\",\"@id\":\"https:\/\/verdadeon.com.br\/portal\/#\/schema\/person\/a5060ad1e9ea3df545188fc93ce43d2f\",\"name\":\"Redacao VerdadeOn\",\"image\":{\"@type\":\"ImageObject\",\"inLanguage\":\"pt-BR\",\"@id\":\"https:\/\/verdadeon.com.br\/portal\/#\/schema\/person\/image\/\",\"url\":\"https:\/\/secure.gravatar.com\/avatar\/459a9613caaaf07f582c3d0841eea68bdd66f533e465e6ba8b9cb45619572cf4?s=96&d=mm&r=g\",\"contentUrl\":\"https:\/\/secure.gravatar.com\/avatar\/459a9613caaaf07f582c3d0841eea68bdd66f533e465e6ba8b9cb45619572cf4?s=96&d=mm&r=g\",\"caption\":\"Redacao VerdadeOn\"},\"url\":\"https:\/\/verdadeon.com.br\/portal\/author\/redacao\/\"}]}<\/script>\n<!-- \/ Yoast SEO plugin. -->","yoast_head_json":{"title":"PERTENCIMENTO E POSICIONAMENTO - VerdadeOn","robots":{"index":"index","follow":"follow","max-snippet":"max-snippet:-1","max-image-preview":"max-image-preview:large","max-video-preview":"max-video-preview:-1"},"canonical":"https:\/\/verdadeon.com.br\/portal\/2020\/06\/10\/pertencimento-e-posicionamento\/","og_locale":"pt_BR","og_type":"article","og_title":"PERTENCIMENTO E POSICIONAMENTO - VerdadeOn","og_description":"Quais s\u00e3o os motivos que nos levam a desejar pertencer a algum grupo ou institui\u00e7\u00e3o? O ser humano \u00e9 por natureza greg\u00e1rio, social. Para, Ana L\u00facia [\u2026]","og_url":"https:\/\/verdadeon.com.br\/portal\/2020\/06\/10\/pertencimento-e-posicionamento\/","og_site_name":"VerdadeOn","article_published_time":"2020-06-10T19:12:26+00:00","author":"Redacao VerdadeOn","twitter_card":"summary_large_image","twitter_misc":{"Escrito por":"Redacao VerdadeOn","Est. tempo de leitura":"3 minutos"},"schema":{"@context":"https:\/\/schema.org","@graph":[{"@type":"WebPage","@id":"https:\/\/verdadeon.com.br\/portal\/2020\/06\/10\/pertencimento-e-posicionamento\/","url":"https:\/\/verdadeon.com.br\/portal\/2020\/06\/10\/pertencimento-e-posicionamento\/","name":"PERTENCIMENTO E POSICIONAMENTO - VerdadeOn","isPartOf":{"@id":"https:\/\/verdadeon.com.br\/portal\/#website"},"datePublished":"2020-06-10T19:12:26+00:00","author":{"@id":"https:\/\/verdadeon.com.br\/portal\/#\/schema\/person\/a5060ad1e9ea3df545188fc93ce43d2f"},"breadcrumb":{"@id":"https:\/\/verdadeon.com.br\/portal\/2020\/06\/10\/pertencimento-e-posicionamento\/#breadcrumb"},"inLanguage":"pt-BR","potentialAction":[{"@type":"ReadAction","target":["https:\/\/verdadeon.com.br\/portal\/2020\/06\/10\/pertencimento-e-posicionamento\/"]}]},{"@type":"BreadcrumbList","@id":"https:\/\/verdadeon.com.br\/portal\/2020\/06\/10\/pertencimento-e-posicionamento\/#breadcrumb","itemListElement":[{"@type":"ListItem","position":1,"name":"In\u00edcio","item":"https:\/\/verdadeon.com.br\/portal\/"},{"@type":"ListItem","position":2,"name":"PERTENCIMENTO E POSICIONAMENTO"}]},{"@type":"WebSite","@id":"https:\/\/verdadeon.com.br\/portal\/#website","url":"https:\/\/verdadeon.com.br\/portal\/","name":"VerdadeOn","description":"Not\u00edcias di\u00e1rias sobre Franca, Regi\u00e3o, Esporte, Cultura, Cotidiano, Colunas. Cobertura nos principais eventos da cidade \u00e9 aqui - Verdadeon Franca","potentialAction":[{"@type":"SearchAction","target":{"@type":"EntryPoint","urlTemplate":"https:\/\/verdadeon.com.br\/portal\/?s={search_term_string}"},"query-input":{"@type":"PropertyValueSpecification","valueRequired":true,"valueName":"search_term_string"}}],"inLanguage":"pt-BR"},{"@type":"Person","@id":"https:\/\/verdadeon.com.br\/portal\/#\/schema\/person\/a5060ad1e9ea3df545188fc93ce43d2f","name":"Redacao VerdadeOn","image":{"@type":"ImageObject","inLanguage":"pt-BR","@id":"https:\/\/verdadeon.com.br\/portal\/#\/schema\/person\/image\/","url":"https:\/\/secure.gravatar.com\/avatar\/459a9613caaaf07f582c3d0841eea68bdd66f533e465e6ba8b9cb45619572cf4?s=96&d=mm&r=g","contentUrl":"https:\/\/secure.gravatar.com\/avatar\/459a9613caaaf07f582c3d0841eea68bdd66f533e465e6ba8b9cb45619572cf4?s=96&d=mm&r=g","caption":"Redacao VerdadeOn"},"url":"https:\/\/verdadeon.com.br\/portal\/author\/redacao\/"}]}},"jetpack_publicize_connections":[],"jetpack_featured_media_url":"","jetpack_sharing_enabled":true,"_links":{"self":[{"href":"https:\/\/verdadeon.com.br\/portal\/wp-json\/wp\/v2\/posts\/7847","targetHints":{"allow":["GET"]}}],"collection":[{"href":"https:\/\/verdadeon.com.br\/portal\/wp-json\/wp\/v2\/posts"}],"about":[{"href":"https:\/\/verdadeon.com.br\/portal\/wp-json\/wp\/v2\/types\/post"}],"author":[{"embeddable":true,"href":"https:\/\/verdadeon.com.br\/portal\/wp-json\/wp\/v2\/users\/10"}],"replies":[{"embeddable":true,"href":"https:\/\/verdadeon.com.br\/portal\/wp-json\/wp\/v2\/comments?post=7847"}],"version-history":[{"count":0,"href":"https:\/\/verdadeon.com.br\/portal\/wp-json\/wp\/v2\/posts\/7847\/revisions"}],"wp:attachment":[{"href":"https:\/\/verdadeon.com.br\/portal\/wp-json\/wp\/v2\/media?parent=7847"}],"wp:term":[{"taxonomy":"category","embeddable":true,"href":"https:\/\/verdadeon.com.br\/portal\/wp-json\/wp\/v2\/categories?post=7847"},{"taxonomy":"post_tag","embeddable":true,"href":"https:\/\/verdadeon.com.br\/portal\/wp-json\/wp\/v2\/tags?post=7847"}],"curies":[{"name":"wp","href":"https:\/\/api.w.org\/{rel}","templated":true}]}}