{"id":7381,"date":"2020-05-26T12:37:21","date_gmt":"2020-05-26T15:37:21","guid":{"rendered":"http:\/\/verdadeon.com.br\/portal\/?p=7381"},"modified":"2020-05-26T13:17:10","modified_gmt":"2020-05-26T16:17:10","slug":"estudantes-dos-estados-unidos-passam-ferias-forcadas-em-franca-por-nao-conseguirem-entrar-na-europa","status":"publish","type":"post","link":"https:\/\/verdadeon.com.br\/portal\/2020\/05\/26\/estudantes-dos-estados-unidos-passam-ferias-forcadas-em-franca-por-nao-conseguirem-entrar-na-europa\/","title":{"rendered":"Estudantes dos Estados Unidos passam \u201cf\u00e9rias for\u00e7adas\u201d em Franca por n\u00e3o conseguirem entrar na Europa"},"content":{"rendered":"<h2>Jovem francana recebe amiga que tentava ir para a Fran\u00e7a no in\u00edcio da pandemia<\/h2>\n<p>Uma viagem ao Brasil para conhecer as belezas do pa\u00eds que chamam a aten\u00e7\u00e3o de quem vem de fora: esse era o planejamento de uma jovem estudante dos Estados Unidos durante a temporada na faculdade. Por\u00e9m, os problemas causados em diversos setores em todo o mundo pela pandemia do novo coronav\u00edrus adiaram essa divers\u00e3o e deixaram o passeio com caracter\u00edsticas diferentes.<\/p>\n<p>Pamela Cristina Moreira, de 22 anos, natural de Franca e Victoire Panattoni, de 20, s\u00e3o melhores amigas na UTRGV- University of Texas Rio Grande Valley, local onde estudam juntas e praticam o que mais gostam de fazer: jogar v\u00f4lei. A brasileira construiu uma bela amizade com a mo\u00e7a de tripla nacionalidade, j\u00e1 que tem o pai de Camar\u00f5es, a m\u00e3e italiana e nasceu na Fran\u00e7a. O fato de ambas serem estrangeiras foi fundamental para a aproxima\u00e7\u00e3o.<\/p>\n<p>As jovens contam que, no in\u00edcio da pandemia, a universidade tomou a decis\u00e3o de liberar todas as turmas para que cada uma fosse embora em busca de diminuir os riscos de contamina\u00e7\u00e3o. Victoire que atualmente mora na Fran\u00e7a com a m\u00e3e foi impossibilitada de voltar para casa, j\u00e1 que na oportunidade, ainda em meados de mar\u00e7o, o pa\u00eds europeu j\u00e1 estava em estado avan\u00e7ado da pandemia, enquanto o Brasil iniciava o cen\u00e1rio negativo.<\/p>\n<p>Por conta dos riscos, viajar dos Estados Unidos para a Fran\u00e7a estava praticamente imposs\u00edvel. Desta forma, como Pamela precisava voltar ao Brasil, surgiu a oportunidade de trazer a parceira de aulas e esporte. J\u00e1 se passaram dois meses da chegada das meninas e, at\u00e9 o momento, n\u00e3o foi poss\u00edvel o retorno \u00e0 Europa.<\/p>\n<p>A passagem no Brasil n\u00e3o est\u00e1 sendo como Victoire esperava, j\u00e1 que n\u00e3o pode ir aos lugares que sonhava por conta da pandemia. Mas isso n\u00e3o \u00e9 tratado como um problema pela jovem. Segundo ela, em compara\u00e7\u00e3o com os locais de origem, a proximidade se d\u00e1 com o pa\u00eds africano. \u201cA comida local, pessoas bacanas e a cidade \u00e9 limpa. Tudo isso lembra Camar\u00f5es. Os pontos s\u00e3o verdes e \u00e9 uma cidade calma. Mas aqui ainda \u00e9 mais organizado que l\u00e1\u201d, disse.<\/p>\n<p>Pamela \u00e9 mais experiente nos Estados Unidos. H\u00e1 dois anos estudando e disputando as competi\u00e7\u00f5es esportivas, ela ainda ter\u00e1 a oportunidade de jogar mais duas temporadas por l\u00e1. J\u00e1 Victoire deu in\u00edcio \u00e0s atividades no meio do ano passado. Elas afirmam que logo de cara se deram bem e, atualmente, se dizem melhores amigas. \u201cA gente mora uma do lado da outra. Quando ela chegou j\u00e1 peguei amizade e, por ser menina nova, come\u00e7amos a conversar mais e passar tempos juntos. Posso dizer que estamos todo o tempo juntas\u201d, disse a francana.<\/p>\n<h3>Volta para casa<\/h3>\n<p>Mesmo com todas as dificuldades, Victoire est\u00e1 com passagem comprada para retornar \u00e0 Fran\u00e7a. Se tudo correr bem, isso deve acontecer no final deste m\u00eas. Existem os riscos de cancelamento dos voos, mas a jovem aguarda com ansiedade para voltar para casa. Emocionada, ela fala com poucas palavras sobre a saudade que sente da m\u00e3e. A vontade de estar pr\u00f3ximo de quem ama est\u00e1 prestes a acontecer.<\/p>\n<p>Demonstrando ser f\u00e3 do esporte brasileiro, Victoire elogia os resultados que o v\u00f4lei j\u00e1 conquistou e afirma que jogar por aqui seria dif\u00edcil para ela, j\u00e1 que o n\u00edvel \u00e9 alto e as dificuldades poderiam aparecer. Mesmo assim, n\u00e3o descarta que isso possa acontecer no futuro. Mesmo com a experi\u00eancia \u201cfor\u00e7ada\u201d, a garota fala com entusiasmo sobre o Brasil e que em breve deve voltar para conhecer os lugares que sempre sonhou.<\/p>\n<h2>V\u00f4lei em Franca<\/h2>\n<p>Nascida em Franca e com a m\u00e3e envolvida no esporte local, Pamela diz que o v\u00f4lei ainda n\u00e3o tem a valoriza\u00e7\u00e3o necess\u00e1ria na cidade para ter a modalidade desenvolvida como acontece em outros lugares. Mesmo com o crescimento recente e a chegada na s\u00e9rie B da Superliga Feminina, a sensa\u00e7\u00e3o \u00e9 de que algumas barreiras ainda precisam ser ultrapassadas.<\/p>\n<p>\u2018O time aqui quer, as meninas querem e lutam para isso. Voc\u00ea percebe que s\u00e3o meninas que querem jogar, ser profissional e ter isso para avida. Mas Franca n\u00e3o tem nem patroc\u00ednio. Como as pessoas v\u00e3o querer seguir o v\u00f4lei se n\u00e3o tenho condi\u00e7\u00f5es de jogar e estudar, tudo isso \u00e9 dif\u00edcil. Esse foi um dos motivos que me fez ir para os Estados Unidos. L\u00e1 eu posso ser formada e quando minha carreira de atleta terminar eu posso ter o que fazer\u201d, disse Pamela.<\/p>\n","protected":false},"excerpt":{"rendered":"<p>Jovem francana recebe amiga que tentava ir para a Fran\u00e7a no in\u00edcio da pandemia Uma viagem ao Brasil para conhecer as belezas do pa\u00eds que chamam<span class=\"excerpt-hellip\"> [\u2026]<\/span><\/p>\n","protected":false},"author":10,"featured_media":7386,"comment_status":"open","ping_status":"open","sticky":false,"template":"","format":"standard","meta":{"_jetpack_memberships_contains_paid_content":false,"footnotes":"","jetpack_publicize_message":"","jetpack_publicize_feature_enabled":true,"jetpack_social_post_already_shared":false,"jetpack_social_options":{"image_generator_settings":{"template":"highway","default_image_id":0,"enabled":false},"version":2}},"categories":[28,81],"tags":[],"class_list":["post-7381","post","type-post","status-publish","format-standard","has-post-thumbnail","hentry","category-cotidiano","category-manchete"],"yoast_head":"<!-- This site is optimized with the Yoast SEO plugin v25.6 - https:\/\/yoast.com\/wordpress\/plugins\/seo\/ -->\n<title>Estudantes dos Estados Unidos passam \u201cf\u00e9rias for\u00e7adas\u201d em Franca por n\u00e3o conseguirem entrar na Europa - VerdadeOn<\/title>\n<meta name=\"robots\" content=\"index, follow, max-snippet:-1, max-image-preview:large, max-video-preview:-1\" \/>\n<link rel=\"canonical\" href=\"https:\/\/verdadeon.com.br\/portal\/2020\/05\/26\/estudantes-dos-estados-unidos-passam-ferias-forcadas-em-franca-por-nao-conseguirem-entrar-na-europa\/\" \/>\n<meta property=\"og:locale\" content=\"pt_BR\" \/>\n<meta property=\"og:type\" content=\"article\" \/>\n<meta property=\"og:title\" content=\"Estudantes dos Estados Unidos passam \u201cf\u00e9rias for\u00e7adas\u201d em Franca por n\u00e3o conseguirem entrar na Europa - VerdadeOn\" \/>\n<meta property=\"og:description\" content=\"Jovem francana recebe amiga que tentava ir para a Fran\u00e7a no in\u00edcio da pandemia Uma viagem ao Brasil para conhecer as belezas do pa\u00eds que chamam [\u2026]\" \/>\n<meta property=\"og:url\" content=\"https:\/\/verdadeon.com.br\/portal\/2020\/05\/26\/estudantes-dos-estados-unidos-passam-ferias-forcadas-em-franca-por-nao-conseguirem-entrar-na-europa\/\" \/>\n<meta property=\"og:site_name\" content=\"VerdadeOn\" \/>\n<meta property=\"article:published_time\" content=\"2020-05-26T15:37:21+00:00\" \/>\n<meta property=\"article:modified_time\" content=\"2020-05-26T16:17:10+00:00\" \/>\n<meta property=\"og:image\" content=\"https:\/\/verdadeon.com.br\/portal\/wp-content\/uploads\/2020\/05\/WhatsApp-Image-2020-05-26-at-12.23.11.jpeg\" \/>\n\t<meta property=\"og:image:width\" content=\"1000\" \/>\n\t<meta property=\"og:image:height\" content=\"670\" \/>\n\t<meta property=\"og:image:type\" content=\"image\/jpeg\" \/>\n<meta name=\"author\" content=\"Redacao VerdadeOn\" \/>\n<meta name=\"twitter:card\" content=\"summary_large_image\" \/>\n<meta name=\"twitter:label1\" content=\"Escrito por\" \/>\n\t<meta name=\"twitter:data1\" content=\"Redacao VerdadeOn\" \/>\n\t<meta name=\"twitter:label2\" content=\"Est. tempo de leitura\" \/>\n\t<meta name=\"twitter:data2\" content=\"4 minutos\" \/>\n<script type=\"application\/ld+json\" class=\"yoast-schema-graph\">{\"@context\":\"https:\/\/schema.org\",\"@graph\":[{\"@type\":\"WebPage\",\"@id\":\"https:\/\/verdadeon.com.br\/portal\/2020\/05\/26\/estudantes-dos-estados-unidos-passam-ferias-forcadas-em-franca-por-nao-conseguirem-entrar-na-europa\/\",\"url\":\"https:\/\/verdadeon.com.br\/portal\/2020\/05\/26\/estudantes-dos-estados-unidos-passam-ferias-forcadas-em-franca-por-nao-conseguirem-entrar-na-europa\/\",\"name\":\"Estudantes dos Estados Unidos passam \u201cf\u00e9rias for\u00e7adas\u201d em Franca por n\u00e3o conseguirem entrar na Europa - VerdadeOn\",\"isPartOf\":{\"@id\":\"https:\/\/verdadeon.com.br\/portal\/#website\"},\"primaryImageOfPage\":{\"@id\":\"https:\/\/verdadeon.com.br\/portal\/2020\/05\/26\/estudantes-dos-estados-unidos-passam-ferias-forcadas-em-franca-por-nao-conseguirem-entrar-na-europa\/#primaryimage\"},\"image\":{\"@id\":\"https:\/\/verdadeon.com.br\/portal\/2020\/05\/26\/estudantes-dos-estados-unidos-passam-ferias-forcadas-em-franca-por-nao-conseguirem-entrar-na-europa\/#primaryimage\"},\"thumbnailUrl\":\"https:\/\/i0.wp.com\/verdadeon.com.br\/portal\/wp-content\/uploads\/2020\/05\/WhatsApp-Image-2020-05-26-at-12.23.11.jpeg?fit=1000%2C670&ssl=1\",\"datePublished\":\"2020-05-26T15:37:21+00:00\",\"dateModified\":\"2020-05-26T16:17:10+00:00\",\"author\":{\"@id\":\"https:\/\/verdadeon.com.br\/portal\/#\/schema\/person\/a5060ad1e9ea3df545188fc93ce43d2f\"},\"breadcrumb\":{\"@id\":\"https:\/\/verdadeon.com.br\/portal\/2020\/05\/26\/estudantes-dos-estados-unidos-passam-ferias-forcadas-em-franca-por-nao-conseguirem-entrar-na-europa\/#breadcrumb\"},\"inLanguage\":\"pt-BR\",\"potentialAction\":[{\"@type\":\"ReadAction\",\"target\":[\"https:\/\/verdadeon.com.br\/portal\/2020\/05\/26\/estudantes-dos-estados-unidos-passam-ferias-forcadas-em-franca-por-nao-conseguirem-entrar-na-europa\/\"]}]},{\"@type\":\"ImageObject\",\"inLanguage\":\"pt-BR\",\"@id\":\"https:\/\/verdadeon.com.br\/portal\/2020\/05\/26\/estudantes-dos-estados-unidos-passam-ferias-forcadas-em-franca-por-nao-conseguirem-entrar-na-europa\/#primaryimage\",\"url\":\"https:\/\/i0.wp.com\/verdadeon.com.br\/portal\/wp-content\/uploads\/2020\/05\/WhatsApp-Image-2020-05-26-at-12.23.11.jpeg?fit=1000%2C670&ssl=1\",\"contentUrl\":\"https:\/\/i0.wp.com\/verdadeon.com.br\/portal\/wp-content\/uploads\/2020\/05\/WhatsApp-Image-2020-05-26-at-12.23.11.jpeg?fit=1000%2C670&ssl=1\",\"width\":1000,\"height\":670},{\"@type\":\"BreadcrumbList\",\"@id\":\"https:\/\/verdadeon.com.br\/portal\/2020\/05\/26\/estudantes-dos-estados-unidos-passam-ferias-forcadas-em-franca-por-nao-conseguirem-entrar-na-europa\/#breadcrumb\",\"itemListElement\":[{\"@type\":\"ListItem\",\"position\":1,\"name\":\"In\u00edcio\",\"item\":\"https:\/\/verdadeon.com.br\/portal\/\"},{\"@type\":\"ListItem\",\"position\":2,\"name\":\"Estudantes dos Estados Unidos passam \u201cf\u00e9rias for\u00e7adas\u201d em Franca por n\u00e3o conseguirem entrar na Europa\"}]},{\"@type\":\"WebSite\",\"@id\":\"https:\/\/verdadeon.com.br\/portal\/#website\",\"url\":\"https:\/\/verdadeon.com.br\/portal\/\",\"name\":\"VerdadeOn\",\"description\":\"Not\u00edcias di\u00e1rias sobre Franca, Regi\u00e3o, Esporte, Cultura, Cotidiano, Colunas. Cobertura nos principais eventos da cidade \u00e9 aqui - Verdadeon Franca\",\"potentialAction\":[{\"@type\":\"SearchAction\",\"target\":{\"@type\":\"EntryPoint\",\"urlTemplate\":\"https:\/\/verdadeon.com.br\/portal\/?s={search_term_string}\"},\"query-input\":{\"@type\":\"PropertyValueSpecification\",\"valueRequired\":true,\"valueName\":\"search_term_string\"}}],\"inLanguage\":\"pt-BR\"},{\"@type\":\"Person\",\"@id\":\"https:\/\/verdadeon.com.br\/portal\/#\/schema\/person\/a5060ad1e9ea3df545188fc93ce43d2f\",\"name\":\"Redacao VerdadeOn\",\"image\":{\"@type\":\"ImageObject\",\"inLanguage\":\"pt-BR\",\"@id\":\"https:\/\/verdadeon.com.br\/portal\/#\/schema\/person\/image\/\",\"url\":\"https:\/\/secure.gravatar.com\/avatar\/459a9613caaaf07f582c3d0841eea68bdd66f533e465e6ba8b9cb45619572cf4?s=96&d=mm&r=g\",\"contentUrl\":\"https:\/\/secure.gravatar.com\/avatar\/459a9613caaaf07f582c3d0841eea68bdd66f533e465e6ba8b9cb45619572cf4?s=96&d=mm&r=g\",\"caption\":\"Redacao VerdadeOn\"},\"url\":\"https:\/\/verdadeon.com.br\/portal\/author\/redacao\/\"}]}<\/script>\n<!-- \/ Yoast SEO plugin. -->","yoast_head_json":{"title":"Estudantes dos Estados Unidos passam \u201cf\u00e9rias for\u00e7adas\u201d em Franca por n\u00e3o conseguirem entrar na Europa - VerdadeOn","robots":{"index":"index","follow":"follow","max-snippet":"max-snippet:-1","max-image-preview":"max-image-preview:large","max-video-preview":"max-video-preview:-1"},"canonical":"https:\/\/verdadeon.com.br\/portal\/2020\/05\/26\/estudantes-dos-estados-unidos-passam-ferias-forcadas-em-franca-por-nao-conseguirem-entrar-na-europa\/","og_locale":"pt_BR","og_type":"article","og_title":"Estudantes dos Estados Unidos passam \u201cf\u00e9rias for\u00e7adas\u201d em Franca por n\u00e3o conseguirem entrar na Europa - VerdadeOn","og_description":"Jovem francana recebe amiga que tentava ir para a Fran\u00e7a no in\u00edcio da pandemia Uma viagem ao Brasil para conhecer as belezas do pa\u00eds que chamam [\u2026]","og_url":"https:\/\/verdadeon.com.br\/portal\/2020\/05\/26\/estudantes-dos-estados-unidos-passam-ferias-forcadas-em-franca-por-nao-conseguirem-entrar-na-europa\/","og_site_name":"VerdadeOn","article_published_time":"2020-05-26T15:37:21+00:00","article_modified_time":"2020-05-26T16:17:10+00:00","og_image":[{"width":1000,"height":670,"url":"https:\/\/verdadeon.com.br\/portal\/wp-content\/uploads\/2020\/05\/WhatsApp-Image-2020-05-26-at-12.23.11.jpeg","type":"image\/jpeg"}],"author":"Redacao VerdadeOn","twitter_card":"summary_large_image","twitter_misc":{"Escrito por":"Redacao VerdadeOn","Est. tempo de leitura":"4 minutos"},"schema":{"@context":"https:\/\/schema.org","@graph":[{"@type":"WebPage","@id":"https:\/\/verdadeon.com.br\/portal\/2020\/05\/26\/estudantes-dos-estados-unidos-passam-ferias-forcadas-em-franca-por-nao-conseguirem-entrar-na-europa\/","url":"https:\/\/verdadeon.com.br\/portal\/2020\/05\/26\/estudantes-dos-estados-unidos-passam-ferias-forcadas-em-franca-por-nao-conseguirem-entrar-na-europa\/","name":"Estudantes dos Estados Unidos passam \u201cf\u00e9rias for\u00e7adas\u201d em Franca por n\u00e3o conseguirem entrar na Europa - VerdadeOn","isPartOf":{"@id":"https:\/\/verdadeon.com.br\/portal\/#website"},"primaryImageOfPage":{"@id":"https:\/\/verdadeon.com.br\/portal\/2020\/05\/26\/estudantes-dos-estados-unidos-passam-ferias-forcadas-em-franca-por-nao-conseguirem-entrar-na-europa\/#primaryimage"},"image":{"@id":"https:\/\/verdadeon.com.br\/portal\/2020\/05\/26\/estudantes-dos-estados-unidos-passam-ferias-forcadas-em-franca-por-nao-conseguirem-entrar-na-europa\/#primaryimage"},"thumbnailUrl":"https:\/\/i0.wp.com\/verdadeon.com.br\/portal\/wp-content\/uploads\/2020\/05\/WhatsApp-Image-2020-05-26-at-12.23.11.jpeg?fit=1000%2C670&ssl=1","datePublished":"2020-05-26T15:37:21+00:00","dateModified":"2020-05-26T16:17:10+00:00","author":{"@id":"https:\/\/verdadeon.com.br\/portal\/#\/schema\/person\/a5060ad1e9ea3df545188fc93ce43d2f"},"breadcrumb":{"@id":"https:\/\/verdadeon.com.br\/portal\/2020\/05\/26\/estudantes-dos-estados-unidos-passam-ferias-forcadas-em-franca-por-nao-conseguirem-entrar-na-europa\/#breadcrumb"},"inLanguage":"pt-BR","potentialAction":[{"@type":"ReadAction","target":["https:\/\/verdadeon.com.br\/portal\/2020\/05\/26\/estudantes-dos-estados-unidos-passam-ferias-forcadas-em-franca-por-nao-conseguirem-entrar-na-europa\/"]}]},{"@type":"ImageObject","inLanguage":"pt-BR","@id":"https:\/\/verdadeon.com.br\/portal\/2020\/05\/26\/estudantes-dos-estados-unidos-passam-ferias-forcadas-em-franca-por-nao-conseguirem-entrar-na-europa\/#primaryimage","url":"https:\/\/i0.wp.com\/verdadeon.com.br\/portal\/wp-content\/uploads\/2020\/05\/WhatsApp-Image-2020-05-26-at-12.23.11.jpeg?fit=1000%2C670&ssl=1","contentUrl":"https:\/\/i0.wp.com\/verdadeon.com.br\/portal\/wp-content\/uploads\/2020\/05\/WhatsApp-Image-2020-05-26-at-12.23.11.jpeg?fit=1000%2C670&ssl=1","width":1000,"height":670},{"@type":"BreadcrumbList","@id":"https:\/\/verdadeon.com.br\/portal\/2020\/05\/26\/estudantes-dos-estados-unidos-passam-ferias-forcadas-em-franca-por-nao-conseguirem-entrar-na-europa\/#breadcrumb","itemListElement":[{"@type":"ListItem","position":1,"name":"In\u00edcio","item":"https:\/\/verdadeon.com.br\/portal\/"},{"@type":"ListItem","position":2,"name":"Estudantes dos Estados Unidos passam \u201cf\u00e9rias for\u00e7adas\u201d em Franca por n\u00e3o conseguirem entrar na Europa"}]},{"@type":"WebSite","@id":"https:\/\/verdadeon.com.br\/portal\/#website","url":"https:\/\/verdadeon.com.br\/portal\/","name":"VerdadeOn","description":"Not\u00edcias di\u00e1rias sobre Franca, Regi\u00e3o, Esporte, Cultura, Cotidiano, Colunas. Cobertura nos principais eventos da cidade \u00e9 aqui - Verdadeon Franca","potentialAction":[{"@type":"SearchAction","target":{"@type":"EntryPoint","urlTemplate":"https:\/\/verdadeon.com.br\/portal\/?s={search_term_string}"},"query-input":{"@type":"PropertyValueSpecification","valueRequired":true,"valueName":"search_term_string"}}],"inLanguage":"pt-BR"},{"@type":"Person","@id":"https:\/\/verdadeon.com.br\/portal\/#\/schema\/person\/a5060ad1e9ea3df545188fc93ce43d2f","name":"Redacao VerdadeOn","image":{"@type":"ImageObject","inLanguage":"pt-BR","@id":"https:\/\/verdadeon.com.br\/portal\/#\/schema\/person\/image\/","url":"https:\/\/secure.gravatar.com\/avatar\/459a9613caaaf07f582c3d0841eea68bdd66f533e465e6ba8b9cb45619572cf4?s=96&d=mm&r=g","contentUrl":"https:\/\/secure.gravatar.com\/avatar\/459a9613caaaf07f582c3d0841eea68bdd66f533e465e6ba8b9cb45619572cf4?s=96&d=mm&r=g","caption":"Redacao VerdadeOn"},"url":"https:\/\/verdadeon.com.br\/portal\/author\/redacao\/"}]}},"jetpack_publicize_connections":[],"jetpack_featured_media_url":"https:\/\/i0.wp.com\/verdadeon.com.br\/portal\/wp-content\/uploads\/2020\/05\/WhatsApp-Image-2020-05-26-at-12.23.11.jpeg?fit=1000%2C670&ssl=1","jetpack_sharing_enabled":true,"_links":{"self":[{"href":"https:\/\/verdadeon.com.br\/portal\/wp-json\/wp\/v2\/posts\/7381","targetHints":{"allow":["GET"]}}],"collection":[{"href":"https:\/\/verdadeon.com.br\/portal\/wp-json\/wp\/v2\/posts"}],"about":[{"href":"https:\/\/verdadeon.com.br\/portal\/wp-json\/wp\/v2\/types\/post"}],"author":[{"embeddable":true,"href":"https:\/\/verdadeon.com.br\/portal\/wp-json\/wp\/v2\/users\/10"}],"replies":[{"embeddable":true,"href":"https:\/\/verdadeon.com.br\/portal\/wp-json\/wp\/v2\/comments?post=7381"}],"version-history":[{"count":0,"href":"https:\/\/verdadeon.com.br\/portal\/wp-json\/wp\/v2\/posts\/7381\/revisions"}],"wp:featuredmedia":[{"embeddable":true,"href":"https:\/\/verdadeon.com.br\/portal\/wp-json\/wp\/v2\/media\/7386"}],"wp:attachment":[{"href":"https:\/\/verdadeon.com.br\/portal\/wp-json\/wp\/v2\/media?parent=7381"}],"wp:term":[{"taxonomy":"category","embeddable":true,"href":"https:\/\/verdadeon.com.br\/portal\/wp-json\/wp\/v2\/categories?post=7381"},{"taxonomy":"post_tag","embeddable":true,"href":"https:\/\/verdadeon.com.br\/portal\/wp-json\/wp\/v2\/tags?post=7381"}],"curies":[{"name":"wp","href":"https:\/\/api.w.org\/{rel}","templated":true}]}}