{"id":7104,"date":"2020-05-14T11:23:33","date_gmt":"2020-05-14T14:23:33","guid":{"rendered":"http:\/\/verdadeon.com.br\/portal\/?p=7104"},"modified":"2020-05-14T11:23:34","modified_gmt":"2020-05-14T14:23:34","slug":"caixa-vai-estender-pausa-para-pagar-prestacao-de-imovel-diz-bolsonaro","status":"publish","type":"post","link":"https:\/\/verdadeon.com.br\/portal\/2020\/05\/14\/caixa-vai-estender-pausa-para-pagar-prestacao-de-imovel-diz-bolsonaro\/","title":{"rendered":"Caixa vai estender pausa para pagar presta\u00e7\u00e3o de im\u00f3vel, diz Bolsonaro"},"content":{"rendered":"<h2>Pausa ser\u00e1 ampliada por mais um m\u00eas<\/h2>\n<p>O presidente Jair Bolsonaro disse hoje (14) que a Caixa Econ\u00f4mica Federal vai estender por mais um m\u00eas a pausa emergencial para o pagamento de financiamentos habitacionais. Segundo o presidente, dos 5 milh\u00f5es de clientes do cr\u00e9dito imobili\u00e1rio, mais de 2,3 milh\u00f5es j\u00e1 solicitaram a pausa ao banco.<\/p>\n<p>\u201cAs pessoas n\u00e3o t\u00eam dinheiro para pagar a presta\u00e7\u00e3o da casa pr\u00f3pria\u201d, disse ele, ao deixar o Pal\u00e1cio da Alvorada. No primeiro momento, como medida de socorro financeiro pelos impactos da pandemia de covid-19, a Caixa anunciou uma pausa de at\u00e9 dois meses para o pagamento das presta\u00e7\u00f5es, depois prorrogou por mais um m\u00eas e agora, segundo Bolsonaro, a pausa ser\u00e1 ampliada para quatro meses.<\/p>\n<p>De acordo com a Caixa, s\u00f3 t\u00eam direito ao benef\u00edcio os contratos que est\u00e3o em dia ou com, no m\u00e1ximo, duas presta\u00e7\u00f5es atrasadas. O cliente que tem tr\u00eas ou mais parcelas em atraso deve fazer uma renegocia\u00e7\u00e3o com o banco.<br \/>\nPara o presidente, entretanto, para que a medida funcione, \u00e9 preciso garantir a renda e o emprego dos trabalhadores.<\/p>\n<p>Bolsonaro defende o isolamento social apenas para as pessoas do grupo de risco da covid-19 e o fim do isolamento para toda a popula\u00e7\u00e3o. Com a retomada das atividades e do com\u00e9rcio, segundo ele, haver\u00e1 demanda para as ind\u00fastrias voltarem a produzir e gerar empregos.<\/p>\n<p>\u201cN\u00e3o adianta apenas prorrogar [o pagamento] se o cidad\u00e3o que perdeu o emprego, teve sal\u00e1rio reduzido, n\u00e3o tem como pagar a presta\u00e7\u00e3o da casa pr\u00f3pria. O que est\u00e1 sobrando de dinheiro pra ele est\u00e1 sendo pra comida\u201d, disse. \u201cO Brasil est\u00e1 quebrando e, depois de quebrar, a economia n\u00e3o se recupera. Vamos ser fadados a ser um pa\u00eds de miser\u00e1veis. Temos que ter coragem de enfrentar o v\u00edrus. Est\u00e1 morrendo gente? Est\u00e1, lamento. Mas vai morrer muito mais se a economia continuar sendo destro\u00e7ada por essas medidas\u201d, ressaltou.<\/p>\n<p>Autoridades de sa\u00fade orientam a popula\u00e7\u00e3o e os governos a adotar as medidas de isolamento e distanciamento social como forma de preven\u00e7\u00e3o \u00e0 dissemina\u00e7\u00e3o do novo coronav\u00edrus. Como ainda n\u00e3o h\u00e1 vacina nem rem\u00e9dio, comprovado cientificamente, contra a covid-19, a orienta\u00e7\u00e3o visa a frear a transmiss\u00e3o do v\u00edrus para evitar que os sistemas de sa\u00fade fiquem sobrecarregados e consigam atender a todas as pessoas que venham a ficar doentes.<\/p>\n<p>Bolsonaro fez um apelo aos governadores para que revejam a pol\u00edtica de fechamento do com\u00e9rcio e disse que est\u00e1 pronto para conversar. \u201cO Brasil est\u00e1 se tornando um pa\u00eds de pobres. Vai chegar um ponto que o caos vai se fazer presente aqui. Essa hist\u00f3ria de\u00a0lockdown, de fechar tudo, n\u00e3o \u00e9 esse o caminho, esse \u00e9 o caminho do fracasso, de quebrar o Brasil\u201d, afirmou.<\/p>\n<p>Fonte: Andr\u00e9ia Verd\u00e9lio &#8211; Rep\u00f3rter da Ag\u00eancia Brasil<\/p>\n","protected":false},"excerpt":{"rendered":"<p>Pausa ser\u00e1 ampliada por mais um m\u00eas O presidente Jair Bolsonaro disse hoje (14) que a Caixa Econ\u00f4mica Federal vai estender por mais um m\u00eas a<span class=\"excerpt-hellip\"> [\u2026]<\/span><\/p>\n","protected":false},"author":10,"featured_media":7110,"comment_status":"open","ping_status":"open","sticky":false,"template":"","format":"standard","meta":{"_jetpack_memberships_contains_paid_content":false,"footnotes":"","jetpack_publicize_message":"","jetpack_publicize_feature_enabled":true,"jetpack_social_post_already_shared":false,"jetpack_social_options":{"image_generator_settings":{"template":"highway","default_image_id":0,"enabled":false},"version":2}},"categories":[28,44],"tags":[],"class_list":["post-7104","post","type-post","status-publish","format-standard","has-post-thumbnail","hentry","category-cotidiano","category-noticias"],"yoast_head":"<!-- This site is optimized with the Yoast SEO plugin v25.6 - https:\/\/yoast.com\/wordpress\/plugins\/seo\/ -->\n<title>Caixa vai estender pausa para pagar presta\u00e7\u00e3o de im\u00f3vel, diz Bolsonaro - VerdadeOn<\/title>\n<meta name=\"robots\" content=\"index, follow, max-snippet:-1, max-image-preview:large, max-video-preview:-1\" \/>\n<link rel=\"canonical\" href=\"https:\/\/verdadeon.com.br\/portal\/2020\/05\/14\/caixa-vai-estender-pausa-para-pagar-prestacao-de-imovel-diz-bolsonaro\/\" \/>\n<meta property=\"og:locale\" content=\"pt_BR\" \/>\n<meta property=\"og:type\" content=\"article\" \/>\n<meta property=\"og:title\" content=\"Caixa vai estender pausa para pagar presta\u00e7\u00e3o de im\u00f3vel, diz Bolsonaro - VerdadeOn\" \/>\n<meta property=\"og:description\" content=\"Pausa ser\u00e1 ampliada por mais um m\u00eas O presidente Jair Bolsonaro disse hoje (14) que a Caixa Econ\u00f4mica Federal vai estender por mais um m\u00eas a [\u2026]\" \/>\n<meta property=\"og:url\" content=\"https:\/\/verdadeon.com.br\/portal\/2020\/05\/14\/caixa-vai-estender-pausa-para-pagar-prestacao-de-imovel-diz-bolsonaro\/\" \/>\n<meta property=\"og:site_name\" content=\"VerdadeOn\" \/>\n<meta property=\"article:published_time\" content=\"2020-05-14T14:23:33+00:00\" \/>\n<meta property=\"article:modified_time\" content=\"2020-05-14T14:23:34+00:00\" \/>\n<meta property=\"og:image\" content=\"https:\/\/verdadeon.com.br\/portal\/wp-content\/uploads\/2020\/05\/WhatsApp-Image-2020-05-14-at-10.57.53-1.jpeg\" \/>\n\t<meta property=\"og:image:width\" content=\"1000\" \/>\n\t<meta property=\"og:image:height\" content=\"670\" \/>\n\t<meta property=\"og:image:type\" content=\"image\/jpeg\" \/>\n<meta name=\"author\" content=\"Redacao VerdadeOn\" \/>\n<meta name=\"twitter:card\" content=\"summary_large_image\" \/>\n<meta name=\"twitter:label1\" content=\"Escrito por\" \/>\n\t<meta name=\"twitter:data1\" content=\"Redacao VerdadeOn\" \/>\n\t<meta name=\"twitter:label2\" content=\"Est. tempo de leitura\" \/>\n\t<meta name=\"twitter:data2\" content=\"3 minutos\" \/>\n<script type=\"application\/ld+json\" class=\"yoast-schema-graph\">{\"@context\":\"https:\/\/schema.org\",\"@graph\":[{\"@type\":\"WebPage\",\"@id\":\"https:\/\/verdadeon.com.br\/portal\/2020\/05\/14\/caixa-vai-estender-pausa-para-pagar-prestacao-de-imovel-diz-bolsonaro\/\",\"url\":\"https:\/\/verdadeon.com.br\/portal\/2020\/05\/14\/caixa-vai-estender-pausa-para-pagar-prestacao-de-imovel-diz-bolsonaro\/\",\"name\":\"Caixa vai estender pausa para pagar presta\u00e7\u00e3o de im\u00f3vel, diz Bolsonaro - VerdadeOn\",\"isPartOf\":{\"@id\":\"https:\/\/verdadeon.com.br\/portal\/#website\"},\"primaryImageOfPage\":{\"@id\":\"https:\/\/verdadeon.com.br\/portal\/2020\/05\/14\/caixa-vai-estender-pausa-para-pagar-prestacao-de-imovel-diz-bolsonaro\/#primaryimage\"},\"image\":{\"@id\":\"https:\/\/verdadeon.com.br\/portal\/2020\/05\/14\/caixa-vai-estender-pausa-para-pagar-prestacao-de-imovel-diz-bolsonaro\/#primaryimage\"},\"thumbnailUrl\":\"https:\/\/i0.wp.com\/verdadeon.com.br\/portal\/wp-content\/uploads\/2020\/05\/WhatsApp-Image-2020-05-14-at-10.57.53-1.jpeg?fit=1000%2C670&ssl=1\",\"datePublished\":\"2020-05-14T14:23:33+00:00\",\"dateModified\":\"2020-05-14T14:23:34+00:00\",\"author\":{\"@id\":\"https:\/\/verdadeon.com.br\/portal\/#\/schema\/person\/a5060ad1e9ea3df545188fc93ce43d2f\"},\"breadcrumb\":{\"@id\":\"https:\/\/verdadeon.com.br\/portal\/2020\/05\/14\/caixa-vai-estender-pausa-para-pagar-prestacao-de-imovel-diz-bolsonaro\/#breadcrumb\"},\"inLanguage\":\"pt-BR\",\"potentialAction\":[{\"@type\":\"ReadAction\",\"target\":[\"https:\/\/verdadeon.com.br\/portal\/2020\/05\/14\/caixa-vai-estender-pausa-para-pagar-prestacao-de-imovel-diz-bolsonaro\/\"]}]},{\"@type\":\"ImageObject\",\"inLanguage\":\"pt-BR\",\"@id\":\"https:\/\/verdadeon.com.br\/portal\/2020\/05\/14\/caixa-vai-estender-pausa-para-pagar-prestacao-de-imovel-diz-bolsonaro\/#primaryimage\",\"url\":\"https:\/\/i0.wp.com\/verdadeon.com.br\/portal\/wp-content\/uploads\/2020\/05\/WhatsApp-Image-2020-05-14-at-10.57.53-1.jpeg?fit=1000%2C670&ssl=1\",\"contentUrl\":\"https:\/\/i0.wp.com\/verdadeon.com.br\/portal\/wp-content\/uploads\/2020\/05\/WhatsApp-Image-2020-05-14-at-10.57.53-1.jpeg?fit=1000%2C670&ssl=1\",\"width\":1000,\"height\":670,\"caption\":\"Declara\u00e7\u00e3o do presidente aconteceu na manh\u00e3 desta quinta-feira | Foto: Marcello Casal Jr\/Ag\u00eancia Brasil\"},{\"@type\":\"BreadcrumbList\",\"@id\":\"https:\/\/verdadeon.com.br\/portal\/2020\/05\/14\/caixa-vai-estender-pausa-para-pagar-prestacao-de-imovel-diz-bolsonaro\/#breadcrumb\",\"itemListElement\":[{\"@type\":\"ListItem\",\"position\":1,\"name\":\"In\u00edcio\",\"item\":\"https:\/\/verdadeon.com.br\/portal\/\"},{\"@type\":\"ListItem\",\"position\":2,\"name\":\"Caixa vai estender pausa para pagar presta\u00e7\u00e3o de im\u00f3vel, diz Bolsonaro\"}]},{\"@type\":\"WebSite\",\"@id\":\"https:\/\/verdadeon.com.br\/portal\/#website\",\"url\":\"https:\/\/verdadeon.com.br\/portal\/\",\"name\":\"VerdadeOn\",\"description\":\"Not\u00edcias di\u00e1rias sobre Franca, Regi\u00e3o, Esporte, Cultura, Cotidiano, Colunas. Cobertura nos principais eventos da cidade \u00e9 aqui - Verdadeon Franca\",\"potentialAction\":[{\"@type\":\"SearchAction\",\"target\":{\"@type\":\"EntryPoint\",\"urlTemplate\":\"https:\/\/verdadeon.com.br\/portal\/?s={search_term_string}\"},\"query-input\":{\"@type\":\"PropertyValueSpecification\",\"valueRequired\":true,\"valueName\":\"search_term_string\"}}],\"inLanguage\":\"pt-BR\"},{\"@type\":\"Person\",\"@id\":\"https:\/\/verdadeon.com.br\/portal\/#\/schema\/person\/a5060ad1e9ea3df545188fc93ce43d2f\",\"name\":\"Redacao VerdadeOn\",\"image\":{\"@type\":\"ImageObject\",\"inLanguage\":\"pt-BR\",\"@id\":\"https:\/\/verdadeon.com.br\/portal\/#\/schema\/person\/image\/\",\"url\":\"https:\/\/secure.gravatar.com\/avatar\/459a9613caaaf07f582c3d0841eea68bdd66f533e465e6ba8b9cb45619572cf4?s=96&d=mm&r=g\",\"contentUrl\":\"https:\/\/secure.gravatar.com\/avatar\/459a9613caaaf07f582c3d0841eea68bdd66f533e465e6ba8b9cb45619572cf4?s=96&d=mm&r=g\",\"caption\":\"Redacao VerdadeOn\"},\"url\":\"https:\/\/verdadeon.com.br\/portal\/author\/redacao\/\"}]}<\/script>\n<!-- \/ Yoast SEO plugin. -->","yoast_head_json":{"title":"Caixa vai estender pausa para pagar presta\u00e7\u00e3o de im\u00f3vel, diz Bolsonaro - VerdadeOn","robots":{"index":"index","follow":"follow","max-snippet":"max-snippet:-1","max-image-preview":"max-image-preview:large","max-video-preview":"max-video-preview:-1"},"canonical":"https:\/\/verdadeon.com.br\/portal\/2020\/05\/14\/caixa-vai-estender-pausa-para-pagar-prestacao-de-imovel-diz-bolsonaro\/","og_locale":"pt_BR","og_type":"article","og_title":"Caixa vai estender pausa para pagar presta\u00e7\u00e3o de im\u00f3vel, diz Bolsonaro - VerdadeOn","og_description":"Pausa ser\u00e1 ampliada por mais um m\u00eas O presidente Jair Bolsonaro disse hoje (14) que a Caixa Econ\u00f4mica Federal vai estender por mais um m\u00eas a [\u2026]","og_url":"https:\/\/verdadeon.com.br\/portal\/2020\/05\/14\/caixa-vai-estender-pausa-para-pagar-prestacao-de-imovel-diz-bolsonaro\/","og_site_name":"VerdadeOn","article_published_time":"2020-05-14T14:23:33+00:00","article_modified_time":"2020-05-14T14:23:34+00:00","og_image":[{"width":1000,"height":670,"url":"https:\/\/verdadeon.com.br\/portal\/wp-content\/uploads\/2020\/05\/WhatsApp-Image-2020-05-14-at-10.57.53-1.jpeg","type":"image\/jpeg"}],"author":"Redacao VerdadeOn","twitter_card":"summary_large_image","twitter_misc":{"Escrito por":"Redacao VerdadeOn","Est. tempo de leitura":"3 minutos"},"schema":{"@context":"https:\/\/schema.org","@graph":[{"@type":"WebPage","@id":"https:\/\/verdadeon.com.br\/portal\/2020\/05\/14\/caixa-vai-estender-pausa-para-pagar-prestacao-de-imovel-diz-bolsonaro\/","url":"https:\/\/verdadeon.com.br\/portal\/2020\/05\/14\/caixa-vai-estender-pausa-para-pagar-prestacao-de-imovel-diz-bolsonaro\/","name":"Caixa vai estender pausa para pagar presta\u00e7\u00e3o de im\u00f3vel, diz Bolsonaro - VerdadeOn","isPartOf":{"@id":"https:\/\/verdadeon.com.br\/portal\/#website"},"primaryImageOfPage":{"@id":"https:\/\/verdadeon.com.br\/portal\/2020\/05\/14\/caixa-vai-estender-pausa-para-pagar-prestacao-de-imovel-diz-bolsonaro\/#primaryimage"},"image":{"@id":"https:\/\/verdadeon.com.br\/portal\/2020\/05\/14\/caixa-vai-estender-pausa-para-pagar-prestacao-de-imovel-diz-bolsonaro\/#primaryimage"},"thumbnailUrl":"https:\/\/i0.wp.com\/verdadeon.com.br\/portal\/wp-content\/uploads\/2020\/05\/WhatsApp-Image-2020-05-14-at-10.57.53-1.jpeg?fit=1000%2C670&ssl=1","datePublished":"2020-05-14T14:23:33+00:00","dateModified":"2020-05-14T14:23:34+00:00","author":{"@id":"https:\/\/verdadeon.com.br\/portal\/#\/schema\/person\/a5060ad1e9ea3df545188fc93ce43d2f"},"breadcrumb":{"@id":"https:\/\/verdadeon.com.br\/portal\/2020\/05\/14\/caixa-vai-estender-pausa-para-pagar-prestacao-de-imovel-diz-bolsonaro\/#breadcrumb"},"inLanguage":"pt-BR","potentialAction":[{"@type":"ReadAction","target":["https:\/\/verdadeon.com.br\/portal\/2020\/05\/14\/caixa-vai-estender-pausa-para-pagar-prestacao-de-imovel-diz-bolsonaro\/"]}]},{"@type":"ImageObject","inLanguage":"pt-BR","@id":"https:\/\/verdadeon.com.br\/portal\/2020\/05\/14\/caixa-vai-estender-pausa-para-pagar-prestacao-de-imovel-diz-bolsonaro\/#primaryimage","url":"https:\/\/i0.wp.com\/verdadeon.com.br\/portal\/wp-content\/uploads\/2020\/05\/WhatsApp-Image-2020-05-14-at-10.57.53-1.jpeg?fit=1000%2C670&ssl=1","contentUrl":"https:\/\/i0.wp.com\/verdadeon.com.br\/portal\/wp-content\/uploads\/2020\/05\/WhatsApp-Image-2020-05-14-at-10.57.53-1.jpeg?fit=1000%2C670&ssl=1","width":1000,"height":670,"caption":"Declara\u00e7\u00e3o do presidente aconteceu na manh\u00e3 desta quinta-feira | Foto: Marcello Casal Jr\/Ag\u00eancia Brasil"},{"@type":"BreadcrumbList","@id":"https:\/\/verdadeon.com.br\/portal\/2020\/05\/14\/caixa-vai-estender-pausa-para-pagar-prestacao-de-imovel-diz-bolsonaro\/#breadcrumb","itemListElement":[{"@type":"ListItem","position":1,"name":"In\u00edcio","item":"https:\/\/verdadeon.com.br\/portal\/"},{"@type":"ListItem","position":2,"name":"Caixa vai estender pausa para pagar presta\u00e7\u00e3o de im\u00f3vel, diz Bolsonaro"}]},{"@type":"WebSite","@id":"https:\/\/verdadeon.com.br\/portal\/#website","url":"https:\/\/verdadeon.com.br\/portal\/","name":"VerdadeOn","description":"Not\u00edcias di\u00e1rias sobre Franca, Regi\u00e3o, Esporte, Cultura, Cotidiano, Colunas. Cobertura nos principais eventos da cidade \u00e9 aqui - Verdadeon Franca","potentialAction":[{"@type":"SearchAction","target":{"@type":"EntryPoint","urlTemplate":"https:\/\/verdadeon.com.br\/portal\/?s={search_term_string}"},"query-input":{"@type":"PropertyValueSpecification","valueRequired":true,"valueName":"search_term_string"}}],"inLanguage":"pt-BR"},{"@type":"Person","@id":"https:\/\/verdadeon.com.br\/portal\/#\/schema\/person\/a5060ad1e9ea3df545188fc93ce43d2f","name":"Redacao VerdadeOn","image":{"@type":"ImageObject","inLanguage":"pt-BR","@id":"https:\/\/verdadeon.com.br\/portal\/#\/schema\/person\/image\/","url":"https:\/\/secure.gravatar.com\/avatar\/459a9613caaaf07f582c3d0841eea68bdd66f533e465e6ba8b9cb45619572cf4?s=96&d=mm&r=g","contentUrl":"https:\/\/secure.gravatar.com\/avatar\/459a9613caaaf07f582c3d0841eea68bdd66f533e465e6ba8b9cb45619572cf4?s=96&d=mm&r=g","caption":"Redacao VerdadeOn"},"url":"https:\/\/verdadeon.com.br\/portal\/author\/redacao\/"}]}},"jetpack_publicize_connections":[],"jetpack_featured_media_url":"https:\/\/i0.wp.com\/verdadeon.com.br\/portal\/wp-content\/uploads\/2020\/05\/WhatsApp-Image-2020-05-14-at-10.57.53-1.jpeg?fit=1000%2C670&ssl=1","jetpack_sharing_enabled":true,"_links":{"self":[{"href":"https:\/\/verdadeon.com.br\/portal\/wp-json\/wp\/v2\/posts\/7104","targetHints":{"allow":["GET"]}}],"collection":[{"href":"https:\/\/verdadeon.com.br\/portal\/wp-json\/wp\/v2\/posts"}],"about":[{"href":"https:\/\/verdadeon.com.br\/portal\/wp-json\/wp\/v2\/types\/post"}],"author":[{"embeddable":true,"href":"https:\/\/verdadeon.com.br\/portal\/wp-json\/wp\/v2\/users\/10"}],"replies":[{"embeddable":true,"href":"https:\/\/verdadeon.com.br\/portal\/wp-json\/wp\/v2\/comments?post=7104"}],"version-history":[{"count":0,"href":"https:\/\/verdadeon.com.br\/portal\/wp-json\/wp\/v2\/posts\/7104\/revisions"}],"wp:featuredmedia":[{"embeddable":true,"href":"https:\/\/verdadeon.com.br\/portal\/wp-json\/wp\/v2\/media\/7110"}],"wp:attachment":[{"href":"https:\/\/verdadeon.com.br\/portal\/wp-json\/wp\/v2\/media?parent=7104"}],"wp:term":[{"taxonomy":"category","embeddable":true,"href":"https:\/\/verdadeon.com.br\/portal\/wp-json\/wp\/v2\/categories?post=7104"},{"taxonomy":"post_tag","embeddable":true,"href":"https:\/\/verdadeon.com.br\/portal\/wp-json\/wp\/v2\/tags?post=7104"}],"curies":[{"name":"wp","href":"https:\/\/api.w.org\/{rel}","templated":true}]}}