{"id":70391,"date":"2026-09-04T16:46:51","date_gmt":"2026-09-04T19:46:51","guid":{"rendered":"https:\/\/verdadeon.com.br\/portal\/?p=70391"},"modified":"2026-09-04T16:46:51","modified_gmt":"2026-09-04T19:46:51","slug":"com-retorno-de-helinho-sesi-franca-encara-osasco-neste-domingo-pelas-quartas-do-paulista","status":"publish","type":"post","link":"https:\/\/verdadeon.com.br\/portal\/2026\/09\/04\/com-retorno-de-helinho-sesi-franca-encara-osasco-neste-domingo-pelas-quartas-do-paulista\/","title":{"rendered":"Com retorno de Helinho, Sesi Franca encara Osasco neste domingo pelas quartas do Paulista"},"content":{"rendered":"<h2>Equipe tamb\u00e9m contar\u00e1 com os atletas Reynan e Parodi<\/h2>\n<p style=\"text-align: right;\"><em><strong>Por Pedro Maia<\/strong><\/em><br \/>\n<em><strong>Editor-chefe<\/strong><\/em><\/p>\n<p>Neste domingo, \u00e0s 16h, no Gin\u00e1sio Geod\u00e9sico, o Sesi Franca vai enfrentar o Basket Osasco pelas quartas de final do Campeonato Paulista de Basquete (Divis\u00e3o Especial Masculina). Este ser\u00e1 o primeiro jogo da &#8220;melhor de tr\u00eas&#8221;, como ser\u00e3o decididos os mata-matas de agora em diante.<\/p>\n<p>A equipe contar\u00e1 com o retorno do treinador Helinho Garcia e dos atletas Reynan e Parodi, que estavam convocados por suas respectivas sele\u00e7\u00f5es. O t\u00e9cnico falou sobre o retorno aos treinos e a expectativa para o novo confronto.<\/p>\n<p>&#8220;Bom, o playoff por si s\u00f3 j\u00e1 \u00e9 um jogo onde n\u00f3s temos que estar super preparados, focados naquilo que a gente tem que fazer. A equipe do Osasco conta com jogadores experientes, que j\u00e1 est\u00e3o no mercado h\u00e1 um bom tempo. Ent\u00e3o, \u00e9 fundamental que a gente possa minimizar o volume de jogadores importantes deles para que, a partir disso, a gente tenha a bola na m\u00e3o e procure ditar o ritmo da partida&#8221;, declarou.<\/p>\n<p>Garcia destacou que todos v\u00eam treinando bastante e que est\u00e3o muito confiantes. &#8220;O treino de hoje foi um treino onde n\u00f3s retomamos tudo aquilo que a gente vem construindo desde o come\u00e7o da temporada e foi muito produtivo por causa disso&#8221;.<\/p>\n<p><strong>Calend\u00e1rio<\/strong><\/p>\n<p><strong>Sesi Franca x Osasco<\/strong><\/p>\n<p>&#8211; Jogo 1: 05\/09 \u00e0s 16h &#8211; Gin\u00e1sio Geod\u00e9sico &#8211; Transmiss\u00e3o: TV Sesi Franca Basquete (YouTube)<\/p>\n<p>&#8211; \u2060Jogo 2: 10\/09 \u00e0s 20h &#8211; Gin\u00e1sio Pedroc\u00e3o &#8211; Transmiss\u00e3o: TV Sesi Franca Basquete (YouTube)<\/p>\n<p>&#8211; \u2060Jogo 3*: 11\/09 \u00e0s 19h &#8211; Gin\u00e1sio Pedroc\u00e3o &#8211; Transmiss\u00e3o: TV Sesi Franca Basquete (YouTube)<br \/>\n*se necess\u00e1rio<\/p>\n","protected":false},"excerpt":{"rendered":"<p>Equipe tamb\u00e9m contar\u00e1 com os atletas Reynan e Parodi Por Pedro Maia Editor-chefe Neste domingo, \u00e0s 16h, no Gin\u00e1sio Geod\u00e9sico, o Sesi Franca vai enfrentar o<span class=\"excerpt-hellip\"> [\u2026]<\/span><\/p>\n","protected":false},"author":10,"featured_media":62227,"comment_status":"open","ping_status":"open","sticky":false,"template":"","format":"standard","meta":{"_jetpack_memberships_contains_paid_content":false,"footnotes":"","jetpack_publicize_message":"","jetpack_publicize_feature_enabled":true,"jetpack_social_post_already_shared":true,"jetpack_social_options":{"image_generator_settings":{"template":"highway","default_image_id":0,"enabled":false},"version":2}},"categories":[28,81],"tags":[],"class_list":["post-70391","post","type-post","status-publish","format-standard","has-post-thumbnail","hentry","category-cotidiano","category-manchete"],"yoast_head":"<!-- This site is optimized with the Yoast SEO plugin v25.6 - https:\/\/yoast.com\/wordpress\/plugins\/seo\/ -->\n<title>Com retorno de Helinho, Sesi Franca encara Osasco neste domingo pelas quartas do Paulista - VerdadeOn<\/title>\n<meta name=\"robots\" content=\"index, follow, max-snippet:-1, max-image-preview:large, max-video-preview:-1\" \/>\n<link rel=\"canonical\" href=\"https:\/\/verdadeon.com.br\/portal\/2026\/09\/04\/com-retorno-de-helinho-sesi-franca-encara-osasco-neste-domingo-pelas-quartas-do-paulista\/\" \/>\n<meta property=\"og:locale\" content=\"pt_BR\" \/>\n<meta property=\"og:type\" content=\"article\" \/>\n<meta property=\"og:title\" content=\"Com retorno de Helinho, Sesi Franca encara Osasco neste domingo pelas quartas do Paulista - VerdadeOn\" \/>\n<meta property=\"og:description\" content=\"Equipe tamb\u00e9m contar\u00e1 com os atletas Reynan e Parodi Por Pedro Maia Editor-chefe Neste domingo, \u00e0s 16h, no Gin\u00e1sio Geod\u00e9sico, o Sesi Franca vai enfrentar o [\u2026]\" \/>\n<meta property=\"og:url\" content=\"https:\/\/verdadeon.com.br\/portal\/2026\/09\/04\/com-retorno-de-helinho-sesi-franca-encara-osasco-neste-domingo-pelas-quartas-do-paulista\/\" \/>\n<meta property=\"og:site_name\" content=\"VerdadeOn\" \/>\n<meta property=\"article:published_time\" content=\"2026-09-04T19:46:51+00:00\" \/>\n<meta property=\"og:image\" content=\"https:\/\/verdadeon.com.br\/portal\/wp-content\/uploads\/2025\/12\/54961455002_966aed4839_c.jpg\" \/>\n\t<meta property=\"og:image:width\" content=\"799\" \/>\n\t<meta property=\"og:image:height\" content=\"533\" \/>\n\t<meta property=\"og:image:type\" content=\"image\/jpeg\" \/>\n<meta name=\"author\" content=\"Redacao VerdadeOn\" \/>\n<meta name=\"twitter:card\" content=\"summary_large_image\" \/>\n<meta name=\"twitter:label1\" content=\"Escrito por\" \/>\n\t<meta name=\"twitter:data1\" content=\"Redacao VerdadeOn\" \/>\n\t<meta name=\"twitter:label2\" content=\"Est. tempo de leitura\" \/>\n\t<meta name=\"twitter:data2\" content=\"2 minutos\" \/>\n<script type=\"application\/ld+json\" class=\"yoast-schema-graph\">{\"@context\":\"https:\/\/schema.org\",\"@graph\":[{\"@type\":\"WebPage\",\"@id\":\"https:\/\/verdadeon.com.br\/portal\/2026\/09\/04\/com-retorno-de-helinho-sesi-franca-encara-osasco-neste-domingo-pelas-quartas-do-paulista\/\",\"url\":\"https:\/\/verdadeon.com.br\/portal\/2026\/09\/04\/com-retorno-de-helinho-sesi-franca-encara-osasco-neste-domingo-pelas-quartas-do-paulista\/\",\"name\":\"Com retorno de Helinho, Sesi Franca encara Osasco neste domingo pelas quartas do Paulista - VerdadeOn\",\"isPartOf\":{\"@id\":\"https:\/\/verdadeon.com.br\/portal\/#website\"},\"primaryImageOfPage\":{\"@id\":\"https:\/\/verdadeon.com.br\/portal\/2026\/09\/04\/com-retorno-de-helinho-sesi-franca-encara-osasco-neste-domingo-pelas-quartas-do-paulista\/#primaryimage\"},\"image\":{\"@id\":\"https:\/\/verdadeon.com.br\/portal\/2026\/09\/04\/com-retorno-de-helinho-sesi-franca-encara-osasco-neste-domingo-pelas-quartas-do-paulista\/#primaryimage\"},\"thumbnailUrl\":\"https:\/\/i0.wp.com\/verdadeon.com.br\/portal\/wp-content\/uploads\/2025\/12\/54961455002_966aed4839_c.jpg?fit=799%2C533&ssl=1\",\"datePublished\":\"2026-09-04T19:46:51+00:00\",\"author\":{\"@id\":\"https:\/\/verdadeon.com.br\/portal\/#\/schema\/person\/a5060ad1e9ea3df545188fc93ce43d2f\"},\"breadcrumb\":{\"@id\":\"https:\/\/verdadeon.com.br\/portal\/2026\/09\/04\/com-retorno-de-helinho-sesi-franca-encara-osasco-neste-domingo-pelas-quartas-do-paulista\/#breadcrumb\"},\"inLanguage\":\"pt-BR\",\"potentialAction\":[{\"@type\":\"ReadAction\",\"target\":[\"https:\/\/verdadeon.com.br\/portal\/2026\/09\/04\/com-retorno-de-helinho-sesi-franca-encara-osasco-neste-domingo-pelas-quartas-do-paulista\/\"]}]},{\"@type\":\"ImageObject\",\"inLanguage\":\"pt-BR\",\"@id\":\"https:\/\/verdadeon.com.br\/portal\/2026\/09\/04\/com-retorno-de-helinho-sesi-franca-encara-osasco-neste-domingo-pelas-quartas-do-paulista\/#primaryimage\",\"url\":\"https:\/\/i0.wp.com\/verdadeon.com.br\/portal\/wp-content\/uploads\/2025\/12\/54961455002_966aed4839_c.jpg?fit=799%2C533&ssl=1\",\"contentUrl\":\"https:\/\/i0.wp.com\/verdadeon.com.br\/portal\/wp-content\/uploads\/2025\/12\/54961455002_966aed4839_c.jpg?fit=799%2C533&ssl=1\",\"width\":799,\"height\":533,\"caption\":\"O treinador do Sesi Franca, Helinho Garcia (\u00a9Marcos Limonti\/SFB)\"},{\"@type\":\"BreadcrumbList\",\"@id\":\"https:\/\/verdadeon.com.br\/portal\/2026\/09\/04\/com-retorno-de-helinho-sesi-franca-encara-osasco-neste-domingo-pelas-quartas-do-paulista\/#breadcrumb\",\"itemListElement\":[{\"@type\":\"ListItem\",\"position\":1,\"name\":\"In\u00edcio\",\"item\":\"https:\/\/verdadeon.com.br\/portal\/\"},{\"@type\":\"ListItem\",\"position\":2,\"name\":\"Com retorno de Helinho, Sesi Franca encara Osasco neste domingo pelas quartas do Paulista\"}]},{\"@type\":\"WebSite\",\"@id\":\"https:\/\/verdadeon.com.br\/portal\/#website\",\"url\":\"https:\/\/verdadeon.com.br\/portal\/\",\"name\":\"VerdadeOn\",\"description\":\"Not\u00edcias di\u00e1rias sobre Franca, Regi\u00e3o, Esporte, Cultura, Cotidiano, Colunas. Cobertura nos principais eventos da cidade \u00e9 aqui - Verdadeon Franca\",\"potentialAction\":[{\"@type\":\"SearchAction\",\"target\":{\"@type\":\"EntryPoint\",\"urlTemplate\":\"https:\/\/verdadeon.com.br\/portal\/?s={search_term_string}\"},\"query-input\":{\"@type\":\"PropertyValueSpecification\",\"valueRequired\":true,\"valueName\":\"search_term_string\"}}],\"inLanguage\":\"pt-BR\"},{\"@type\":\"Person\",\"@id\":\"https:\/\/verdadeon.com.br\/portal\/#\/schema\/person\/a5060ad1e9ea3df545188fc93ce43d2f\",\"name\":\"Redacao VerdadeOn\",\"image\":{\"@type\":\"ImageObject\",\"inLanguage\":\"pt-BR\",\"@id\":\"https:\/\/verdadeon.com.br\/portal\/#\/schema\/person\/image\/\",\"url\":\"https:\/\/secure.gravatar.com\/avatar\/459a9613caaaf07f582c3d0841eea68bdd66f533e465e6ba8b9cb45619572cf4?s=96&d=mm&r=g\",\"contentUrl\":\"https:\/\/secure.gravatar.com\/avatar\/459a9613caaaf07f582c3d0841eea68bdd66f533e465e6ba8b9cb45619572cf4?s=96&d=mm&r=g\",\"caption\":\"Redacao VerdadeOn\"},\"url\":\"https:\/\/verdadeon.com.br\/portal\/author\/redacao\/\"}]}<\/script>\n<!-- \/ Yoast SEO plugin. -->","yoast_head_json":{"title":"Com retorno de Helinho, Sesi Franca encara Osasco neste domingo pelas quartas do Paulista - VerdadeOn","robots":{"index":"index","follow":"follow","max-snippet":"max-snippet:-1","max-image-preview":"max-image-preview:large","max-video-preview":"max-video-preview:-1"},"canonical":"https:\/\/verdadeon.com.br\/portal\/2026\/09\/04\/com-retorno-de-helinho-sesi-franca-encara-osasco-neste-domingo-pelas-quartas-do-paulista\/","og_locale":"pt_BR","og_type":"article","og_title":"Com retorno de Helinho, Sesi Franca encara Osasco neste domingo pelas quartas do Paulista - VerdadeOn","og_description":"Equipe tamb\u00e9m contar\u00e1 com os atletas Reynan e Parodi Por Pedro Maia Editor-chefe Neste domingo, \u00e0s 16h, no Gin\u00e1sio Geod\u00e9sico, o Sesi Franca vai enfrentar o [\u2026]","og_url":"https:\/\/verdadeon.com.br\/portal\/2026\/09\/04\/com-retorno-de-helinho-sesi-franca-encara-osasco-neste-domingo-pelas-quartas-do-paulista\/","og_site_name":"VerdadeOn","article_published_time":"2026-09-04T19:46:51+00:00","og_image":[{"width":799,"height":533,"url":"https:\/\/verdadeon.com.br\/portal\/wp-content\/uploads\/2025\/12\/54961455002_966aed4839_c.jpg","type":"image\/jpeg"}],"author":"Redacao VerdadeOn","twitter_card":"summary_large_image","twitter_misc":{"Escrito por":"Redacao VerdadeOn","Est. tempo de leitura":"2 minutos"},"schema":{"@context":"https:\/\/schema.org","@graph":[{"@type":"WebPage","@id":"https:\/\/verdadeon.com.br\/portal\/2026\/09\/04\/com-retorno-de-helinho-sesi-franca-encara-osasco-neste-domingo-pelas-quartas-do-paulista\/","url":"https:\/\/verdadeon.com.br\/portal\/2026\/09\/04\/com-retorno-de-helinho-sesi-franca-encara-osasco-neste-domingo-pelas-quartas-do-paulista\/","name":"Com retorno de Helinho, Sesi Franca encara Osasco neste domingo pelas quartas do Paulista - VerdadeOn","isPartOf":{"@id":"https:\/\/verdadeon.com.br\/portal\/#website"},"primaryImageOfPage":{"@id":"https:\/\/verdadeon.com.br\/portal\/2026\/09\/04\/com-retorno-de-helinho-sesi-franca-encara-osasco-neste-domingo-pelas-quartas-do-paulista\/#primaryimage"},"image":{"@id":"https:\/\/verdadeon.com.br\/portal\/2026\/09\/04\/com-retorno-de-helinho-sesi-franca-encara-osasco-neste-domingo-pelas-quartas-do-paulista\/#primaryimage"},"thumbnailUrl":"https:\/\/i0.wp.com\/verdadeon.com.br\/portal\/wp-content\/uploads\/2025\/12\/54961455002_966aed4839_c.jpg?fit=799%2C533&ssl=1","datePublished":"2026-09-04T19:46:51+00:00","author":{"@id":"https:\/\/verdadeon.com.br\/portal\/#\/schema\/person\/a5060ad1e9ea3df545188fc93ce43d2f"},"breadcrumb":{"@id":"https:\/\/verdadeon.com.br\/portal\/2026\/09\/04\/com-retorno-de-helinho-sesi-franca-encara-osasco-neste-domingo-pelas-quartas-do-paulista\/#breadcrumb"},"inLanguage":"pt-BR","potentialAction":[{"@type":"ReadAction","target":["https:\/\/verdadeon.com.br\/portal\/2026\/09\/04\/com-retorno-de-helinho-sesi-franca-encara-osasco-neste-domingo-pelas-quartas-do-paulista\/"]}]},{"@type":"ImageObject","inLanguage":"pt-BR","@id":"https:\/\/verdadeon.com.br\/portal\/2026\/09\/04\/com-retorno-de-helinho-sesi-franca-encara-osasco-neste-domingo-pelas-quartas-do-paulista\/#primaryimage","url":"https:\/\/i0.wp.com\/verdadeon.com.br\/portal\/wp-content\/uploads\/2025\/12\/54961455002_966aed4839_c.jpg?fit=799%2C533&ssl=1","contentUrl":"https:\/\/i0.wp.com\/verdadeon.com.br\/portal\/wp-content\/uploads\/2025\/12\/54961455002_966aed4839_c.jpg?fit=799%2C533&ssl=1","width":799,"height":533,"caption":"O treinador do Sesi Franca, Helinho Garcia (\u00a9Marcos Limonti\/SFB)"},{"@type":"BreadcrumbList","@id":"https:\/\/verdadeon.com.br\/portal\/2026\/09\/04\/com-retorno-de-helinho-sesi-franca-encara-osasco-neste-domingo-pelas-quartas-do-paulista\/#breadcrumb","itemListElement":[{"@type":"ListItem","position":1,"name":"In\u00edcio","item":"https:\/\/verdadeon.com.br\/portal\/"},{"@type":"ListItem","position":2,"name":"Com retorno de Helinho, Sesi Franca encara Osasco neste domingo pelas quartas do Paulista"}]},{"@type":"WebSite","@id":"https:\/\/verdadeon.com.br\/portal\/#website","url":"https:\/\/verdadeon.com.br\/portal\/","name":"VerdadeOn","description":"Not\u00edcias di\u00e1rias sobre Franca, Regi\u00e3o, Esporte, Cultura, Cotidiano, Colunas. Cobertura nos principais eventos da cidade \u00e9 aqui - Verdadeon Franca","potentialAction":[{"@type":"SearchAction","target":{"@type":"EntryPoint","urlTemplate":"https:\/\/verdadeon.com.br\/portal\/?s={search_term_string}"},"query-input":{"@type":"PropertyValueSpecification","valueRequired":true,"valueName":"search_term_string"}}],"inLanguage":"pt-BR"},{"@type":"Person","@id":"https:\/\/verdadeon.com.br\/portal\/#\/schema\/person\/a5060ad1e9ea3df545188fc93ce43d2f","name":"Redacao VerdadeOn","image":{"@type":"ImageObject","inLanguage":"pt-BR","@id":"https:\/\/verdadeon.com.br\/portal\/#\/schema\/person\/image\/","url":"https:\/\/secure.gravatar.com\/avatar\/459a9613caaaf07f582c3d0841eea68bdd66f533e465e6ba8b9cb45619572cf4?s=96&d=mm&r=g","contentUrl":"https:\/\/secure.gravatar.com\/avatar\/459a9613caaaf07f582c3d0841eea68bdd66f533e465e6ba8b9cb45619572cf4?s=96&d=mm&r=g","caption":"Redacao VerdadeOn"},"url":"https:\/\/verdadeon.com.br\/portal\/author\/redacao\/"}]}},"jetpack_publicize_connections":[],"jetpack_featured_media_url":"https:\/\/i0.wp.com\/verdadeon.com.br\/portal\/wp-content\/uploads\/2025\/12\/54961455002_966aed4839_c.jpg?fit=799%2C533&ssl=1","jetpack_sharing_enabled":true,"_links":{"self":[{"href":"https:\/\/verdadeon.com.br\/portal\/wp-json\/wp\/v2\/posts\/70391","targetHints":{"allow":["GET"]}}],"collection":[{"href":"https:\/\/verdadeon.com.br\/portal\/wp-json\/wp\/v2\/posts"}],"about":[{"href":"https:\/\/verdadeon.com.br\/portal\/wp-json\/wp\/v2\/types\/post"}],"author":[{"embeddable":true,"href":"https:\/\/verdadeon.com.br\/portal\/wp-json\/wp\/v2\/users\/10"}],"replies":[{"embeddable":true,"href":"https:\/\/verdadeon.com.br\/portal\/wp-json\/wp\/v2\/comments?post=70391"}],"version-history":[{"count":1,"href":"https:\/\/verdadeon.com.br\/portal\/wp-json\/wp\/v2\/posts\/70391\/revisions"}],"predecessor-version":[{"id":70392,"href":"https:\/\/verdadeon.com.br\/portal\/wp-json\/wp\/v2\/posts\/70391\/revisions\/70392"}],"wp:featuredmedia":[{"embeddable":true,"href":"https:\/\/verdadeon.com.br\/portal\/wp-json\/wp\/v2\/media\/62227"}],"wp:attachment":[{"href":"https:\/\/verdadeon.com.br\/portal\/wp-json\/wp\/v2\/media?parent=70391"}],"wp:term":[{"taxonomy":"category","embeddable":true,"href":"https:\/\/verdadeon.com.br\/portal\/wp-json\/wp\/v2\/categories?post=70391"},{"taxonomy":"post_tag","embeddable":true,"href":"https:\/\/verdadeon.com.br\/portal\/wp-json\/wp\/v2\/tags?post=70391"}],"curies":[{"name":"wp","href":"https:\/\/api.w.org\/{rel}","templated":true}]}}