{"id":70385,"date":"2026-09-05T11:00:36","date_gmt":"2026-09-05T14:00:36","guid":{"rendered":"https:\/\/verdadeon.com.br\/portal\/?p=70385"},"modified":"2026-09-04T12:58:47","modified_gmt":"2026-09-04T15:58:47","slug":"7-de-setembro-a-historia-por-tras-da-independencia-do-brasil","status":"publish","type":"post","link":"https:\/\/verdadeon.com.br\/portal\/2026\/09\/05\/7-de-setembro-a-historia-por-tras-da-independencia-do-brasil\/","title":{"rendered":"7 de Setembro: a hist\u00f3ria por tr\u00e1s da Independ\u00eancia do Brasil"},"content":{"rendered":"<h2>Professores de hist\u00f3ria explicam o contexto que levou \u00e0 ruptura com Portugal e revelam curiosidades sobre o epis\u00f3dio que marcou a forma\u00e7\u00e3o do Pa\u00eds<\/h2>\n<p>Todos os anos, o 7 de Setembro \u00e9 celebrado pelos brasileiros com desfiles, cerim\u00f4nias c\u00edvicas e refer\u00eancias ao famoso \u201cgrito do Ipiranga\u201d. Mas a\u00a0<span class=\"il\">Independ\u00eancia<\/span> do Brasil foi um processo muito mais longo e complexo do que a cena protagonizada por Dom Pedro I \u00e0s margens do riacho do Ipiranga, em S\u00e3o Paulo, capital. A separa\u00e7\u00e3o pol\u00edtica de Portugal foi resultado de transforma\u00e7\u00f5es que come\u00e7aram anos antes, envolveram interesses econ\u00f4micos e pol\u00edticos, disputas entre diferentes grupos da sociedade e at\u00e9 conflitos armados que tiveram reflexos e continuaram depois de 1822.<\/p>\n<p>Segundo historiadores, a pr\u00f3pria ideia de que o Brasil j\u00e1 era uma na\u00e7\u00e3o unificada antes da <span class=\"il\">Independ\u00eancia<\/span> tamb\u00e9m precisa ser relativizada. No in\u00edcio do s\u00e9culo XIX, as diferentes capitanias que compunham o territ\u00f3rio nacional tinham rela\u00e7\u00f5es limitadas entre si e muitos habitantes se identificavam mais com suas regi\u00f5es de origem do que com uma identidade brasileira. A constru\u00e7\u00e3o do Brasil como Estado independente, portanto, n\u00e3o terminou com o an\u00fancio de Dom Pedro: ela continuou nos anos seguintes, em meio \u00e0 cria\u00e7\u00e3o de novas institui\u00e7\u00f5es, disputas pol\u00edticas, guerras e \u00e0 manuten\u00e7\u00e3o de estruturas sociais herdadas do per\u00edodo colonial.<\/p>\n<p><strong>Como era o Brasil antes da\u00a0<span class=\"il\">Independ\u00eancia<\/span>?<\/strong><\/p>\n<p>Segundo Adriana Schimidt, professora de hist\u00f3ria do\u00a0<a href=\"https:\/\/www.colegiobis.com.br\/\" target=\"_blank\" rel=\"noopener\" data-saferedirecturl=\"https:\/\/www.google.com\/url?q=https:\/\/www.colegiobis.com.br\/&amp;source=gmail&amp;ust=1788621695965000&amp;usg=AOvVaw1VeMwstuva3zMZ9_Ay3otb\"><u>Brazilian International School \u2013 BIS<\/u><\/a>, de S\u00e3o Paulo (SP), para entender como e por que o Brasil se tornou independente, \u00e9 preciso voltar ao per\u00edodo em que o territ\u00f3rio ainda fazia parte do Imp\u00e9rio Portugu\u00eas. A sociedade era profundamente desigual e organizada em torno de uma economia agroexportadora e do trabalho escravizado. A escravid\u00e3o de africanos e seus descendentes era parte central da estrutura econ\u00f4mica e social, enquanto o poder pol\u00edtico estava concentrado nas m\u00e3os de grupos ligados \u00e0 propriedade da terra, ao com\u00e9rcio e \u00e0 administra\u00e7\u00e3o colonial.<\/p>\n<p>A chegada da fam\u00edlia real portuguesa ao Rio de Janeiro, em 1808, alterou profundamente esse cen\u00e1rio. A transfer\u00eancia da Corte ocorreu ap\u00f3s a invas\u00e3o de Portugal pelas tropas de Napole\u00e3o Bonaparte e transformou o Rio de Janeiro no centro do Imp\u00e9rio Portugu\u00eas. A abertura dos portos \u00e0s na\u00e7\u00f5es amigas, a cria\u00e7\u00e3o de institui\u00e7\u00f5es culturais e cient\u00edficas e a instala\u00e7\u00e3o de estruturas administrativas em solo brasileiro fizeram com que a col\u00f4nia ganhasse import\u00e2ncia pol\u00edtica e econ\u00f4mica dentro do pr\u00f3prio Imp\u00e9rio.<\/p>\n<p>\u201cUma das grandes mudan\u00e7as provocadas pela chegada da Corte foi fazer com que o Brasil deixasse de ocupar uma posi\u00e7\u00e3o exclusivamente colonial. A presen\u00e7a da monarquia trouxe institui\u00e7\u00f5es, circula\u00e7\u00e3o de pessoas, investimentos e novas rela\u00e7\u00f5es comerciais. Ao mesmo tempo, aumentou a percep\u00e7\u00e3o, entre setores da elite local, de que o territ\u00f3rio tinha condi\u00e7\u00f5es de exercer maior autonomia pol\u00edtica\u201d, explica Adriana.<\/p>\n<p>Apesar dessas transforma\u00e7\u00f5es, n\u00e3o existia ainda uma identidade brasileira homog\u00eanea. Por exemplo: habitantes do Par\u00e1, Pernambuco, S\u00e3o Paulo, Bahia ou Rio de Janeiro podiam ter v\u00ednculos muito mais fortes com suas pr\u00f3prias regi\u00f5es ou com Portugal do que com uma ideia de \u201cBrasil\u201d como na\u00e7\u00e3o. \u201cO pr\u00f3prio projeto de\u00a0<span class=\"il\">independ\u00eancia<\/span>, portanto, precisou construir uma unidade territorial e pol\u00edtica que n\u00e3o existia at\u00e9 ent\u00e3o\u201d, acrescenta a docente do BIS.<\/p>\n<p><strong>O cen\u00e1rio que levou \u00e0\u00a0<span class=\"il\">Independ\u00eancia<\/span><\/strong><\/p>\n<p>A\u00a0<span class=\"il\">Independ\u00eancia<\/span>\u00a0do Brasil foi resultado de um processo pol\u00edtico que se intensificou ao longo dos anos que antecederam 1822. \u201c\u00c9 importante n\u00e3o imaginar a\u00a0<span class=\"il\">Independ\u00eancia<\/span>\u00a0como uma decis\u00e3o tomada de repente por Dom Pedro. Quando chegamos a 1822, j\u00e1 existia uma conjuntura de tens\u00e3o pol\u00edtica e diferentes interesses em disputa. O que acontece naquele ano \u00e9 a acelera\u00e7\u00e3o de um processo que vinha sendo constru\u00eddo anteriormente\u201d, explica Roberto Carlos Sim\u00f5es, professor de hist\u00f3ria do\u00a0<a href=\"https:\/\/www.colegioprogresso.com.br\/\" target=\"_blank\" rel=\"noopener\" data-saferedirecturl=\"https:\/\/www.google.com\/url?q=https:\/\/www.colegioprogresso.com.br\/&amp;source=gmail&amp;ust=1788621695965000&amp;usg=AOvVaw1J_frTrOY8q5sdVaJV_VWf\"><u>Progresso Bil\u00edngue<\/u><\/a>, de Vinhedo (SP).<\/p>\n<p>O professor explica, abaixo, a sequ\u00eancia de acontecimentos que levaram ao rompimento com Portugal:<\/p>\n<p><strong>1808 \u2013 Chegada da fam\u00edlia real portuguesa ao Brasil:<\/strong> diante das invas\u00f5es napole\u00f4nicas, D. Jo\u00e3o e a Corte portuguesa transferiram-se para o Rio de Janeiro. A abertura dos portos \u00e0s na\u00e7\u00f5es amigas e a instala\u00e7\u00e3o de institui\u00e7\u00f5es administrativas, econ\u00f4micas e culturais ampliaram a import\u00e2ncia pol\u00edtica do Brasil dentro do Imp\u00e9rio portugu\u00eas.<\/p>\n<p><strong>1815 \u2013 Brasil \u00e9 elevado a Reino Unido:<\/strong> o territ\u00f3rio deixou oficialmente a condi\u00e7\u00e3o de col\u00f4nia com a cria\u00e7\u00e3o do Reino Unido de Portugal, Brasil e Algarves. A mudan\u00e7a refor\u00e7ou o peso pol\u00edtico do Brasil, que passou a ocupar posi\u00e7\u00e3o mais pr\u00f3xima \u00e0 de Portugal dentro da monarquia.<\/p>\n<p><strong>1817 \u2013 Revolu\u00e7\u00e3o Pernambucana:<\/strong> uma revolta de car\u00e1ter republicano e separatista tomou conta de Pernambuco e chegou a estabelecer um governo provis\u00f3rio. Apesar de ter sido reprimido, o movimento demonstrou a exist\u00eancia de projetos pol\u00edticos que questionavam o dom\u00ednio portugu\u00eas e a pr\u00f3pria monarquia.<\/p>\n<p><strong>1820 \u2013 Revolu\u00e7\u00e3o do Porto:<\/strong> um movimento liberal iniciado em Portugal exigiu o retorno da Corte, a convoca\u00e7\u00e3o de Cortes Constituintes e mudan\u00e7as na organiza\u00e7\u00e3o pol\u00edtica do Imp\u00e9rio. As decis\u00f5es tomadas pelos revolucion\u00e1rios tamb\u00e9m colocaram em discuss\u00e3o a autonomia que o Brasil havia adquirido desde a chegada da fam\u00edlia real.<\/p>\n<p><strong>1821 \u2013 Retorno de D. Jo\u00e3o VI a Portugal:\u00a0<\/strong>pressionado pela Revolu\u00e7\u00e3o do Porto, o rei deixou o Brasil e retornou a Lisboa, deixando seu filho, Pedro de Alc\u00e2ntara, aos 23 anos, como pr\u00edncipe regente. As Cortes portuguesas passaram a exigir tamb\u00e9m o retorno de Pedro, aumentando a tens\u00e3o pol\u00edtica.<\/p>\n<p><strong>9 de janeiro de 1822 \u2013 Dia do Fico:<\/strong> diante da press\u00e3o para retornar a Portugal, Pedro decidiu permanecer no Brasil. A decis\u00e3o tornou-se um marco da ruptura pol\u00edtica e fortaleceu os grupos que defendiam maior autonomia em rela\u00e7\u00e3o \u00e0s Cortes portuguesas.<\/p>\n<p><strong>Junho de 1822 \u2013<\/strong>\u00a0<strong>Convoca\u00e7\u00e3o de assembleias:<\/strong> Pedro convocou uma Assembleia Geral Constituinte e Legislativa para elaborar uma Constitui\u00e7\u00e3o para o Brasil, aprofundando o processo de autonomia pol\u00edtica.<\/p>\n<p><strong>Agosto de 1822 \u2013 Manifesto \u00e0s na\u00e7\u00f5es:<\/strong> Pedro publicou um manifesto dirigido \u00e0s na\u00e7\u00f5es estrangeiras no qual apresentava sua posi\u00e7\u00e3o diante dos conflitos com Portugal e defendia a autonomia brasileira.<\/p>\n<p>Sim\u00f5es destaca, ainda, que o Brasil tamb\u00e9m estava inserido em um cen\u00e1rio internacional de profundas transforma\u00e7\u00f5es. A\u00a0<span class=\"il\">Independ\u00eancia<\/span>\u00a0dos Estados Unidos (1776), a Revolu\u00e7\u00e3o Francesa (1789 a 1799), a Revolu\u00e7\u00e3o Haitiana (1791 e 1804) e, sobretudo, os movimentos de\u00a0<span class=\"il\">independ\u00eancia<\/span> que se espalharam pela Am\u00e9rica espanhola a partir de 1810 contribu\u00edram para colocar em circula\u00e7\u00e3o novas ideias sobre autonomia, soberania e organiza\u00e7\u00e3o pol\u00edtica.<\/p>\n<p>Na d\u00e9cada que antecedeu 1822, territ\u00f3rios como Argentina, Chile, Venezuela, Col\u00f4mbia e M\u00e9xico avan\u00e7aram em seus processos de ruptura com as metr\u00f3poles europeias. \u201cA\u00a0<span class=\"il\">Independ\u00eancia<\/span> do Brasil n\u00e3o foi um fen\u00f4meno isolado. Ela aconteceu em meio a uma onda de revolu\u00e7\u00f5es liberais e processos de emancipa\u00e7\u00e3o que transformavam o mundo atl\u00e2ntico e colocavam em xeque a ordem colonial\u201d.<\/p>\n<p>Essa sequ\u00eancia de fatos tornou cada vez mais dif\u00edcil a manuten\u00e7\u00e3o dos v\u00ednculos pol\u00edticos com Portugal. \u201cO 7 de Setembro representa o momento simb\u00f3lico dessa ruptura, mas ele s\u00f3 pode ser compreendido quando olhamos para todo o caminho percorrido nos anos anteriores\u201d, acrescenta o professor do Progresso.<\/p>\n<p><strong>O que realmente aconteceu \u00e0s margens do Ipiranga?<\/strong><\/p>\n<p>Em 7 de setembro de 1822, Dom Pedro estava voltando de Santos para S\u00e3o Paulo quando recebeu diferentes correspond\u00eancias que revelavam a gravidade da crise pol\u00edtica entre Brasil e Portugal: as Cortes de Lisboa exigiam seu retorno imediato a Portugal e determinavam a pris\u00e3o de Jos\u00e9 Bonif\u00e1cio, ent\u00e3o ministro e um dos principais defensores da autonomia brasileira; Dom Jo\u00e3o VI, pai de Dom Pedro e rei de Portugal, recomendava que o filho obedecesse \u00e0s determina\u00e7\u00f5es das Cortes; Maria Leopoldina, esposa de Dom Pedro e ent\u00e3o princesa regente do Brasil, enviava uma mensagem em sentido oposto, defendendo uma rea\u00e7\u00e3o firme diante das press\u00f5es portuguesas; enquanto Jos\u00e9 Bonif\u00e1cio, por sua vez, tamb\u00e9m escreveu ao pr\u00edncipe, alertando para a gravidade do momento e defendendo que ele permanecesse no Brasil.<\/p>\n<p>\u201cAs correspond\u00eancias ainda traziam informa\u00e7\u00f5es de que a pr\u00f3pria posi\u00e7\u00e3o de Dom Pedro na sucess\u00e3o portuguesa estava amea\u00e7ada. O epis\u00f3dio do Ipiranga, portanto, aconteceu em meio a uma intensa disputa pol\u00edtica e foi resultado de um processo que vinha se desenrolando havia meses, e n\u00e3o de uma decis\u00e3o tomada de forma isolada naquele instante\u201d, explica Glenda C\u00e2ndido, professora da\u00a0<a href=\"https:\/\/www.escolainternacional.com.br\/\" target=\"_blank\" rel=\"noopener\" data-saferedirecturl=\"https:\/\/www.google.com\/url?q=https:\/\/www.escolainternacional.com.br\/&amp;source=gmail&amp;ust=1788621695965000&amp;usg=AOvVaw1ZwRhmA3FVR4y2xpqdWKa-\"><u>Escola Internacional de Alphaville &#8211; EIA<\/u><\/a>, de Barueri (SP).<\/p>\n<p>A hist\u00f3ria oficial conta que, \u00e0s margens do riacho do Ipiranga, Dom Pedro teria proclamado a separa\u00e7\u00e3o do Brasil com a frase \u201c<span class=\"il\">Independ\u00eancia<\/span> ou Morte!\u201d. A realidade, por\u00e9m, pode ter sido bem diferente: n\u00e3o existem registros hist\u00f3ricos que confirmem categoricamente a veracidade do \u201cbrado retumbante\u201d, grito forte e estrondoso que teria ecoado na regi\u00e3o no momento.<\/p>\n<p>Al\u00e9m disso, outro aspecto interessante \u00e9 a representa\u00e7\u00e3o hist\u00f3rica mais famosa do momento da\u00a0<span class=\"il\">independ\u00eancia<\/span>. A pintura \u201c<span class=\"il\">Independ\u00eancia<\/span> ou Morte\u201d, de Pedro Am\u00e9rico, foi conclu\u00edda apenas em 1888, 66 anos depois do epis\u00f3dio retratado. O quadro apresenta uma s\u00e9rie de elementos idealizados, como as roupas de gala, a postura dos personagens e a grandiosidade da comitiva, montados em imponentes cavalos. Contudo, historiadores contestam o meio de transporte: o deslocamento pela Serra do Mar era dif\u00edcil \u00e0 \u00e9poca, e \u00e9 bem poss\u00edvel que a viagem tenha sido feita em mulas, animais que eram utilizados por terem resist\u00eancia ao terreno.<\/p>\n<p>\u201cA pintura ajudou a transformar o momento em um dos maiores s\u00edmbolos da identidade nacional, mas n\u00e3o deve ser entendida como uma fotografia do acontecimento. \u00c9 uma representa\u00e7\u00e3o idealizada do epis\u00f3dio, que teve uma fun\u00e7\u00e3o de constru\u00e7\u00e3o da mem\u00f3ria nacional. Isso n\u00e3o significa que o epis\u00f3dio do Ipiranga n\u00e3o tenha acontecido, mas que a imagem que constru\u00edmos dele \u00e9 resultado tamb\u00e9m de uma interpreta\u00e7\u00e3o art\u00edstica e pol\u00edtica posterior\u201d, complementa Glenda.<\/p>\n<p><strong>O que mudou depois da\u00a0<span class=\"il\">Independ\u00eancia<\/span>?<\/strong><\/p>\n<p>O 7 de setembro n\u00e3o significou o fim imediato dos conflitos. Entre 1822 e 1824, for\u00e7as brasileiras e portuguesas entraram em confronto em diferentes regi\u00f5es, especialmente na Bahia, no Maranh\u00e3o, no Par\u00e1 e no Piau\u00ed. A consolida\u00e7\u00e3o da\u00a0<span class=\"il\">independ\u00eancia<\/span> exigiu campanhas militares e negocia\u00e7\u00f5es pol\u00edticas, e Portugal s\u00f3 reconheceu o Brasil como Imp\u00e9rio independente em 1825, com media\u00e7\u00e3o brit\u00e2nica, por meio do Tratado de Paz e Alian\u00e7a. O reconhecimento internacional tamb\u00e9m levou tempo e envolveu interesses econ\u00f4micos e diplom\u00e1ticos.<\/p>\n<p>A consolida\u00e7\u00e3o do novo pa\u00eds, contudo, continuaria ao longo das d\u00e9cadas seguintes, em meio a revoltas, disputas pol\u00edticas e esfor\u00e7os para construir uma identidade nacional comum. \u201cA\u00a0<span class=\"il\">Independ\u00eancia<\/span>\u00a0brasileira tem uma caracter\u00edstica contradit\u00f3ria: ela foi, ao mesmo tempo, ruptura e continuidade. O Brasil deixou de ser parte do Imp\u00e9rio Portugu\u00eas e passou a ter um Estado pr\u00f3prio, mas n\u00e3o rompeu imediatamente com estruturas fundamentais da sociedade colonial. Por isso, estudar 1822 tamb\u00e9m significa compreender quem ganhou poder com a\u00a0<span class=\"il\">Independ\u00eancia<\/span>\u00a0e quem permaneceu exclu\u00eddo daquele novo projeto de na\u00e7\u00e3o\u201d, afirma Jos\u00e9 Henrique Porto, professor de hist\u00f3ria da\u00a0<a href=\"https:\/\/www.aubrick.com.br\/\" target=\"_blank\" rel=\"noopener\" data-saferedirecturl=\"https:\/\/www.google.com\/url?q=https:\/\/www.aubrick.com.br\/&amp;source=gmail&amp;ust=1788621695965000&amp;usg=AOvVaw3vAkK8MuW1xI4niW75IN-u\"><u>Escola Bil\u00edngue Aubrick<\/u><\/a>, de S\u00e3o Paulo (SP).<\/p>\n<p>Com a cria\u00e7\u00e3o de um Estado independente, o Brasil passou a organizar suas pr\u00f3prias institui\u00e7\u00f5es. A Constitui\u00e7\u00e3o de 1824 estabeleceu uma monarquia, com Dom Pedro como primeiro imperador, mas a participa\u00e7\u00e3o pol\u00edtica continuou restrita. O poder pol\u00edtico seguiu concentrado em grupos socialmente privilegiados, o direito ao voto estava condicionado \u00e0 renda, as mulheres estavam exclu\u00eddas do pleito eleitoral, e a escravid\u00e3o continuou existindo at\u00e9 1888.<\/p>\n<p>Assim, a constru\u00e7\u00e3o da cidadania brasileira ainda estava longe de ser conclu\u00edda. \u201cMais do que um acontecimento encerrado em 7 de setembro de 1822, a\u00a0<span class=\"il\">Independ\u00eancia<\/span>\u00a0deve ser entendida como um processo de constru\u00e7\u00e3o do Estado e da pr\u00f3pria ideia de Brasil. A data \u00e9 importante porque simboliza a ruptura com Portugal, mas compreender o que veio antes e depois permite perceber que uma na\u00e7\u00e3o n\u00e3o nasce pronta. Ela \u00e9 constru\u00edda por conflitos, escolhas pol\u00edticas, disputas de mem\u00f3ria e pela participa\u00e7\u00e3o, ou exclus\u00e3o, de diferentes grupos sociais\u201d, completa Porto.<\/p>\n","protected":false},"excerpt":{"rendered":"<p>Professores de hist\u00f3ria explicam o contexto que levou \u00e0 ruptura com Portugal e revelam curiosidades sobre o epis\u00f3dio que marcou a forma\u00e7\u00e3o do Pa\u00eds Todos os<span class=\"excerpt-hellip\"> [\u2026]<\/span><\/p>\n","protected":false},"author":10,"featured_media":70386,"comment_status":"open","ping_status":"open","sticky":false,"template":"","format":"standard","meta":{"_jetpack_memberships_contains_paid_content":false,"footnotes":"","jetpack_publicize_message":"","jetpack_publicize_feature_enabled":true,"jetpack_social_post_already_shared":true,"jetpack_social_options":{"image_generator_settings":{"template":"highway","default_image_id":0,"enabled":false},"version":2}},"categories":[28,81],"tags":[],"class_list":["post-70385","post","type-post","status-publish","format-standard","has-post-thumbnail","hentry","category-cotidiano","category-manchete"],"yoast_head":"<!-- This site is optimized with the Yoast SEO plugin v25.6 - https:\/\/yoast.com\/wordpress\/plugins\/seo\/ -->\n<title>7 de Setembro: a hist\u00f3ria por tr\u00e1s da Independ\u00eancia do Brasil - VerdadeOn<\/title>\n<meta name=\"robots\" content=\"index, follow, max-snippet:-1, max-image-preview:large, max-video-preview:-1\" \/>\n<link rel=\"canonical\" href=\"https:\/\/verdadeon.com.br\/portal\/2026\/09\/05\/7-de-setembro-a-historia-por-tras-da-independencia-do-brasil\/\" \/>\n<meta property=\"og:locale\" content=\"pt_BR\" \/>\n<meta property=\"og:type\" content=\"article\" \/>\n<meta property=\"og:title\" content=\"7 de Setembro: a hist\u00f3ria por tr\u00e1s da Independ\u00eancia do Brasil - VerdadeOn\" \/>\n<meta property=\"og:description\" content=\"Professores de hist\u00f3ria explicam o contexto que levou \u00e0 ruptura com Portugal e revelam curiosidades sobre o epis\u00f3dio que marcou a forma\u00e7\u00e3o do Pa\u00eds Todos os [\u2026]\" \/>\n<meta property=\"og:url\" content=\"https:\/\/verdadeon.com.br\/portal\/2026\/09\/05\/7-de-setembro-a-historia-por-tras-da-independencia-do-brasil\/\" \/>\n<meta property=\"og:site_name\" content=\"VerdadeOn\" \/>\n<meta property=\"article:published_time\" content=\"2026-09-05T14:00:36+00:00\" \/>\n<meta property=\"og:image\" content=\"https:\/\/i0.wp.com\/verdadeon.com.br\/portal\/wp-content\/uploads\/2026\/09\/unnamed-13.jpg?fit=800%2C432&ssl=1\" \/>\n\t<meta property=\"og:image:width\" content=\"800\" \/>\n\t<meta property=\"og:image:height\" content=\"432\" \/>\n\t<meta property=\"og:image:type\" content=\"image\/jpeg\" \/>\n<meta name=\"author\" content=\"Redacao VerdadeOn\" \/>\n<meta name=\"twitter:card\" content=\"summary_large_image\" \/>\n<meta name=\"twitter:label1\" content=\"Escrito por\" \/>\n\t<meta name=\"twitter:data1\" content=\"Redacao VerdadeOn\" \/>\n\t<meta name=\"twitter:label2\" content=\"Est. tempo de leitura\" \/>\n\t<meta name=\"twitter:data2\" content=\"11 minutos\" \/>\n<script type=\"application\/ld+json\" class=\"yoast-schema-graph\">{\"@context\":\"https:\/\/schema.org\",\"@graph\":[{\"@type\":\"WebPage\",\"@id\":\"https:\/\/verdadeon.com.br\/portal\/2026\/09\/05\/7-de-setembro-a-historia-por-tras-da-independencia-do-brasil\/\",\"url\":\"https:\/\/verdadeon.com.br\/portal\/2026\/09\/05\/7-de-setembro-a-historia-por-tras-da-independencia-do-brasil\/\",\"name\":\"7 de Setembro: a hist\u00f3ria por tr\u00e1s da Independ\u00eancia do Brasil - VerdadeOn\",\"isPartOf\":{\"@id\":\"https:\/\/verdadeon.com.br\/portal\/#website\"},\"primaryImageOfPage\":{\"@id\":\"https:\/\/verdadeon.com.br\/portal\/2026\/09\/05\/7-de-setembro-a-historia-por-tras-da-independencia-do-brasil\/#primaryimage\"},\"image\":{\"@id\":\"https:\/\/verdadeon.com.br\/portal\/2026\/09\/05\/7-de-setembro-a-historia-por-tras-da-independencia-do-brasil\/#primaryimage\"},\"thumbnailUrl\":\"https:\/\/i0.wp.com\/verdadeon.com.br\/portal\/wp-content\/uploads\/2026\/09\/unnamed-13.jpg?fit=800%2C432&ssl=1\",\"datePublished\":\"2026-09-05T14:00:36+00:00\",\"author\":{\"@id\":\"https:\/\/verdadeon.com.br\/portal\/#\/schema\/person\/a5060ad1e9ea3df545188fc93ce43d2f\"},\"breadcrumb\":{\"@id\":\"https:\/\/verdadeon.com.br\/portal\/2026\/09\/05\/7-de-setembro-a-historia-por-tras-da-independencia-do-brasil\/#breadcrumb\"},\"inLanguage\":\"pt-BR\",\"potentialAction\":[{\"@type\":\"ReadAction\",\"target\":[\"https:\/\/verdadeon.com.br\/portal\/2026\/09\/05\/7-de-setembro-a-historia-por-tras-da-independencia-do-brasil\/\"]}]},{\"@type\":\"ImageObject\",\"inLanguage\":\"pt-BR\",\"@id\":\"https:\/\/verdadeon.com.br\/portal\/2026\/09\/05\/7-de-setembro-a-historia-por-tras-da-independencia-do-brasil\/#primaryimage\",\"url\":\"https:\/\/i0.wp.com\/verdadeon.com.br\/portal\/wp-content\/uploads\/2026\/09\/unnamed-13.jpg?fit=800%2C432&ssl=1\",\"contentUrl\":\"https:\/\/i0.wp.com\/verdadeon.com.br\/portal\/wp-content\/uploads\/2026\/09\/unnamed-13.jpg?fit=800%2C432&ssl=1\",\"width\":800,\"height\":432,\"caption\":\"\u201cIndepend\u00eancia ou Morte\u201d, de Pedro Am\u00e9rico (\u00a9Reprodu\u00e7\u00e3o)\"},{\"@type\":\"BreadcrumbList\",\"@id\":\"https:\/\/verdadeon.com.br\/portal\/2026\/09\/05\/7-de-setembro-a-historia-por-tras-da-independencia-do-brasil\/#breadcrumb\",\"itemListElement\":[{\"@type\":\"ListItem\",\"position\":1,\"name\":\"In\u00edcio\",\"item\":\"https:\/\/verdadeon.com.br\/portal\/\"},{\"@type\":\"ListItem\",\"position\":2,\"name\":\"7 de Setembro: a hist\u00f3ria por tr\u00e1s da Independ\u00eancia do Brasil\"}]},{\"@type\":\"WebSite\",\"@id\":\"https:\/\/verdadeon.com.br\/portal\/#website\",\"url\":\"https:\/\/verdadeon.com.br\/portal\/\",\"name\":\"VerdadeOn\",\"description\":\"Not\u00edcias di\u00e1rias sobre Franca, Regi\u00e3o, Esporte, Cultura, Cotidiano, Colunas. Cobertura nos principais eventos da cidade \u00e9 aqui - Verdadeon Franca\",\"potentialAction\":[{\"@type\":\"SearchAction\",\"target\":{\"@type\":\"EntryPoint\",\"urlTemplate\":\"https:\/\/verdadeon.com.br\/portal\/?s={search_term_string}\"},\"query-input\":{\"@type\":\"PropertyValueSpecification\",\"valueRequired\":true,\"valueName\":\"search_term_string\"}}],\"inLanguage\":\"pt-BR\"},{\"@type\":\"Person\",\"@id\":\"https:\/\/verdadeon.com.br\/portal\/#\/schema\/person\/a5060ad1e9ea3df545188fc93ce43d2f\",\"name\":\"Redacao VerdadeOn\",\"image\":{\"@type\":\"ImageObject\",\"inLanguage\":\"pt-BR\",\"@id\":\"https:\/\/verdadeon.com.br\/portal\/#\/schema\/person\/image\/\",\"url\":\"https:\/\/secure.gravatar.com\/avatar\/459a9613caaaf07f582c3d0841eea68bdd66f533e465e6ba8b9cb45619572cf4?s=96&d=mm&r=g\",\"contentUrl\":\"https:\/\/secure.gravatar.com\/avatar\/459a9613caaaf07f582c3d0841eea68bdd66f533e465e6ba8b9cb45619572cf4?s=96&d=mm&r=g\",\"caption\":\"Redacao VerdadeOn\"},\"url\":\"https:\/\/verdadeon.com.br\/portal\/author\/redacao\/\"}]}<\/script>\n<!-- \/ Yoast SEO plugin. -->","yoast_head_json":{"title":"7 de Setembro: a hist\u00f3ria por tr\u00e1s da Independ\u00eancia do Brasil - VerdadeOn","robots":{"index":"index","follow":"follow","max-snippet":"max-snippet:-1","max-image-preview":"max-image-preview:large","max-video-preview":"max-video-preview:-1"},"canonical":"https:\/\/verdadeon.com.br\/portal\/2026\/09\/05\/7-de-setembro-a-historia-por-tras-da-independencia-do-brasil\/","og_locale":"pt_BR","og_type":"article","og_title":"7 de Setembro: a hist\u00f3ria por tr\u00e1s da Independ\u00eancia do Brasil - VerdadeOn","og_description":"Professores de hist\u00f3ria explicam o contexto que levou \u00e0 ruptura com Portugal e revelam curiosidades sobre o epis\u00f3dio que marcou a forma\u00e7\u00e3o do Pa\u00eds Todos os [\u2026]","og_url":"https:\/\/verdadeon.com.br\/portal\/2026\/09\/05\/7-de-setembro-a-historia-por-tras-da-independencia-do-brasil\/","og_site_name":"VerdadeOn","article_published_time":"2026-09-05T14:00:36+00:00","og_image":[{"width":800,"height":432,"url":"https:\/\/i0.wp.com\/verdadeon.com.br\/portal\/wp-content\/uploads\/2026\/09\/unnamed-13.jpg?fit=800%2C432&ssl=1","type":"image\/jpeg"}],"author":"Redacao VerdadeOn","twitter_card":"summary_large_image","twitter_misc":{"Escrito por":"Redacao VerdadeOn","Est. tempo de leitura":"11 minutos"},"schema":{"@context":"https:\/\/schema.org","@graph":[{"@type":"WebPage","@id":"https:\/\/verdadeon.com.br\/portal\/2026\/09\/05\/7-de-setembro-a-historia-por-tras-da-independencia-do-brasil\/","url":"https:\/\/verdadeon.com.br\/portal\/2026\/09\/05\/7-de-setembro-a-historia-por-tras-da-independencia-do-brasil\/","name":"7 de Setembro: a hist\u00f3ria por tr\u00e1s da Independ\u00eancia do Brasil - VerdadeOn","isPartOf":{"@id":"https:\/\/verdadeon.com.br\/portal\/#website"},"primaryImageOfPage":{"@id":"https:\/\/verdadeon.com.br\/portal\/2026\/09\/05\/7-de-setembro-a-historia-por-tras-da-independencia-do-brasil\/#primaryimage"},"image":{"@id":"https:\/\/verdadeon.com.br\/portal\/2026\/09\/05\/7-de-setembro-a-historia-por-tras-da-independencia-do-brasil\/#primaryimage"},"thumbnailUrl":"https:\/\/i0.wp.com\/verdadeon.com.br\/portal\/wp-content\/uploads\/2026\/09\/unnamed-13.jpg?fit=800%2C432&ssl=1","datePublished":"2026-09-05T14:00:36+00:00","author":{"@id":"https:\/\/verdadeon.com.br\/portal\/#\/schema\/person\/a5060ad1e9ea3df545188fc93ce43d2f"},"breadcrumb":{"@id":"https:\/\/verdadeon.com.br\/portal\/2026\/09\/05\/7-de-setembro-a-historia-por-tras-da-independencia-do-brasil\/#breadcrumb"},"inLanguage":"pt-BR","potentialAction":[{"@type":"ReadAction","target":["https:\/\/verdadeon.com.br\/portal\/2026\/09\/05\/7-de-setembro-a-historia-por-tras-da-independencia-do-brasil\/"]}]},{"@type":"ImageObject","inLanguage":"pt-BR","@id":"https:\/\/verdadeon.com.br\/portal\/2026\/09\/05\/7-de-setembro-a-historia-por-tras-da-independencia-do-brasil\/#primaryimage","url":"https:\/\/i0.wp.com\/verdadeon.com.br\/portal\/wp-content\/uploads\/2026\/09\/unnamed-13.jpg?fit=800%2C432&ssl=1","contentUrl":"https:\/\/i0.wp.com\/verdadeon.com.br\/portal\/wp-content\/uploads\/2026\/09\/unnamed-13.jpg?fit=800%2C432&ssl=1","width":800,"height":432,"caption":"\u201cIndepend\u00eancia ou Morte\u201d, de Pedro Am\u00e9rico (\u00a9Reprodu\u00e7\u00e3o)"},{"@type":"BreadcrumbList","@id":"https:\/\/verdadeon.com.br\/portal\/2026\/09\/05\/7-de-setembro-a-historia-por-tras-da-independencia-do-brasil\/#breadcrumb","itemListElement":[{"@type":"ListItem","position":1,"name":"In\u00edcio","item":"https:\/\/verdadeon.com.br\/portal\/"},{"@type":"ListItem","position":2,"name":"7 de Setembro: a hist\u00f3ria por tr\u00e1s da Independ\u00eancia do Brasil"}]},{"@type":"WebSite","@id":"https:\/\/verdadeon.com.br\/portal\/#website","url":"https:\/\/verdadeon.com.br\/portal\/","name":"VerdadeOn","description":"Not\u00edcias di\u00e1rias sobre Franca, Regi\u00e3o, Esporte, Cultura, Cotidiano, Colunas. Cobertura nos principais eventos da cidade \u00e9 aqui - Verdadeon Franca","potentialAction":[{"@type":"SearchAction","target":{"@type":"EntryPoint","urlTemplate":"https:\/\/verdadeon.com.br\/portal\/?s={search_term_string}"},"query-input":{"@type":"PropertyValueSpecification","valueRequired":true,"valueName":"search_term_string"}}],"inLanguage":"pt-BR"},{"@type":"Person","@id":"https:\/\/verdadeon.com.br\/portal\/#\/schema\/person\/a5060ad1e9ea3df545188fc93ce43d2f","name":"Redacao VerdadeOn","image":{"@type":"ImageObject","inLanguage":"pt-BR","@id":"https:\/\/verdadeon.com.br\/portal\/#\/schema\/person\/image\/","url":"https:\/\/secure.gravatar.com\/avatar\/459a9613caaaf07f582c3d0841eea68bdd66f533e465e6ba8b9cb45619572cf4?s=96&d=mm&r=g","contentUrl":"https:\/\/secure.gravatar.com\/avatar\/459a9613caaaf07f582c3d0841eea68bdd66f533e465e6ba8b9cb45619572cf4?s=96&d=mm&r=g","caption":"Redacao VerdadeOn"},"url":"https:\/\/verdadeon.com.br\/portal\/author\/redacao\/"}]}},"jetpack_publicize_connections":[],"jetpack_featured_media_url":"https:\/\/i0.wp.com\/verdadeon.com.br\/portal\/wp-content\/uploads\/2026\/09\/unnamed-13.jpg?fit=800%2C432&ssl=1","jetpack_sharing_enabled":true,"_links":{"self":[{"href":"https:\/\/verdadeon.com.br\/portal\/wp-json\/wp\/v2\/posts\/70385","targetHints":{"allow":["GET"]}}],"collection":[{"href":"https:\/\/verdadeon.com.br\/portal\/wp-json\/wp\/v2\/posts"}],"about":[{"href":"https:\/\/verdadeon.com.br\/portal\/wp-json\/wp\/v2\/types\/post"}],"author":[{"embeddable":true,"href":"https:\/\/verdadeon.com.br\/portal\/wp-json\/wp\/v2\/users\/10"}],"replies":[{"embeddable":true,"href":"https:\/\/verdadeon.com.br\/portal\/wp-json\/wp\/v2\/comments?post=70385"}],"version-history":[{"count":1,"href":"https:\/\/verdadeon.com.br\/portal\/wp-json\/wp\/v2\/posts\/70385\/revisions"}],"predecessor-version":[{"id":70387,"href":"https:\/\/verdadeon.com.br\/portal\/wp-json\/wp\/v2\/posts\/70385\/revisions\/70387"}],"wp:featuredmedia":[{"embeddable":true,"href":"https:\/\/verdadeon.com.br\/portal\/wp-json\/wp\/v2\/media\/70386"}],"wp:attachment":[{"href":"https:\/\/verdadeon.com.br\/portal\/wp-json\/wp\/v2\/media?parent=70385"}],"wp:term":[{"taxonomy":"category","embeddable":true,"href":"https:\/\/verdadeon.com.br\/portal\/wp-json\/wp\/v2\/categories?post=70385"},{"taxonomy":"post_tag","embeddable":true,"href":"https:\/\/verdadeon.com.br\/portal\/wp-json\/wp\/v2\/tags?post=70385"}],"curies":[{"name":"wp","href":"https:\/\/api.w.org\/{rel}","templated":true}]}}