{"id":70381,"date":"2026-09-05T06:00:00","date_gmt":"2026-09-05T09:00:00","guid":{"rendered":"https:\/\/verdadeon.com.br\/portal\/?p=70381"},"modified":"2026-09-04T12:45:42","modified_gmt":"2026-09-04T15:45:42","slug":"abre-e-fecha-confira-o-funcionamento-dos-servicos-publicos-neste-7-de-setembro","status":"publish","type":"post","link":"https:\/\/verdadeon.com.br\/portal\/2026\/09\/05\/abre-e-fecha-confira-o-funcionamento-dos-servicos-publicos-neste-7-de-setembro\/","title":{"rendered":"Abre e fecha: confira o funcionamento dos servi\u00e7os p\u00fablicos neste 7 de setembro"},"content":{"rendered":"<p>Nesta segunda-feira, 7 de setembro, ser\u00e1 comemorada a Independ\u00eancia do Brasil. Com isto, o expediente dos servi\u00e7os p\u00fablicos (municipais, estaduais ou nacionais) ter\u00e1 seu funcionamento alterado. Confira:<\/p>\n<p><strong>Reparti\u00e7\u00f5es Municipais<\/strong><\/p>\n<p>As reparti\u00e7\u00f5es p\u00fablicas municipais de Franca estar\u00e3o fechadas neste dia, retornando normalmente na ter\u00e7a-feira, 8, a partir das 7 horas, nas Unidades B\u00e1sicas de Sa\u00fade.<\/p>\n<p>As exce\u00e7\u00f5es ser\u00e3o os departamentos, que prestam servi\u00e7os de urg\u00eancia e emerg\u00eancia, pois ter\u00e3o o funcionamento ininterrupto. Entre eles, est\u00e3o os dois Prontos-Socorros, adulto e infantil, as UPAs (Unidades de Pronto-Atendimento), nos Jardins Aeroporto e Anita, os CAPSs (Centro de Aten\u00e7\u00e3o Psicossocial), na Vila Santos Dumont e Jardim Milena.<\/p>\n<p>As equipes do SAMU (Servi\u00e7o de Atendimento M\u00f3vel de Urg\u00eancia), Guarda Civil e Abrigo Provis\u00f3rio ter\u00e3o atendimento em sistema de plant\u00f5es.<\/p>\n<p>Os servi\u00e7os de coleta de lixo ser\u00e3o prestados normalmente.<\/p>\n<p class=\"wp-block-heading\"><strong>Estado de S\u00e3o Paulo<\/strong><\/p>\n<p><strong>Sa\u00fade<\/strong><\/p>\n<p class=\"wp-block-paragraph\">Os hospitais estaduais manter\u00e3o o atendimento normal aos casos de urg\u00eancia e emerg\u00eancia, com funcionamento ininterrupto dos prontos-socorros, das unidades de interna\u00e7\u00e3o e dos centros cir\u00fargicos.<\/p>\n<p class=\"wp-block-paragraph\">As unidades das Farm\u00e1cias de Medicamentos Especializados (FME), da Unidade Dispensadora de Medicamentos (UDM), das Unidades Dose Certa, na capital, e dos N\u00facleos de Apoio Farmac\u00eautico (NAF) n\u00e3o funcionar\u00e3o na segunda-feira (7). Os Ambulat\u00f3rios M\u00e9dicos de Especialidades (AMEs) tamb\u00e9m estar\u00e3o fechados na data.<\/p>\n<p class=\"wp-block-heading\"><strong>Poupatempo<\/strong><\/p>\n<p class=\"wp-block-paragraph\">Os postos do\u00a0<a href=\"https:\/\/www.poupatempo.sp.gov.br\/\" rel=\"noopener\" data-type=\"link\" data-id=\"https:\/\/www.poupatempo.sp.gov.br\/\">Poupatempo<\/a> em todo o estado estar\u00e3o fechados na segunda-feira. O atendimento presencial ser\u00e1 retomado na ter\u00e7a-feira (8), de acordo com o hor\u00e1rio habitual de cada unidade. Mesmo com as unidades fechadas, cerca de 3,5 mil servi\u00e7os estar\u00e3o dispon\u00edveis pelos canais digitais do programa.<\/p>\n<p class=\"wp-block-paragraph\">Para os servi\u00e7os presenciais, o agendamento \u00e9 obrigat\u00f3rio e gratuito e deve ser feito previamente pelos canais oficiais do Poupatempo: portal e aplicativo Poupatempo SP.GOV.BR, WhatsApp, pelo n\u00famero (11) 95220-2974, ou totens de autoatendimento.<\/p>\n<p class=\"wp-block-heading\"><strong>Direitos da Pessoa com Defici\u00eancia e Sabesp<\/strong><\/p>\n<p class=\"wp-block-paragraph\">Todos os 17 Polos de Empregabilidade Inclusiva (PEIs) ficam fechados durante o feriado e retomam os atendimentos na ter\u00e7a-feira (8).<\/p>\n<p class=\"wp-block-heading\">A Sabesp funcionar\u00e1 normalmente pelos canais digitais e telef\u00f4nicos.<\/p>\n<p class=\"wp-block-heading\"><strong>Defesa Civil do Estado\u00a0<\/strong><\/p>\n<p class=\"wp-block-paragraph\">A Defesa Civil do Estado fica \u00e0 disposi\u00e7\u00e3o por meio do Centro de Gerenciamento de Emerg\u00eancias, pelo telefone (11) 2193-8888, pelo 199 para registro de emerg\u00eancias e pedido de apoio, ou ainda pelo e-mail: defesacivil@sp.gov.br.<\/p>\n<p class=\"wp-block-heading\"><strong>Fazenda\u00a0<\/strong><\/p>\n<p class=\"wp-block-paragraph\">As unidades de atendimento presencial da Sefaz-SP estar\u00e3o fechadas no dia 7 de setembro devido ao feriado da Independ\u00eancia do Brasil. Os cidad\u00e3os podem utilizar, a qualquer momento, os servi\u00e7os eletr\u00f4nicos da Sefaz-SP dispon\u00edveis no portal\u00a0<a href=\"http:\/\/www.sfp.sp.gov.br\/sefaz\" rel=\"noopener\">www.sfp.sp.gov.br\/sefaz<\/a>.<\/p>\n<p><strong>Por \u00faltimo&#8230;<\/strong><\/p>\n<p>Em Franca, assim como em todo o pa\u00eds, as ag\u00eancias banc\u00e1rias estar\u00e3o fechadas na pr\u00f3xima segunda-feira (7). De acordo com a Federa\u00e7\u00e3o Brasileira de Bancos (Febraban), o atendimento presencial ao p\u00fablico segue normalmente na ter\u00e7a-feira (8) nas localidades onde n\u00e3o haja feriado estadual ou municipal ou ponto facultativo.<img data-recalc-dims=\"1\" decoding=\"async\" src=\"https:\/\/i0.wp.com\/agenciabrasil.ebc.com.br\/ebc.png?w=1220&#038;ssl=1\" \/><img data-recalc-dims=\"1\" decoding=\"async\" src=\"https:\/\/i0.wp.com\/agenciabrasil.ebc.com.br\/ebc.gif?w=1220&#038;ssl=1\" \/><\/p>\n<p><em><strong>**Com informa\u00e7\u00f5es da Ag\u00eancia SP e Ag\u00eancia Brasil<\/strong><\/em><\/p>\n","protected":false},"excerpt":{"rendered":"<p>Nesta segunda-feira, 7 de setembro, ser\u00e1 comemorada a Independ\u00eancia do Brasil. Com isto, o expediente dos servi\u00e7os p\u00fablicos (municipais, estaduais ou nacionais) ter\u00e1 seu funcionamento alterado.<span class=\"excerpt-hellip\"> [\u2026]<\/span><\/p>\n","protected":false},"author":10,"featured_media":44073,"comment_status":"open","ping_status":"open","sticky":false,"template":"","format":"standard","meta":{"_jetpack_memberships_contains_paid_content":false,"footnotes":"","jetpack_publicize_message":"","jetpack_publicize_feature_enabled":true,"jetpack_social_post_already_shared":true,"jetpack_social_options":{"image_generator_settings":{"template":"highway","default_image_id":0,"enabled":false},"version":2}},"categories":[28,44],"tags":[],"class_list":["post-70381","post","type-post","status-publish","format-standard","has-post-thumbnail","hentry","category-cotidiano","category-noticias"],"yoast_head":"<!-- This site is optimized with the Yoast SEO plugin v25.6 - https:\/\/yoast.com\/wordpress\/plugins\/seo\/ -->\n<title>Abre e fecha: confira o funcionamento dos servi\u00e7os p\u00fablicos neste 7 de setembro - VerdadeOn<\/title>\n<meta name=\"robots\" content=\"index, follow, max-snippet:-1, max-image-preview:large, max-video-preview:-1\" \/>\n<link rel=\"canonical\" href=\"https:\/\/verdadeon.com.br\/portal\/2026\/09\/05\/abre-e-fecha-confira-o-funcionamento-dos-servicos-publicos-neste-7-de-setembro\/\" \/>\n<meta property=\"og:locale\" content=\"pt_BR\" \/>\n<meta property=\"og:type\" content=\"article\" \/>\n<meta property=\"og:title\" content=\"Abre e fecha: confira o funcionamento dos servi\u00e7os p\u00fablicos neste 7 de setembro - VerdadeOn\" \/>\n<meta property=\"og:description\" content=\"Nesta segunda-feira, 7 de setembro, ser\u00e1 comemorada a Independ\u00eancia do Brasil. Com isto, o expediente dos servi\u00e7os p\u00fablicos (municipais, estaduais ou nacionais) ter\u00e1 seu funcionamento alterado. [\u2026]\" \/>\n<meta property=\"og:url\" content=\"https:\/\/verdadeon.com.br\/portal\/2026\/09\/05\/abre-e-fecha-confira-o-funcionamento-dos-servicos-publicos-neste-7-de-setembro\/\" \/>\n<meta property=\"og:site_name\" content=\"VerdadeOn\" \/>\n<meta property=\"article:published_time\" content=\"2026-09-05T09:00:00+00:00\" \/>\n<meta property=\"og:image\" content=\"https:\/\/i0.wp.com\/verdadeon.com.br\/portal\/wp-content\/uploads\/2024\/04\/WhatsApp-Image-2024-04-30-at-13.14.29-1.jpeg?fit=1600%2C1060&ssl=1\" \/>\n\t<meta property=\"og:image:width\" content=\"1600\" \/>\n\t<meta property=\"og:image:height\" content=\"1060\" \/>\n\t<meta property=\"og:image:type\" content=\"image\/jpeg\" \/>\n<meta name=\"author\" content=\"Redacao VerdadeOn\" \/>\n<meta name=\"twitter:card\" content=\"summary_large_image\" \/>\n<meta name=\"twitter:label1\" content=\"Escrito por\" \/>\n\t<meta name=\"twitter:data1\" content=\"Redacao VerdadeOn\" \/>\n\t<meta name=\"twitter:label2\" content=\"Est. tempo de leitura\" \/>\n\t<meta name=\"twitter:data2\" content=\"4 minutos\" \/>\n<script type=\"application\/ld+json\" class=\"yoast-schema-graph\">{\"@context\":\"https:\/\/schema.org\",\"@graph\":[{\"@type\":\"WebPage\",\"@id\":\"https:\/\/verdadeon.com.br\/portal\/2026\/09\/05\/abre-e-fecha-confira-o-funcionamento-dos-servicos-publicos-neste-7-de-setembro\/\",\"url\":\"https:\/\/verdadeon.com.br\/portal\/2026\/09\/05\/abre-e-fecha-confira-o-funcionamento-dos-servicos-publicos-neste-7-de-setembro\/\",\"name\":\"Abre e fecha: confira o funcionamento dos servi\u00e7os p\u00fablicos neste 7 de setembro - VerdadeOn\",\"isPartOf\":{\"@id\":\"https:\/\/verdadeon.com.br\/portal\/#website\"},\"primaryImageOfPage\":{\"@id\":\"https:\/\/verdadeon.com.br\/portal\/2026\/09\/05\/abre-e-fecha-confira-o-funcionamento-dos-servicos-publicos-neste-7-de-setembro\/#primaryimage\"},\"image\":{\"@id\":\"https:\/\/verdadeon.com.br\/portal\/2026\/09\/05\/abre-e-fecha-confira-o-funcionamento-dos-servicos-publicos-neste-7-de-setembro\/#primaryimage\"},\"thumbnailUrl\":\"https:\/\/i0.wp.com\/verdadeon.com.br\/portal\/wp-content\/uploads\/2024\/04\/WhatsApp-Image-2024-04-30-at-13.14.29-1.jpeg?fit=1600%2C1060&ssl=1\",\"datePublished\":\"2026-09-05T09:00:00+00:00\",\"author\":{\"@id\":\"https:\/\/verdadeon.com.br\/portal\/#\/schema\/person\/a5060ad1e9ea3df545188fc93ce43d2f\"},\"breadcrumb\":{\"@id\":\"https:\/\/verdadeon.com.br\/portal\/2026\/09\/05\/abre-e-fecha-confira-o-funcionamento-dos-servicos-publicos-neste-7-de-setembro\/#breadcrumb\"},\"inLanguage\":\"pt-BR\",\"potentialAction\":[{\"@type\":\"ReadAction\",\"target\":[\"https:\/\/verdadeon.com.br\/portal\/2026\/09\/05\/abre-e-fecha-confira-o-funcionamento-dos-servicos-publicos-neste-7-de-setembro\/\"]}]},{\"@type\":\"ImageObject\",\"inLanguage\":\"pt-BR\",\"@id\":\"https:\/\/verdadeon.com.br\/portal\/2026\/09\/05\/abre-e-fecha-confira-o-funcionamento-dos-servicos-publicos-neste-7-de-setembro\/#primaryimage\",\"url\":\"https:\/\/i0.wp.com\/verdadeon.com.br\/portal\/wp-content\/uploads\/2024\/04\/WhatsApp-Image-2024-04-30-at-13.14.29-1.jpeg?fit=1600%2C1060&ssl=1\",\"contentUrl\":\"https:\/\/i0.wp.com\/verdadeon.com.br\/portal\/wp-content\/uploads\/2024\/04\/WhatsApp-Image-2024-04-30-at-13.14.29-1.jpeg?fit=1600%2C1060&ssl=1\",\"width\":1600,\"height\":1060,\"caption\":\"Confira o funcionamento dos servi\u00e7os p\u00fablicos para este 7 de setembro (\u00a9Divulga\u00e7\u00e3o\/ Prefeitura de Franca)\"},{\"@type\":\"BreadcrumbList\",\"@id\":\"https:\/\/verdadeon.com.br\/portal\/2026\/09\/05\/abre-e-fecha-confira-o-funcionamento-dos-servicos-publicos-neste-7-de-setembro\/#breadcrumb\",\"itemListElement\":[{\"@type\":\"ListItem\",\"position\":1,\"name\":\"In\u00edcio\",\"item\":\"https:\/\/verdadeon.com.br\/portal\/\"},{\"@type\":\"ListItem\",\"position\":2,\"name\":\"Abre e fecha: confira o funcionamento dos servi\u00e7os p\u00fablicos neste 7 de setembro\"}]},{\"@type\":\"WebSite\",\"@id\":\"https:\/\/verdadeon.com.br\/portal\/#website\",\"url\":\"https:\/\/verdadeon.com.br\/portal\/\",\"name\":\"VerdadeOn\",\"description\":\"Not\u00edcias di\u00e1rias sobre Franca, Regi\u00e3o, Esporte, Cultura, Cotidiano, Colunas. Cobertura nos principais eventos da cidade \u00e9 aqui - Verdadeon Franca\",\"potentialAction\":[{\"@type\":\"SearchAction\",\"target\":{\"@type\":\"EntryPoint\",\"urlTemplate\":\"https:\/\/verdadeon.com.br\/portal\/?s={search_term_string}\"},\"query-input\":{\"@type\":\"PropertyValueSpecification\",\"valueRequired\":true,\"valueName\":\"search_term_string\"}}],\"inLanguage\":\"pt-BR\"},{\"@type\":\"Person\",\"@id\":\"https:\/\/verdadeon.com.br\/portal\/#\/schema\/person\/a5060ad1e9ea3df545188fc93ce43d2f\",\"name\":\"Redacao VerdadeOn\",\"image\":{\"@type\":\"ImageObject\",\"inLanguage\":\"pt-BR\",\"@id\":\"https:\/\/verdadeon.com.br\/portal\/#\/schema\/person\/image\/\",\"url\":\"https:\/\/secure.gravatar.com\/avatar\/459a9613caaaf07f582c3d0841eea68bdd66f533e465e6ba8b9cb45619572cf4?s=96&d=mm&r=g\",\"contentUrl\":\"https:\/\/secure.gravatar.com\/avatar\/459a9613caaaf07f582c3d0841eea68bdd66f533e465e6ba8b9cb45619572cf4?s=96&d=mm&r=g\",\"caption\":\"Redacao VerdadeOn\"},\"url\":\"https:\/\/verdadeon.com.br\/portal\/author\/redacao\/\"}]}<\/script>\n<!-- \/ Yoast SEO plugin. -->","yoast_head_json":{"title":"Abre e fecha: confira o funcionamento dos servi\u00e7os p\u00fablicos neste 7 de setembro - VerdadeOn","robots":{"index":"index","follow":"follow","max-snippet":"max-snippet:-1","max-image-preview":"max-image-preview:large","max-video-preview":"max-video-preview:-1"},"canonical":"https:\/\/verdadeon.com.br\/portal\/2026\/09\/05\/abre-e-fecha-confira-o-funcionamento-dos-servicos-publicos-neste-7-de-setembro\/","og_locale":"pt_BR","og_type":"article","og_title":"Abre e fecha: confira o funcionamento dos servi\u00e7os p\u00fablicos neste 7 de setembro - VerdadeOn","og_description":"Nesta segunda-feira, 7 de setembro, ser\u00e1 comemorada a Independ\u00eancia do Brasil. Com isto, o expediente dos servi\u00e7os p\u00fablicos (municipais, estaduais ou nacionais) ter\u00e1 seu funcionamento alterado. [\u2026]","og_url":"https:\/\/verdadeon.com.br\/portal\/2026\/09\/05\/abre-e-fecha-confira-o-funcionamento-dos-servicos-publicos-neste-7-de-setembro\/","og_site_name":"VerdadeOn","article_published_time":"2026-09-05T09:00:00+00:00","og_image":[{"width":1600,"height":1060,"url":"https:\/\/i0.wp.com\/verdadeon.com.br\/portal\/wp-content\/uploads\/2024\/04\/WhatsApp-Image-2024-04-30-at-13.14.29-1.jpeg?fit=1600%2C1060&ssl=1","type":"image\/jpeg"}],"author":"Redacao VerdadeOn","twitter_card":"summary_large_image","twitter_misc":{"Escrito por":"Redacao VerdadeOn","Est. tempo de leitura":"4 minutos"},"schema":{"@context":"https:\/\/schema.org","@graph":[{"@type":"WebPage","@id":"https:\/\/verdadeon.com.br\/portal\/2026\/09\/05\/abre-e-fecha-confira-o-funcionamento-dos-servicos-publicos-neste-7-de-setembro\/","url":"https:\/\/verdadeon.com.br\/portal\/2026\/09\/05\/abre-e-fecha-confira-o-funcionamento-dos-servicos-publicos-neste-7-de-setembro\/","name":"Abre e fecha: confira o funcionamento dos servi\u00e7os p\u00fablicos neste 7 de setembro - VerdadeOn","isPartOf":{"@id":"https:\/\/verdadeon.com.br\/portal\/#website"},"primaryImageOfPage":{"@id":"https:\/\/verdadeon.com.br\/portal\/2026\/09\/05\/abre-e-fecha-confira-o-funcionamento-dos-servicos-publicos-neste-7-de-setembro\/#primaryimage"},"image":{"@id":"https:\/\/verdadeon.com.br\/portal\/2026\/09\/05\/abre-e-fecha-confira-o-funcionamento-dos-servicos-publicos-neste-7-de-setembro\/#primaryimage"},"thumbnailUrl":"https:\/\/i0.wp.com\/verdadeon.com.br\/portal\/wp-content\/uploads\/2024\/04\/WhatsApp-Image-2024-04-30-at-13.14.29-1.jpeg?fit=1600%2C1060&ssl=1","datePublished":"2026-09-05T09:00:00+00:00","author":{"@id":"https:\/\/verdadeon.com.br\/portal\/#\/schema\/person\/a5060ad1e9ea3df545188fc93ce43d2f"},"breadcrumb":{"@id":"https:\/\/verdadeon.com.br\/portal\/2026\/09\/05\/abre-e-fecha-confira-o-funcionamento-dos-servicos-publicos-neste-7-de-setembro\/#breadcrumb"},"inLanguage":"pt-BR","potentialAction":[{"@type":"ReadAction","target":["https:\/\/verdadeon.com.br\/portal\/2026\/09\/05\/abre-e-fecha-confira-o-funcionamento-dos-servicos-publicos-neste-7-de-setembro\/"]}]},{"@type":"ImageObject","inLanguage":"pt-BR","@id":"https:\/\/verdadeon.com.br\/portal\/2026\/09\/05\/abre-e-fecha-confira-o-funcionamento-dos-servicos-publicos-neste-7-de-setembro\/#primaryimage","url":"https:\/\/i0.wp.com\/verdadeon.com.br\/portal\/wp-content\/uploads\/2024\/04\/WhatsApp-Image-2024-04-30-at-13.14.29-1.jpeg?fit=1600%2C1060&ssl=1","contentUrl":"https:\/\/i0.wp.com\/verdadeon.com.br\/portal\/wp-content\/uploads\/2024\/04\/WhatsApp-Image-2024-04-30-at-13.14.29-1.jpeg?fit=1600%2C1060&ssl=1","width":1600,"height":1060,"caption":"Confira o funcionamento dos servi\u00e7os p\u00fablicos para este 7 de setembro (\u00a9Divulga\u00e7\u00e3o\/ Prefeitura de Franca)"},{"@type":"BreadcrumbList","@id":"https:\/\/verdadeon.com.br\/portal\/2026\/09\/05\/abre-e-fecha-confira-o-funcionamento-dos-servicos-publicos-neste-7-de-setembro\/#breadcrumb","itemListElement":[{"@type":"ListItem","position":1,"name":"In\u00edcio","item":"https:\/\/verdadeon.com.br\/portal\/"},{"@type":"ListItem","position":2,"name":"Abre e fecha: confira o funcionamento dos servi\u00e7os p\u00fablicos neste 7 de setembro"}]},{"@type":"WebSite","@id":"https:\/\/verdadeon.com.br\/portal\/#website","url":"https:\/\/verdadeon.com.br\/portal\/","name":"VerdadeOn","description":"Not\u00edcias di\u00e1rias sobre Franca, Regi\u00e3o, Esporte, Cultura, Cotidiano, Colunas. Cobertura nos principais eventos da cidade \u00e9 aqui - Verdadeon Franca","potentialAction":[{"@type":"SearchAction","target":{"@type":"EntryPoint","urlTemplate":"https:\/\/verdadeon.com.br\/portal\/?s={search_term_string}"},"query-input":{"@type":"PropertyValueSpecification","valueRequired":true,"valueName":"search_term_string"}}],"inLanguage":"pt-BR"},{"@type":"Person","@id":"https:\/\/verdadeon.com.br\/portal\/#\/schema\/person\/a5060ad1e9ea3df545188fc93ce43d2f","name":"Redacao VerdadeOn","image":{"@type":"ImageObject","inLanguage":"pt-BR","@id":"https:\/\/verdadeon.com.br\/portal\/#\/schema\/person\/image\/","url":"https:\/\/secure.gravatar.com\/avatar\/459a9613caaaf07f582c3d0841eea68bdd66f533e465e6ba8b9cb45619572cf4?s=96&d=mm&r=g","contentUrl":"https:\/\/secure.gravatar.com\/avatar\/459a9613caaaf07f582c3d0841eea68bdd66f533e465e6ba8b9cb45619572cf4?s=96&d=mm&r=g","caption":"Redacao VerdadeOn"},"url":"https:\/\/verdadeon.com.br\/portal\/author\/redacao\/"}]}},"jetpack_publicize_connections":[],"jetpack_featured_media_url":"https:\/\/i0.wp.com\/verdadeon.com.br\/portal\/wp-content\/uploads\/2024\/04\/WhatsApp-Image-2024-04-30-at-13.14.29-1.jpeg?fit=1600%2C1060&ssl=1","jetpack_sharing_enabled":true,"_links":{"self":[{"href":"https:\/\/verdadeon.com.br\/portal\/wp-json\/wp\/v2\/posts\/70381","targetHints":{"allow":["GET"]}}],"collection":[{"href":"https:\/\/verdadeon.com.br\/portal\/wp-json\/wp\/v2\/posts"}],"about":[{"href":"https:\/\/verdadeon.com.br\/portal\/wp-json\/wp\/v2\/types\/post"}],"author":[{"embeddable":true,"href":"https:\/\/verdadeon.com.br\/portal\/wp-json\/wp\/v2\/users\/10"}],"replies":[{"embeddable":true,"href":"https:\/\/verdadeon.com.br\/portal\/wp-json\/wp\/v2\/comments?post=70381"}],"version-history":[{"count":1,"href":"https:\/\/verdadeon.com.br\/portal\/wp-json\/wp\/v2\/posts\/70381\/revisions"}],"predecessor-version":[{"id":70382,"href":"https:\/\/verdadeon.com.br\/portal\/wp-json\/wp\/v2\/posts\/70381\/revisions\/70382"}],"wp:featuredmedia":[{"embeddable":true,"href":"https:\/\/verdadeon.com.br\/portal\/wp-json\/wp\/v2\/media\/44073"}],"wp:attachment":[{"href":"https:\/\/verdadeon.com.br\/portal\/wp-json\/wp\/v2\/media?parent=70381"}],"wp:term":[{"taxonomy":"category","embeddable":true,"href":"https:\/\/verdadeon.com.br\/portal\/wp-json\/wp\/v2\/categories?post=70381"},{"taxonomy":"post_tag","embeddable":true,"href":"https:\/\/verdadeon.com.br\/portal\/wp-json\/wp\/v2\/tags?post=70381"}],"curies":[{"name":"wp","href":"https:\/\/api.w.org\/{rel}","templated":true}]}}