{"id":70377,"date":"2026-09-04T12:30:28","date_gmt":"2026-09-04T15:30:28","guid":{"rendered":"https:\/\/verdadeon.com.br\/portal\/?p=70377"},"modified":"2026-09-04T12:30:28","modified_gmt":"2026-09-04T15:30:28","slug":"aprovacao-no-congresso-da-mp-que-reduz-imposto-de-importacao-conspira-contra-o-brasil-avalia-ciesp","status":"publish","type":"post","link":"https:\/\/verdadeon.com.br\/portal\/2026\/09\/04\/aprovacao-no-congresso-da-mp-que-reduz-imposto-de-importacao-conspira-contra-o-brasil-avalia-ciesp\/","title":{"rendered":"Aprova\u00e7\u00e3o no Congresso da MP que reduz imposto de importa\u00e7\u00e3o conspira contra o Brasil, avalia CIESP"},"content":{"rendered":"<h2>Entidade emitiu nota oficial sobre a quest\u00e3o<\/h2>\n<p>O Centro das Ind\u00fastrias do Estado de S\u00e3o Paulo (Ciesp) repudia aprova\u00e7\u00e3o, em \u201cfulminantes\u201d vota\u00e7\u00f5es na C\u00e2mara dos Deputados e no Senado, da Medida Provis\u00f3ria 1.357\/2026, que estabelece al\u00edquota favorecida de 30% para importa\u00e7\u00f5es de at\u00e9 US$ 3 mil e extingue a chamada &#8220;taxa das blusinhas&#8221;, tornando totalmente isentas as encomendas internacionais de at\u00e9 US$ 50. \u201cA decis\u00e3o concede um privil\u00e9gio vergonhoso a empresas estrangeiras e agrava a desvantagem tribut\u00e1ria de quem produz, investe, trabalha e gera empregos no Brasil\u201d, afirma Rafael Cervone, presidente da entidade e primeiro vice da Federa\u00e7\u00e3o das Ind\u00fastrias do Estado de S\u00e3o Paulo (Fiesp).<\/p>\n<p>Para ele, \u201c\u00e9 absurdo que um acordo pol\u00edtico, com forte vi\u00e9s eleitoral, resulte em medida insensata prejudicial \u00e0 economia nacional, \u00e0s ind\u00fastrias, ao varejo e aos trabalhadores, que t\u00eam seus empregos amea\u00e7ados.\u201d O pretenso e question\u00e1vel ganho em termos de pre\u00e7os de alguns produtos \u201cilude os consumidores, porque quem perder seu trabalho devido \u00e0 concorr\u00eancia desleal imposta \u00e0s empresas brasileiras n\u00e3o tem como comprar nada\u201d, pondera o presidente do Ciesp.<\/p>\n<p>Cervone salienta que o \u201cestranho\u201d rito das vota\u00e7\u00f5es, sem an\u00e1lise mais aprofundada e um necess\u00e1rio debate sobre os graves impactos da desigualdade tribut\u00e1ria contra as empresas brasileiras, evidenciou a preval\u00eancia de interesses eleitorais imediatos sobre o bem maior da economia nacional. \u201cInfelizmente, os poderes pol\u00edticos da Rep\u00fablica que costuraram o acordo para aprova\u00e7\u00e3o da MP cometeram um ato descabido e impensado contra o Brasil e seu povo\u201d.<\/p>\n","protected":false},"excerpt":{"rendered":"<p>Entidade emitiu nota oficial sobre a quest\u00e3o O Centro das Ind\u00fastrias do Estado de S\u00e3o Paulo (Ciesp) repudia aprova\u00e7\u00e3o, em \u201cfulminantes\u201d vota\u00e7\u00f5es na C\u00e2mara dos Deputados<span class=\"excerpt-hellip\"> [\u2026]<\/span><\/p>\n","protected":false},"author":10,"featured_media":70378,"comment_status":"open","ping_status":"open","sticky":false,"template":"","format":"standard","meta":{"_jetpack_memberships_contains_paid_content":false,"footnotes":"","jetpack_publicize_message":"","jetpack_publicize_feature_enabled":true,"jetpack_social_post_already_shared":true,"jetpack_social_options":{"image_generator_settings":{"template":"highway","default_image_id":0,"enabled":false},"version":2}},"categories":[28,44],"tags":[],"class_list":["post-70377","post","type-post","status-publish","format-standard","has-post-thumbnail","hentry","category-cotidiano","category-noticias"],"yoast_head":"<!-- This site is optimized with the Yoast SEO plugin v25.6 - https:\/\/yoast.com\/wordpress\/plugins\/seo\/ -->\n<title>Aprova\u00e7\u00e3o no Congresso da MP que reduz imposto de importa\u00e7\u00e3o conspira contra o Brasil, avalia CIESP - VerdadeOn<\/title>\n<meta name=\"robots\" content=\"index, follow, max-snippet:-1, max-image-preview:large, max-video-preview:-1\" \/>\n<link rel=\"canonical\" href=\"https:\/\/verdadeon.com.br\/portal\/2026\/09\/04\/aprovacao-no-congresso-da-mp-que-reduz-imposto-de-importacao-conspira-contra-o-brasil-avalia-ciesp\/\" \/>\n<meta property=\"og:locale\" content=\"pt_BR\" \/>\n<meta property=\"og:type\" content=\"article\" \/>\n<meta property=\"og:title\" content=\"Aprova\u00e7\u00e3o no Congresso da MP que reduz imposto de importa\u00e7\u00e3o conspira contra o Brasil, avalia CIESP - VerdadeOn\" \/>\n<meta property=\"og:description\" content=\"Entidade emitiu nota oficial sobre a quest\u00e3o O Centro das Ind\u00fastrias do Estado de S\u00e3o Paulo (Ciesp) repudia aprova\u00e7\u00e3o, em \u201cfulminantes\u201d vota\u00e7\u00f5es na C\u00e2mara dos Deputados [\u2026]\" \/>\n<meta property=\"og:url\" content=\"https:\/\/verdadeon.com.br\/portal\/2026\/09\/04\/aprovacao-no-congresso-da-mp-que-reduz-imposto-de-importacao-conspira-contra-o-brasil-avalia-ciesp\/\" \/>\n<meta property=\"og:site_name\" content=\"VerdadeOn\" \/>\n<meta property=\"article:published_time\" content=\"2026-09-04T15:30:28+00:00\" \/>\n<meta property=\"og:image\" content=\"https:\/\/verdadeon.com.br\/portal\/wp-content\/uploads\/2026\/09\/imagem_do_whatsapp_de_2024-06-01_as_16.55.51_d697879b.jpg\" \/>\n\t<meta property=\"og:image:width\" content=\"1170\" \/>\n\t<meta property=\"og:image:height\" content=\"700\" \/>\n\t<meta property=\"og:image:type\" content=\"image\/jpeg\" \/>\n<meta name=\"author\" content=\"Redacao VerdadeOn\" \/>\n<meta name=\"twitter:card\" content=\"summary_large_image\" \/>\n<meta name=\"twitter:label1\" content=\"Escrito por\" \/>\n\t<meta name=\"twitter:data1\" content=\"Redacao VerdadeOn\" \/>\n\t<meta name=\"twitter:label2\" content=\"Est. tempo de leitura\" \/>\n\t<meta name=\"twitter:data2\" content=\"2 minutos\" \/>\n<script type=\"application\/ld+json\" class=\"yoast-schema-graph\">{\"@context\":\"https:\/\/schema.org\",\"@graph\":[{\"@type\":\"WebPage\",\"@id\":\"https:\/\/verdadeon.com.br\/portal\/2026\/09\/04\/aprovacao-no-congresso-da-mp-que-reduz-imposto-de-importacao-conspira-contra-o-brasil-avalia-ciesp\/\",\"url\":\"https:\/\/verdadeon.com.br\/portal\/2026\/09\/04\/aprovacao-no-congresso-da-mp-que-reduz-imposto-de-importacao-conspira-contra-o-brasil-avalia-ciesp\/\",\"name\":\"Aprova\u00e7\u00e3o no Congresso da MP que reduz imposto de importa\u00e7\u00e3o conspira contra o Brasil, avalia CIESP - VerdadeOn\",\"isPartOf\":{\"@id\":\"https:\/\/verdadeon.com.br\/portal\/#website\"},\"primaryImageOfPage\":{\"@id\":\"https:\/\/verdadeon.com.br\/portal\/2026\/09\/04\/aprovacao-no-congresso-da-mp-que-reduz-imposto-de-importacao-conspira-contra-o-brasil-avalia-ciesp\/#primaryimage\"},\"image\":{\"@id\":\"https:\/\/verdadeon.com.br\/portal\/2026\/09\/04\/aprovacao-no-congresso-da-mp-que-reduz-imposto-de-importacao-conspira-contra-o-brasil-avalia-ciesp\/#primaryimage\"},\"thumbnailUrl\":\"https:\/\/i0.wp.com\/verdadeon.com.br\/portal\/wp-content\/uploads\/2026\/09\/imagem_do_whatsapp_de_2024-06-01_as_16.55.51_d697879b.jpg?fit=1170%2C700&ssl=1\",\"datePublished\":\"2026-09-04T15:30:28+00:00\",\"author\":{\"@id\":\"https:\/\/verdadeon.com.br\/portal\/#\/schema\/person\/a5060ad1e9ea3df545188fc93ce43d2f\"},\"breadcrumb\":{\"@id\":\"https:\/\/verdadeon.com.br\/portal\/2026\/09\/04\/aprovacao-no-congresso-da-mp-que-reduz-imposto-de-importacao-conspira-contra-o-brasil-avalia-ciesp\/#breadcrumb\"},\"inLanguage\":\"pt-BR\",\"potentialAction\":[{\"@type\":\"ReadAction\",\"target\":[\"https:\/\/verdadeon.com.br\/portal\/2026\/09\/04\/aprovacao-no-congresso-da-mp-que-reduz-imposto-de-importacao-conspira-contra-o-brasil-avalia-ciesp\/\"]}]},{\"@type\":\"ImageObject\",\"inLanguage\":\"pt-BR\",\"@id\":\"https:\/\/verdadeon.com.br\/portal\/2026\/09\/04\/aprovacao-no-congresso-da-mp-que-reduz-imposto-de-importacao-conspira-contra-o-brasil-avalia-ciesp\/#primaryimage\",\"url\":\"https:\/\/i0.wp.com\/verdadeon.com.br\/portal\/wp-content\/uploads\/2026\/09\/imagem_do_whatsapp_de_2024-06-01_as_16.55.51_d697879b.jpg?fit=1170%2C700&ssl=1\",\"contentUrl\":\"https:\/\/i0.wp.com\/verdadeon.com.br\/portal\/wp-content\/uploads\/2026\/09\/imagem_do_whatsapp_de_2024-06-01_as_16.55.51_d697879b.jpg?fit=1170%2C700&ssl=1\",\"width\":1170,\"height\":700,\"caption\":\"(\u00a9Rafa Neddermeyer\/Ag\u00eancia Brasil)\"},{\"@type\":\"BreadcrumbList\",\"@id\":\"https:\/\/verdadeon.com.br\/portal\/2026\/09\/04\/aprovacao-no-congresso-da-mp-que-reduz-imposto-de-importacao-conspira-contra-o-brasil-avalia-ciesp\/#breadcrumb\",\"itemListElement\":[{\"@type\":\"ListItem\",\"position\":1,\"name\":\"In\u00edcio\",\"item\":\"https:\/\/verdadeon.com.br\/portal\/\"},{\"@type\":\"ListItem\",\"position\":2,\"name\":\"Aprova\u00e7\u00e3o no Congresso da MP que reduz imposto de importa\u00e7\u00e3o conspira contra o Brasil, avalia CIESP\"}]},{\"@type\":\"WebSite\",\"@id\":\"https:\/\/verdadeon.com.br\/portal\/#website\",\"url\":\"https:\/\/verdadeon.com.br\/portal\/\",\"name\":\"VerdadeOn\",\"description\":\"Not\u00edcias di\u00e1rias sobre Franca, Regi\u00e3o, Esporte, Cultura, Cotidiano, Colunas. Cobertura nos principais eventos da cidade \u00e9 aqui - Verdadeon Franca\",\"potentialAction\":[{\"@type\":\"SearchAction\",\"target\":{\"@type\":\"EntryPoint\",\"urlTemplate\":\"https:\/\/verdadeon.com.br\/portal\/?s={search_term_string}\"},\"query-input\":{\"@type\":\"PropertyValueSpecification\",\"valueRequired\":true,\"valueName\":\"search_term_string\"}}],\"inLanguage\":\"pt-BR\"},{\"@type\":\"Person\",\"@id\":\"https:\/\/verdadeon.com.br\/portal\/#\/schema\/person\/a5060ad1e9ea3df545188fc93ce43d2f\",\"name\":\"Redacao VerdadeOn\",\"image\":{\"@type\":\"ImageObject\",\"inLanguage\":\"pt-BR\",\"@id\":\"https:\/\/verdadeon.com.br\/portal\/#\/schema\/person\/image\/\",\"url\":\"https:\/\/secure.gravatar.com\/avatar\/459a9613caaaf07f582c3d0841eea68bdd66f533e465e6ba8b9cb45619572cf4?s=96&d=mm&r=g\",\"contentUrl\":\"https:\/\/secure.gravatar.com\/avatar\/459a9613caaaf07f582c3d0841eea68bdd66f533e465e6ba8b9cb45619572cf4?s=96&d=mm&r=g\",\"caption\":\"Redacao VerdadeOn\"},\"url\":\"https:\/\/verdadeon.com.br\/portal\/author\/redacao\/\"}]}<\/script>\n<!-- \/ Yoast SEO plugin. -->","yoast_head_json":{"title":"Aprova\u00e7\u00e3o no Congresso da MP que reduz imposto de importa\u00e7\u00e3o conspira contra o Brasil, avalia CIESP - VerdadeOn","robots":{"index":"index","follow":"follow","max-snippet":"max-snippet:-1","max-image-preview":"max-image-preview:large","max-video-preview":"max-video-preview:-1"},"canonical":"https:\/\/verdadeon.com.br\/portal\/2026\/09\/04\/aprovacao-no-congresso-da-mp-que-reduz-imposto-de-importacao-conspira-contra-o-brasil-avalia-ciesp\/","og_locale":"pt_BR","og_type":"article","og_title":"Aprova\u00e7\u00e3o no Congresso da MP que reduz imposto de importa\u00e7\u00e3o conspira contra o Brasil, avalia CIESP - VerdadeOn","og_description":"Entidade emitiu nota oficial sobre a quest\u00e3o O Centro das Ind\u00fastrias do Estado de S\u00e3o Paulo (Ciesp) repudia aprova\u00e7\u00e3o, em \u201cfulminantes\u201d vota\u00e7\u00f5es na C\u00e2mara dos Deputados [\u2026]","og_url":"https:\/\/verdadeon.com.br\/portal\/2026\/09\/04\/aprovacao-no-congresso-da-mp-que-reduz-imposto-de-importacao-conspira-contra-o-brasil-avalia-ciesp\/","og_site_name":"VerdadeOn","article_published_time":"2026-09-04T15:30:28+00:00","og_image":[{"width":1170,"height":700,"url":"https:\/\/verdadeon.com.br\/portal\/wp-content\/uploads\/2026\/09\/imagem_do_whatsapp_de_2024-06-01_as_16.55.51_d697879b.jpg","type":"image\/jpeg"}],"author":"Redacao VerdadeOn","twitter_card":"summary_large_image","twitter_misc":{"Escrito por":"Redacao VerdadeOn","Est. tempo de leitura":"2 minutos"},"schema":{"@context":"https:\/\/schema.org","@graph":[{"@type":"WebPage","@id":"https:\/\/verdadeon.com.br\/portal\/2026\/09\/04\/aprovacao-no-congresso-da-mp-que-reduz-imposto-de-importacao-conspira-contra-o-brasil-avalia-ciesp\/","url":"https:\/\/verdadeon.com.br\/portal\/2026\/09\/04\/aprovacao-no-congresso-da-mp-que-reduz-imposto-de-importacao-conspira-contra-o-brasil-avalia-ciesp\/","name":"Aprova\u00e7\u00e3o no Congresso da MP que reduz imposto de importa\u00e7\u00e3o conspira contra o Brasil, avalia CIESP - VerdadeOn","isPartOf":{"@id":"https:\/\/verdadeon.com.br\/portal\/#website"},"primaryImageOfPage":{"@id":"https:\/\/verdadeon.com.br\/portal\/2026\/09\/04\/aprovacao-no-congresso-da-mp-que-reduz-imposto-de-importacao-conspira-contra-o-brasil-avalia-ciesp\/#primaryimage"},"image":{"@id":"https:\/\/verdadeon.com.br\/portal\/2026\/09\/04\/aprovacao-no-congresso-da-mp-que-reduz-imposto-de-importacao-conspira-contra-o-brasil-avalia-ciesp\/#primaryimage"},"thumbnailUrl":"https:\/\/i0.wp.com\/verdadeon.com.br\/portal\/wp-content\/uploads\/2026\/09\/imagem_do_whatsapp_de_2024-06-01_as_16.55.51_d697879b.jpg?fit=1170%2C700&ssl=1","datePublished":"2026-09-04T15:30:28+00:00","author":{"@id":"https:\/\/verdadeon.com.br\/portal\/#\/schema\/person\/a5060ad1e9ea3df545188fc93ce43d2f"},"breadcrumb":{"@id":"https:\/\/verdadeon.com.br\/portal\/2026\/09\/04\/aprovacao-no-congresso-da-mp-que-reduz-imposto-de-importacao-conspira-contra-o-brasil-avalia-ciesp\/#breadcrumb"},"inLanguage":"pt-BR","potentialAction":[{"@type":"ReadAction","target":["https:\/\/verdadeon.com.br\/portal\/2026\/09\/04\/aprovacao-no-congresso-da-mp-que-reduz-imposto-de-importacao-conspira-contra-o-brasil-avalia-ciesp\/"]}]},{"@type":"ImageObject","inLanguage":"pt-BR","@id":"https:\/\/verdadeon.com.br\/portal\/2026\/09\/04\/aprovacao-no-congresso-da-mp-que-reduz-imposto-de-importacao-conspira-contra-o-brasil-avalia-ciesp\/#primaryimage","url":"https:\/\/i0.wp.com\/verdadeon.com.br\/portal\/wp-content\/uploads\/2026\/09\/imagem_do_whatsapp_de_2024-06-01_as_16.55.51_d697879b.jpg?fit=1170%2C700&ssl=1","contentUrl":"https:\/\/i0.wp.com\/verdadeon.com.br\/portal\/wp-content\/uploads\/2026\/09\/imagem_do_whatsapp_de_2024-06-01_as_16.55.51_d697879b.jpg?fit=1170%2C700&ssl=1","width":1170,"height":700,"caption":"(\u00a9Rafa Neddermeyer\/Ag\u00eancia Brasil)"},{"@type":"BreadcrumbList","@id":"https:\/\/verdadeon.com.br\/portal\/2026\/09\/04\/aprovacao-no-congresso-da-mp-que-reduz-imposto-de-importacao-conspira-contra-o-brasil-avalia-ciesp\/#breadcrumb","itemListElement":[{"@type":"ListItem","position":1,"name":"In\u00edcio","item":"https:\/\/verdadeon.com.br\/portal\/"},{"@type":"ListItem","position":2,"name":"Aprova\u00e7\u00e3o no Congresso da MP que reduz imposto de importa\u00e7\u00e3o conspira contra o Brasil, avalia CIESP"}]},{"@type":"WebSite","@id":"https:\/\/verdadeon.com.br\/portal\/#website","url":"https:\/\/verdadeon.com.br\/portal\/","name":"VerdadeOn","description":"Not\u00edcias di\u00e1rias sobre Franca, Regi\u00e3o, Esporte, Cultura, Cotidiano, Colunas. Cobertura nos principais eventos da cidade \u00e9 aqui - Verdadeon Franca","potentialAction":[{"@type":"SearchAction","target":{"@type":"EntryPoint","urlTemplate":"https:\/\/verdadeon.com.br\/portal\/?s={search_term_string}"},"query-input":{"@type":"PropertyValueSpecification","valueRequired":true,"valueName":"search_term_string"}}],"inLanguage":"pt-BR"},{"@type":"Person","@id":"https:\/\/verdadeon.com.br\/portal\/#\/schema\/person\/a5060ad1e9ea3df545188fc93ce43d2f","name":"Redacao VerdadeOn","image":{"@type":"ImageObject","inLanguage":"pt-BR","@id":"https:\/\/verdadeon.com.br\/portal\/#\/schema\/person\/image\/","url":"https:\/\/secure.gravatar.com\/avatar\/459a9613caaaf07f582c3d0841eea68bdd66f533e465e6ba8b9cb45619572cf4?s=96&d=mm&r=g","contentUrl":"https:\/\/secure.gravatar.com\/avatar\/459a9613caaaf07f582c3d0841eea68bdd66f533e465e6ba8b9cb45619572cf4?s=96&d=mm&r=g","caption":"Redacao VerdadeOn"},"url":"https:\/\/verdadeon.com.br\/portal\/author\/redacao\/"}]}},"jetpack_publicize_connections":[],"jetpack_featured_media_url":"https:\/\/i0.wp.com\/verdadeon.com.br\/portal\/wp-content\/uploads\/2026\/09\/imagem_do_whatsapp_de_2024-06-01_as_16.55.51_d697879b.jpg?fit=1170%2C700&ssl=1","jetpack_sharing_enabled":true,"_links":{"self":[{"href":"https:\/\/verdadeon.com.br\/portal\/wp-json\/wp\/v2\/posts\/70377","targetHints":{"allow":["GET"]}}],"collection":[{"href":"https:\/\/verdadeon.com.br\/portal\/wp-json\/wp\/v2\/posts"}],"about":[{"href":"https:\/\/verdadeon.com.br\/portal\/wp-json\/wp\/v2\/types\/post"}],"author":[{"embeddable":true,"href":"https:\/\/verdadeon.com.br\/portal\/wp-json\/wp\/v2\/users\/10"}],"replies":[{"embeddable":true,"href":"https:\/\/verdadeon.com.br\/portal\/wp-json\/wp\/v2\/comments?post=70377"}],"version-history":[{"count":1,"href":"https:\/\/verdadeon.com.br\/portal\/wp-json\/wp\/v2\/posts\/70377\/revisions"}],"predecessor-version":[{"id":70379,"href":"https:\/\/verdadeon.com.br\/portal\/wp-json\/wp\/v2\/posts\/70377\/revisions\/70379"}],"wp:featuredmedia":[{"embeddable":true,"href":"https:\/\/verdadeon.com.br\/portal\/wp-json\/wp\/v2\/media\/70378"}],"wp:attachment":[{"href":"https:\/\/verdadeon.com.br\/portal\/wp-json\/wp\/v2\/media?parent=70377"}],"wp:term":[{"taxonomy":"category","embeddable":true,"href":"https:\/\/verdadeon.com.br\/portal\/wp-json\/wp\/v2\/categories?post=70377"},{"taxonomy":"post_tag","embeddable":true,"href":"https:\/\/verdadeon.com.br\/portal\/wp-json\/wp\/v2\/tags?post=70377"}],"curies":[{"name":"wp","href":"https:\/\/api.w.org\/{rel}","templated":true}]}}