{"id":70370,"date":"2026-09-04T12:08:27","date_gmt":"2026-09-04T15:08:27","guid":{"rendered":"https:\/\/verdadeon.com.br\/portal\/?p=70370"},"modified":"2026-09-04T12:09:59","modified_gmt":"2026-09-04T15:09:59","slug":"combate-a-criminalidade-operacao-7-de-setembro-prende-cinco-pessoas-em-nuporanga","status":"publish","type":"post","link":"https:\/\/verdadeon.com.br\/portal\/2026\/09\/04\/combate-a-criminalidade-operacao-7-de-setembro-prende-cinco-pessoas-em-nuporanga\/","title":{"rendered":"Combate \u00e0 criminalidade: Opera\u00e7\u00e3o 7 de setembro prende cinco pessoas em Nuporanga"},"content":{"rendered":"<h2>A\u00e7\u00e3o se deu em conjunto entre a Pol\u00edcia Civil e a Pol\u00edcia Militar<\/h2>\n<p style=\"text-align: right;\"><strong><em>Por Pedro Maia<\/em><\/strong><br \/>\n<strong><em>Editor-chefe<\/em><\/strong><\/p>\n<p>Nesta sexta-feira, 4 de setembro, a Pol\u00edcia Civil e a Pol\u00edcia Militar deflagraram a Opera\u00e7\u00e3o 7 de Setembro. Cinco pessoas foram presas em Nuporanga, cidade a cerca de 51 quil\u00f4metros de Franca.<\/p>\n<p>A a\u00e7\u00e3o \u00e9 resultado de investiga\u00e7\u00e3o que identificou a atua\u00e7\u00e3o de um grupo criminoso voltado ao tr\u00e1fico de drogas na cidade e regi\u00e3o. Os trabalhos investigativos reuniram elementos que demonstraram a exist\u00eancia de associa\u00e7\u00e3o criminosa estruturada, com divis\u00e3o de fun\u00e7\u00f5es e atua\u00e7\u00e3o coordenada para a comercializa\u00e7\u00e3o de entorpecentes.<\/p>\n<div id=\"attachment_70371\" style=\"width: 1610px\" class=\"wp-caption alignnone\"><img data-recalc-dims=\"1\" loading=\"lazy\" decoding=\"async\" aria-describedby=\"caption-attachment-70371\" class=\"size-full wp-image-70371\" src=\"https:\/\/i0.wp.com\/verdadeon.com.br\/portal\/wp-content\/uploads\/2026\/09\/WhatsApp-Image-2026-09-04-at-11.56.59.jpeg?resize=1220%2C915&#038;ssl=1\" alt=\"\" width=\"1220\" height=\"915\" srcset=\"https:\/\/i0.wp.com\/verdadeon.com.br\/portal\/wp-content\/uploads\/2026\/09\/WhatsApp-Image-2026-09-04-at-11.56.59.jpeg?w=1600&amp;ssl=1 1600w, https:\/\/i0.wp.com\/verdadeon.com.br\/portal\/wp-content\/uploads\/2026\/09\/WhatsApp-Image-2026-09-04-at-11.56.59.jpeg?resize=300%2C225&amp;ssl=1 300w, https:\/\/i0.wp.com\/verdadeon.com.br\/portal\/wp-content\/uploads\/2026\/09\/WhatsApp-Image-2026-09-04-at-11.56.59.jpeg?resize=1024%2C768&amp;ssl=1 1024w, https:\/\/i0.wp.com\/verdadeon.com.br\/portal\/wp-content\/uploads\/2026\/09\/WhatsApp-Image-2026-09-04-at-11.56.59.jpeg?resize=768%2C576&amp;ssl=1 768w, https:\/\/i0.wp.com\/verdadeon.com.br\/portal\/wp-content\/uploads\/2026\/09\/WhatsApp-Image-2026-09-04-at-11.56.59.jpeg?resize=1536%2C1152&amp;ssl=1 1536w, https:\/\/i0.wp.com\/verdadeon.com.br\/portal\/wp-content\/uploads\/2026\/09\/WhatsApp-Image-2026-09-04-at-11.56.59.jpeg?resize=195%2C146&amp;ssl=1 195w, https:\/\/i0.wp.com\/verdadeon.com.br\/portal\/wp-content\/uploads\/2026\/09\/WhatsApp-Image-2026-09-04-at-11.56.59.jpeg?resize=50%2C38&amp;ssl=1 50w, https:\/\/i0.wp.com\/verdadeon.com.br\/portal\/wp-content\/uploads\/2026\/09\/WhatsApp-Image-2026-09-04-at-11.56.59.jpeg?resize=100%2C75&amp;ssl=1 100w\" sizes=\"auto, (max-width: 1220px) 100vw, 1220px\" \/><p id=\"caption-attachment-70371\" class=\"wp-caption-text\">A\u00e7\u00e3o foi deflagrada sob comando do Delegado Dr. Gustavo Almeida, de S\u00e3o Joaquim da Barra (\u00a9Divulga\u00e7\u00e3o\/PC)<\/p><\/div>\n<p>Com base nas provas obtidas durante a investiga\u00e7\u00e3o, o Poder Judici\u00e1rio decretou a pris\u00e3o preventiva de cinco investigados e expediu nove mandados de busca e apreens\u00e3o.<\/p>\n<p>Durante a opera\u00e7\u00e3o, iniciada na madrugada, \u00e0s 5h, foram cumpridos todos os mandados judiciais, resultando na pris\u00e3o de cinco pessoas, que permanecem \u00e0 disposi\u00e7\u00e3o da Justi\u00e7a.<\/p>\n<p>A Opera\u00e7\u00e3o Sete de Setembro refor\u00e7a o compromisso das for\u00e7as de seguran\u00e7a no combate ao tr\u00e1fico de drogas e \u00e0 criminalidade organizada na regi\u00e3o.<\/p>\n","protected":false},"excerpt":{"rendered":"<p>A\u00e7\u00e3o se deu em conjunto entre a Pol\u00edcia Civil e a Pol\u00edcia Militar Por Pedro Maia Editor-chefe Nesta sexta-feira, 4 de setembro, a Pol\u00edcia Civil e<span class=\"excerpt-hellip\"> [\u2026]<\/span><\/p>\n","protected":false},"author":10,"featured_media":70373,"comment_status":"open","ping_status":"open","sticky":false,"template":"","format":"standard","meta":{"_jetpack_memberships_contains_paid_content":false,"footnotes":"","jetpack_publicize_message":"","jetpack_publicize_feature_enabled":true,"jetpack_social_post_already_shared":true,"jetpack_social_options":{"image_generator_settings":{"template":"highway","default_image_id":0,"enabled":false},"version":2}},"categories":[28,44],"tags":[],"class_list":["post-70370","post","type-post","status-publish","format-standard","has-post-thumbnail","hentry","category-cotidiano","category-noticias"],"yoast_head":"<!-- This site is optimized with the Yoast SEO plugin v25.6 - https:\/\/yoast.com\/wordpress\/plugins\/seo\/ -->\n<title>Combate \u00e0 criminalidade: Opera\u00e7\u00e3o 7 de setembro prende cinco pessoas em Nuporanga - VerdadeOn<\/title>\n<meta name=\"robots\" content=\"index, follow, max-snippet:-1, max-image-preview:large, max-video-preview:-1\" \/>\n<link rel=\"canonical\" href=\"https:\/\/verdadeon.com.br\/portal\/2026\/09\/04\/combate-a-criminalidade-operacao-7-de-setembro-prende-cinco-pessoas-em-nuporanga\/\" \/>\n<meta property=\"og:locale\" content=\"pt_BR\" \/>\n<meta property=\"og:type\" content=\"article\" \/>\n<meta property=\"og:title\" content=\"Combate \u00e0 criminalidade: Opera\u00e7\u00e3o 7 de setembro prende cinco pessoas em Nuporanga - VerdadeOn\" \/>\n<meta property=\"og:description\" content=\"A\u00e7\u00e3o se deu em conjunto entre a Pol\u00edcia Civil e a Pol\u00edcia Militar Por Pedro Maia Editor-chefe Nesta sexta-feira, 4 de setembro, a Pol\u00edcia Civil e [\u2026]\" \/>\n<meta property=\"og:url\" content=\"https:\/\/verdadeon.com.br\/portal\/2026\/09\/04\/combate-a-criminalidade-operacao-7-de-setembro-prende-cinco-pessoas-em-nuporanga\/\" \/>\n<meta property=\"og:site_name\" content=\"VerdadeOn\" \/>\n<meta property=\"article:published_time\" content=\"2026-09-04T15:08:27+00:00\" \/>\n<meta property=\"article:modified_time\" content=\"2026-09-04T15:09:59+00:00\" \/>\n<meta property=\"og:image\" content=\"https:\/\/verdadeon.com.br\/portal\/wp-content\/uploads\/2026\/09\/WhatsApp-Image-2026-09-04-at-11.56.58.jpeg\" \/>\n\t<meta property=\"og:image:width\" content=\"1280\" \/>\n\t<meta property=\"og:image:height\" content=\"720\" \/>\n\t<meta property=\"og:image:type\" content=\"image\/jpeg\" \/>\n<meta name=\"author\" content=\"Redacao VerdadeOn\" \/>\n<meta name=\"twitter:card\" content=\"summary_large_image\" \/>\n<meta name=\"twitter:label1\" content=\"Escrito por\" \/>\n\t<meta name=\"twitter:data1\" content=\"Redacao VerdadeOn\" \/>\n\t<meta name=\"twitter:label2\" content=\"Est. tempo de leitura\" \/>\n\t<meta name=\"twitter:data2\" content=\"2 minutos\" \/>\n<script type=\"application\/ld+json\" class=\"yoast-schema-graph\">{\"@context\":\"https:\/\/schema.org\",\"@graph\":[{\"@type\":\"WebPage\",\"@id\":\"https:\/\/verdadeon.com.br\/portal\/2026\/09\/04\/combate-a-criminalidade-operacao-7-de-setembro-prende-cinco-pessoas-em-nuporanga\/\",\"url\":\"https:\/\/verdadeon.com.br\/portal\/2026\/09\/04\/combate-a-criminalidade-operacao-7-de-setembro-prende-cinco-pessoas-em-nuporanga\/\",\"name\":\"Combate \u00e0 criminalidade: Opera\u00e7\u00e3o 7 de setembro prende cinco pessoas em Nuporanga - VerdadeOn\",\"isPartOf\":{\"@id\":\"https:\/\/verdadeon.com.br\/portal\/#website\"},\"primaryImageOfPage\":{\"@id\":\"https:\/\/verdadeon.com.br\/portal\/2026\/09\/04\/combate-a-criminalidade-operacao-7-de-setembro-prende-cinco-pessoas-em-nuporanga\/#primaryimage\"},\"image\":{\"@id\":\"https:\/\/verdadeon.com.br\/portal\/2026\/09\/04\/combate-a-criminalidade-operacao-7-de-setembro-prende-cinco-pessoas-em-nuporanga\/#primaryimage\"},\"thumbnailUrl\":\"https:\/\/i0.wp.com\/verdadeon.com.br\/portal\/wp-content\/uploads\/2026\/09\/WhatsApp-Image-2026-09-04-at-11.56.58.jpeg?fit=1280%2C720&ssl=1\",\"datePublished\":\"2026-09-04T15:08:27+00:00\",\"dateModified\":\"2026-09-04T15:09:59+00:00\",\"author\":{\"@id\":\"https:\/\/verdadeon.com.br\/portal\/#\/schema\/person\/a5060ad1e9ea3df545188fc93ce43d2f\"},\"breadcrumb\":{\"@id\":\"https:\/\/verdadeon.com.br\/portal\/2026\/09\/04\/combate-a-criminalidade-operacao-7-de-setembro-prende-cinco-pessoas-em-nuporanga\/#breadcrumb\"},\"inLanguage\":\"pt-BR\",\"potentialAction\":[{\"@type\":\"ReadAction\",\"target\":[\"https:\/\/verdadeon.com.br\/portal\/2026\/09\/04\/combate-a-criminalidade-operacao-7-de-setembro-prende-cinco-pessoas-em-nuporanga\/\"]}]},{\"@type\":\"ImageObject\",\"inLanguage\":\"pt-BR\",\"@id\":\"https:\/\/verdadeon.com.br\/portal\/2026\/09\/04\/combate-a-criminalidade-operacao-7-de-setembro-prende-cinco-pessoas-em-nuporanga\/#primaryimage\",\"url\":\"https:\/\/i0.wp.com\/verdadeon.com.br\/portal\/wp-content\/uploads\/2026\/09\/WhatsApp-Image-2026-09-04-at-11.56.58.jpeg?fit=1280%2C720&ssl=1\",\"contentUrl\":\"https:\/\/i0.wp.com\/verdadeon.com.br\/portal\/wp-content\/uploads\/2026\/09\/WhatsApp-Image-2026-09-04-at-11.56.58.jpeg?fit=1280%2C720&ssl=1\",\"width\":1280,\"height\":720,\"caption\":\"A\u00e7\u00e3o foi deflagrada sob comando do Delegado Dr. Gustavo Almeida, de S\u00e3o Joaquim da Barra (\u00a9Divulga\u00e7\u00e3o\/PC)\"},{\"@type\":\"BreadcrumbList\",\"@id\":\"https:\/\/verdadeon.com.br\/portal\/2026\/09\/04\/combate-a-criminalidade-operacao-7-de-setembro-prende-cinco-pessoas-em-nuporanga\/#breadcrumb\",\"itemListElement\":[{\"@type\":\"ListItem\",\"position\":1,\"name\":\"In\u00edcio\",\"item\":\"https:\/\/verdadeon.com.br\/portal\/\"},{\"@type\":\"ListItem\",\"position\":2,\"name\":\"Combate \u00e0 criminalidade: Opera\u00e7\u00e3o 7 de setembro prende cinco pessoas em Nuporanga\"}]},{\"@type\":\"WebSite\",\"@id\":\"https:\/\/verdadeon.com.br\/portal\/#website\",\"url\":\"https:\/\/verdadeon.com.br\/portal\/\",\"name\":\"VerdadeOn\",\"description\":\"Not\u00edcias di\u00e1rias sobre Franca, Regi\u00e3o, Esporte, Cultura, Cotidiano, Colunas. Cobertura nos principais eventos da cidade \u00e9 aqui - Verdadeon Franca\",\"potentialAction\":[{\"@type\":\"SearchAction\",\"target\":{\"@type\":\"EntryPoint\",\"urlTemplate\":\"https:\/\/verdadeon.com.br\/portal\/?s={search_term_string}\"},\"query-input\":{\"@type\":\"PropertyValueSpecification\",\"valueRequired\":true,\"valueName\":\"search_term_string\"}}],\"inLanguage\":\"pt-BR\"},{\"@type\":\"Person\",\"@id\":\"https:\/\/verdadeon.com.br\/portal\/#\/schema\/person\/a5060ad1e9ea3df545188fc93ce43d2f\",\"name\":\"Redacao VerdadeOn\",\"image\":{\"@type\":\"ImageObject\",\"inLanguage\":\"pt-BR\",\"@id\":\"https:\/\/verdadeon.com.br\/portal\/#\/schema\/person\/image\/\",\"url\":\"https:\/\/secure.gravatar.com\/avatar\/459a9613caaaf07f582c3d0841eea68bdd66f533e465e6ba8b9cb45619572cf4?s=96&d=mm&r=g\",\"contentUrl\":\"https:\/\/secure.gravatar.com\/avatar\/459a9613caaaf07f582c3d0841eea68bdd66f533e465e6ba8b9cb45619572cf4?s=96&d=mm&r=g\",\"caption\":\"Redacao VerdadeOn\"},\"url\":\"https:\/\/verdadeon.com.br\/portal\/author\/redacao\/\"}]}<\/script>\n<!-- \/ Yoast SEO plugin. -->","yoast_head_json":{"title":"Combate \u00e0 criminalidade: Opera\u00e7\u00e3o 7 de setembro prende cinco pessoas em Nuporanga - VerdadeOn","robots":{"index":"index","follow":"follow","max-snippet":"max-snippet:-1","max-image-preview":"max-image-preview:large","max-video-preview":"max-video-preview:-1"},"canonical":"https:\/\/verdadeon.com.br\/portal\/2026\/09\/04\/combate-a-criminalidade-operacao-7-de-setembro-prende-cinco-pessoas-em-nuporanga\/","og_locale":"pt_BR","og_type":"article","og_title":"Combate \u00e0 criminalidade: Opera\u00e7\u00e3o 7 de setembro prende cinco pessoas em Nuporanga - VerdadeOn","og_description":"A\u00e7\u00e3o se deu em conjunto entre a Pol\u00edcia Civil e a Pol\u00edcia Militar Por Pedro Maia Editor-chefe Nesta sexta-feira, 4 de setembro, a Pol\u00edcia Civil e [\u2026]","og_url":"https:\/\/verdadeon.com.br\/portal\/2026\/09\/04\/combate-a-criminalidade-operacao-7-de-setembro-prende-cinco-pessoas-em-nuporanga\/","og_site_name":"VerdadeOn","article_published_time":"2026-09-04T15:08:27+00:00","article_modified_time":"2026-09-04T15:09:59+00:00","og_image":[{"width":1280,"height":720,"url":"https:\/\/verdadeon.com.br\/portal\/wp-content\/uploads\/2026\/09\/WhatsApp-Image-2026-09-04-at-11.56.58.jpeg","type":"image\/jpeg"}],"author":"Redacao VerdadeOn","twitter_card":"summary_large_image","twitter_misc":{"Escrito por":"Redacao VerdadeOn","Est. tempo de leitura":"2 minutos"},"schema":{"@context":"https:\/\/schema.org","@graph":[{"@type":"WebPage","@id":"https:\/\/verdadeon.com.br\/portal\/2026\/09\/04\/combate-a-criminalidade-operacao-7-de-setembro-prende-cinco-pessoas-em-nuporanga\/","url":"https:\/\/verdadeon.com.br\/portal\/2026\/09\/04\/combate-a-criminalidade-operacao-7-de-setembro-prende-cinco-pessoas-em-nuporanga\/","name":"Combate \u00e0 criminalidade: Opera\u00e7\u00e3o 7 de setembro prende cinco pessoas em Nuporanga - VerdadeOn","isPartOf":{"@id":"https:\/\/verdadeon.com.br\/portal\/#website"},"primaryImageOfPage":{"@id":"https:\/\/verdadeon.com.br\/portal\/2026\/09\/04\/combate-a-criminalidade-operacao-7-de-setembro-prende-cinco-pessoas-em-nuporanga\/#primaryimage"},"image":{"@id":"https:\/\/verdadeon.com.br\/portal\/2026\/09\/04\/combate-a-criminalidade-operacao-7-de-setembro-prende-cinco-pessoas-em-nuporanga\/#primaryimage"},"thumbnailUrl":"https:\/\/i0.wp.com\/verdadeon.com.br\/portal\/wp-content\/uploads\/2026\/09\/WhatsApp-Image-2026-09-04-at-11.56.58.jpeg?fit=1280%2C720&ssl=1","datePublished":"2026-09-04T15:08:27+00:00","dateModified":"2026-09-04T15:09:59+00:00","author":{"@id":"https:\/\/verdadeon.com.br\/portal\/#\/schema\/person\/a5060ad1e9ea3df545188fc93ce43d2f"},"breadcrumb":{"@id":"https:\/\/verdadeon.com.br\/portal\/2026\/09\/04\/combate-a-criminalidade-operacao-7-de-setembro-prende-cinco-pessoas-em-nuporanga\/#breadcrumb"},"inLanguage":"pt-BR","potentialAction":[{"@type":"ReadAction","target":["https:\/\/verdadeon.com.br\/portal\/2026\/09\/04\/combate-a-criminalidade-operacao-7-de-setembro-prende-cinco-pessoas-em-nuporanga\/"]}]},{"@type":"ImageObject","inLanguage":"pt-BR","@id":"https:\/\/verdadeon.com.br\/portal\/2026\/09\/04\/combate-a-criminalidade-operacao-7-de-setembro-prende-cinco-pessoas-em-nuporanga\/#primaryimage","url":"https:\/\/i0.wp.com\/verdadeon.com.br\/portal\/wp-content\/uploads\/2026\/09\/WhatsApp-Image-2026-09-04-at-11.56.58.jpeg?fit=1280%2C720&ssl=1","contentUrl":"https:\/\/i0.wp.com\/verdadeon.com.br\/portal\/wp-content\/uploads\/2026\/09\/WhatsApp-Image-2026-09-04-at-11.56.58.jpeg?fit=1280%2C720&ssl=1","width":1280,"height":720,"caption":"A\u00e7\u00e3o foi deflagrada sob comando do Delegado Dr. Gustavo Almeida, de S\u00e3o Joaquim da Barra (\u00a9Divulga\u00e7\u00e3o\/PC)"},{"@type":"BreadcrumbList","@id":"https:\/\/verdadeon.com.br\/portal\/2026\/09\/04\/combate-a-criminalidade-operacao-7-de-setembro-prende-cinco-pessoas-em-nuporanga\/#breadcrumb","itemListElement":[{"@type":"ListItem","position":1,"name":"In\u00edcio","item":"https:\/\/verdadeon.com.br\/portal\/"},{"@type":"ListItem","position":2,"name":"Combate \u00e0 criminalidade: Opera\u00e7\u00e3o 7 de setembro prende cinco pessoas em Nuporanga"}]},{"@type":"WebSite","@id":"https:\/\/verdadeon.com.br\/portal\/#website","url":"https:\/\/verdadeon.com.br\/portal\/","name":"VerdadeOn","description":"Not\u00edcias di\u00e1rias sobre Franca, Regi\u00e3o, Esporte, Cultura, Cotidiano, Colunas. Cobertura nos principais eventos da cidade \u00e9 aqui - Verdadeon Franca","potentialAction":[{"@type":"SearchAction","target":{"@type":"EntryPoint","urlTemplate":"https:\/\/verdadeon.com.br\/portal\/?s={search_term_string}"},"query-input":{"@type":"PropertyValueSpecification","valueRequired":true,"valueName":"search_term_string"}}],"inLanguage":"pt-BR"},{"@type":"Person","@id":"https:\/\/verdadeon.com.br\/portal\/#\/schema\/person\/a5060ad1e9ea3df545188fc93ce43d2f","name":"Redacao VerdadeOn","image":{"@type":"ImageObject","inLanguage":"pt-BR","@id":"https:\/\/verdadeon.com.br\/portal\/#\/schema\/person\/image\/","url":"https:\/\/secure.gravatar.com\/avatar\/459a9613caaaf07f582c3d0841eea68bdd66f533e465e6ba8b9cb45619572cf4?s=96&d=mm&r=g","contentUrl":"https:\/\/secure.gravatar.com\/avatar\/459a9613caaaf07f582c3d0841eea68bdd66f533e465e6ba8b9cb45619572cf4?s=96&d=mm&r=g","caption":"Redacao VerdadeOn"},"url":"https:\/\/verdadeon.com.br\/portal\/author\/redacao\/"}]}},"jetpack_publicize_connections":[],"jetpack_featured_media_url":"https:\/\/i0.wp.com\/verdadeon.com.br\/portal\/wp-content\/uploads\/2026\/09\/WhatsApp-Image-2026-09-04-at-11.56.58.jpeg?fit=1280%2C720&ssl=1","jetpack_sharing_enabled":true,"_links":{"self":[{"href":"https:\/\/verdadeon.com.br\/portal\/wp-json\/wp\/v2\/posts\/70370","targetHints":{"allow":["GET"]}}],"collection":[{"href":"https:\/\/verdadeon.com.br\/portal\/wp-json\/wp\/v2\/posts"}],"about":[{"href":"https:\/\/verdadeon.com.br\/portal\/wp-json\/wp\/v2\/types\/post"}],"author":[{"embeddable":true,"href":"https:\/\/verdadeon.com.br\/portal\/wp-json\/wp\/v2\/users\/10"}],"replies":[{"embeddable":true,"href":"https:\/\/verdadeon.com.br\/portal\/wp-json\/wp\/v2\/comments?post=70370"}],"version-history":[{"count":3,"href":"https:\/\/verdadeon.com.br\/portal\/wp-json\/wp\/v2\/posts\/70370\/revisions"}],"predecessor-version":[{"id":70375,"href":"https:\/\/verdadeon.com.br\/portal\/wp-json\/wp\/v2\/posts\/70370\/revisions\/70375"}],"wp:featuredmedia":[{"embeddable":true,"href":"https:\/\/verdadeon.com.br\/portal\/wp-json\/wp\/v2\/media\/70373"}],"wp:attachment":[{"href":"https:\/\/verdadeon.com.br\/portal\/wp-json\/wp\/v2\/media?parent=70370"}],"wp:term":[{"taxonomy":"category","embeddable":true,"href":"https:\/\/verdadeon.com.br\/portal\/wp-json\/wp\/v2\/categories?post=70370"},{"taxonomy":"post_tag","embeddable":true,"href":"https:\/\/verdadeon.com.br\/portal\/wp-json\/wp\/v2\/tags?post=70370"}],"curies":[{"name":"wp","href":"https:\/\/api.w.org\/{rel}","templated":true}]}}