{"id":70367,"date":"2026-09-05T07:00:37","date_gmt":"2026-09-05T10:00:37","guid":{"rendered":"https:\/\/verdadeon.com.br\/portal\/?p=70367"},"modified":"2026-09-04T12:32:04","modified_gmt":"2026-09-04T15:32:04","slug":"rodovia-candido-portinari-deve-receber-mais-de-140-mil-veiculos-neste-feriado-segundo-arteris","status":"publish","type":"post","link":"https:\/\/verdadeon.com.br\/portal\/2026\/09\/05\/rodovia-candido-portinari-deve-receber-mais-de-140-mil-veiculos-neste-feriado-segundo-arteris\/","title":{"rendered":"Rodovia C\u00e2ndido Portinari deve receber mais de 140 mil ve\u00edculos neste feriado, segundo Arteris"},"content":{"rendered":"<h2>ViaPaulista prev\u00ea circula\u00e7\u00e3o de 670 mil ve\u00edculos em sua \u00e1rea de concess\u00e3o, de Franca a Riversul<\/h2>\n<p data-block-key=\"h08yg\">A Arteris ViaPaulista prev\u00ea a circula\u00e7\u00e3o de aproximadamente 670 mil ve\u00edculos ao longo dos 720 quil\u00f4metros de rodovias que administra, de Franca a Riversul \u2013 na divisa com o Paran\u00e1, entre os dias 4 e 8 de setembro, durante o feriado prolongado da Independ\u00eancia do Brasil. O volume representa um aumento de 7% na compara\u00e7\u00e3o com dias comuns.<\/p>\n<p data-block-key=\"8c1vs\">A opera\u00e7\u00e3o especial ser\u00e1 realizada a partir desta sexta-feira (04) e seguir\u00e1 at\u00e9 ter\u00e7a-feira (8), per\u00edodo em que a concession\u00e1ria refor\u00e7ar\u00e1 suas a\u00e7\u00f5es para garantir a seguran\u00e7a e a fluidez do tr\u00e1fego. A maior movimenta\u00e7\u00e3o est\u00e1 prevista para esta sexta-feira, in\u00edcio do feriado, quando cerca de 154 mil ve\u00edculos devem trafegar pelas rodovias, especialmente a partir das 17h.<\/p>\n<p data-block-key=\"33dc1\"><b>Previs\u00e3o por rodovia<\/b><\/p>\n<ul>\n<li data-block-key=\"84v44\"><b>SP-255 \u2013<\/b>\u00a0Rodovias Ant\u00f4nio Machado Sant\u2019Anna \/ Comandante Jo\u00e3o Ribeiro de Barros, passando por munic\u00edpios como Araraquara, Ja\u00fa, Barra Bonita e Bocaina: 209.567 mil ve\u00edculos.<\/li>\n<li data-block-key=\"9r511\"><b>SP-334 \u2013<\/b>\u00a0Rodovia C\u00e2ndido Portinari, na regi\u00e3o de Franca, interligando cidades como Brodowski, Batatais e Restinga: 141 mil ve\u00edculos.<\/li>\n<li data-block-key=\"3l6ep\"><b>SP-330 \u2013<\/b>\u00a0Rodovia Anhanguera, no trecho de Ribeir\u00e3o Preto a Santa Rita do Passa Quatro: 298.137 mil ve\u00edculos.<\/li>\n<\/ul>\n<p data-block-key=\"4okca\"><b>Hor\u00e1rios de pico \u2013 ViaPaulista (SP-330, SP-334, SP-255, SP-281, SP-249, SP-257, SP-318, SP-328, SP-345)<\/b><\/p>\n<ul>\n<li data-block-key=\"e7m5k\">Sexta-feira (04\/09): a partir das 17h;<\/li>\n<li data-block-key=\"e7m5k\">S\u00e1bado (05\/09): a partir das 11h;<\/li>\n<li data-block-key=\"e7m5k\">Domingo (06\/09): tr\u00e1fego normal;<\/li>\n<li data-block-key=\"e7m5k\">Segunda-feira (07\/09): a partir das 17h;<\/li>\n<li data-block-key=\"e7m5k\">Ter\u00e7a-feira (08\/09): a partir das 7h.<\/li>\n<\/ul>\n<p data-block-key=\"8fdhv\"><strong>Suporte<\/strong><\/p>\n<p data-block-key=\"2hj83\">Os usu\u00e1rios podem acessar os seguintes canais oficiais da Arteris:<\/p>\n<ul>\n<li data-block-key=\"4v50c\"><b>Site oficial (<\/b><a href=\"https:\/\/www.google.com\/search?q=https%3A%2F%2Fwww.arteris.com\" target=\"_blank\" rel=\"noopener\">www.arteris.com.br<\/a><b>):<\/b> Oferece mapas interativos com as condi\u00e7\u00f5es de tr\u00e1fego nas rodovias em tempo real, al\u00e9m de informa\u00e7\u00f5es sobre a localiza\u00e7\u00e3o de bases de apoio, pra\u00e7as de ped\u00e1gio e tarifas trecho a trecho.<\/li>\n<li data-block-key=\"4v50c\"><b>WhatsApp (16) 3969-8491:<\/b> Dispon\u00edvel 24 horas por dia para solicitar atendimento operacional nas rodovias.<\/li>\n<li data-block-key=\"4v50c\"><b>Redes Sociais:<\/b>\u00a0Informa\u00e7\u00f5es sobre a\u00e7\u00f5es e obras com impacto no tr\u00e1fego atualizadas no Instagram (<a href=\"https:\/\/www.instagram.com\/arterisbr\/\" target=\"_blank\" rel=\"noopener\">@arterisbr<\/a>) e no Facebook (<a href=\"https:\/\/www.facebook.com\/ArterisOficial\" target=\"_blank\" rel=\"noopener\">ArterisOficial<\/a>).<\/li>\n<li data-block-key=\"4v50c\"><b>Atendimento 0800 (24h):<\/b>\u00a0Suporte gratuito para informa\u00e7\u00f5es, solicita\u00e7\u00f5es de atendimento e emerg\u00eancias. Arteris ViaPaulista: 0800 001 1255.<\/li>\n<\/ul>\n<p data-block-key=\"6r498\">Para garantir agilidade no atendimento e informa\u00e7\u00f5es atualizadas aos usu\u00e1rios, a Arteris ViaPaulista mant\u00e9m uma opera\u00e7\u00e3o ininterrupta. No Centro de Controle e Seguran\u00e7a Operacional (CCSO), equipes se revezam 24 horas por dia monitorando as rodovias por meio de 300 c\u00e2meras\u2014 algumas equipadas com intelig\u00eancia artificial nas rodovias Anhanguera, C\u00e2ndido Portinari e Ant\u00f4nio Machado Sant\u2019Anna, al\u00e9m de equipes de inspe\u00e7\u00e3o distribu\u00eddas em diferentes trechos sob concess\u00e3o da empresa.<\/p>\n","protected":false},"excerpt":{"rendered":"<p>ViaPaulista prev\u00ea circula\u00e7\u00e3o de 670 mil ve\u00edculos em sua \u00e1rea de concess\u00e3o, de Franca a Riversul A Arteris ViaPaulista prev\u00ea a circula\u00e7\u00e3o de aproximadamente 670 mil<span class=\"excerpt-hellip\"> [\u2026]<\/span><\/p>\n","protected":false},"author":10,"featured_media":70368,"comment_status":"open","ping_status":"open","sticky":false,"template":"","format":"standard","meta":{"_jetpack_memberships_contains_paid_content":false,"footnotes":"","jetpack_publicize_message":"","jetpack_publicize_feature_enabled":true,"jetpack_social_post_already_shared":true,"jetpack_social_options":{"image_generator_settings":{"template":"highway","default_image_id":0,"enabled":false},"version":2}},"categories":[28,44],"tags":[],"class_list":["post-70367","post","type-post","status-publish","format-standard","has-post-thumbnail","hentry","category-cotidiano","category-noticias"],"yoast_head":"<!-- This site is optimized with the Yoast SEO plugin v25.6 - https:\/\/yoast.com\/wordpress\/plugins\/seo\/ -->\n<title>Rodovia C\u00e2ndido Portinari deve receber mais de 140 mil ve\u00edculos neste feriado, segundo Arteris - VerdadeOn<\/title>\n<meta name=\"robots\" content=\"index, follow, max-snippet:-1, max-image-preview:large, max-video-preview:-1\" \/>\n<link rel=\"canonical\" href=\"https:\/\/verdadeon.com.br\/portal\/2026\/09\/05\/rodovia-candido-portinari-deve-receber-mais-de-140-mil-veiculos-neste-feriado-segundo-arteris\/\" \/>\n<meta property=\"og:locale\" content=\"pt_BR\" \/>\n<meta property=\"og:type\" content=\"article\" \/>\n<meta property=\"og:title\" content=\"Rodovia C\u00e2ndido Portinari deve receber mais de 140 mil ve\u00edculos neste feriado, segundo Arteris - VerdadeOn\" \/>\n<meta property=\"og:description\" content=\"ViaPaulista prev\u00ea circula\u00e7\u00e3o de 670 mil ve\u00edculos em sua \u00e1rea de concess\u00e3o, de Franca a Riversul A Arteris ViaPaulista prev\u00ea a circula\u00e7\u00e3o de aproximadamente 670 mil [\u2026]\" \/>\n<meta property=\"og:url\" content=\"https:\/\/verdadeon.com.br\/portal\/2026\/09\/05\/rodovia-candido-portinari-deve-receber-mais-de-140-mil-veiculos-neste-feriado-segundo-arteris\/\" \/>\n<meta property=\"og:site_name\" content=\"VerdadeOn\" \/>\n<meta property=\"article:published_time\" content=\"2026-09-05T10:00:37+00:00\" \/>\n<meta property=\"og:image\" content=\"https:\/\/i0.wp.com\/verdadeon.com.br\/portal\/wp-content\/uploads\/2026\/09\/DJI_20260630084841_0045_D.width-800.webp?fit=800%2C450&ssl=1\" \/>\n\t<meta property=\"og:image:width\" content=\"800\" \/>\n\t<meta property=\"og:image:height\" content=\"450\" \/>\n\t<meta property=\"og:image:type\" content=\"image\/webp\" \/>\n<meta name=\"author\" content=\"Redacao VerdadeOn\" \/>\n<meta name=\"twitter:card\" content=\"summary_large_image\" \/>\n<meta name=\"twitter:label1\" content=\"Escrito por\" \/>\n\t<meta name=\"twitter:data1\" content=\"Redacao VerdadeOn\" \/>\n\t<meta name=\"twitter:label2\" content=\"Est. tempo de leitura\" \/>\n\t<meta name=\"twitter:data2\" content=\"3 minutos\" \/>\n<script type=\"application\/ld+json\" class=\"yoast-schema-graph\">{\"@context\":\"https:\/\/schema.org\",\"@graph\":[{\"@type\":\"WebPage\",\"@id\":\"https:\/\/verdadeon.com.br\/portal\/2026\/09\/05\/rodovia-candido-portinari-deve-receber-mais-de-140-mil-veiculos-neste-feriado-segundo-arteris\/\",\"url\":\"https:\/\/verdadeon.com.br\/portal\/2026\/09\/05\/rodovia-candido-portinari-deve-receber-mais-de-140-mil-veiculos-neste-feriado-segundo-arteris\/\",\"name\":\"Rodovia C\u00e2ndido Portinari deve receber mais de 140 mil ve\u00edculos neste feriado, segundo Arteris - VerdadeOn\",\"isPartOf\":{\"@id\":\"https:\/\/verdadeon.com.br\/portal\/#website\"},\"primaryImageOfPage\":{\"@id\":\"https:\/\/verdadeon.com.br\/portal\/2026\/09\/05\/rodovia-candido-portinari-deve-receber-mais-de-140-mil-veiculos-neste-feriado-segundo-arteris\/#primaryimage\"},\"image\":{\"@id\":\"https:\/\/verdadeon.com.br\/portal\/2026\/09\/05\/rodovia-candido-portinari-deve-receber-mais-de-140-mil-veiculos-neste-feriado-segundo-arteris\/#primaryimage\"},\"thumbnailUrl\":\"https:\/\/i0.wp.com\/verdadeon.com.br\/portal\/wp-content\/uploads\/2026\/09\/DJI_20260630084841_0045_D.width-800.webp?fit=800%2C450&ssl=1\",\"datePublished\":\"2026-09-05T10:00:37+00:00\",\"author\":{\"@id\":\"https:\/\/verdadeon.com.br\/portal\/#\/schema\/person\/a5060ad1e9ea3df545188fc93ce43d2f\"},\"breadcrumb\":{\"@id\":\"https:\/\/verdadeon.com.br\/portal\/2026\/09\/05\/rodovia-candido-portinari-deve-receber-mais-de-140-mil-veiculos-neste-feriado-segundo-arteris\/#breadcrumb\"},\"inLanguage\":\"pt-BR\",\"potentialAction\":[{\"@type\":\"ReadAction\",\"target\":[\"https:\/\/verdadeon.com.br\/portal\/2026\/09\/05\/rodovia-candido-portinari-deve-receber-mais-de-140-mil-veiculos-neste-feriado-segundo-arteris\/\"]}]},{\"@type\":\"ImageObject\",\"inLanguage\":\"pt-BR\",\"@id\":\"https:\/\/verdadeon.com.br\/portal\/2026\/09\/05\/rodovia-candido-portinari-deve-receber-mais-de-140-mil-veiculos-neste-feriado-segundo-arteris\/#primaryimage\",\"url\":\"https:\/\/i0.wp.com\/verdadeon.com.br\/portal\/wp-content\/uploads\/2026\/09\/DJI_20260630084841_0045_D.width-800.webp?fit=800%2C450&ssl=1\",\"contentUrl\":\"https:\/\/i0.wp.com\/verdadeon.com.br\/portal\/wp-content\/uploads\/2026\/09\/DJI_20260630084841_0045_D.width-800.webp?fit=800%2C450&ssl=1\",\"width\":800,\"height\":450,\"caption\":\"Rodovia C\u00e2ndido Portinari (SP-334) (\u00a9Divulga\u00e7\u00e3o\/Arteris)\"},{\"@type\":\"BreadcrumbList\",\"@id\":\"https:\/\/verdadeon.com.br\/portal\/2026\/09\/05\/rodovia-candido-portinari-deve-receber-mais-de-140-mil-veiculos-neste-feriado-segundo-arteris\/#breadcrumb\",\"itemListElement\":[{\"@type\":\"ListItem\",\"position\":1,\"name\":\"In\u00edcio\",\"item\":\"https:\/\/verdadeon.com.br\/portal\/\"},{\"@type\":\"ListItem\",\"position\":2,\"name\":\"Rodovia C\u00e2ndido Portinari deve receber mais de 140 mil ve\u00edculos neste feriado, segundo Arteris\"}]},{\"@type\":\"WebSite\",\"@id\":\"https:\/\/verdadeon.com.br\/portal\/#website\",\"url\":\"https:\/\/verdadeon.com.br\/portal\/\",\"name\":\"VerdadeOn\",\"description\":\"Not\u00edcias di\u00e1rias sobre Franca, Regi\u00e3o, Esporte, Cultura, Cotidiano, Colunas. Cobertura nos principais eventos da cidade \u00e9 aqui - Verdadeon Franca\",\"potentialAction\":[{\"@type\":\"SearchAction\",\"target\":{\"@type\":\"EntryPoint\",\"urlTemplate\":\"https:\/\/verdadeon.com.br\/portal\/?s={search_term_string}\"},\"query-input\":{\"@type\":\"PropertyValueSpecification\",\"valueRequired\":true,\"valueName\":\"search_term_string\"}}],\"inLanguage\":\"pt-BR\"},{\"@type\":\"Person\",\"@id\":\"https:\/\/verdadeon.com.br\/portal\/#\/schema\/person\/a5060ad1e9ea3df545188fc93ce43d2f\",\"name\":\"Redacao VerdadeOn\",\"image\":{\"@type\":\"ImageObject\",\"inLanguage\":\"pt-BR\",\"@id\":\"https:\/\/verdadeon.com.br\/portal\/#\/schema\/person\/image\/\",\"url\":\"https:\/\/secure.gravatar.com\/avatar\/459a9613caaaf07f582c3d0841eea68bdd66f533e465e6ba8b9cb45619572cf4?s=96&d=mm&r=g\",\"contentUrl\":\"https:\/\/secure.gravatar.com\/avatar\/459a9613caaaf07f582c3d0841eea68bdd66f533e465e6ba8b9cb45619572cf4?s=96&d=mm&r=g\",\"caption\":\"Redacao VerdadeOn\"},\"url\":\"https:\/\/verdadeon.com.br\/portal\/author\/redacao\/\"}]}<\/script>\n<!-- \/ Yoast SEO plugin. -->","yoast_head_json":{"title":"Rodovia C\u00e2ndido Portinari deve receber mais de 140 mil ve\u00edculos neste feriado, segundo Arteris - VerdadeOn","robots":{"index":"index","follow":"follow","max-snippet":"max-snippet:-1","max-image-preview":"max-image-preview:large","max-video-preview":"max-video-preview:-1"},"canonical":"https:\/\/verdadeon.com.br\/portal\/2026\/09\/05\/rodovia-candido-portinari-deve-receber-mais-de-140-mil-veiculos-neste-feriado-segundo-arteris\/","og_locale":"pt_BR","og_type":"article","og_title":"Rodovia C\u00e2ndido Portinari deve receber mais de 140 mil ve\u00edculos neste feriado, segundo Arteris - VerdadeOn","og_description":"ViaPaulista prev\u00ea circula\u00e7\u00e3o de 670 mil ve\u00edculos em sua \u00e1rea de concess\u00e3o, de Franca a Riversul A Arteris ViaPaulista prev\u00ea a circula\u00e7\u00e3o de aproximadamente 670 mil [\u2026]","og_url":"https:\/\/verdadeon.com.br\/portal\/2026\/09\/05\/rodovia-candido-portinari-deve-receber-mais-de-140-mil-veiculos-neste-feriado-segundo-arteris\/","og_site_name":"VerdadeOn","article_published_time":"2026-09-05T10:00:37+00:00","og_image":[{"width":800,"height":450,"url":"https:\/\/i0.wp.com\/verdadeon.com.br\/portal\/wp-content\/uploads\/2026\/09\/DJI_20260630084841_0045_D.width-800.webp?fit=800%2C450&ssl=1","type":"image\/webp"}],"author":"Redacao VerdadeOn","twitter_card":"summary_large_image","twitter_misc":{"Escrito por":"Redacao VerdadeOn","Est. tempo de leitura":"3 minutos"},"schema":{"@context":"https:\/\/schema.org","@graph":[{"@type":"WebPage","@id":"https:\/\/verdadeon.com.br\/portal\/2026\/09\/05\/rodovia-candido-portinari-deve-receber-mais-de-140-mil-veiculos-neste-feriado-segundo-arteris\/","url":"https:\/\/verdadeon.com.br\/portal\/2026\/09\/05\/rodovia-candido-portinari-deve-receber-mais-de-140-mil-veiculos-neste-feriado-segundo-arteris\/","name":"Rodovia C\u00e2ndido Portinari deve receber mais de 140 mil ve\u00edculos neste feriado, segundo Arteris - VerdadeOn","isPartOf":{"@id":"https:\/\/verdadeon.com.br\/portal\/#website"},"primaryImageOfPage":{"@id":"https:\/\/verdadeon.com.br\/portal\/2026\/09\/05\/rodovia-candido-portinari-deve-receber-mais-de-140-mil-veiculos-neste-feriado-segundo-arteris\/#primaryimage"},"image":{"@id":"https:\/\/verdadeon.com.br\/portal\/2026\/09\/05\/rodovia-candido-portinari-deve-receber-mais-de-140-mil-veiculos-neste-feriado-segundo-arteris\/#primaryimage"},"thumbnailUrl":"https:\/\/i0.wp.com\/verdadeon.com.br\/portal\/wp-content\/uploads\/2026\/09\/DJI_20260630084841_0045_D.width-800.webp?fit=800%2C450&ssl=1","datePublished":"2026-09-05T10:00:37+00:00","author":{"@id":"https:\/\/verdadeon.com.br\/portal\/#\/schema\/person\/a5060ad1e9ea3df545188fc93ce43d2f"},"breadcrumb":{"@id":"https:\/\/verdadeon.com.br\/portal\/2026\/09\/05\/rodovia-candido-portinari-deve-receber-mais-de-140-mil-veiculos-neste-feriado-segundo-arteris\/#breadcrumb"},"inLanguage":"pt-BR","potentialAction":[{"@type":"ReadAction","target":["https:\/\/verdadeon.com.br\/portal\/2026\/09\/05\/rodovia-candido-portinari-deve-receber-mais-de-140-mil-veiculos-neste-feriado-segundo-arteris\/"]}]},{"@type":"ImageObject","inLanguage":"pt-BR","@id":"https:\/\/verdadeon.com.br\/portal\/2026\/09\/05\/rodovia-candido-portinari-deve-receber-mais-de-140-mil-veiculos-neste-feriado-segundo-arteris\/#primaryimage","url":"https:\/\/i0.wp.com\/verdadeon.com.br\/portal\/wp-content\/uploads\/2026\/09\/DJI_20260630084841_0045_D.width-800.webp?fit=800%2C450&ssl=1","contentUrl":"https:\/\/i0.wp.com\/verdadeon.com.br\/portal\/wp-content\/uploads\/2026\/09\/DJI_20260630084841_0045_D.width-800.webp?fit=800%2C450&ssl=1","width":800,"height":450,"caption":"Rodovia C\u00e2ndido Portinari (SP-334) (\u00a9Divulga\u00e7\u00e3o\/Arteris)"},{"@type":"BreadcrumbList","@id":"https:\/\/verdadeon.com.br\/portal\/2026\/09\/05\/rodovia-candido-portinari-deve-receber-mais-de-140-mil-veiculos-neste-feriado-segundo-arteris\/#breadcrumb","itemListElement":[{"@type":"ListItem","position":1,"name":"In\u00edcio","item":"https:\/\/verdadeon.com.br\/portal\/"},{"@type":"ListItem","position":2,"name":"Rodovia C\u00e2ndido Portinari deve receber mais de 140 mil ve\u00edculos neste feriado, segundo Arteris"}]},{"@type":"WebSite","@id":"https:\/\/verdadeon.com.br\/portal\/#website","url":"https:\/\/verdadeon.com.br\/portal\/","name":"VerdadeOn","description":"Not\u00edcias di\u00e1rias sobre Franca, Regi\u00e3o, Esporte, Cultura, Cotidiano, Colunas. Cobertura nos principais eventos da cidade \u00e9 aqui - Verdadeon Franca","potentialAction":[{"@type":"SearchAction","target":{"@type":"EntryPoint","urlTemplate":"https:\/\/verdadeon.com.br\/portal\/?s={search_term_string}"},"query-input":{"@type":"PropertyValueSpecification","valueRequired":true,"valueName":"search_term_string"}}],"inLanguage":"pt-BR"},{"@type":"Person","@id":"https:\/\/verdadeon.com.br\/portal\/#\/schema\/person\/a5060ad1e9ea3df545188fc93ce43d2f","name":"Redacao VerdadeOn","image":{"@type":"ImageObject","inLanguage":"pt-BR","@id":"https:\/\/verdadeon.com.br\/portal\/#\/schema\/person\/image\/","url":"https:\/\/secure.gravatar.com\/avatar\/459a9613caaaf07f582c3d0841eea68bdd66f533e465e6ba8b9cb45619572cf4?s=96&d=mm&r=g","contentUrl":"https:\/\/secure.gravatar.com\/avatar\/459a9613caaaf07f582c3d0841eea68bdd66f533e465e6ba8b9cb45619572cf4?s=96&d=mm&r=g","caption":"Redacao VerdadeOn"},"url":"https:\/\/verdadeon.com.br\/portal\/author\/redacao\/"}]}},"jetpack_publicize_connections":[],"jetpack_featured_media_url":"https:\/\/i0.wp.com\/verdadeon.com.br\/portal\/wp-content\/uploads\/2026\/09\/DJI_20260630084841_0045_D.width-800.webp?fit=800%2C450&ssl=1","jetpack_sharing_enabled":true,"_links":{"self":[{"href":"https:\/\/verdadeon.com.br\/portal\/wp-json\/wp\/v2\/posts\/70367","targetHints":{"allow":["GET"]}}],"collection":[{"href":"https:\/\/verdadeon.com.br\/portal\/wp-json\/wp\/v2\/posts"}],"about":[{"href":"https:\/\/verdadeon.com.br\/portal\/wp-json\/wp\/v2\/types\/post"}],"author":[{"embeddable":true,"href":"https:\/\/verdadeon.com.br\/portal\/wp-json\/wp\/v2\/users\/10"}],"replies":[{"embeddable":true,"href":"https:\/\/verdadeon.com.br\/portal\/wp-json\/wp\/v2\/comments?post=70367"}],"version-history":[{"count":1,"href":"https:\/\/verdadeon.com.br\/portal\/wp-json\/wp\/v2\/posts\/70367\/revisions"}],"predecessor-version":[{"id":70369,"href":"https:\/\/verdadeon.com.br\/portal\/wp-json\/wp\/v2\/posts\/70367\/revisions\/70369"}],"wp:featuredmedia":[{"embeddable":true,"href":"https:\/\/verdadeon.com.br\/portal\/wp-json\/wp\/v2\/media\/70368"}],"wp:attachment":[{"href":"https:\/\/verdadeon.com.br\/portal\/wp-json\/wp\/v2\/media?parent=70367"}],"wp:term":[{"taxonomy":"category","embeddable":true,"href":"https:\/\/verdadeon.com.br\/portal\/wp-json\/wp\/v2\/categories?post=70367"},{"taxonomy":"post_tag","embeddable":true,"href":"https:\/\/verdadeon.com.br\/portal\/wp-json\/wp\/v2\/tags?post=70367"}],"curies":[{"name":"wp","href":"https:\/\/api.w.org\/{rel}","templated":true}]}}