{"id":70362,"date":"2026-09-04T11:46:53","date_gmt":"2026-09-04T14:46:53","guid":{"rendered":"https:\/\/verdadeon.com.br\/portal\/?p=70362"},"modified":"2026-09-04T11:46:53","modified_gmt":"2026-09-04T14:46:53","slug":"colisao-frontal-deixa-uma-pessoa-morta-e-uma-ferida-na-rodovia-anhanguera-em-ituverava","status":"publish","type":"post","link":"https:\/\/verdadeon.com.br\/portal\/2026\/09\/04\/colisao-frontal-deixa-uma-pessoa-morta-e-uma-ferida-na-rodovia-anhanguera-em-ituverava\/","title":{"rendered":"Colis\u00e3o frontal deixa uma pessoa morta e uma ferida na Rodovia Anhanguera, em Ituverava"},"content":{"rendered":"<h2>Ve\u00edculo que trafegava na contram\u00e3o teria provocado acidente<\/h2>\n<p style=\"text-align: right;\"><em><strong>Por Pedro Maia<\/strong><\/em><br \/>\n<em><strong>Editor-chefe<\/strong><\/em><\/p>\n<p>Nesta quinta-feira, 4 de setembro, uma colis\u00e3o frontal na Rodovia Anhanguera (SP-330), em Ituverava, na regi\u00e3o de Franca, deixou uma pessoa morta e uma ferida. O caso aconteceu na madrugada, pouco depois das 3h.<\/p>\n<p>Segundo informa\u00e7\u00f5es apuradas no local e divulgadas pelo CCM (Centro de Controle Multimodal) da Artesp (Ag\u00eancia Reguladora de Transporte do Estado de S\u00e3o Paulo), um Fiat Strada trafegava pela rodovia SP330 no sentido norte quando, no km 419, deparou-se com uma Land Rover, que vinha pela contram\u00e3o da pista dupla. Sem tempo h\u00e1bil de frear ou desviar, colidiram frontalmente. Ap\u00f3s o fato, os ve\u00edculos permaneceram entre as faixas 01 e 02 de rolamento.<\/p>\n<p>O tr\u00e2nsito teve congestionamento de pelo menos 2km. O sentido norte e o acostamento ficaram interditados e foram liberados por volta das 4h40. Cerca de uma hora depois, foi constatado o \u00f3bito do passageiro da picape. O motorista teve ferimentos moderados, conforme informa a Entrevias, concession\u00e1ria que administra o trecho e prestou atendimento \u00e0 ocorr\u00eancia.<\/p>\n<p>O condutor da SUV n\u00e3o se feriu. Pr\u00f3ximo \u00e0s 8h, a Per\u00edcia esteve no local para os procedimentos de praxe. \u00c0s 09h24min, o CCO (Centro de Controle Operacional) da Artesp informou que um guincho realizou a remo\u00e7\u00e3o da Land Rover para a base da PMRV (Pol\u00edcia Militar Rodovi\u00e1ria) de Orl\u00e2ndia.<\/p>\n<div id=\"attachment_70365\" style=\"width: 1609px\" class=\"wp-caption alignnone\"><img data-recalc-dims=\"1\" loading=\"lazy\" decoding=\"async\" aria-describedby=\"caption-attachment-70365\" class=\"size-full wp-image-70365\" src=\"https:\/\/i0.wp.com\/verdadeon.com.br\/portal\/wp-content\/uploads\/2026\/09\/0e9fd689-9fcf-4666-80f8-1b59a4369421.jpg?resize=1220%2C686&#038;ssl=1\" alt=\"\" width=\"1220\" height=\"686\" srcset=\"https:\/\/i0.wp.com\/verdadeon.com.br\/portal\/wp-content\/uploads\/2026\/09\/0e9fd689-9fcf-4666-80f8-1b59a4369421.jpg?w=1599&amp;ssl=1 1599w, https:\/\/i0.wp.com\/verdadeon.com.br\/portal\/wp-content\/uploads\/2026\/09\/0e9fd689-9fcf-4666-80f8-1b59a4369421.jpg?resize=300%2C169&amp;ssl=1 300w, https:\/\/i0.wp.com\/verdadeon.com.br\/portal\/wp-content\/uploads\/2026\/09\/0e9fd689-9fcf-4666-80f8-1b59a4369421.jpg?resize=1024%2C576&amp;ssl=1 1024w, https:\/\/i0.wp.com\/verdadeon.com.br\/portal\/wp-content\/uploads\/2026\/09\/0e9fd689-9fcf-4666-80f8-1b59a4369421.jpg?resize=768%2C432&amp;ssl=1 768w, https:\/\/i0.wp.com\/verdadeon.com.br\/portal\/wp-content\/uploads\/2026\/09\/0e9fd689-9fcf-4666-80f8-1b59a4369421.jpg?resize=1536%2C864&amp;ssl=1 1536w, https:\/\/i0.wp.com\/verdadeon.com.br\/portal\/wp-content\/uploads\/2026\/09\/0e9fd689-9fcf-4666-80f8-1b59a4369421.jpg?resize=260%2C146&amp;ssl=1 260w, https:\/\/i0.wp.com\/verdadeon.com.br\/portal\/wp-content\/uploads\/2026\/09\/0e9fd689-9fcf-4666-80f8-1b59a4369421.jpg?resize=50%2C28&amp;ssl=1 50w, https:\/\/i0.wp.com\/verdadeon.com.br\/portal\/wp-content\/uploads\/2026\/09\/0e9fd689-9fcf-4666-80f8-1b59a4369421.jpg?resize=133%2C75&amp;ssl=1 133w\" sizes=\"auto, (max-width: 1220px) 100vw, 1220px\" \/><p id=\"caption-attachment-70365\" class=\"wp-caption-text\">(\u00a9Fonte: Portal CCM \u2013 ARTESP (ccm.artesp.sp.gov.br))<\/p><\/div>\n","protected":false},"excerpt":{"rendered":"<p>Ve\u00edculo que trafegava na contram\u00e3o teria provocado acidente Por Pedro Maia Editor-chefe Nesta quinta-feira, 4 de setembro, uma colis\u00e3o frontal na Rodovia Anhanguera (SP-330), em Ituverava,<span class=\"excerpt-hellip\"> [\u2026]<\/span><\/p>\n","protected":false},"author":10,"featured_media":70364,"comment_status":"open","ping_status":"open","sticky":false,"template":"","format":"standard","meta":{"_jetpack_memberships_contains_paid_content":false,"footnotes":"","jetpack_publicize_message":"","jetpack_publicize_feature_enabled":true,"jetpack_social_post_already_shared":true,"jetpack_social_options":{"image_generator_settings":{"template":"highway","default_image_id":0,"enabled":false},"version":2}},"categories":[28,81],"tags":[],"class_list":["post-70362","post","type-post","status-publish","format-standard","has-post-thumbnail","hentry","category-cotidiano","category-manchete"],"yoast_head":"<!-- This site is optimized with the Yoast SEO plugin v25.6 - https:\/\/yoast.com\/wordpress\/plugins\/seo\/ -->\n<title>Colis\u00e3o frontal deixa uma pessoa morta e uma ferida na Rodovia Anhanguera, em Ituverava - VerdadeOn<\/title>\n<meta name=\"robots\" content=\"index, follow, max-snippet:-1, max-image-preview:large, max-video-preview:-1\" \/>\n<link rel=\"canonical\" href=\"https:\/\/verdadeon.com.br\/portal\/2026\/09\/04\/colisao-frontal-deixa-uma-pessoa-morta-e-uma-ferida-na-rodovia-anhanguera-em-ituverava\/\" \/>\n<meta property=\"og:locale\" content=\"pt_BR\" \/>\n<meta property=\"og:type\" content=\"article\" \/>\n<meta property=\"og:title\" content=\"Colis\u00e3o frontal deixa uma pessoa morta e uma ferida na Rodovia Anhanguera, em Ituverava - VerdadeOn\" \/>\n<meta property=\"og:description\" content=\"Ve\u00edculo que trafegava na contram\u00e3o teria provocado acidente Por Pedro Maia Editor-chefe Nesta quinta-feira, 4 de setembro, uma colis\u00e3o frontal na Rodovia Anhanguera (SP-330), em Ituverava, [\u2026]\" \/>\n<meta property=\"og:url\" content=\"https:\/\/verdadeon.com.br\/portal\/2026\/09\/04\/colisao-frontal-deixa-uma-pessoa-morta-e-uma-ferida-na-rodovia-anhanguera-em-ituverava\/\" \/>\n<meta property=\"og:site_name\" content=\"VerdadeOn\" \/>\n<meta property=\"article:published_time\" content=\"2026-09-04T14:46:53+00:00\" \/>\n<meta property=\"og:image\" content=\"https:\/\/verdadeon.com.br\/portal\/wp-content\/uploads\/2026\/09\/011f7b59-001b-4e32-832f-6dc5d5b1f3e6.jpg\" \/>\n\t<meta property=\"og:image:width\" content=\"1599\" \/>\n\t<meta property=\"og:image:height\" content=\"899\" \/>\n\t<meta property=\"og:image:type\" content=\"image\/jpeg\" \/>\n<meta name=\"author\" content=\"Redacao VerdadeOn\" \/>\n<meta name=\"twitter:card\" content=\"summary_large_image\" \/>\n<meta name=\"twitter:label1\" content=\"Escrito por\" \/>\n\t<meta name=\"twitter:data1\" content=\"Redacao VerdadeOn\" \/>\n\t<meta name=\"twitter:label2\" content=\"Est. tempo de leitura\" \/>\n\t<meta name=\"twitter:data2\" content=\"2 minutos\" \/>\n<script type=\"application\/ld+json\" class=\"yoast-schema-graph\">{\"@context\":\"https:\/\/schema.org\",\"@graph\":[{\"@type\":\"WebPage\",\"@id\":\"https:\/\/verdadeon.com.br\/portal\/2026\/09\/04\/colisao-frontal-deixa-uma-pessoa-morta-e-uma-ferida-na-rodovia-anhanguera-em-ituverava\/\",\"url\":\"https:\/\/verdadeon.com.br\/portal\/2026\/09\/04\/colisao-frontal-deixa-uma-pessoa-morta-e-uma-ferida-na-rodovia-anhanguera-em-ituverava\/\",\"name\":\"Colis\u00e3o frontal deixa uma pessoa morta e uma ferida na Rodovia Anhanguera, em Ituverava - VerdadeOn\",\"isPartOf\":{\"@id\":\"https:\/\/verdadeon.com.br\/portal\/#website\"},\"primaryImageOfPage\":{\"@id\":\"https:\/\/verdadeon.com.br\/portal\/2026\/09\/04\/colisao-frontal-deixa-uma-pessoa-morta-e-uma-ferida-na-rodovia-anhanguera-em-ituverava\/#primaryimage\"},\"image\":{\"@id\":\"https:\/\/verdadeon.com.br\/portal\/2026\/09\/04\/colisao-frontal-deixa-uma-pessoa-morta-e-uma-ferida-na-rodovia-anhanguera-em-ituverava\/#primaryimage\"},\"thumbnailUrl\":\"https:\/\/i0.wp.com\/verdadeon.com.br\/portal\/wp-content\/uploads\/2026\/09\/011f7b59-001b-4e32-832f-6dc5d5b1f3e6.jpg?fit=1599%2C899&ssl=1\",\"datePublished\":\"2026-09-04T14:46:53+00:00\",\"author\":{\"@id\":\"https:\/\/verdadeon.com.br\/portal\/#\/schema\/person\/a5060ad1e9ea3df545188fc93ce43d2f\"},\"breadcrumb\":{\"@id\":\"https:\/\/verdadeon.com.br\/portal\/2026\/09\/04\/colisao-frontal-deixa-uma-pessoa-morta-e-uma-ferida-na-rodovia-anhanguera-em-ituverava\/#breadcrumb\"},\"inLanguage\":\"pt-BR\",\"potentialAction\":[{\"@type\":\"ReadAction\",\"target\":[\"https:\/\/verdadeon.com.br\/portal\/2026\/09\/04\/colisao-frontal-deixa-uma-pessoa-morta-e-uma-ferida-na-rodovia-anhanguera-em-ituverava\/\"]}]},{\"@type\":\"ImageObject\",\"inLanguage\":\"pt-BR\",\"@id\":\"https:\/\/verdadeon.com.br\/portal\/2026\/09\/04\/colisao-frontal-deixa-uma-pessoa-morta-e-uma-ferida-na-rodovia-anhanguera-em-ituverava\/#primaryimage\",\"url\":\"https:\/\/i0.wp.com\/verdadeon.com.br\/portal\/wp-content\/uploads\/2026\/09\/011f7b59-001b-4e32-832f-6dc5d5b1f3e6.jpg?fit=1599%2C899&ssl=1\",\"contentUrl\":\"https:\/\/i0.wp.com\/verdadeon.com.br\/portal\/wp-content\/uploads\/2026\/09\/011f7b59-001b-4e32-832f-6dc5d5b1f3e6.jpg?fit=1599%2C899&ssl=1\",\"width\":1599,\"height\":899,\"caption\":\"(\u00a9Fonte: Portal CCM \u2013 ARTESP (ccm.artesp.sp.gov.br))\"},{\"@type\":\"BreadcrumbList\",\"@id\":\"https:\/\/verdadeon.com.br\/portal\/2026\/09\/04\/colisao-frontal-deixa-uma-pessoa-morta-e-uma-ferida-na-rodovia-anhanguera-em-ituverava\/#breadcrumb\",\"itemListElement\":[{\"@type\":\"ListItem\",\"position\":1,\"name\":\"In\u00edcio\",\"item\":\"https:\/\/verdadeon.com.br\/portal\/\"},{\"@type\":\"ListItem\",\"position\":2,\"name\":\"Colis\u00e3o frontal deixa uma pessoa morta e uma ferida na Rodovia Anhanguera, em Ituverava\"}]},{\"@type\":\"WebSite\",\"@id\":\"https:\/\/verdadeon.com.br\/portal\/#website\",\"url\":\"https:\/\/verdadeon.com.br\/portal\/\",\"name\":\"VerdadeOn\",\"description\":\"Not\u00edcias di\u00e1rias sobre Franca, Regi\u00e3o, Esporte, Cultura, Cotidiano, Colunas. Cobertura nos principais eventos da cidade \u00e9 aqui - Verdadeon Franca\",\"potentialAction\":[{\"@type\":\"SearchAction\",\"target\":{\"@type\":\"EntryPoint\",\"urlTemplate\":\"https:\/\/verdadeon.com.br\/portal\/?s={search_term_string}\"},\"query-input\":{\"@type\":\"PropertyValueSpecification\",\"valueRequired\":true,\"valueName\":\"search_term_string\"}}],\"inLanguage\":\"pt-BR\"},{\"@type\":\"Person\",\"@id\":\"https:\/\/verdadeon.com.br\/portal\/#\/schema\/person\/a5060ad1e9ea3df545188fc93ce43d2f\",\"name\":\"Redacao VerdadeOn\",\"image\":{\"@type\":\"ImageObject\",\"inLanguage\":\"pt-BR\",\"@id\":\"https:\/\/verdadeon.com.br\/portal\/#\/schema\/person\/image\/\",\"url\":\"https:\/\/secure.gravatar.com\/avatar\/459a9613caaaf07f582c3d0841eea68bdd66f533e465e6ba8b9cb45619572cf4?s=96&d=mm&r=g\",\"contentUrl\":\"https:\/\/secure.gravatar.com\/avatar\/459a9613caaaf07f582c3d0841eea68bdd66f533e465e6ba8b9cb45619572cf4?s=96&d=mm&r=g\",\"caption\":\"Redacao VerdadeOn\"},\"url\":\"https:\/\/verdadeon.com.br\/portal\/author\/redacao\/\"}]}<\/script>\n<!-- \/ Yoast SEO plugin. -->","yoast_head_json":{"title":"Colis\u00e3o frontal deixa uma pessoa morta e uma ferida na Rodovia Anhanguera, em Ituverava - VerdadeOn","robots":{"index":"index","follow":"follow","max-snippet":"max-snippet:-1","max-image-preview":"max-image-preview:large","max-video-preview":"max-video-preview:-1"},"canonical":"https:\/\/verdadeon.com.br\/portal\/2026\/09\/04\/colisao-frontal-deixa-uma-pessoa-morta-e-uma-ferida-na-rodovia-anhanguera-em-ituverava\/","og_locale":"pt_BR","og_type":"article","og_title":"Colis\u00e3o frontal deixa uma pessoa morta e uma ferida na Rodovia Anhanguera, em Ituverava - VerdadeOn","og_description":"Ve\u00edculo que trafegava na contram\u00e3o teria provocado acidente Por Pedro Maia Editor-chefe Nesta quinta-feira, 4 de setembro, uma colis\u00e3o frontal na Rodovia Anhanguera (SP-330), em Ituverava, [\u2026]","og_url":"https:\/\/verdadeon.com.br\/portal\/2026\/09\/04\/colisao-frontal-deixa-uma-pessoa-morta-e-uma-ferida-na-rodovia-anhanguera-em-ituverava\/","og_site_name":"VerdadeOn","article_published_time":"2026-09-04T14:46:53+00:00","og_image":[{"width":1599,"height":899,"url":"https:\/\/verdadeon.com.br\/portal\/wp-content\/uploads\/2026\/09\/011f7b59-001b-4e32-832f-6dc5d5b1f3e6.jpg","type":"image\/jpeg"}],"author":"Redacao VerdadeOn","twitter_card":"summary_large_image","twitter_misc":{"Escrito por":"Redacao VerdadeOn","Est. tempo de leitura":"2 minutos"},"schema":{"@context":"https:\/\/schema.org","@graph":[{"@type":"WebPage","@id":"https:\/\/verdadeon.com.br\/portal\/2026\/09\/04\/colisao-frontal-deixa-uma-pessoa-morta-e-uma-ferida-na-rodovia-anhanguera-em-ituverava\/","url":"https:\/\/verdadeon.com.br\/portal\/2026\/09\/04\/colisao-frontal-deixa-uma-pessoa-morta-e-uma-ferida-na-rodovia-anhanguera-em-ituverava\/","name":"Colis\u00e3o frontal deixa uma pessoa morta e uma ferida na Rodovia Anhanguera, em Ituverava - VerdadeOn","isPartOf":{"@id":"https:\/\/verdadeon.com.br\/portal\/#website"},"primaryImageOfPage":{"@id":"https:\/\/verdadeon.com.br\/portal\/2026\/09\/04\/colisao-frontal-deixa-uma-pessoa-morta-e-uma-ferida-na-rodovia-anhanguera-em-ituverava\/#primaryimage"},"image":{"@id":"https:\/\/verdadeon.com.br\/portal\/2026\/09\/04\/colisao-frontal-deixa-uma-pessoa-morta-e-uma-ferida-na-rodovia-anhanguera-em-ituverava\/#primaryimage"},"thumbnailUrl":"https:\/\/i0.wp.com\/verdadeon.com.br\/portal\/wp-content\/uploads\/2026\/09\/011f7b59-001b-4e32-832f-6dc5d5b1f3e6.jpg?fit=1599%2C899&ssl=1","datePublished":"2026-09-04T14:46:53+00:00","author":{"@id":"https:\/\/verdadeon.com.br\/portal\/#\/schema\/person\/a5060ad1e9ea3df545188fc93ce43d2f"},"breadcrumb":{"@id":"https:\/\/verdadeon.com.br\/portal\/2026\/09\/04\/colisao-frontal-deixa-uma-pessoa-morta-e-uma-ferida-na-rodovia-anhanguera-em-ituverava\/#breadcrumb"},"inLanguage":"pt-BR","potentialAction":[{"@type":"ReadAction","target":["https:\/\/verdadeon.com.br\/portal\/2026\/09\/04\/colisao-frontal-deixa-uma-pessoa-morta-e-uma-ferida-na-rodovia-anhanguera-em-ituverava\/"]}]},{"@type":"ImageObject","inLanguage":"pt-BR","@id":"https:\/\/verdadeon.com.br\/portal\/2026\/09\/04\/colisao-frontal-deixa-uma-pessoa-morta-e-uma-ferida-na-rodovia-anhanguera-em-ituverava\/#primaryimage","url":"https:\/\/i0.wp.com\/verdadeon.com.br\/portal\/wp-content\/uploads\/2026\/09\/011f7b59-001b-4e32-832f-6dc5d5b1f3e6.jpg?fit=1599%2C899&ssl=1","contentUrl":"https:\/\/i0.wp.com\/verdadeon.com.br\/portal\/wp-content\/uploads\/2026\/09\/011f7b59-001b-4e32-832f-6dc5d5b1f3e6.jpg?fit=1599%2C899&ssl=1","width":1599,"height":899,"caption":"(\u00a9Fonte: Portal CCM \u2013 ARTESP (ccm.artesp.sp.gov.br))"},{"@type":"BreadcrumbList","@id":"https:\/\/verdadeon.com.br\/portal\/2026\/09\/04\/colisao-frontal-deixa-uma-pessoa-morta-e-uma-ferida-na-rodovia-anhanguera-em-ituverava\/#breadcrumb","itemListElement":[{"@type":"ListItem","position":1,"name":"In\u00edcio","item":"https:\/\/verdadeon.com.br\/portal\/"},{"@type":"ListItem","position":2,"name":"Colis\u00e3o frontal deixa uma pessoa morta e uma ferida na Rodovia Anhanguera, em Ituverava"}]},{"@type":"WebSite","@id":"https:\/\/verdadeon.com.br\/portal\/#website","url":"https:\/\/verdadeon.com.br\/portal\/","name":"VerdadeOn","description":"Not\u00edcias di\u00e1rias sobre Franca, Regi\u00e3o, Esporte, Cultura, Cotidiano, Colunas. Cobertura nos principais eventos da cidade \u00e9 aqui - Verdadeon Franca","potentialAction":[{"@type":"SearchAction","target":{"@type":"EntryPoint","urlTemplate":"https:\/\/verdadeon.com.br\/portal\/?s={search_term_string}"},"query-input":{"@type":"PropertyValueSpecification","valueRequired":true,"valueName":"search_term_string"}}],"inLanguage":"pt-BR"},{"@type":"Person","@id":"https:\/\/verdadeon.com.br\/portal\/#\/schema\/person\/a5060ad1e9ea3df545188fc93ce43d2f","name":"Redacao VerdadeOn","image":{"@type":"ImageObject","inLanguage":"pt-BR","@id":"https:\/\/verdadeon.com.br\/portal\/#\/schema\/person\/image\/","url":"https:\/\/secure.gravatar.com\/avatar\/459a9613caaaf07f582c3d0841eea68bdd66f533e465e6ba8b9cb45619572cf4?s=96&d=mm&r=g","contentUrl":"https:\/\/secure.gravatar.com\/avatar\/459a9613caaaf07f582c3d0841eea68bdd66f533e465e6ba8b9cb45619572cf4?s=96&d=mm&r=g","caption":"Redacao VerdadeOn"},"url":"https:\/\/verdadeon.com.br\/portal\/author\/redacao\/"}]}},"jetpack_publicize_connections":[],"jetpack_featured_media_url":"https:\/\/i0.wp.com\/verdadeon.com.br\/portal\/wp-content\/uploads\/2026\/09\/011f7b59-001b-4e32-832f-6dc5d5b1f3e6.jpg?fit=1599%2C899&ssl=1","jetpack_sharing_enabled":true,"_links":{"self":[{"href":"https:\/\/verdadeon.com.br\/portal\/wp-json\/wp\/v2\/posts\/70362","targetHints":{"allow":["GET"]}}],"collection":[{"href":"https:\/\/verdadeon.com.br\/portal\/wp-json\/wp\/v2\/posts"}],"about":[{"href":"https:\/\/verdadeon.com.br\/portal\/wp-json\/wp\/v2\/types\/post"}],"author":[{"embeddable":true,"href":"https:\/\/verdadeon.com.br\/portal\/wp-json\/wp\/v2\/users\/10"}],"replies":[{"embeddable":true,"href":"https:\/\/verdadeon.com.br\/portal\/wp-json\/wp\/v2\/comments?post=70362"}],"version-history":[{"count":1,"href":"https:\/\/verdadeon.com.br\/portal\/wp-json\/wp\/v2\/posts\/70362\/revisions"}],"predecessor-version":[{"id":70366,"href":"https:\/\/verdadeon.com.br\/portal\/wp-json\/wp\/v2\/posts\/70362\/revisions\/70366"}],"wp:featuredmedia":[{"embeddable":true,"href":"https:\/\/verdadeon.com.br\/portal\/wp-json\/wp\/v2\/media\/70364"}],"wp:attachment":[{"href":"https:\/\/verdadeon.com.br\/portal\/wp-json\/wp\/v2\/media?parent=70362"}],"wp:term":[{"taxonomy":"category","embeddable":true,"href":"https:\/\/verdadeon.com.br\/portal\/wp-json\/wp\/v2\/categories?post=70362"},{"taxonomy":"post_tag","embeddable":true,"href":"https:\/\/verdadeon.com.br\/portal\/wp-json\/wp\/v2\/tags?post=70362"}],"curies":[{"name":"wp","href":"https:\/\/api.w.org\/{rel}","templated":true}]}}