{"id":70342,"date":"2026-09-03T14:44:32","date_gmt":"2026-09-03T17:44:32","guid":{"rendered":"https:\/\/verdadeon.com.br\/portal\/?p=70342"},"modified":"2026-09-03T14:44:32","modified_gmt":"2026-09-03T17:44:32","slug":"unesp-abre-inscricoes-para-o-vestibular-2027-nesta-sexta-feira-veja-dicas-de-estudos","status":"publish","type":"post","link":"https:\/\/verdadeon.com.br\/portal\/2026\/09\/03\/unesp-abre-inscricoes-para-o-vestibular-2027-nesta-sexta-feira-veja-dicas-de-estudos\/","title":{"rendered":"UNESP abre inscri\u00e7\u00f5es para o vestibular 2027 nesta sexta-feira; veja dicas de estudos"},"content":{"rendered":"<h2>Entender o perfil da prova e se preparar com anteced\u00eancia aumenta as chances de aprova\u00e7\u00e3o no concorrido processo seletivo<\/h2>\n<p>A Universidade Estadual Paulista (Unesp) abre nesta sexta-feira, 04 de setembro, as inscri\u00e7\u00f5es para o seu vestibular 2027. Os candidatos t\u00eam at\u00e9 o dia 20 de outubro para se cadastrar pelo site da\u00a0<a href=\"https:\/\/www.vunesp.com.br\/\" target=\"_blank\" rel=\"noopener\" data-saferedirecturl=\"https:\/\/www.google.com\/url?q=https:\/\/www.vunesp.com.br&amp;source=gmail&amp;ust=1788533658855000&amp;usg=AOvVaw1Fzdl8U2wbeAQa5gBvUfCg\"><u>Funda\u00e7\u00e3o Vunesp<\/u><\/a>, respons\u00e1vel pela banca do processo seletivo, que \u00e9 considerado um dos mais concorridos do pa\u00eds, exigindo dos candidatos preparo t\u00e9cnico, leitura cr\u00edtica e equil\u00edbrio emocional.<\/p>\n<p>Com 34 unidades universit\u00e1rias, dispon\u00edveis em 24 cidades (Ara\u00e7atuba, Araraquara, Assis, Bauru, Botucatu, Dracena, Franca, Guaratinguet\u00e1, Ilha Solteira, Itapeva, Jaboticabal, Mar\u00edlia, Ourinhos, Presidente Prudente, Registro, Rio Claro, Rosana, S\u00e3o Jo\u00e3o da Boa Vista, S\u00e3o Jos\u00e9 do Rio Preto, S\u00e3o Jos\u00e9 dos Campos, S\u00e3o Paulo, S\u00e3o Vicente, Sorocaba e Tup\u00e3), a Unesp foi criada em 1976. \u00c9 uma universidade p\u00fablica e gratuita que est\u00e1 entre as maiores e melhores do pa\u00eds e da Am\u00e9rica Latina, desenvolvendo atividades de ensino, pesquisa e extens\u00e3o universit\u00e1ria em todas as grandes \u00e1reas do conhecimento.<\/p>\n<p>Segundo Peter Rifaat, coordenador pedag\u00f3gico da\u00a0<a href=\"https:\/\/www.escolainternacional.com.br\/\" target=\"_blank\" rel=\"noopener\" data-saferedirecturl=\"https:\/\/www.google.com\/url?q=https:\/\/www.escolainternacional.com.br\/&amp;source=gmail&amp;ust=1788533658855000&amp;usg=AOvVaw2ZFaRRfWaSiCUtDUFfnwbJ\"><u>Escola Internacional de Alphaville &#8211; EIA<\/u><\/a>, de Barueri (SP), o vestibular da Unesp \u00e9 pensado para identificar candidatos que v\u00e3o al\u00e9m da simples memoriza\u00e7\u00e3o de conte\u00fado. \u201cA banca da Vunesp valoriza consist\u00eancia, leitura atenta e capacidade de argumenta\u00e7\u00e3o. Espera dos estudantes capacidade de leitura, interpreta\u00e7\u00e3o e argumenta\u00e7\u00e3o, exigindo que consigam relacionar diferentes \u00e1reas do conhecimento e se posicionar de forma cr\u00edtica diante dos temas propostos\u201d, explica Rifaat.<\/p>\n<p><strong>Como \u00e9 a prova?<\/strong><\/p>\n<p>A prova da Unesp \u00e9 conhecida por seu car\u00e1ter interdisciplinar e por valorizar a interpreta\u00e7\u00e3o de textos, gr\u00e1ficos e imagens, mais do que a memoriza\u00e7\u00e3o.<\/p>\n<p><strong>Primeira fase:\u00a0<\/strong>a primeira fase da prova, de conhecimentos gerais, tem dura\u00e7\u00e3o de 5 horas, e est\u00e1 marcada para 22 de novembro, um domingo. \u00c9 composta por 90 quest\u00f5es objetivas, distribu\u00eddas entre \u00e1reas da Base Nacional Comum Curricular (BNCC) para o Ensino M\u00e9dio: Linguagens e suas tecnologias (l\u00edngua portuguesa e literatura, l\u00edngua inglesa, educa\u00e7\u00e3o f\u00edsica e arte); Ci\u00eancias Humanas e Sociais Aplicadas (hist\u00f3ria, geografia, filosofia e sociologia); Ci\u00eancias da Natureza e suas tecnologias (biologia, qu\u00edmica e f\u00edsica); e Matem\u00e1tica e suas tecnologias.<\/p>\n<p><strong>Segunda fase e Reda\u00e7\u00e3o:\u00a0<\/strong>quem for aprovado na primeira fase, \u00e9 convocado para a segunda fase do processo seletivo, programada para os dias 13 e 14 de dezembro (domingo e segunda-feira).<\/p>\n<p>A prova do primeiro dia da segunda fase, de conhecimentos espec\u00edficos, \u00e9 composta por 24 quest\u00f5es discursivas; contemplando as \u00e1reas de Ci\u00eancias Humanas e Sociais Aplicadas (hist\u00f3ria, geografia, filosofia e sociologia); Ci\u00eancias da Natureza e suas tecnologias (biologia, qu\u00edmica e f\u00edsica) e Matem\u00e1tica e suas tecnologias.<\/p>\n<p>J\u00e1 o segundo dia da segunda fase, de conhecimentos espec\u00edficos, traz 12 quest\u00f5es contemplando a \u00e1rea de Linguagens e suas tecnologias (l\u00edngua portuguesa e literatura, l\u00edngua inglesa, educa\u00e7\u00e3o f\u00edsica e arte); e a Reda\u00e7\u00e3o, de g\u00eanero dissertativo, que avalia as propriedades de progress\u00e3o tem\u00e1tica, coer\u00eancia e coes\u00e3o, privilegiando-se a modalidade escrita culta.<\/p>\n<p>A reda\u00e7\u00e3o da Unesp costuma propor temas de relev\u00e2ncia social, em formato de disserta\u00e7\u00e3o argumentativa, pedindo que o candidato apresente ponto de vista claro, argumentos bem estruturados e repert\u00f3rio sociocultural pertinente.<\/p>\n<p>Para alguns candidatos, a depender do curso, ap\u00f3s a aprova\u00e7\u00e3o na segunda fase, h\u00e1 ainda uma prova de habilidades espec\u00edficas, destinada a avaliar o potencial e aptid\u00e3o do candidato para o curso escolhido.<\/p>\n<p><strong>Prepara\u00e7\u00e3o para a prova<\/strong><\/p>\n<p>De acordo com o educador da EIA, a prepara\u00e7\u00e3o ideal come\u00e7a com anteced\u00eancia. \u201cCriar uma rotina de estudos consistente, ler com frequ\u00eancia, acompanhar temas da atualidade e resolver provas anteriores ajuda o candidato a ganhar seguran\u00e7a e a se familiarizar com o perfil da prova\u201d, orienta.<\/p>\n<p>Segundo Rifaat, durante a prepara\u00e7\u00e3o, o objetivo \u00e9 manter o desempenho e chegar \u00e0 prova com seguran\u00e7a:<\/p>\n<p><strong><em>&#8211; Fazer simulados semanais, respeitando o tempo real da prova;<\/em><\/strong><\/p>\n<p><strong><em>&#8211; Treinar respostas discursivas mais longas, simulando a 2\u00aa fase;<\/em><\/strong><\/p>\n<p><strong><em>&#8211; Intensificar as revis\u00f5es dos pontos mais fr\u00e1geis.<\/em><\/strong><br \/>\n<strong>Organiza\u00e7\u00e3o semanal<\/strong><\/p>\n<p>A recomenda\u00e7\u00e3o do docente \u00e9 para o candidato estudar, em m\u00e9dia, tr\u00eas horas por dia, distribu\u00eddas da seguinte forma:<\/p>\n<p><strong><em>&#8211; 20 minutos de revis\u00e3o do conte\u00fado estudado no dia anterior;<\/em><\/strong><\/p>\n<p><strong><em>&#8211; 75 minutos de estudo te\u00f3rico com exerc\u00edcios;<\/em><\/strong><\/p>\n<p><strong><em>&#8211; 10 minutos de pausa;<\/em><\/strong><\/p>\n<p><strong><em>&#8211; Mais 75 minutos de estudo e pr\u00e1tica.<\/em><\/strong><\/p>\n<p>O educador recomenda ainda aos candidatos distribuir os estudos das \u00e1reas do conhecimento durante os dias da semana:<\/p>\n<p><em><strong>&#8211; Segunda-feira: Linguagens e suas Tecnologias (L\u00edngua Portuguesa, Literatura e Ingl\u00eas);<\/strong><\/em><\/p>\n<p><em><strong>&#8211; Ter\u00e7a-feira: Ci\u00eancias Humanas e Sociais Aplicadas (Hist\u00f3ria, Geografia, Filosofia e Sociologia);<\/strong><\/em><\/p>\n<p><em><strong>&#8211; Quarta-feira: Ci\u00eancias da Natureza e suas Tecnologias (Biologia, Qu\u00edmica e F\u00edsica);<\/strong><\/em><\/p>\n<p><em><strong>&#8211; Quinta-feira: Matem\u00e1tica e suas Tecnologias;<\/strong><\/em><\/p>\n<p><em><strong>&#8211; Sexta-feira: Reda\u00e7\u00e3o e leitura de atualidades.<\/strong><\/em><\/p>\n<p><strong>Sa\u00fade emocional e bem-estar<\/strong><\/p>\n<p>Segundo Peter Rifaat, cuidar da sa\u00fade emocional \u00e9 parte fundamental da prepara\u00e7\u00e3o. Manter uma rotina organizada, intercalar estudo e descanso, praticar atividade f\u00edsica e garantir boas noites de sono ajudam a reduzir a ansiedade.<\/p>\n<p>\u201cA Unesp \u00e9 um vestibular longo e exigente, e o equil\u00edbrio emocional faz diferen\u00e7a tanto na primeira quanto na segunda fase\u201d, afirma. \u201cO estudante que se prepara com const\u00e2ncia percebe que o processo de estudo vai al\u00e9m da aprova\u00e7\u00e3o: ele desenvolve autonomia, pensamento cr\u00edtico e maturidade acad\u00eamica, compet\u00eancias que ser\u00e3o valiosas ao longo de toda a vida universit\u00e1ria\u201d, conclui o educador.<\/p>\n","protected":false},"excerpt":{"rendered":"<p>Entender o perfil da prova e se preparar com anteced\u00eancia aumenta as chances de aprova\u00e7\u00e3o no concorrido processo seletivo A Universidade Estadual Paulista (Unesp) abre nesta<span class=\"excerpt-hellip\"> [\u2026]<\/span><\/p>\n","protected":false},"author":10,"featured_media":70343,"comment_status":"open","ping_status":"open","sticky":false,"template":"","format":"standard","meta":{"_jetpack_memberships_contains_paid_content":false,"footnotes":"","jetpack_publicize_message":"","jetpack_publicize_feature_enabled":true,"jetpack_social_post_already_shared":true,"jetpack_social_options":{"image_generator_settings":{"template":"highway","default_image_id":0,"enabled":false},"version":2}},"categories":[28,44],"tags":[],"class_list":["post-70342","post","type-post","status-publish","format-standard","has-post-thumbnail","hentry","category-cotidiano","category-noticias"],"yoast_head":"<!-- This site is optimized with the Yoast SEO plugin v25.6 - https:\/\/yoast.com\/wordpress\/plugins\/seo\/ -->\n<title>UNESP abre inscri\u00e7\u00f5es para o vestibular 2027 nesta sexta-feira; veja dicas de estudos - VerdadeOn<\/title>\n<meta name=\"robots\" content=\"index, follow, max-snippet:-1, max-image-preview:large, max-video-preview:-1\" \/>\n<link rel=\"canonical\" href=\"https:\/\/verdadeon.com.br\/portal\/2026\/09\/03\/unesp-abre-inscricoes-para-o-vestibular-2027-nesta-sexta-feira-veja-dicas-de-estudos\/\" \/>\n<meta property=\"og:locale\" content=\"pt_BR\" \/>\n<meta property=\"og:type\" content=\"article\" \/>\n<meta property=\"og:title\" content=\"UNESP abre inscri\u00e7\u00f5es para o vestibular 2027 nesta sexta-feira; veja dicas de estudos - VerdadeOn\" \/>\n<meta property=\"og:description\" content=\"Entender o perfil da prova e se preparar com anteced\u00eancia aumenta as chances de aprova\u00e7\u00e3o no concorrido processo seletivo A Universidade Estadual Paulista (Unesp) abre nesta [\u2026]\" \/>\n<meta property=\"og:url\" content=\"https:\/\/verdadeon.com.br\/portal\/2026\/09\/03\/unesp-abre-inscricoes-para-o-vestibular-2027-nesta-sexta-feira-veja-dicas-de-estudos\/\" \/>\n<meta property=\"og:site_name\" content=\"VerdadeOn\" \/>\n<meta property=\"article:published_time\" content=\"2026-09-03T17:44:32+00:00\" \/>\n<meta property=\"og:image\" content=\"https:\/\/verdadeon.com.br\/portal\/wp-content\/uploads\/2026\/09\/unnamed-12.jpg\" \/>\n\t<meta property=\"og:image:width\" content=\"800\" \/>\n\t<meta property=\"og:image:height\" content=\"533\" \/>\n\t<meta property=\"og:image:type\" content=\"image\/jpeg\" \/>\n<meta name=\"author\" content=\"Redacao VerdadeOn\" \/>\n<meta name=\"twitter:card\" content=\"summary_large_image\" \/>\n<meta name=\"twitter:label1\" content=\"Escrito por\" \/>\n\t<meta name=\"twitter:data1\" content=\"Redacao VerdadeOn\" \/>\n\t<meta name=\"twitter:label2\" content=\"Est. tempo de leitura\" \/>\n\t<meta name=\"twitter:data2\" content=\"5 minutos\" \/>\n<script type=\"application\/ld+json\" class=\"yoast-schema-graph\">{\"@context\":\"https:\/\/schema.org\",\"@graph\":[{\"@type\":\"WebPage\",\"@id\":\"https:\/\/verdadeon.com.br\/portal\/2026\/09\/03\/unesp-abre-inscricoes-para-o-vestibular-2027-nesta-sexta-feira-veja-dicas-de-estudos\/\",\"url\":\"https:\/\/verdadeon.com.br\/portal\/2026\/09\/03\/unesp-abre-inscricoes-para-o-vestibular-2027-nesta-sexta-feira-veja-dicas-de-estudos\/\",\"name\":\"UNESP abre inscri\u00e7\u00f5es para o vestibular 2027 nesta sexta-feira; veja dicas de estudos - VerdadeOn\",\"isPartOf\":{\"@id\":\"https:\/\/verdadeon.com.br\/portal\/#website\"},\"primaryImageOfPage\":{\"@id\":\"https:\/\/verdadeon.com.br\/portal\/2026\/09\/03\/unesp-abre-inscricoes-para-o-vestibular-2027-nesta-sexta-feira-veja-dicas-de-estudos\/#primaryimage\"},\"image\":{\"@id\":\"https:\/\/verdadeon.com.br\/portal\/2026\/09\/03\/unesp-abre-inscricoes-para-o-vestibular-2027-nesta-sexta-feira-veja-dicas-de-estudos\/#primaryimage\"},\"thumbnailUrl\":\"https:\/\/i0.wp.com\/verdadeon.com.br\/portal\/wp-content\/uploads\/2026\/09\/unnamed-12.jpg?fit=800%2C533&ssl=1\",\"datePublished\":\"2026-09-03T17:44:32+00:00\",\"author\":{\"@id\":\"https:\/\/verdadeon.com.br\/portal\/#\/schema\/person\/a5060ad1e9ea3df545188fc93ce43d2f\"},\"breadcrumb\":{\"@id\":\"https:\/\/verdadeon.com.br\/portal\/2026\/09\/03\/unesp-abre-inscricoes-para-o-vestibular-2027-nesta-sexta-feira-veja-dicas-de-estudos\/#breadcrumb\"},\"inLanguage\":\"pt-BR\",\"potentialAction\":[{\"@type\":\"ReadAction\",\"target\":[\"https:\/\/verdadeon.com.br\/portal\/2026\/09\/03\/unesp-abre-inscricoes-para-o-vestibular-2027-nesta-sexta-feira-veja-dicas-de-estudos\/\"]}]},{\"@type\":\"ImageObject\",\"inLanguage\":\"pt-BR\",\"@id\":\"https:\/\/verdadeon.com.br\/portal\/2026\/09\/03\/unesp-abre-inscricoes-para-o-vestibular-2027-nesta-sexta-feira-veja-dicas-de-estudos\/#primaryimage\",\"url\":\"https:\/\/i0.wp.com\/verdadeon.com.br\/portal\/wp-content\/uploads\/2026\/09\/unnamed-12.jpg?fit=800%2C533&ssl=1\",\"contentUrl\":\"https:\/\/i0.wp.com\/verdadeon.com.br\/portal\/wp-content\/uploads\/2026\/09\/unnamed-12.jpg?fit=800%2C533&ssl=1\",\"width\":800,\"height\":533,\"caption\":\"(\u00a9Magnific)\"},{\"@type\":\"BreadcrumbList\",\"@id\":\"https:\/\/verdadeon.com.br\/portal\/2026\/09\/03\/unesp-abre-inscricoes-para-o-vestibular-2027-nesta-sexta-feira-veja-dicas-de-estudos\/#breadcrumb\",\"itemListElement\":[{\"@type\":\"ListItem\",\"position\":1,\"name\":\"In\u00edcio\",\"item\":\"https:\/\/verdadeon.com.br\/portal\/\"},{\"@type\":\"ListItem\",\"position\":2,\"name\":\"UNESP abre inscri\u00e7\u00f5es para o vestibular 2027 nesta sexta-feira; veja dicas de estudos\"}]},{\"@type\":\"WebSite\",\"@id\":\"https:\/\/verdadeon.com.br\/portal\/#website\",\"url\":\"https:\/\/verdadeon.com.br\/portal\/\",\"name\":\"VerdadeOn\",\"description\":\"Not\u00edcias di\u00e1rias sobre Franca, Regi\u00e3o, Esporte, Cultura, Cotidiano, Colunas. Cobertura nos principais eventos da cidade \u00e9 aqui - Verdadeon Franca\",\"potentialAction\":[{\"@type\":\"SearchAction\",\"target\":{\"@type\":\"EntryPoint\",\"urlTemplate\":\"https:\/\/verdadeon.com.br\/portal\/?s={search_term_string}\"},\"query-input\":{\"@type\":\"PropertyValueSpecification\",\"valueRequired\":true,\"valueName\":\"search_term_string\"}}],\"inLanguage\":\"pt-BR\"},{\"@type\":\"Person\",\"@id\":\"https:\/\/verdadeon.com.br\/portal\/#\/schema\/person\/a5060ad1e9ea3df545188fc93ce43d2f\",\"name\":\"Redacao VerdadeOn\",\"image\":{\"@type\":\"ImageObject\",\"inLanguage\":\"pt-BR\",\"@id\":\"https:\/\/verdadeon.com.br\/portal\/#\/schema\/person\/image\/\",\"url\":\"https:\/\/secure.gravatar.com\/avatar\/459a9613caaaf07f582c3d0841eea68bdd66f533e465e6ba8b9cb45619572cf4?s=96&d=mm&r=g\",\"contentUrl\":\"https:\/\/secure.gravatar.com\/avatar\/459a9613caaaf07f582c3d0841eea68bdd66f533e465e6ba8b9cb45619572cf4?s=96&d=mm&r=g\",\"caption\":\"Redacao VerdadeOn\"},\"url\":\"https:\/\/verdadeon.com.br\/portal\/author\/redacao\/\"}]}<\/script>\n<!-- \/ Yoast SEO plugin. -->","yoast_head_json":{"title":"UNESP abre inscri\u00e7\u00f5es para o vestibular 2027 nesta sexta-feira; veja dicas de estudos - VerdadeOn","robots":{"index":"index","follow":"follow","max-snippet":"max-snippet:-1","max-image-preview":"max-image-preview:large","max-video-preview":"max-video-preview:-1"},"canonical":"https:\/\/verdadeon.com.br\/portal\/2026\/09\/03\/unesp-abre-inscricoes-para-o-vestibular-2027-nesta-sexta-feira-veja-dicas-de-estudos\/","og_locale":"pt_BR","og_type":"article","og_title":"UNESP abre inscri\u00e7\u00f5es para o vestibular 2027 nesta sexta-feira; veja dicas de estudos - VerdadeOn","og_description":"Entender o perfil da prova e se preparar com anteced\u00eancia aumenta as chances de aprova\u00e7\u00e3o no concorrido processo seletivo A Universidade Estadual Paulista (Unesp) abre nesta [\u2026]","og_url":"https:\/\/verdadeon.com.br\/portal\/2026\/09\/03\/unesp-abre-inscricoes-para-o-vestibular-2027-nesta-sexta-feira-veja-dicas-de-estudos\/","og_site_name":"VerdadeOn","article_published_time":"2026-09-03T17:44:32+00:00","og_image":[{"width":800,"height":533,"url":"https:\/\/verdadeon.com.br\/portal\/wp-content\/uploads\/2026\/09\/unnamed-12.jpg","type":"image\/jpeg"}],"author":"Redacao VerdadeOn","twitter_card":"summary_large_image","twitter_misc":{"Escrito por":"Redacao VerdadeOn","Est. tempo de leitura":"5 minutos"},"schema":{"@context":"https:\/\/schema.org","@graph":[{"@type":"WebPage","@id":"https:\/\/verdadeon.com.br\/portal\/2026\/09\/03\/unesp-abre-inscricoes-para-o-vestibular-2027-nesta-sexta-feira-veja-dicas-de-estudos\/","url":"https:\/\/verdadeon.com.br\/portal\/2026\/09\/03\/unesp-abre-inscricoes-para-o-vestibular-2027-nesta-sexta-feira-veja-dicas-de-estudos\/","name":"UNESP abre inscri\u00e7\u00f5es para o vestibular 2027 nesta sexta-feira; veja dicas de estudos - VerdadeOn","isPartOf":{"@id":"https:\/\/verdadeon.com.br\/portal\/#website"},"primaryImageOfPage":{"@id":"https:\/\/verdadeon.com.br\/portal\/2026\/09\/03\/unesp-abre-inscricoes-para-o-vestibular-2027-nesta-sexta-feira-veja-dicas-de-estudos\/#primaryimage"},"image":{"@id":"https:\/\/verdadeon.com.br\/portal\/2026\/09\/03\/unesp-abre-inscricoes-para-o-vestibular-2027-nesta-sexta-feira-veja-dicas-de-estudos\/#primaryimage"},"thumbnailUrl":"https:\/\/i0.wp.com\/verdadeon.com.br\/portal\/wp-content\/uploads\/2026\/09\/unnamed-12.jpg?fit=800%2C533&ssl=1","datePublished":"2026-09-03T17:44:32+00:00","author":{"@id":"https:\/\/verdadeon.com.br\/portal\/#\/schema\/person\/a5060ad1e9ea3df545188fc93ce43d2f"},"breadcrumb":{"@id":"https:\/\/verdadeon.com.br\/portal\/2026\/09\/03\/unesp-abre-inscricoes-para-o-vestibular-2027-nesta-sexta-feira-veja-dicas-de-estudos\/#breadcrumb"},"inLanguage":"pt-BR","potentialAction":[{"@type":"ReadAction","target":["https:\/\/verdadeon.com.br\/portal\/2026\/09\/03\/unesp-abre-inscricoes-para-o-vestibular-2027-nesta-sexta-feira-veja-dicas-de-estudos\/"]}]},{"@type":"ImageObject","inLanguage":"pt-BR","@id":"https:\/\/verdadeon.com.br\/portal\/2026\/09\/03\/unesp-abre-inscricoes-para-o-vestibular-2027-nesta-sexta-feira-veja-dicas-de-estudos\/#primaryimage","url":"https:\/\/i0.wp.com\/verdadeon.com.br\/portal\/wp-content\/uploads\/2026\/09\/unnamed-12.jpg?fit=800%2C533&ssl=1","contentUrl":"https:\/\/i0.wp.com\/verdadeon.com.br\/portal\/wp-content\/uploads\/2026\/09\/unnamed-12.jpg?fit=800%2C533&ssl=1","width":800,"height":533,"caption":"(\u00a9Magnific)"},{"@type":"BreadcrumbList","@id":"https:\/\/verdadeon.com.br\/portal\/2026\/09\/03\/unesp-abre-inscricoes-para-o-vestibular-2027-nesta-sexta-feira-veja-dicas-de-estudos\/#breadcrumb","itemListElement":[{"@type":"ListItem","position":1,"name":"In\u00edcio","item":"https:\/\/verdadeon.com.br\/portal\/"},{"@type":"ListItem","position":2,"name":"UNESP abre inscri\u00e7\u00f5es para o vestibular 2027 nesta sexta-feira; veja dicas de estudos"}]},{"@type":"WebSite","@id":"https:\/\/verdadeon.com.br\/portal\/#website","url":"https:\/\/verdadeon.com.br\/portal\/","name":"VerdadeOn","description":"Not\u00edcias di\u00e1rias sobre Franca, Regi\u00e3o, Esporte, Cultura, Cotidiano, Colunas. Cobertura nos principais eventos da cidade \u00e9 aqui - Verdadeon Franca","potentialAction":[{"@type":"SearchAction","target":{"@type":"EntryPoint","urlTemplate":"https:\/\/verdadeon.com.br\/portal\/?s={search_term_string}"},"query-input":{"@type":"PropertyValueSpecification","valueRequired":true,"valueName":"search_term_string"}}],"inLanguage":"pt-BR"},{"@type":"Person","@id":"https:\/\/verdadeon.com.br\/portal\/#\/schema\/person\/a5060ad1e9ea3df545188fc93ce43d2f","name":"Redacao VerdadeOn","image":{"@type":"ImageObject","inLanguage":"pt-BR","@id":"https:\/\/verdadeon.com.br\/portal\/#\/schema\/person\/image\/","url":"https:\/\/secure.gravatar.com\/avatar\/459a9613caaaf07f582c3d0841eea68bdd66f533e465e6ba8b9cb45619572cf4?s=96&d=mm&r=g","contentUrl":"https:\/\/secure.gravatar.com\/avatar\/459a9613caaaf07f582c3d0841eea68bdd66f533e465e6ba8b9cb45619572cf4?s=96&d=mm&r=g","caption":"Redacao VerdadeOn"},"url":"https:\/\/verdadeon.com.br\/portal\/author\/redacao\/"}]}},"jetpack_publicize_connections":[],"jetpack_featured_media_url":"https:\/\/i0.wp.com\/verdadeon.com.br\/portal\/wp-content\/uploads\/2026\/09\/unnamed-12.jpg?fit=800%2C533&ssl=1","jetpack_sharing_enabled":true,"_links":{"self":[{"href":"https:\/\/verdadeon.com.br\/portal\/wp-json\/wp\/v2\/posts\/70342","targetHints":{"allow":["GET"]}}],"collection":[{"href":"https:\/\/verdadeon.com.br\/portal\/wp-json\/wp\/v2\/posts"}],"about":[{"href":"https:\/\/verdadeon.com.br\/portal\/wp-json\/wp\/v2\/types\/post"}],"author":[{"embeddable":true,"href":"https:\/\/verdadeon.com.br\/portal\/wp-json\/wp\/v2\/users\/10"}],"replies":[{"embeddable":true,"href":"https:\/\/verdadeon.com.br\/portal\/wp-json\/wp\/v2\/comments?post=70342"}],"version-history":[{"count":2,"href":"https:\/\/verdadeon.com.br\/portal\/wp-json\/wp\/v2\/posts\/70342\/revisions"}],"predecessor-version":[{"id":70345,"href":"https:\/\/verdadeon.com.br\/portal\/wp-json\/wp\/v2\/posts\/70342\/revisions\/70345"}],"wp:featuredmedia":[{"embeddable":true,"href":"https:\/\/verdadeon.com.br\/portal\/wp-json\/wp\/v2\/media\/70343"}],"wp:attachment":[{"href":"https:\/\/verdadeon.com.br\/portal\/wp-json\/wp\/v2\/media?parent=70342"}],"wp:term":[{"taxonomy":"category","embeddable":true,"href":"https:\/\/verdadeon.com.br\/portal\/wp-json\/wp\/v2\/categories?post=70342"},{"taxonomy":"post_tag","embeddable":true,"href":"https:\/\/verdadeon.com.br\/portal\/wp-json\/wp\/v2\/tags?post=70342"}],"curies":[{"name":"wp","href":"https:\/\/api.w.org\/{rel}","templated":true}]}}