{"id":70338,"date":"2026-09-03T14:40:09","date_gmt":"2026-09-03T17:40:09","guid":{"rendered":"https:\/\/verdadeon.com.br\/portal\/?p=70338"},"modified":"2026-09-03T14:40:09","modified_gmt":"2026-09-03T17:40:09","slug":"nao-se-cale-vai-a-escola-leva-acoes-de-prevencao-a-violencia-contra-a-mulher-para-estudantes-de-franca","status":"publish","type":"post","link":"https:\/\/verdadeon.com.br\/portal\/2026\/09\/03\/nao-se-cale-vai-a-escola-leva-acoes-de-prevencao-a-violencia-contra-a-mulher-para-estudantes-de-franca\/","title":{"rendered":"&#8216;N\u00e3o se Cale Vai \u00e0 Escola&#8217; leva a\u00e7\u00f5es de preven\u00e7\u00e3o \u00e0 viol\u00eancia contra a mulher para estudantes de Franca"},"content":{"rendered":"<h2>Iniciativa do Governo de SP realiza palestras em duas escolas estaduais do munic\u00edpio, com informa\u00e7\u00f5es sobre sinais de abuso, prote\u00e7\u00e3o e canais de den\u00fancia<\/h2>\n<p>O N\u00e3o se Cale Vai \u00e0 Escola, iniciativa do Governo do Estado de S\u00e3o Paulo coordenada pela Secretaria de Pol\u00edticas para a Mulher, em parceria com as Secretarias da Educa\u00e7\u00e3o e da Seguran\u00e7a P\u00fablica, realiza duas a\u00e7\u00f5es presenciais em escolas estaduais de Franca no dia 4 de setembro.<\/p>\n<p>As palestras ser\u00e3o realizadas pela Pol\u00edcia Civil e reunir\u00e3o estudantes do Ensino M\u00e9dio para abordar temas relacionados \u00e0 preven\u00e7\u00e3o e ao enfrentamento da viol\u00eancia contra mulheres e meninas. Em Franca, as atividades acontecem na E.E. H\u00e9lio Palermo e na E.E. Roberto Scarabucci.<\/p>\n<p>Durante os encontros, os estudantes receber\u00e3o orienta\u00e7\u00f5es sobre a Lei Maria da Penha, diferentes formas de viol\u00eancia contra a mulher, sinais de alerta, mecanismos de prote\u00e7\u00e3o, rede de apoio e canais de den\u00fancia. A proposta \u00e9 ampliar o conhecimento dos jovens para que possam reconhecer situa\u00e7\u00f5es de viol\u00eancia, identificar comportamentos abusivos e saber onde buscar ajuda.<\/p>\n<p>\u201cLevar informa\u00e7\u00e3o para dentro das escolas \u00e9 uma forma concreta de fortalecer a preven\u00e7\u00e3o e interromper ciclos de viol\u00eancia. Quando estudantes aprendem a reconhecer sinais de abuso, conhecem os canais de den\u00fancia e sabem onde buscar ajuda, tamb\u00e9m passam a ser agentes de prote\u00e7\u00e3o. \u00c9 esse conhecimento que queremos ampliar com o N\u00e3o se Cale Vai \u00e0 Escola em todo o Estado\u201d, afirma a secret\u00e1ria de Pol\u00edticas para a Mulher, Adriana Liporoni.<\/p>\n<p>\u201cA prote\u00e7\u00e3o das mulheres tamb\u00e9m come\u00e7a pela preven\u00e7\u00e3o e pela informa\u00e7\u00e3o. Quando levamos esse debate para dentro das escolas, ajudamos os jovens a identificar comportamentos abusivos, conhecer os canais de den\u00fancia e entender que a viol\u00eancia n\u00e3o pode ser naturalizada\u201d, afirma o secret\u00e1rio da Seguran\u00e7a P\u00fablica, Osvaldo Nico Gon\u00e7alves.<\/p>\n<p>\u201c\u00c9 uma iniciativa fundamental para unir esfor\u00e7os no enfrentamento da viol\u00eancia contra mulheres e meninas. Levar informa\u00e7\u00e3o \u00e0 rede de ensino e \u00e0 comunidade \u00e9 o primeiro passo para prevenir e romper ciclos de viol\u00eancia, tornando nossas escolas e fam\u00edlias espa\u00e7os mais seguros e acolhedores\u201d, afirma o secret\u00e1rio da Educa\u00e7\u00e3o, Renato Feder.<\/p>\n<p>Franca est\u00e1 entre os 56 munic\u00edpios paulistas selecionados para a primeira etapa do N\u00e3o se Cale Vai \u00e0 Escola, definida a partir de dados da Secretaria da Seguran\u00e7a P\u00fablica sobre regi\u00f5es com maior incid\u00eancia de registros relacionados \u00e0 viol\u00eancia contra a mulher. Ao todo, esta fase prev\u00ea 168 a\u00e7\u00f5es presenciais em escolas estaduais dos munic\u00edpios contemplados.<\/p>\n<p><strong>Conte\u00fado online para profissionais da educa\u00e7\u00e3o<\/strong><\/p>\n<p>Al\u00e9m das atividades presenciais com os estudantes, a segunda etapa do projeto tamb\u00e9m disponibiliza, desde 31 de agosto, um percurso orientativo online para os profissionais da rede estadual de ensino. O conte\u00fado, estruturado em 11 videoaulas, pode ser acessado no Ambiente Virtual de Aprendizagem (AVA-Efape) e apresenta orienta\u00e7\u00f5es pr\u00e1ticas sobre diferentes formas de viol\u00eancia, identifica\u00e7\u00e3o de sinais de risco, direitos das v\u00edtimas e medidas protetivas. O objetivo \u00e9 oferecer conhecimento aplicado ao cotidiano das escolas, fortalecendo a atua\u00e7\u00e3o dos educadores na preven\u00e7\u00e3o e no encaminhamento adequado dessas situa\u00e7\u00f5es.<\/p>\n<p><strong>SP Por Todas<\/strong><\/p>\n<p>S\u00e3o Paulo Por Todas \u00e9 um movimento promovido pelo Governo do Estado de S\u00e3o Paulo para ampliar a visibilidade das pol\u00edticas p\u00fablicas voltadas \u00e0s mulheres, fortalecendo a rede de prote\u00e7\u00e3o, acolhimento e promo\u00e7\u00e3o da autonomia profissional e financeira em todo o Estado. Mais informa\u00e7\u00f5es:\u00a0<a href=\"http:\/\/www.spportodas.sp.gov.br\/\" target=\"_blank\" rel=\"noopener\" data-saferedirecturl=\"https:\/\/www.google.com\/url?q=http:\/\/www.spportodas.sp.gov.br&amp;source=gmail&amp;ust=1788465180997000&amp;usg=AOvVaw1iWKapLhLnbWv0n3tkj4bU\">www.spportodas.sp.gov.br<\/a><\/p>\n","protected":false},"excerpt":{"rendered":"<p>Iniciativa do Governo de SP realiza palestras em duas escolas estaduais do munic\u00edpio, com informa\u00e7\u00f5es sobre sinais de abuso, prote\u00e7\u00e3o e canais de den\u00fancia O N\u00e3o<span class=\"excerpt-hellip\"> [\u2026]<\/span><\/p>\n","protected":false},"author":10,"featured_media":70339,"comment_status":"open","ping_status":"open","sticky":false,"template":"","format":"standard","meta":{"_jetpack_memberships_contains_paid_content":false,"footnotes":"","jetpack_publicize_message":"","jetpack_publicize_feature_enabled":true,"jetpack_social_post_already_shared":true,"jetpack_social_options":{"image_generator_settings":{"template":"highway","default_image_id":0,"enabled":false},"version":2}},"categories":[28,44],"tags":[],"class_list":["post-70338","post","type-post","status-publish","format-standard","has-post-thumbnail","hentry","category-cotidiano","category-noticias"],"yoast_head":"<!-- This site is optimized with the Yoast SEO plugin v25.6 - https:\/\/yoast.com\/wordpress\/plugins\/seo\/ -->\n<title>&#039;N\u00e3o se Cale Vai \u00e0 Escola&#039; leva a\u00e7\u00f5es de preven\u00e7\u00e3o \u00e0 viol\u00eancia contra a mulher para estudantes de Franca - VerdadeOn<\/title>\n<meta name=\"robots\" content=\"index, follow, max-snippet:-1, max-image-preview:large, max-video-preview:-1\" \/>\n<link rel=\"canonical\" href=\"https:\/\/verdadeon.com.br\/portal\/2026\/09\/03\/nao-se-cale-vai-a-escola-leva-acoes-de-prevencao-a-violencia-contra-a-mulher-para-estudantes-de-franca\/\" \/>\n<meta property=\"og:locale\" content=\"pt_BR\" \/>\n<meta property=\"og:type\" content=\"article\" \/>\n<meta property=\"og:title\" content=\"&#039;N\u00e3o se Cale Vai \u00e0 Escola&#039; leva a\u00e7\u00f5es de preven\u00e7\u00e3o \u00e0 viol\u00eancia contra a mulher para estudantes de Franca - VerdadeOn\" \/>\n<meta property=\"og:description\" content=\"Iniciativa do Governo de SP realiza palestras em duas escolas estaduais do munic\u00edpio, com informa\u00e7\u00f5es sobre sinais de abuso, prote\u00e7\u00e3o e canais de den\u00fancia O N\u00e3o [\u2026]\" \/>\n<meta property=\"og:url\" content=\"https:\/\/verdadeon.com.br\/portal\/2026\/09\/03\/nao-se-cale-vai-a-escola-leva-acoes-de-prevencao-a-violencia-contra-a-mulher-para-estudantes-de-franca\/\" \/>\n<meta property=\"og:site_name\" content=\"VerdadeOn\" \/>\n<meta property=\"article:published_time\" content=\"2026-09-03T17:40:09+00:00\" \/>\n<meta property=\"og:image\" content=\"https:\/\/verdadeon.com.br\/portal\/wp-content\/uploads\/2026\/09\/unnamed-11.jpg\" \/>\n\t<meta property=\"og:image:width\" content=\"800\" \/>\n\t<meta property=\"og:image:height\" content=\"600\" \/>\n\t<meta property=\"og:image:type\" content=\"image\/jpeg\" \/>\n<meta name=\"author\" content=\"Redacao VerdadeOn\" \/>\n<meta name=\"twitter:card\" content=\"summary_large_image\" \/>\n<meta name=\"twitter:label1\" content=\"Escrito por\" \/>\n\t<meta name=\"twitter:data1\" content=\"Redacao VerdadeOn\" \/>\n\t<meta name=\"twitter:label2\" content=\"Est. tempo de leitura\" \/>\n\t<meta name=\"twitter:data2\" content=\"4 minutos\" \/>\n<script type=\"application\/ld+json\" class=\"yoast-schema-graph\">{\"@context\":\"https:\/\/schema.org\",\"@graph\":[{\"@type\":\"WebPage\",\"@id\":\"https:\/\/verdadeon.com.br\/portal\/2026\/09\/03\/nao-se-cale-vai-a-escola-leva-acoes-de-prevencao-a-violencia-contra-a-mulher-para-estudantes-de-franca\/\",\"url\":\"https:\/\/verdadeon.com.br\/portal\/2026\/09\/03\/nao-se-cale-vai-a-escola-leva-acoes-de-prevencao-a-violencia-contra-a-mulher-para-estudantes-de-franca\/\",\"name\":\"'N\u00e3o se Cale Vai \u00e0 Escola' leva a\u00e7\u00f5es de preven\u00e7\u00e3o \u00e0 viol\u00eancia contra a mulher para estudantes de Franca - VerdadeOn\",\"isPartOf\":{\"@id\":\"https:\/\/verdadeon.com.br\/portal\/#website\"},\"primaryImageOfPage\":{\"@id\":\"https:\/\/verdadeon.com.br\/portal\/2026\/09\/03\/nao-se-cale-vai-a-escola-leva-acoes-de-prevencao-a-violencia-contra-a-mulher-para-estudantes-de-franca\/#primaryimage\"},\"image\":{\"@id\":\"https:\/\/verdadeon.com.br\/portal\/2026\/09\/03\/nao-se-cale-vai-a-escola-leva-acoes-de-prevencao-a-violencia-contra-a-mulher-para-estudantes-de-franca\/#primaryimage\"},\"thumbnailUrl\":\"https:\/\/i0.wp.com\/verdadeon.com.br\/portal\/wp-content\/uploads\/2026\/09\/unnamed-11.jpg?fit=800%2C600&ssl=1\",\"datePublished\":\"2026-09-03T17:40:09+00:00\",\"author\":{\"@id\":\"https:\/\/verdadeon.com.br\/portal\/#\/schema\/person\/a5060ad1e9ea3df545188fc93ce43d2f\"},\"breadcrumb\":{\"@id\":\"https:\/\/verdadeon.com.br\/portal\/2026\/09\/03\/nao-se-cale-vai-a-escola-leva-acoes-de-prevencao-a-violencia-contra-a-mulher-para-estudantes-de-franca\/#breadcrumb\"},\"inLanguage\":\"pt-BR\",\"potentialAction\":[{\"@type\":\"ReadAction\",\"target\":[\"https:\/\/verdadeon.com.br\/portal\/2026\/09\/03\/nao-se-cale-vai-a-escola-leva-acoes-de-prevencao-a-violencia-contra-a-mulher-para-estudantes-de-franca\/\"]}]},{\"@type\":\"ImageObject\",\"inLanguage\":\"pt-BR\",\"@id\":\"https:\/\/verdadeon.com.br\/portal\/2026\/09\/03\/nao-se-cale-vai-a-escola-leva-acoes-de-prevencao-a-violencia-contra-a-mulher-para-estudantes-de-franca\/#primaryimage\",\"url\":\"https:\/\/i0.wp.com\/verdadeon.com.br\/portal\/wp-content\/uploads\/2026\/09\/unnamed-11.jpg?fit=800%2C600&ssl=1\",\"contentUrl\":\"https:\/\/i0.wp.com\/verdadeon.com.br\/portal\/wp-content\/uploads\/2026\/09\/unnamed-11.jpg?fit=800%2C600&ssl=1\",\"width\":800,\"height\":600,\"caption\":\"(\u00a9Divulga\u00e7\u00e3o)\"},{\"@type\":\"BreadcrumbList\",\"@id\":\"https:\/\/verdadeon.com.br\/portal\/2026\/09\/03\/nao-se-cale-vai-a-escola-leva-acoes-de-prevencao-a-violencia-contra-a-mulher-para-estudantes-de-franca\/#breadcrumb\",\"itemListElement\":[{\"@type\":\"ListItem\",\"position\":1,\"name\":\"In\u00edcio\",\"item\":\"https:\/\/verdadeon.com.br\/portal\/\"},{\"@type\":\"ListItem\",\"position\":2,\"name\":\"&#8216;N\u00e3o se Cale Vai \u00e0 Escola&#8217; leva a\u00e7\u00f5es de preven\u00e7\u00e3o \u00e0 viol\u00eancia contra a mulher para estudantes de Franca\"}]},{\"@type\":\"WebSite\",\"@id\":\"https:\/\/verdadeon.com.br\/portal\/#website\",\"url\":\"https:\/\/verdadeon.com.br\/portal\/\",\"name\":\"VerdadeOn\",\"description\":\"Not\u00edcias di\u00e1rias sobre Franca, Regi\u00e3o, Esporte, Cultura, Cotidiano, Colunas. Cobertura nos principais eventos da cidade \u00e9 aqui - Verdadeon Franca\",\"potentialAction\":[{\"@type\":\"SearchAction\",\"target\":{\"@type\":\"EntryPoint\",\"urlTemplate\":\"https:\/\/verdadeon.com.br\/portal\/?s={search_term_string}\"},\"query-input\":{\"@type\":\"PropertyValueSpecification\",\"valueRequired\":true,\"valueName\":\"search_term_string\"}}],\"inLanguage\":\"pt-BR\"},{\"@type\":\"Person\",\"@id\":\"https:\/\/verdadeon.com.br\/portal\/#\/schema\/person\/a5060ad1e9ea3df545188fc93ce43d2f\",\"name\":\"Redacao VerdadeOn\",\"image\":{\"@type\":\"ImageObject\",\"inLanguage\":\"pt-BR\",\"@id\":\"https:\/\/verdadeon.com.br\/portal\/#\/schema\/person\/image\/\",\"url\":\"https:\/\/secure.gravatar.com\/avatar\/459a9613caaaf07f582c3d0841eea68bdd66f533e465e6ba8b9cb45619572cf4?s=96&d=mm&r=g\",\"contentUrl\":\"https:\/\/secure.gravatar.com\/avatar\/459a9613caaaf07f582c3d0841eea68bdd66f533e465e6ba8b9cb45619572cf4?s=96&d=mm&r=g\",\"caption\":\"Redacao VerdadeOn\"},\"url\":\"https:\/\/verdadeon.com.br\/portal\/author\/redacao\/\"}]}<\/script>\n<!-- \/ Yoast SEO plugin. -->","yoast_head_json":{"title":"'N\u00e3o se Cale Vai \u00e0 Escola' leva a\u00e7\u00f5es de preven\u00e7\u00e3o \u00e0 viol\u00eancia contra a mulher para estudantes de Franca - VerdadeOn","robots":{"index":"index","follow":"follow","max-snippet":"max-snippet:-1","max-image-preview":"max-image-preview:large","max-video-preview":"max-video-preview:-1"},"canonical":"https:\/\/verdadeon.com.br\/portal\/2026\/09\/03\/nao-se-cale-vai-a-escola-leva-acoes-de-prevencao-a-violencia-contra-a-mulher-para-estudantes-de-franca\/","og_locale":"pt_BR","og_type":"article","og_title":"'N\u00e3o se Cale Vai \u00e0 Escola' leva a\u00e7\u00f5es de preven\u00e7\u00e3o \u00e0 viol\u00eancia contra a mulher para estudantes de Franca - VerdadeOn","og_description":"Iniciativa do Governo de SP realiza palestras em duas escolas estaduais do munic\u00edpio, com informa\u00e7\u00f5es sobre sinais de abuso, prote\u00e7\u00e3o e canais de den\u00fancia O N\u00e3o [\u2026]","og_url":"https:\/\/verdadeon.com.br\/portal\/2026\/09\/03\/nao-se-cale-vai-a-escola-leva-acoes-de-prevencao-a-violencia-contra-a-mulher-para-estudantes-de-franca\/","og_site_name":"VerdadeOn","article_published_time":"2026-09-03T17:40:09+00:00","og_image":[{"width":800,"height":600,"url":"https:\/\/verdadeon.com.br\/portal\/wp-content\/uploads\/2026\/09\/unnamed-11.jpg","type":"image\/jpeg"}],"author":"Redacao VerdadeOn","twitter_card":"summary_large_image","twitter_misc":{"Escrito por":"Redacao VerdadeOn","Est. tempo de leitura":"4 minutos"},"schema":{"@context":"https:\/\/schema.org","@graph":[{"@type":"WebPage","@id":"https:\/\/verdadeon.com.br\/portal\/2026\/09\/03\/nao-se-cale-vai-a-escola-leva-acoes-de-prevencao-a-violencia-contra-a-mulher-para-estudantes-de-franca\/","url":"https:\/\/verdadeon.com.br\/portal\/2026\/09\/03\/nao-se-cale-vai-a-escola-leva-acoes-de-prevencao-a-violencia-contra-a-mulher-para-estudantes-de-franca\/","name":"'N\u00e3o se Cale Vai \u00e0 Escola' leva a\u00e7\u00f5es de preven\u00e7\u00e3o \u00e0 viol\u00eancia contra a mulher para estudantes de Franca - VerdadeOn","isPartOf":{"@id":"https:\/\/verdadeon.com.br\/portal\/#website"},"primaryImageOfPage":{"@id":"https:\/\/verdadeon.com.br\/portal\/2026\/09\/03\/nao-se-cale-vai-a-escola-leva-acoes-de-prevencao-a-violencia-contra-a-mulher-para-estudantes-de-franca\/#primaryimage"},"image":{"@id":"https:\/\/verdadeon.com.br\/portal\/2026\/09\/03\/nao-se-cale-vai-a-escola-leva-acoes-de-prevencao-a-violencia-contra-a-mulher-para-estudantes-de-franca\/#primaryimage"},"thumbnailUrl":"https:\/\/i0.wp.com\/verdadeon.com.br\/portal\/wp-content\/uploads\/2026\/09\/unnamed-11.jpg?fit=800%2C600&ssl=1","datePublished":"2026-09-03T17:40:09+00:00","author":{"@id":"https:\/\/verdadeon.com.br\/portal\/#\/schema\/person\/a5060ad1e9ea3df545188fc93ce43d2f"},"breadcrumb":{"@id":"https:\/\/verdadeon.com.br\/portal\/2026\/09\/03\/nao-se-cale-vai-a-escola-leva-acoes-de-prevencao-a-violencia-contra-a-mulher-para-estudantes-de-franca\/#breadcrumb"},"inLanguage":"pt-BR","potentialAction":[{"@type":"ReadAction","target":["https:\/\/verdadeon.com.br\/portal\/2026\/09\/03\/nao-se-cale-vai-a-escola-leva-acoes-de-prevencao-a-violencia-contra-a-mulher-para-estudantes-de-franca\/"]}]},{"@type":"ImageObject","inLanguage":"pt-BR","@id":"https:\/\/verdadeon.com.br\/portal\/2026\/09\/03\/nao-se-cale-vai-a-escola-leva-acoes-de-prevencao-a-violencia-contra-a-mulher-para-estudantes-de-franca\/#primaryimage","url":"https:\/\/i0.wp.com\/verdadeon.com.br\/portal\/wp-content\/uploads\/2026\/09\/unnamed-11.jpg?fit=800%2C600&ssl=1","contentUrl":"https:\/\/i0.wp.com\/verdadeon.com.br\/portal\/wp-content\/uploads\/2026\/09\/unnamed-11.jpg?fit=800%2C600&ssl=1","width":800,"height":600,"caption":"(\u00a9Divulga\u00e7\u00e3o)"},{"@type":"BreadcrumbList","@id":"https:\/\/verdadeon.com.br\/portal\/2026\/09\/03\/nao-se-cale-vai-a-escola-leva-acoes-de-prevencao-a-violencia-contra-a-mulher-para-estudantes-de-franca\/#breadcrumb","itemListElement":[{"@type":"ListItem","position":1,"name":"In\u00edcio","item":"https:\/\/verdadeon.com.br\/portal\/"},{"@type":"ListItem","position":2,"name":"&#8216;N\u00e3o se Cale Vai \u00e0 Escola&#8217; leva a\u00e7\u00f5es de preven\u00e7\u00e3o \u00e0 viol\u00eancia contra a mulher para estudantes de Franca"}]},{"@type":"WebSite","@id":"https:\/\/verdadeon.com.br\/portal\/#website","url":"https:\/\/verdadeon.com.br\/portal\/","name":"VerdadeOn","description":"Not\u00edcias di\u00e1rias sobre Franca, Regi\u00e3o, Esporte, Cultura, Cotidiano, Colunas. Cobertura nos principais eventos da cidade \u00e9 aqui - Verdadeon Franca","potentialAction":[{"@type":"SearchAction","target":{"@type":"EntryPoint","urlTemplate":"https:\/\/verdadeon.com.br\/portal\/?s={search_term_string}"},"query-input":{"@type":"PropertyValueSpecification","valueRequired":true,"valueName":"search_term_string"}}],"inLanguage":"pt-BR"},{"@type":"Person","@id":"https:\/\/verdadeon.com.br\/portal\/#\/schema\/person\/a5060ad1e9ea3df545188fc93ce43d2f","name":"Redacao VerdadeOn","image":{"@type":"ImageObject","inLanguage":"pt-BR","@id":"https:\/\/verdadeon.com.br\/portal\/#\/schema\/person\/image\/","url":"https:\/\/secure.gravatar.com\/avatar\/459a9613caaaf07f582c3d0841eea68bdd66f533e465e6ba8b9cb45619572cf4?s=96&d=mm&r=g","contentUrl":"https:\/\/secure.gravatar.com\/avatar\/459a9613caaaf07f582c3d0841eea68bdd66f533e465e6ba8b9cb45619572cf4?s=96&d=mm&r=g","caption":"Redacao VerdadeOn"},"url":"https:\/\/verdadeon.com.br\/portal\/author\/redacao\/"}]}},"jetpack_publicize_connections":[],"jetpack_featured_media_url":"https:\/\/i0.wp.com\/verdadeon.com.br\/portal\/wp-content\/uploads\/2026\/09\/unnamed-11.jpg?fit=800%2C600&ssl=1","jetpack_sharing_enabled":true,"_links":{"self":[{"href":"https:\/\/verdadeon.com.br\/portal\/wp-json\/wp\/v2\/posts\/70338","targetHints":{"allow":["GET"]}}],"collection":[{"href":"https:\/\/verdadeon.com.br\/portal\/wp-json\/wp\/v2\/posts"}],"about":[{"href":"https:\/\/verdadeon.com.br\/portal\/wp-json\/wp\/v2\/types\/post"}],"author":[{"embeddable":true,"href":"https:\/\/verdadeon.com.br\/portal\/wp-json\/wp\/v2\/users\/10"}],"replies":[{"embeddable":true,"href":"https:\/\/verdadeon.com.br\/portal\/wp-json\/wp\/v2\/comments?post=70338"}],"version-history":[{"count":1,"href":"https:\/\/verdadeon.com.br\/portal\/wp-json\/wp\/v2\/posts\/70338\/revisions"}],"predecessor-version":[{"id":70340,"href":"https:\/\/verdadeon.com.br\/portal\/wp-json\/wp\/v2\/posts\/70338\/revisions\/70340"}],"wp:featuredmedia":[{"embeddable":true,"href":"https:\/\/verdadeon.com.br\/portal\/wp-json\/wp\/v2\/media\/70339"}],"wp:attachment":[{"href":"https:\/\/verdadeon.com.br\/portal\/wp-json\/wp\/v2\/media?parent=70338"}],"wp:term":[{"taxonomy":"category","embeddable":true,"href":"https:\/\/verdadeon.com.br\/portal\/wp-json\/wp\/v2\/categories?post=70338"},{"taxonomy":"post_tag","embeddable":true,"href":"https:\/\/verdadeon.com.br\/portal\/wp-json\/wp\/v2\/tags?post=70338"}],"curies":[{"name":"wp","href":"https:\/\/api.w.org\/{rel}","templated":true}]}}