{"id":70304,"date":"2026-09-02T12:14:46","date_gmt":"2026-09-02T15:14:46","guid":{"rendered":"https:\/\/verdadeon.com.br\/portal\/?p=70304"},"modified":"2026-09-02T12:14:46","modified_gmt":"2026-09-02T15:14:46","slug":"walker-bombeiro-pede-melhorias-na-saude-mental-e-cobra-esclarecimentos-sobre-emendas-impositivas","status":"publish","type":"post","link":"https:\/\/verdadeon.com.br\/portal\/2026\/09\/02\/walker-bombeiro-pede-melhorias-na-saude-mental-e-cobra-esclarecimentos-sobre-emendas-impositivas\/","title":{"rendered":"Walker Bombeiro pede melhorias na sa\u00fade mental e cobra esclarecimentos sobre emendas impositivas"},"content":{"rendered":"<p>O vereador Walker Bombeiro da Libras (PL) utilizou a Tribuna nesta ter\u00e7a-feira, 1\u00ba de setembro, durante a 31\u00aa Sess\u00e3o Ordin\u00e1ria da C\u00e2mara Municipal de Franca, para abordar demandas relacionadas \u00e0 sa\u00fade mental, \u00e0s emendas impositivas e ao atendimento de pessoas com diabetes.<\/p>\n<p><strong>Sa\u00fade mental<\/strong><\/p>\n<p>Logo no in\u00edcio de sua fala, o parlamentar destacou a participa\u00e7\u00e3o em uma reuni\u00e3o do Conselho Municipal da Pessoa com Defici\u00eancia, na qual foram discutidas dificuldades enfrentadas por usu\u00e1rios e familiares, especialmente na \u00e1rea da sa\u00fade mental.<\/p>\n<p>\u201cA gente esteve presente na reuni\u00e3o do Conselho Municipal da Pessoa com Defici\u00eancia. E, assim, deo problema \u00e9 muito maior do que a gente imagina\u201d, afirmou Walker.<\/p>\n<p>Segundo o vereador, o trabalho vem sendo desenvolvido em conjunto com o conselho e as fam\u00edlias. Ele informou ainda que estava prevista uma reuni\u00e3o com o Minist\u00e9rio P\u00fablico para apresentar documentos e reclama\u00e7\u00f5es relacionados aos servi\u00e7os de sa\u00fade mental oferecidos no munic\u00edpio.<\/p>\n<p>\u201cA gente est\u00e1 fazendo esse trabalho conjunto com o conselho, com as fam\u00edlias e a gente tem uma reuni\u00e3o no Minist\u00e9rio P\u00fablico para apresentar alguns documentos, algumas reclama\u00e7\u00f5es que t\u00eam referente aos servi\u00e7os da sa\u00fade mental aqui da nossa cidade\u201d, explicou.<\/p>\n<p><strong>Emendas impositivas<\/strong><\/p>\n<p>Walker tamb\u00e9m voltou a tratar das emendas impositivas, especialmente dos procedimentos exigidos das institui\u00e7\u00f5es para que possam receber os recursos destinados pelos vereadores.<\/p>\n<p>O parlamentar questionou o atraso na divulga\u00e7\u00e3o dos resultados referentes \u00e0s emendas do ano passado e comparou a situa\u00e7\u00e3o com as dificuldades enfrentadas pelas institui\u00e7\u00f5es durante o processo de entrega da documenta\u00e7\u00e3o.<\/p>\n<p>\u201cEra para ter sa\u00eddo, ter sido publicado no \u00faltimo dia 25, e est\u00e1 saindo s\u00f3 nessa semana, com uma semana de atraso, os resultados das emendas do ano passado\u201d, criticou.<\/p>\n<p>Walker relatou que recebeu reclama\u00e7\u00f5es de institui\u00e7\u00f5es que perderam oportunidades por pequenos atrasos na entrega de documentos e questionou a diferen\u00e7a entre o rigor aplicado \u00e0s entidades e o prazo adotado pela pr\u00f3pria administra\u00e7\u00e3o p\u00fablica.<\/p>\n<p>\u201cQuantos aqui receberam reclama\u00e7\u00e3o de pessoas que atrasaram cinco minutos para entregar a documenta\u00e7\u00e3o e n\u00e3o tiveram a oportunidade de fazer a entrega?\u201d, questionou.<\/p>\n<p>Na avalia\u00e7\u00e3o do vereador, as exig\u00eancias precisam estar claramente definidas para evitar dificuldades administrativas e garantir que os recursos efetivamente cheguem \u00e0s institui\u00e7\u00f5es contempladas.<\/p>\n<p><strong>D\u00favidas sobre documenta\u00e7\u00e3o<\/strong><\/p>\n<p>Outro ponto levantado por Walker foi a defini\u00e7\u00e3o sobre quais documentos dever\u00e3o ser apresentados inicialmente \u00e0 C\u00e2mara Municipal e quais ser\u00e3o encaminhados posteriormente \u00e0s secretarias respons\u00e1veis pela execu\u00e7\u00e3o das emendas.<\/p>\n<p>O vereador demonstrou preocupa\u00e7\u00e3o com a possibilidade de toda a documenta\u00e7\u00e3o ser concentrada na C\u00e2mara, o que, segundo ele, poderia gerar um grande volume de trabalho administrativo.<\/p>\n<p>Walker tamb\u00e9m questionou quem ficar\u00e1 respons\u00e1vel pela an\u00e1lise da documenta\u00e7\u00e3o apresentada pelas entidades e como ser\u00e1 feita a participa\u00e7\u00e3o dos gabinetes e do controle interno.<\/p>\n<p><strong>Reuni\u00e3o com pessoas atendidas pela Casa do Diab\u00e9tico<\/strong><\/p>\n<p>Walker anunciou ainda uma reuni\u00e3o com pessoas atendidas pela Casa do Diab\u00e9tico, prevista para quinta-feira, 3 de setembro, no Plen\u00e1rio da C\u00e2mara Municipal de Franca.<\/p>\n<p>De acordo com o vereador, o encontro ter\u00e1 como objetivo apresentar ideias de projetos voltados ao p\u00fablico atendido pela institui\u00e7\u00e3o. \u201cNa quinta-feira \u00e0 noite a gente vai reunir com um grupo de pessoas que s\u00e3o atendidas na Casa do Diab\u00e9tico, porque a gente vai apresentar algumas ideias de projetos para esse p\u00fablico tamb\u00e9m\u201d, informou.<\/p>\n<p>O parlamentar aproveitou para pedir esclarecimentos da Prefeitura sobre recursos destinados \u00e0 \u00e1rea e mencionou mudan\u00e7as em rela\u00e7\u00e3o ao que havia sido discutido anteriormente. Segundo Walker, \u00e9 necess\u00e1rio esclarecer exatamente como o recurso ser\u00e1 utilizado, principalmente diante das diferen\u00e7as entre a proposta inicialmente apresentada por ele e o que foi posteriormente anunciado.<\/p>\n<p>\u201cNa tribuna, a gente falou sobre o sensor digital e, no v\u00eddeo com o prefeito, estava falando sobre insulina. Ent\u00e3o a gente precisa ver direitinho como que vai ser feito\u201d, afirmou.<\/p>\n<p>O vereador lembrou que sua proposta original previa recursos principalmente para a aquisi\u00e7\u00e3o de sensores digitais de glicose, voltados ao acompanhamento dos n\u00edveis de glicemia.<\/p>\n<p>Walker encerrou sua manifesta\u00e7\u00e3o refor\u00e7ando a necessidade de esclarecimentos sobre a destina\u00e7\u00e3o dos recursos e de di\u00e1logo com as pessoas diretamente atendidas pelos servi\u00e7os.<\/p>\n","protected":false},"excerpt":{"rendered":"<p>O vereador Walker Bombeiro da Libras (PL) utilizou a Tribuna nesta ter\u00e7a-feira, 1\u00ba de setembro, durante a 31\u00aa Sess\u00e3o Ordin\u00e1ria da C\u00e2mara Municipal de Franca, para<span class=\"excerpt-hellip\"> [\u2026]<\/span><\/p>\n","protected":false},"author":10,"featured_media":70305,"comment_status":"open","ping_status":"open","sticky":false,"template":"","format":"standard","meta":{"_jetpack_memberships_contains_paid_content":false,"footnotes":"","jetpack_publicize_message":"","jetpack_publicize_feature_enabled":true,"jetpack_social_post_already_shared":true,"jetpack_social_options":{"image_generator_settings":{"template":"highway","default_image_id":0,"enabled":false},"version":2}},"categories":[28,44],"tags":[],"class_list":["post-70304","post","type-post","status-publish","format-standard","has-post-thumbnail","hentry","category-cotidiano","category-noticias"],"yoast_head":"<!-- This site is optimized with the Yoast SEO plugin v25.6 - https:\/\/yoast.com\/wordpress\/plugins\/seo\/ -->\n<title>Walker Bombeiro pede melhorias na sa\u00fade mental e cobra esclarecimentos sobre emendas impositivas - VerdadeOn<\/title>\n<meta name=\"robots\" content=\"index, follow, max-snippet:-1, max-image-preview:large, max-video-preview:-1\" \/>\n<link rel=\"canonical\" href=\"https:\/\/verdadeon.com.br\/portal\/2026\/09\/02\/walker-bombeiro-pede-melhorias-na-saude-mental-e-cobra-esclarecimentos-sobre-emendas-impositivas\/\" \/>\n<meta property=\"og:locale\" content=\"pt_BR\" \/>\n<meta property=\"og:type\" content=\"article\" \/>\n<meta property=\"og:title\" content=\"Walker Bombeiro pede melhorias na sa\u00fade mental e cobra esclarecimentos sobre emendas impositivas - VerdadeOn\" \/>\n<meta property=\"og:description\" content=\"O vereador Walker Bombeiro da Libras (PL) utilizou a Tribuna nesta ter\u00e7a-feira, 1\u00ba de setembro, durante a 31\u00aa Sess\u00e3o Ordin\u00e1ria da C\u00e2mara Municipal de Franca, para [\u2026]\" \/>\n<meta property=\"og:url\" content=\"https:\/\/verdadeon.com.br\/portal\/2026\/09\/02\/walker-bombeiro-pede-melhorias-na-saude-mental-e-cobra-esclarecimentos-sobre-emendas-impositivas\/\" \/>\n<meta property=\"og:site_name\" content=\"VerdadeOn\" \/>\n<meta property=\"article:published_time\" content=\"2026-09-02T15:14:46+00:00\" \/>\n<meta property=\"og:image\" content=\"https:\/\/verdadeon.com.br\/portal\/wp-content\/uploads\/2026\/09\/unnamed-10.jpg\" \/>\n\t<meta property=\"og:image:width\" content=\"799\" \/>\n\t<meta property=\"og:image:height\" content=\"485\" \/>\n\t<meta property=\"og:image:type\" content=\"image\/jpeg\" \/>\n<meta name=\"author\" content=\"Redacao VerdadeOn\" \/>\n<meta name=\"twitter:card\" content=\"summary_large_image\" \/>\n<meta name=\"twitter:label1\" content=\"Escrito por\" \/>\n\t<meta name=\"twitter:data1\" content=\"Redacao VerdadeOn\" \/>\n\t<meta name=\"twitter:label2\" content=\"Est. tempo de leitura\" \/>\n\t<meta name=\"twitter:data2\" content=\"4 minutos\" \/>\n<script type=\"application\/ld+json\" class=\"yoast-schema-graph\">{\"@context\":\"https:\/\/schema.org\",\"@graph\":[{\"@type\":\"WebPage\",\"@id\":\"https:\/\/verdadeon.com.br\/portal\/2026\/09\/02\/walker-bombeiro-pede-melhorias-na-saude-mental-e-cobra-esclarecimentos-sobre-emendas-impositivas\/\",\"url\":\"https:\/\/verdadeon.com.br\/portal\/2026\/09\/02\/walker-bombeiro-pede-melhorias-na-saude-mental-e-cobra-esclarecimentos-sobre-emendas-impositivas\/\",\"name\":\"Walker Bombeiro pede melhorias na sa\u00fade mental e cobra esclarecimentos sobre emendas impositivas - VerdadeOn\",\"isPartOf\":{\"@id\":\"https:\/\/verdadeon.com.br\/portal\/#website\"},\"primaryImageOfPage\":{\"@id\":\"https:\/\/verdadeon.com.br\/portal\/2026\/09\/02\/walker-bombeiro-pede-melhorias-na-saude-mental-e-cobra-esclarecimentos-sobre-emendas-impositivas\/#primaryimage\"},\"image\":{\"@id\":\"https:\/\/verdadeon.com.br\/portal\/2026\/09\/02\/walker-bombeiro-pede-melhorias-na-saude-mental-e-cobra-esclarecimentos-sobre-emendas-impositivas\/#primaryimage\"},\"thumbnailUrl\":\"https:\/\/i0.wp.com\/verdadeon.com.br\/portal\/wp-content\/uploads\/2026\/09\/unnamed-10.jpg?fit=799%2C485&ssl=1\",\"datePublished\":\"2026-09-02T15:14:46+00:00\",\"author\":{\"@id\":\"https:\/\/verdadeon.com.br\/portal\/#\/schema\/person\/a5060ad1e9ea3df545188fc93ce43d2f\"},\"breadcrumb\":{\"@id\":\"https:\/\/verdadeon.com.br\/portal\/2026\/09\/02\/walker-bombeiro-pede-melhorias-na-saude-mental-e-cobra-esclarecimentos-sobre-emendas-impositivas\/#breadcrumb\"},\"inLanguage\":\"pt-BR\",\"potentialAction\":[{\"@type\":\"ReadAction\",\"target\":[\"https:\/\/verdadeon.com.br\/portal\/2026\/09\/02\/walker-bombeiro-pede-melhorias-na-saude-mental-e-cobra-esclarecimentos-sobre-emendas-impositivas\/\"]}]},{\"@type\":\"ImageObject\",\"inLanguage\":\"pt-BR\",\"@id\":\"https:\/\/verdadeon.com.br\/portal\/2026\/09\/02\/walker-bombeiro-pede-melhorias-na-saude-mental-e-cobra-esclarecimentos-sobre-emendas-impositivas\/#primaryimage\",\"url\":\"https:\/\/i0.wp.com\/verdadeon.com.br\/portal\/wp-content\/uploads\/2026\/09\/unnamed-10.jpg?fit=799%2C485&ssl=1\",\"contentUrl\":\"https:\/\/i0.wp.com\/verdadeon.com.br\/portal\/wp-content\/uploads\/2026\/09\/unnamed-10.jpg?fit=799%2C485&ssl=1\",\"width\":799,\"height\":485,\"caption\":\"O vereador Walker Bombeiro da Libras (PL) (\u00a9Divulga\u00e7\u00e3o)\"},{\"@type\":\"BreadcrumbList\",\"@id\":\"https:\/\/verdadeon.com.br\/portal\/2026\/09\/02\/walker-bombeiro-pede-melhorias-na-saude-mental-e-cobra-esclarecimentos-sobre-emendas-impositivas\/#breadcrumb\",\"itemListElement\":[{\"@type\":\"ListItem\",\"position\":1,\"name\":\"In\u00edcio\",\"item\":\"https:\/\/verdadeon.com.br\/portal\/\"},{\"@type\":\"ListItem\",\"position\":2,\"name\":\"Walker Bombeiro pede melhorias na sa\u00fade mental e cobra esclarecimentos sobre emendas impositivas\"}]},{\"@type\":\"WebSite\",\"@id\":\"https:\/\/verdadeon.com.br\/portal\/#website\",\"url\":\"https:\/\/verdadeon.com.br\/portal\/\",\"name\":\"VerdadeOn\",\"description\":\"Not\u00edcias di\u00e1rias sobre Franca, Regi\u00e3o, Esporte, Cultura, Cotidiano, Colunas. Cobertura nos principais eventos da cidade \u00e9 aqui - Verdadeon Franca\",\"potentialAction\":[{\"@type\":\"SearchAction\",\"target\":{\"@type\":\"EntryPoint\",\"urlTemplate\":\"https:\/\/verdadeon.com.br\/portal\/?s={search_term_string}\"},\"query-input\":{\"@type\":\"PropertyValueSpecification\",\"valueRequired\":true,\"valueName\":\"search_term_string\"}}],\"inLanguage\":\"pt-BR\"},{\"@type\":\"Person\",\"@id\":\"https:\/\/verdadeon.com.br\/portal\/#\/schema\/person\/a5060ad1e9ea3df545188fc93ce43d2f\",\"name\":\"Redacao VerdadeOn\",\"image\":{\"@type\":\"ImageObject\",\"inLanguage\":\"pt-BR\",\"@id\":\"https:\/\/verdadeon.com.br\/portal\/#\/schema\/person\/image\/\",\"url\":\"https:\/\/secure.gravatar.com\/avatar\/459a9613caaaf07f582c3d0841eea68bdd66f533e465e6ba8b9cb45619572cf4?s=96&d=mm&r=g\",\"contentUrl\":\"https:\/\/secure.gravatar.com\/avatar\/459a9613caaaf07f582c3d0841eea68bdd66f533e465e6ba8b9cb45619572cf4?s=96&d=mm&r=g\",\"caption\":\"Redacao VerdadeOn\"},\"url\":\"https:\/\/verdadeon.com.br\/portal\/author\/redacao\/\"}]}<\/script>\n<!-- \/ Yoast SEO plugin. -->","yoast_head_json":{"title":"Walker Bombeiro pede melhorias na sa\u00fade mental e cobra esclarecimentos sobre emendas impositivas - VerdadeOn","robots":{"index":"index","follow":"follow","max-snippet":"max-snippet:-1","max-image-preview":"max-image-preview:large","max-video-preview":"max-video-preview:-1"},"canonical":"https:\/\/verdadeon.com.br\/portal\/2026\/09\/02\/walker-bombeiro-pede-melhorias-na-saude-mental-e-cobra-esclarecimentos-sobre-emendas-impositivas\/","og_locale":"pt_BR","og_type":"article","og_title":"Walker Bombeiro pede melhorias na sa\u00fade mental e cobra esclarecimentos sobre emendas impositivas - VerdadeOn","og_description":"O vereador Walker Bombeiro da Libras (PL) utilizou a Tribuna nesta ter\u00e7a-feira, 1\u00ba de setembro, durante a 31\u00aa Sess\u00e3o Ordin\u00e1ria da C\u00e2mara Municipal de Franca, para [\u2026]","og_url":"https:\/\/verdadeon.com.br\/portal\/2026\/09\/02\/walker-bombeiro-pede-melhorias-na-saude-mental-e-cobra-esclarecimentos-sobre-emendas-impositivas\/","og_site_name":"VerdadeOn","article_published_time":"2026-09-02T15:14:46+00:00","og_image":[{"width":799,"height":485,"url":"https:\/\/verdadeon.com.br\/portal\/wp-content\/uploads\/2026\/09\/unnamed-10.jpg","type":"image\/jpeg"}],"author":"Redacao VerdadeOn","twitter_card":"summary_large_image","twitter_misc":{"Escrito por":"Redacao VerdadeOn","Est. tempo de leitura":"4 minutos"},"schema":{"@context":"https:\/\/schema.org","@graph":[{"@type":"WebPage","@id":"https:\/\/verdadeon.com.br\/portal\/2026\/09\/02\/walker-bombeiro-pede-melhorias-na-saude-mental-e-cobra-esclarecimentos-sobre-emendas-impositivas\/","url":"https:\/\/verdadeon.com.br\/portal\/2026\/09\/02\/walker-bombeiro-pede-melhorias-na-saude-mental-e-cobra-esclarecimentos-sobre-emendas-impositivas\/","name":"Walker Bombeiro pede melhorias na sa\u00fade mental e cobra esclarecimentos sobre emendas impositivas - VerdadeOn","isPartOf":{"@id":"https:\/\/verdadeon.com.br\/portal\/#website"},"primaryImageOfPage":{"@id":"https:\/\/verdadeon.com.br\/portal\/2026\/09\/02\/walker-bombeiro-pede-melhorias-na-saude-mental-e-cobra-esclarecimentos-sobre-emendas-impositivas\/#primaryimage"},"image":{"@id":"https:\/\/verdadeon.com.br\/portal\/2026\/09\/02\/walker-bombeiro-pede-melhorias-na-saude-mental-e-cobra-esclarecimentos-sobre-emendas-impositivas\/#primaryimage"},"thumbnailUrl":"https:\/\/i0.wp.com\/verdadeon.com.br\/portal\/wp-content\/uploads\/2026\/09\/unnamed-10.jpg?fit=799%2C485&ssl=1","datePublished":"2026-09-02T15:14:46+00:00","author":{"@id":"https:\/\/verdadeon.com.br\/portal\/#\/schema\/person\/a5060ad1e9ea3df545188fc93ce43d2f"},"breadcrumb":{"@id":"https:\/\/verdadeon.com.br\/portal\/2026\/09\/02\/walker-bombeiro-pede-melhorias-na-saude-mental-e-cobra-esclarecimentos-sobre-emendas-impositivas\/#breadcrumb"},"inLanguage":"pt-BR","potentialAction":[{"@type":"ReadAction","target":["https:\/\/verdadeon.com.br\/portal\/2026\/09\/02\/walker-bombeiro-pede-melhorias-na-saude-mental-e-cobra-esclarecimentos-sobre-emendas-impositivas\/"]}]},{"@type":"ImageObject","inLanguage":"pt-BR","@id":"https:\/\/verdadeon.com.br\/portal\/2026\/09\/02\/walker-bombeiro-pede-melhorias-na-saude-mental-e-cobra-esclarecimentos-sobre-emendas-impositivas\/#primaryimage","url":"https:\/\/i0.wp.com\/verdadeon.com.br\/portal\/wp-content\/uploads\/2026\/09\/unnamed-10.jpg?fit=799%2C485&ssl=1","contentUrl":"https:\/\/i0.wp.com\/verdadeon.com.br\/portal\/wp-content\/uploads\/2026\/09\/unnamed-10.jpg?fit=799%2C485&ssl=1","width":799,"height":485,"caption":"O vereador Walker Bombeiro da Libras (PL) (\u00a9Divulga\u00e7\u00e3o)"},{"@type":"BreadcrumbList","@id":"https:\/\/verdadeon.com.br\/portal\/2026\/09\/02\/walker-bombeiro-pede-melhorias-na-saude-mental-e-cobra-esclarecimentos-sobre-emendas-impositivas\/#breadcrumb","itemListElement":[{"@type":"ListItem","position":1,"name":"In\u00edcio","item":"https:\/\/verdadeon.com.br\/portal\/"},{"@type":"ListItem","position":2,"name":"Walker Bombeiro pede melhorias na sa\u00fade mental e cobra esclarecimentos sobre emendas impositivas"}]},{"@type":"WebSite","@id":"https:\/\/verdadeon.com.br\/portal\/#website","url":"https:\/\/verdadeon.com.br\/portal\/","name":"VerdadeOn","description":"Not\u00edcias di\u00e1rias sobre Franca, Regi\u00e3o, Esporte, Cultura, Cotidiano, Colunas. Cobertura nos principais eventos da cidade \u00e9 aqui - Verdadeon Franca","potentialAction":[{"@type":"SearchAction","target":{"@type":"EntryPoint","urlTemplate":"https:\/\/verdadeon.com.br\/portal\/?s={search_term_string}"},"query-input":{"@type":"PropertyValueSpecification","valueRequired":true,"valueName":"search_term_string"}}],"inLanguage":"pt-BR"},{"@type":"Person","@id":"https:\/\/verdadeon.com.br\/portal\/#\/schema\/person\/a5060ad1e9ea3df545188fc93ce43d2f","name":"Redacao VerdadeOn","image":{"@type":"ImageObject","inLanguage":"pt-BR","@id":"https:\/\/verdadeon.com.br\/portal\/#\/schema\/person\/image\/","url":"https:\/\/secure.gravatar.com\/avatar\/459a9613caaaf07f582c3d0841eea68bdd66f533e465e6ba8b9cb45619572cf4?s=96&d=mm&r=g","contentUrl":"https:\/\/secure.gravatar.com\/avatar\/459a9613caaaf07f582c3d0841eea68bdd66f533e465e6ba8b9cb45619572cf4?s=96&d=mm&r=g","caption":"Redacao VerdadeOn"},"url":"https:\/\/verdadeon.com.br\/portal\/author\/redacao\/"}]}},"jetpack_publicize_connections":[],"jetpack_featured_media_url":"https:\/\/i0.wp.com\/verdadeon.com.br\/portal\/wp-content\/uploads\/2026\/09\/unnamed-10.jpg?fit=799%2C485&ssl=1","jetpack_sharing_enabled":true,"_links":{"self":[{"href":"https:\/\/verdadeon.com.br\/portal\/wp-json\/wp\/v2\/posts\/70304","targetHints":{"allow":["GET"]}}],"collection":[{"href":"https:\/\/verdadeon.com.br\/portal\/wp-json\/wp\/v2\/posts"}],"about":[{"href":"https:\/\/verdadeon.com.br\/portal\/wp-json\/wp\/v2\/types\/post"}],"author":[{"embeddable":true,"href":"https:\/\/verdadeon.com.br\/portal\/wp-json\/wp\/v2\/users\/10"}],"replies":[{"embeddable":true,"href":"https:\/\/verdadeon.com.br\/portal\/wp-json\/wp\/v2\/comments?post=70304"}],"version-history":[{"count":1,"href":"https:\/\/verdadeon.com.br\/portal\/wp-json\/wp\/v2\/posts\/70304\/revisions"}],"predecessor-version":[{"id":70306,"href":"https:\/\/verdadeon.com.br\/portal\/wp-json\/wp\/v2\/posts\/70304\/revisions\/70306"}],"wp:featuredmedia":[{"embeddable":true,"href":"https:\/\/verdadeon.com.br\/portal\/wp-json\/wp\/v2\/media\/70305"}],"wp:attachment":[{"href":"https:\/\/verdadeon.com.br\/portal\/wp-json\/wp\/v2\/media?parent=70304"}],"wp:term":[{"taxonomy":"category","embeddable":true,"href":"https:\/\/verdadeon.com.br\/portal\/wp-json\/wp\/v2\/categories?post=70304"},{"taxonomy":"post_tag","embeddable":true,"href":"https:\/\/verdadeon.com.br\/portal\/wp-json\/wp\/v2\/tags?post=70304"}],"curies":[{"name":"wp","href":"https:\/\/api.w.org\/{rel}","templated":true}]}}