{"id":70301,"date":"2026-09-02T12:09:41","date_gmt":"2026-09-02T15:09:41","guid":{"rendered":"https:\/\/verdadeon.com.br\/portal\/?p=70301"},"modified":"2026-09-02T12:09:41","modified_gmt":"2026-09-02T15:09:41","slug":"setembro-amarelo-dados-sobre-suicidio-no-brasil-e-no-mundo-alertam-para-saude-mental","status":"publish","type":"post","link":"https:\/\/verdadeon.com.br\/portal\/2026\/09\/02\/setembro-amarelo-dados-sobre-suicidio-no-brasil-e-no-mundo-alertam-para-saude-mental\/","title":{"rendered":"Setembro Amarelo: dados sobre suic\u00eddio no Brasil e no mundo alertam para sa\u00fade mental"},"content":{"rendered":"<h2>Organiza\u00e7\u00e3o Mundial da Sa\u00fade estima que, para cada morte decorrente de suic\u00eddio, ocorram cerca de 20 tentativas<\/h2>\n<p>Durante um longo per\u00edodo, falar sobre suic\u00eddio foi um tabu na sociedade. Com o intuito de conscientizar que silenciar n\u00e3o previne, a campanha Setembro Amarelo refor\u00e7a a import\u00e2ncia da discuss\u00e3o e acolhimento sobre o assunto, que afeta milhares de pessoas ao redor do mundo.<\/p>\n<p>Segundo a Organiza\u00e7\u00e3o Mundial da\u00a0S\u00e1ude\u00a0(OMS), cerca de 727 mil pessoas morrem por suic\u00eddio por ano no mundo e \u00e9 atualmente a terceira principal causa de morte entre pessoas de 15 a 29 anos. No Brasil, o Boletim Epidemiol\u00f3gico do Minist\u00e9rio da Sa\u00fade que analisou o per\u00edodo de 2010 a 2021 registrou 15.507 mortes por suic\u00eddio em 2021 e mostrou aumento de 42% na taxa de mortalidade, de 5,2 para 7,5 por 100 mil habitantes nesse per\u00edodo.\u00a0Nesse mesmo ano, foi a terceira causa de morte entre brasileiros de 15 a 19 anos e a quarta entre 20 e 29 anos.<\/p>\n<p>Para a psic\u00f3loga do Grupo S\u00e3o Lucas Paula Carvalho (CRP: 06\/99551), \u00e9 importante dizer que n\u00e3o existe um\u00a0\u00fanico\u00a0perfil\u00a0suicida.\u00a0<wbr \/>Algumas pessoas manifestam\u00a0claramente seu sofrimento,\u00a0enquanto\u00a0outras\u00a0<wbr \/>s\u00e3o reservadas. Por isso, mais do que procurar uma lista r\u00edgida de sintomas,\u00a0\u00e9 preciso\u00a0prestar aten\u00e7\u00e3o principalmente\u00a0a\u00a0mudan\u00e7as recentes ou intensifica\u00e7\u00e3o de determinados comportamentos.<\/p>\n<p>&#8220;Entre os sinais de alerta est\u00e3o falar sobre morte, suic\u00eddio ou sobre n\u00e3o ter motivos para viver, demonstrar desesperan\u00e7a intensa, dizer que \u00e9 um peso para outras pessoas, isolamento repentino, despedidas incomuns, distribui\u00e7\u00e3o de objetos importantes, busca por meios de morrer, altera\u00e7\u00f5es importantes de sono e alimenta\u00e7\u00e3o, aumento do consumo de \u00e1lcool e\/ou outras drogas, comportamentos impulsivos ou arriscados, mudan\u00e7as bruscas de humor\u00a0e\u00a0sofrimento emocional ou f\u00edsico descrito como insuport\u00e1vel&#8221;, destaca a profissional.<\/p>\n<p>Apesar de estarem relacionados a uma\u00a0pretens\u00e3o\u00a0de maior risco de suic\u00eddio, diagn\u00f3sticos de depress\u00e3o e ansiedade, bem como o uso de\u00a0\u00e1lcool e drogas, n\u00e3o significa uma apresenta\u00e7\u00e3o de idea\u00e7\u00e3o suicida ou tentativa de suic\u00eddio. Pessoas sem diagn\u00f3stico psiqui\u00e1trico podem desenvolver uma crise suicida diante de situa\u00e7\u00f5es de perda, viol\u00eancia, doen\u00e7a, dor cr\u00f4nica, dificuldades financeiras, conflitos afetivos, isolamento ou outros acontecimentos importantes. O suic\u00eddio \u00e9 multifatorial, e raramente pode ser explicado por uma \u00fanica causa.<\/p>\n<p><strong>Idea\u00e7\u00e3o e tentativa\u00a0suicida: qual a diferen\u00e7a?\u00a0<\/strong><\/p>\n<p>A idea\u00e7\u00e3o suicida corresponde a pensamentos relacionados \u00e0 pr\u00f3pria morte ou \u00e0 possibilidade de tirar a pr\u00f3pria vida. Ela pode desde pensamentos mais inespec\u00edficos, como desejar n\u00e3o acordar ou desaparecer, at\u00e9 pensamentos mais estruturados, com inten\u00e7\u00e3o e planejamento.<\/p>\n<p>J\u00e1 a tentativa de suic\u00eddio envolve a realiza\u00e7\u00e3o de um comportamento com inten\u00e7\u00e3o de provocar a pr\u00f3pria morte, ainda que o resultado n\u00e3o seja fatal. \u00c9 importante diferenciar tentativa de suic\u00eddio de outros comportamentos de autoles\u00e3o,\u00a0pois\u00a0nem todo comportamento\u00a0autolesivo\u00a0<wbr \/>ocorre com inten\u00e7\u00e3o de morrer,\u00a0embora\u00a0cada\u00a0epis\u00f3dio mere\u00e7a avalia\u00e7\u00e3o cuidadosa.<\/p>\n<p>&#8220;N\u00e3o existe um \u00fanico fator que determine quando algu\u00e9m passar\u00e1 da idea\u00e7\u00e3o para uma tentativa. O risco \u00e9\u00a0din\u00e2mico. Ele pode aumentar diante da combina\u00e7\u00e3o de desesperan\u00e7a intensa, doen\u00e7as psiqui\u00e1tricas, planejamento mais definido, acesso a meios letais, uso de \u00e1lcool ou outras drogas, agita\u00e7\u00e3o ou impulsividade, perdas recentes, isolamento social e, principalmente, hist\u00f3rico de tentativa anterior. A OMS ressalta que uma tentativa pr\u00e9via \u00e9 um dos fatores de risco mais importantes para um novo comportamento suicida.\u00a0Por isso, mais do que tentar prever com certeza quem far\u00e1 uma tentativa, atualmente buscamos reconhecer mudan\u00e7as no estado daquela pessoa e fatores que est\u00e3o aumentando ou diminuindo sua seguran\u00e7a naquele momento&#8221;, comenta a psic\u00f3loga.<\/p>\n<p>Diante de situa\u00e7\u00f5es preocupantes que alertem para um comportamento suicida,\u00a0acolhimento de familiares e pessoas pr\u00f3ximas \u00e9 a palavra-chave para apoiar e contribuir em uma recupera\u00e7\u00e3o.\u00a0\u00c9 importante n\u00e3o menosprezar os motivos ou situa\u00e7\u00f5es\u00a0compartilhadas\u00a0e, acima de tudo, perder o pr\u00e9-conceito de que falar sobre suic\u00eddio desperte o interesse\u00a0em atentar contra a pr\u00f3pria vida.<\/p>\n<p>Diante de uma crise,\u00a0\u00e9\u00a0fundamental\u00a0atitudes\u00a0<wbr \/>como permanecer com a pessoa quando houver risco imediato, n\u00e3o prometer segredo absoluto, acionar familiares ou pessoas de confian\u00e7a, facilitar o acesso ao atendimento profissional, e, de forma segura e colaborativa, reduzir o acesso a meios que possam ser utilizados em uma tentativa. Aumentar o tempo e a dist\u00e2ncia entre uma pessoa em crise e um meio letal \u00e9 reconhecido atualmente como uma importante estrat\u00e9gia de preven\u00e7\u00e3o.<\/p>\n<p>Se houver inten\u00e7\u00e3o atual, planejamento, tentativa em andamento ou risco iminente, trata-se de uma urg\u00eancia em sa\u00fade. A orienta\u00e7\u00e3o no Brasil \u00e9 procurar UPA, pronto-socorro ou hospital, ou acionar o SAMU pelo 192.\u00a0O per\u00edodo ap\u00f3s uma tentativa ou ap\u00f3s uma alta de uma interna\u00e7\u00e3o em um hospital psiqui\u00e1trico merece aten\u00e7\u00e3o especial. Diretrizes internacionais recomendam avalia\u00e7\u00e3o psicossocial, constru\u00e7\u00e3o conjunta de um plano de seguran\u00e7a e continuidade do acompanhamento.<\/p>\n<p>&#8220;Entre as estrat\u00e9gias contempor\u00e2neas est\u00e3o os planos de seguran\u00e7a, constru\u00eddos junto com a pr\u00f3pria pessoa. Eles ajudam a identificar sinais pessoais de crise, estrat\u00e9gias de enfrentamento, pessoas e servi\u00e7os que podem ser acionados e formas de tornar o ambiente mais seguro. O acompanhamento multiprofissional \u00e9\u00a0fundamental. Psicologia,\u00a0psiquiatria,\u00a0<wbr \/>medicina,\u00a0enfermagem,\u00a0servi\u00e7o\u00a0<wbr \/>social,\u00a0aten\u00e7\u00e3o\u00a0prim\u00e1ria e, quando poss\u00edvel e autorizado, familiares e rede de apoio\u00a0enxergam dimens\u00f5es diferentes do problema. Prevenir uma nova crise significa tratar sintomas, mas tamb\u00e9m trabalhar rela\u00e7\u00f5es, condi\u00e7\u00f5es sociais, perdas, rotina, autonomia, estrat\u00e9gias de enfrentamento, ades\u00e3o ao tratamento e reconstru\u00e7\u00e3o de projetos de vida&#8221;, conclui.<\/p>\n<p>No Brasil, al\u00e9m dos servi\u00e7os de sa\u00fade, o CVV \u2013 Centro de Valoriza\u00e7\u00e3o da Vida oferece apoio emocional gratuito e sigiloso pelo telefone 188, 24 horas por dia. Em 2025, o servi\u00e7o realizou cerca de 2 milh\u00f5es de atendimentos. O CVV \u00e9 uma importante rede de escuta, mas n\u00e3o substitui o atendimento de emerg\u00eancia quando existe risco iminente. Nesses casos, deve-se procurar pronto-socorro, UPA, hospital ou acionar o SAMU 192.<\/p>\n","protected":false},"excerpt":{"rendered":"<p>Organiza\u00e7\u00e3o Mundial da Sa\u00fade estima que, para cada morte decorrente de suic\u00eddio, ocorram cerca de 20 tentativas Durante um longo per\u00edodo, falar sobre suic\u00eddio foi um<span class=\"excerpt-hellip\"> [\u2026]<\/span><\/p>\n","protected":false},"author":10,"featured_media":70302,"comment_status":"open","ping_status":"open","sticky":false,"template":"","format":"standard","meta":{"_jetpack_memberships_contains_paid_content":false,"footnotes":"","jetpack_publicize_message":"","jetpack_publicize_feature_enabled":true,"jetpack_social_post_already_shared":true,"jetpack_social_options":{"image_generator_settings":{"template":"highway","default_image_id":0,"enabled":false},"version":2}},"categories":[28,44],"tags":[],"class_list":["post-70301","post","type-post","status-publish","format-standard","has-post-thumbnail","hentry","category-cotidiano","category-noticias"],"yoast_head":"<!-- This site is optimized with the Yoast SEO plugin v25.6 - https:\/\/yoast.com\/wordpress\/plugins\/seo\/ -->\n<title>Setembro Amarelo: dados sobre suic\u00eddio no Brasil e no mundo alertam para sa\u00fade mental - VerdadeOn<\/title>\n<meta name=\"robots\" content=\"index, follow, max-snippet:-1, max-image-preview:large, max-video-preview:-1\" \/>\n<link rel=\"canonical\" href=\"https:\/\/verdadeon.com.br\/portal\/2026\/09\/02\/setembro-amarelo-dados-sobre-suicidio-no-brasil-e-no-mundo-alertam-para-saude-mental\/\" \/>\n<meta property=\"og:locale\" content=\"pt_BR\" \/>\n<meta property=\"og:type\" content=\"article\" \/>\n<meta property=\"og:title\" content=\"Setembro Amarelo: dados sobre suic\u00eddio no Brasil e no mundo alertam para sa\u00fade mental - VerdadeOn\" \/>\n<meta property=\"og:description\" content=\"Organiza\u00e7\u00e3o Mundial da Sa\u00fade estima que, para cada morte decorrente de suic\u00eddio, ocorram cerca de 20 tentativas Durante um longo per\u00edodo, falar sobre suic\u00eddio foi um [\u2026]\" \/>\n<meta property=\"og:url\" content=\"https:\/\/verdadeon.com.br\/portal\/2026\/09\/02\/setembro-amarelo-dados-sobre-suicidio-no-brasil-e-no-mundo-alertam-para-saude-mental\/\" \/>\n<meta property=\"og:site_name\" content=\"VerdadeOn\" \/>\n<meta property=\"article:published_time\" content=\"2026-09-02T15:09:41+00:00\" \/>\n<meta property=\"og:image\" content=\"https:\/\/verdadeon.com.br\/portal\/wp-content\/uploads\/2026\/09\/Documento-a4-placa-empurre-puxe-para-abrir-verde-2026-09-02T120849.552.jpg\" \/>\n\t<meta property=\"og:image:width\" content=\"2000\" \/>\n\t<meta property=\"og:image:height\" content=\"1414\" \/>\n\t<meta property=\"og:image:type\" content=\"image\/jpeg\" \/>\n<meta name=\"author\" content=\"Redacao VerdadeOn\" \/>\n<meta name=\"twitter:card\" content=\"summary_large_image\" \/>\n<meta name=\"twitter:label1\" content=\"Escrito por\" \/>\n\t<meta name=\"twitter:data1\" content=\"Redacao VerdadeOn\" \/>\n\t<meta name=\"twitter:label2\" content=\"Est. tempo de leitura\" \/>\n\t<meta name=\"twitter:data2\" content=\"6 minutos\" \/>\n<script type=\"application\/ld+json\" class=\"yoast-schema-graph\">{\"@context\":\"https:\/\/schema.org\",\"@graph\":[{\"@type\":\"WebPage\",\"@id\":\"https:\/\/verdadeon.com.br\/portal\/2026\/09\/02\/setembro-amarelo-dados-sobre-suicidio-no-brasil-e-no-mundo-alertam-para-saude-mental\/\",\"url\":\"https:\/\/verdadeon.com.br\/portal\/2026\/09\/02\/setembro-amarelo-dados-sobre-suicidio-no-brasil-e-no-mundo-alertam-para-saude-mental\/\",\"name\":\"Setembro Amarelo: dados sobre suic\u00eddio no Brasil e no mundo alertam para sa\u00fade mental - VerdadeOn\",\"isPartOf\":{\"@id\":\"https:\/\/verdadeon.com.br\/portal\/#website\"},\"primaryImageOfPage\":{\"@id\":\"https:\/\/verdadeon.com.br\/portal\/2026\/09\/02\/setembro-amarelo-dados-sobre-suicidio-no-brasil-e-no-mundo-alertam-para-saude-mental\/#primaryimage\"},\"image\":{\"@id\":\"https:\/\/verdadeon.com.br\/portal\/2026\/09\/02\/setembro-amarelo-dados-sobre-suicidio-no-brasil-e-no-mundo-alertam-para-saude-mental\/#primaryimage\"},\"thumbnailUrl\":\"https:\/\/i0.wp.com\/verdadeon.com.br\/portal\/wp-content\/uploads\/2026\/09\/Documento-a4-placa-empurre-puxe-para-abrir-verde-2026-09-02T120849.552.jpg?fit=2000%2C1414&ssl=1\",\"datePublished\":\"2026-09-02T15:09:41+00:00\",\"author\":{\"@id\":\"https:\/\/verdadeon.com.br\/portal\/#\/schema\/person\/a5060ad1e9ea3df545188fc93ce43d2f\"},\"breadcrumb\":{\"@id\":\"https:\/\/verdadeon.com.br\/portal\/2026\/09\/02\/setembro-amarelo-dados-sobre-suicidio-no-brasil-e-no-mundo-alertam-para-saude-mental\/#breadcrumb\"},\"inLanguage\":\"pt-BR\",\"potentialAction\":[{\"@type\":\"ReadAction\",\"target\":[\"https:\/\/verdadeon.com.br\/portal\/2026\/09\/02\/setembro-amarelo-dados-sobre-suicidio-no-brasil-e-no-mundo-alertam-para-saude-mental\/\"]}]},{\"@type\":\"ImageObject\",\"inLanguage\":\"pt-BR\",\"@id\":\"https:\/\/verdadeon.com.br\/portal\/2026\/09\/02\/setembro-amarelo-dados-sobre-suicidio-no-brasil-e-no-mundo-alertam-para-saude-mental\/#primaryimage\",\"url\":\"https:\/\/i0.wp.com\/verdadeon.com.br\/portal\/wp-content\/uploads\/2026\/09\/Documento-a4-placa-empurre-puxe-para-abrir-verde-2026-09-02T120849.552.jpg?fit=2000%2C1414&ssl=1\",\"contentUrl\":\"https:\/\/i0.wp.com\/verdadeon.com.br\/portal\/wp-content\/uploads\/2026\/09\/Documento-a4-placa-empurre-puxe-para-abrir-verde-2026-09-02T120849.552.jpg?fit=2000%2C1414&ssl=1\",\"width\":2000,\"height\":1414,\"caption\":\"Segundo a OMS, cerca de 727 mil pessoas morrem por suic\u00eddio por ano no mundo e \u00e9 atualmente a terceira principal causa de morte entre jovens (\u00a9Divulga\u00e7\u00e3o - Freepik)\"},{\"@type\":\"BreadcrumbList\",\"@id\":\"https:\/\/verdadeon.com.br\/portal\/2026\/09\/02\/setembro-amarelo-dados-sobre-suicidio-no-brasil-e-no-mundo-alertam-para-saude-mental\/#breadcrumb\",\"itemListElement\":[{\"@type\":\"ListItem\",\"position\":1,\"name\":\"In\u00edcio\",\"item\":\"https:\/\/verdadeon.com.br\/portal\/\"},{\"@type\":\"ListItem\",\"position\":2,\"name\":\"Setembro Amarelo: dados sobre suic\u00eddio no Brasil e no mundo alertam para sa\u00fade mental\"}]},{\"@type\":\"WebSite\",\"@id\":\"https:\/\/verdadeon.com.br\/portal\/#website\",\"url\":\"https:\/\/verdadeon.com.br\/portal\/\",\"name\":\"VerdadeOn\",\"description\":\"Not\u00edcias di\u00e1rias sobre Franca, Regi\u00e3o, Esporte, Cultura, Cotidiano, Colunas. Cobertura nos principais eventos da cidade \u00e9 aqui - Verdadeon Franca\",\"potentialAction\":[{\"@type\":\"SearchAction\",\"target\":{\"@type\":\"EntryPoint\",\"urlTemplate\":\"https:\/\/verdadeon.com.br\/portal\/?s={search_term_string}\"},\"query-input\":{\"@type\":\"PropertyValueSpecification\",\"valueRequired\":true,\"valueName\":\"search_term_string\"}}],\"inLanguage\":\"pt-BR\"},{\"@type\":\"Person\",\"@id\":\"https:\/\/verdadeon.com.br\/portal\/#\/schema\/person\/a5060ad1e9ea3df545188fc93ce43d2f\",\"name\":\"Redacao VerdadeOn\",\"image\":{\"@type\":\"ImageObject\",\"inLanguage\":\"pt-BR\",\"@id\":\"https:\/\/verdadeon.com.br\/portal\/#\/schema\/person\/image\/\",\"url\":\"https:\/\/secure.gravatar.com\/avatar\/459a9613caaaf07f582c3d0841eea68bdd66f533e465e6ba8b9cb45619572cf4?s=96&d=mm&r=g\",\"contentUrl\":\"https:\/\/secure.gravatar.com\/avatar\/459a9613caaaf07f582c3d0841eea68bdd66f533e465e6ba8b9cb45619572cf4?s=96&d=mm&r=g\",\"caption\":\"Redacao VerdadeOn\"},\"url\":\"https:\/\/verdadeon.com.br\/portal\/author\/redacao\/\"}]}<\/script>\n<!-- \/ Yoast SEO plugin. -->","yoast_head_json":{"title":"Setembro Amarelo: dados sobre suic\u00eddio no Brasil e no mundo alertam para sa\u00fade mental - VerdadeOn","robots":{"index":"index","follow":"follow","max-snippet":"max-snippet:-1","max-image-preview":"max-image-preview:large","max-video-preview":"max-video-preview:-1"},"canonical":"https:\/\/verdadeon.com.br\/portal\/2026\/09\/02\/setembro-amarelo-dados-sobre-suicidio-no-brasil-e-no-mundo-alertam-para-saude-mental\/","og_locale":"pt_BR","og_type":"article","og_title":"Setembro Amarelo: dados sobre suic\u00eddio no Brasil e no mundo alertam para sa\u00fade mental - VerdadeOn","og_description":"Organiza\u00e7\u00e3o Mundial da Sa\u00fade estima que, para cada morte decorrente de suic\u00eddio, ocorram cerca de 20 tentativas Durante um longo per\u00edodo, falar sobre suic\u00eddio foi um [\u2026]","og_url":"https:\/\/verdadeon.com.br\/portal\/2026\/09\/02\/setembro-amarelo-dados-sobre-suicidio-no-brasil-e-no-mundo-alertam-para-saude-mental\/","og_site_name":"VerdadeOn","article_published_time":"2026-09-02T15:09:41+00:00","og_image":[{"width":2000,"height":1414,"url":"https:\/\/verdadeon.com.br\/portal\/wp-content\/uploads\/2026\/09\/Documento-a4-placa-empurre-puxe-para-abrir-verde-2026-09-02T120849.552.jpg","type":"image\/jpeg"}],"author":"Redacao VerdadeOn","twitter_card":"summary_large_image","twitter_misc":{"Escrito por":"Redacao VerdadeOn","Est. tempo de leitura":"6 minutos"},"schema":{"@context":"https:\/\/schema.org","@graph":[{"@type":"WebPage","@id":"https:\/\/verdadeon.com.br\/portal\/2026\/09\/02\/setembro-amarelo-dados-sobre-suicidio-no-brasil-e-no-mundo-alertam-para-saude-mental\/","url":"https:\/\/verdadeon.com.br\/portal\/2026\/09\/02\/setembro-amarelo-dados-sobre-suicidio-no-brasil-e-no-mundo-alertam-para-saude-mental\/","name":"Setembro Amarelo: dados sobre suic\u00eddio no Brasil e no mundo alertam para sa\u00fade mental - VerdadeOn","isPartOf":{"@id":"https:\/\/verdadeon.com.br\/portal\/#website"},"primaryImageOfPage":{"@id":"https:\/\/verdadeon.com.br\/portal\/2026\/09\/02\/setembro-amarelo-dados-sobre-suicidio-no-brasil-e-no-mundo-alertam-para-saude-mental\/#primaryimage"},"image":{"@id":"https:\/\/verdadeon.com.br\/portal\/2026\/09\/02\/setembro-amarelo-dados-sobre-suicidio-no-brasil-e-no-mundo-alertam-para-saude-mental\/#primaryimage"},"thumbnailUrl":"https:\/\/i0.wp.com\/verdadeon.com.br\/portal\/wp-content\/uploads\/2026\/09\/Documento-a4-placa-empurre-puxe-para-abrir-verde-2026-09-02T120849.552.jpg?fit=2000%2C1414&ssl=1","datePublished":"2026-09-02T15:09:41+00:00","author":{"@id":"https:\/\/verdadeon.com.br\/portal\/#\/schema\/person\/a5060ad1e9ea3df545188fc93ce43d2f"},"breadcrumb":{"@id":"https:\/\/verdadeon.com.br\/portal\/2026\/09\/02\/setembro-amarelo-dados-sobre-suicidio-no-brasil-e-no-mundo-alertam-para-saude-mental\/#breadcrumb"},"inLanguage":"pt-BR","potentialAction":[{"@type":"ReadAction","target":["https:\/\/verdadeon.com.br\/portal\/2026\/09\/02\/setembro-amarelo-dados-sobre-suicidio-no-brasil-e-no-mundo-alertam-para-saude-mental\/"]}]},{"@type":"ImageObject","inLanguage":"pt-BR","@id":"https:\/\/verdadeon.com.br\/portal\/2026\/09\/02\/setembro-amarelo-dados-sobre-suicidio-no-brasil-e-no-mundo-alertam-para-saude-mental\/#primaryimage","url":"https:\/\/i0.wp.com\/verdadeon.com.br\/portal\/wp-content\/uploads\/2026\/09\/Documento-a4-placa-empurre-puxe-para-abrir-verde-2026-09-02T120849.552.jpg?fit=2000%2C1414&ssl=1","contentUrl":"https:\/\/i0.wp.com\/verdadeon.com.br\/portal\/wp-content\/uploads\/2026\/09\/Documento-a4-placa-empurre-puxe-para-abrir-verde-2026-09-02T120849.552.jpg?fit=2000%2C1414&ssl=1","width":2000,"height":1414,"caption":"Segundo a OMS, cerca de 727 mil pessoas morrem por suic\u00eddio por ano no mundo e \u00e9 atualmente a terceira principal causa de morte entre jovens (\u00a9Divulga\u00e7\u00e3o - Freepik)"},{"@type":"BreadcrumbList","@id":"https:\/\/verdadeon.com.br\/portal\/2026\/09\/02\/setembro-amarelo-dados-sobre-suicidio-no-brasil-e-no-mundo-alertam-para-saude-mental\/#breadcrumb","itemListElement":[{"@type":"ListItem","position":1,"name":"In\u00edcio","item":"https:\/\/verdadeon.com.br\/portal\/"},{"@type":"ListItem","position":2,"name":"Setembro Amarelo: dados sobre suic\u00eddio no Brasil e no mundo alertam para sa\u00fade mental"}]},{"@type":"WebSite","@id":"https:\/\/verdadeon.com.br\/portal\/#website","url":"https:\/\/verdadeon.com.br\/portal\/","name":"VerdadeOn","description":"Not\u00edcias di\u00e1rias sobre Franca, Regi\u00e3o, Esporte, Cultura, Cotidiano, Colunas. Cobertura nos principais eventos da cidade \u00e9 aqui - Verdadeon Franca","potentialAction":[{"@type":"SearchAction","target":{"@type":"EntryPoint","urlTemplate":"https:\/\/verdadeon.com.br\/portal\/?s={search_term_string}"},"query-input":{"@type":"PropertyValueSpecification","valueRequired":true,"valueName":"search_term_string"}}],"inLanguage":"pt-BR"},{"@type":"Person","@id":"https:\/\/verdadeon.com.br\/portal\/#\/schema\/person\/a5060ad1e9ea3df545188fc93ce43d2f","name":"Redacao VerdadeOn","image":{"@type":"ImageObject","inLanguage":"pt-BR","@id":"https:\/\/verdadeon.com.br\/portal\/#\/schema\/person\/image\/","url":"https:\/\/secure.gravatar.com\/avatar\/459a9613caaaf07f582c3d0841eea68bdd66f533e465e6ba8b9cb45619572cf4?s=96&d=mm&r=g","contentUrl":"https:\/\/secure.gravatar.com\/avatar\/459a9613caaaf07f582c3d0841eea68bdd66f533e465e6ba8b9cb45619572cf4?s=96&d=mm&r=g","caption":"Redacao VerdadeOn"},"url":"https:\/\/verdadeon.com.br\/portal\/author\/redacao\/"}]}},"jetpack_publicize_connections":[],"jetpack_featured_media_url":"https:\/\/i0.wp.com\/verdadeon.com.br\/portal\/wp-content\/uploads\/2026\/09\/Documento-a4-placa-empurre-puxe-para-abrir-verde-2026-09-02T120849.552.jpg?fit=2000%2C1414&ssl=1","jetpack_sharing_enabled":true,"_links":{"self":[{"href":"https:\/\/verdadeon.com.br\/portal\/wp-json\/wp\/v2\/posts\/70301","targetHints":{"allow":["GET"]}}],"collection":[{"href":"https:\/\/verdadeon.com.br\/portal\/wp-json\/wp\/v2\/posts"}],"about":[{"href":"https:\/\/verdadeon.com.br\/portal\/wp-json\/wp\/v2\/types\/post"}],"author":[{"embeddable":true,"href":"https:\/\/verdadeon.com.br\/portal\/wp-json\/wp\/v2\/users\/10"}],"replies":[{"embeddable":true,"href":"https:\/\/verdadeon.com.br\/portal\/wp-json\/wp\/v2\/comments?post=70301"}],"version-history":[{"count":1,"href":"https:\/\/verdadeon.com.br\/portal\/wp-json\/wp\/v2\/posts\/70301\/revisions"}],"predecessor-version":[{"id":70303,"href":"https:\/\/verdadeon.com.br\/portal\/wp-json\/wp\/v2\/posts\/70301\/revisions\/70303"}],"wp:featuredmedia":[{"embeddable":true,"href":"https:\/\/verdadeon.com.br\/portal\/wp-json\/wp\/v2\/media\/70302"}],"wp:attachment":[{"href":"https:\/\/verdadeon.com.br\/portal\/wp-json\/wp\/v2\/media?parent=70301"}],"wp:term":[{"taxonomy":"category","embeddable":true,"href":"https:\/\/verdadeon.com.br\/portal\/wp-json\/wp\/v2\/categories?post=70301"},{"taxonomy":"post_tag","embeddable":true,"href":"https:\/\/verdadeon.com.br\/portal\/wp-json\/wp\/v2\/tags?post=70301"}],"curies":[{"name":"wp","href":"https:\/\/api.w.org\/{rel}","templated":true}]}}