{"id":70297,"date":"2026-09-04T08:00:20","date_gmt":"2026-09-04T11:00:20","guid":{"rendered":"https:\/\/verdadeon.com.br\/portal\/?p=70297"},"modified":"2026-09-02T11:48:36","modified_gmt":"2026-09-02T14:48:36","slug":"ribeirao-corrente-quer-retomada-da-farmacia-popular-demanda-e-apresentada-ao-ministerio-da-saude","status":"publish","type":"post","link":"https:\/\/verdadeon.com.br\/portal\/2026\/09\/04\/ribeirao-corrente-quer-retomada-da-farmacia-popular-demanda-e-apresentada-ao-ministerio-da-saude\/","title":{"rendered":"Ribeir\u00e3o Corrente quer retomada da Farm\u00e1cia Popular; demanda \u00e9 apresentada ao Minist\u00e9rio da Sa\u00fade"},"content":{"rendered":"<h2>Encontro online debateu novos investimentos e fortalecimento dos servi\u00e7os de sa\u00fade<\/h2>\n<p>O fortalecimento da sa\u00fade p\u00fablica em Ribeir\u00e3o Corrente foi tema de um encontro online entre Humberto Tob\u00e9, gestor de sa\u00fade p\u00fablica e membro da equipe do ministro Alexandre Padilha, do Minist\u00e9rio da Sa\u00fade, e a prefeita Aninha Montanher.<\/p>\n<p>Durante a conversa virtual, foram apresentados os servi\u00e7os dispon\u00edveis no munic\u00edpio, os investimentos destinados \u00e0 rede de atendimento e as principais demandas para ampliar o acesso da popula\u00e7\u00e3o a medicamentos, consultas especializadas e transporte sanit\u00e1rio.<\/p>\n<p>Com pouco mais de 5 mil habitantes, Ribeir\u00e3o Corrente conta com duas equipes de Sa\u00fade da Fam\u00edlia, cinco agentes comunit\u00e1rios de sa\u00fade e um agente de combate \u00e0s endemias. Tamb\u00e9m est\u00e1 em an\u00e1lise a possibilidade de ampliar o n\u00famero desses profissionais, fortalecendo as visitas domiciliares e as a\u00e7\u00f5es de preven\u00e7\u00e3o.<\/p>\n<p>Segundo a prefeita, a implanta\u00e7\u00e3o da segunda equipe de Sa\u00fade da Fam\u00edlia, h\u00e1 aproximadamente um ano e meio, permitiu ampliar o atendimento na zona rural.<\/p>\n<p><strong>Munic\u00edpio busca retomada da Farm\u00e1cia Popular<\/strong><\/p>\n<p>A situa\u00e7\u00e3o da Farm\u00e1cia Popular foi um dos principais assuntos do encontro online. As duas farm\u00e1cias privadas que participavam do programa no munic\u00edpio foram descredenciadas e passam por um processo de apura\u00e7\u00e3o e valida\u00e7\u00e3o de informa\u00e7\u00f5es.<\/p>\n<p>Sem o atendimento, a Prefeitura precisa adquirir parte dos medicamentos com recursos municipais ou transportar moradores at\u00e9 cidades pr\u00f3ximas. A prefeita informou que j\u00e1 protocolou um pedido para que a situa\u00e7\u00e3o seja analisada e que, pelo menos, uma farm\u00e1cia volte a oferecer o servi\u00e7o.<\/p>\n<p>A retomada \u00e9 considerada fundamental para garantir medicamentos \u00e0 popula\u00e7\u00e3o, especialmente idosos, pessoas com doen\u00e7as cr\u00f4nicas e fam\u00edlias em situa\u00e7\u00e3o de vulnerabilidade.<\/p>\n<p><strong>Aten\u00e7\u00e3o Prim\u00e1ria e sa\u00fade nas escolas<\/strong><\/p>\n<p>A rede municipal possui tr\u00eas Unidades B\u00e1sicas de Sa\u00fade credenciadas e uma equipe multiprofissional, que re\u00fane profissionais de diferentes \u00e1reas para acompanhar os pacientes de forma integrada. O munic\u00edpio tamb\u00e9m desenvolve a\u00e7\u00f5es de sa\u00fade bucal nas unidades, na cl\u00ednica odontol\u00f3gica e nas escolas.<\/p>\n<p>O programa Sa\u00fade na Escola atende quatro unidades de ensino e alcan\u00e7a mais de 935 estudantes. As atividades unem sa\u00fade e educa\u00e7\u00e3o para promover preven\u00e7\u00e3o, orienta\u00e7\u00e3o e acompanhamento de crian\u00e7as e adolescentes.<\/p>\n<p><strong>UBS recebe novos equipamentos<\/strong><\/p>\n<p>Ribeir\u00e3o Corrente foi contemplada com um conjunto de equipamentos para a rede b\u00e1sica de sa\u00fade, no valor total de R$ 160 mil.<\/p>\n<p>Segundo os dados apresentados durante o encontro online, 41% dos itens previstos j\u00e1 haviam sido entregues. Os demais equipamentos chegar\u00e3o gradualmente e dever\u00e3o melhorar a estrutura das unidades e as condi\u00e7\u00f5es de atendimento aos pacientes.<\/p>\n<p><strong>Teleconsultas ampliar\u00e3o acesso a especialistas<\/strong><\/p>\n<p>O munic\u00edpio tamb\u00e9m receber\u00e1 um kit de teleconsulta para participar do programa Agora Tem Especialistas. A estrutura permitir\u00e1 atendimentos em seis \u00e1reas:<\/p>\n<p><em><strong>* otorrinolaringologia;<\/strong><\/em><br \/>\n<em><strong>* oftalmologia;<\/strong><\/em><br \/>\n<em><strong>* cardiologia;<\/strong><\/em><br \/>\n<em><strong>* ortopedia;<\/strong><\/em><br \/>\n<em><strong>* sa\u00fade da mulher;<\/strong><\/em><br \/>\n<em><strong>* oncologia.<\/strong><\/em><\/p>\n<p>A iniciativa dever\u00e1 aproximar a popula\u00e7\u00e3o de profissionais que dificilmente estariam dispon\u00edveis presencialmente em uma cidade de pequeno porte. A expectativa \u00e9 reduzir deslocamentos, agilizar avalia\u00e7\u00f5es e contribuir para a diminui\u00e7\u00e3o das filas.<\/p>\n<p>\u201cA teleconsulta veio para ficar e tem apresentado resultados importantes. Ribeir\u00e3o Corrente n\u00e3o teria condi\u00e7\u00f5es de manter todos esses especialistas presencialmente, mas poder\u00e1 oferecer esse acesso de forma virtual e resolutiva\u201d, afirmou Aninha Montanher.<\/p>\n<p><strong>Renova\u00e7\u00e3o da frota \u00e9 apontada como prioridade<\/strong><\/p>\n<p>Durante a conversa virtual, a prefeita tamb\u00e9m apresentou a necessidade de renovar a frota utilizada pela sa\u00fade. Como parte dos atendimentos especializados \u00e9 realizada em cidades vizinhas, os pacientes passam muito tempo nas estradas para fazer consultas, exames e tratamentos.<\/p>\n<p>Entre as demandas est\u00e3o uma nova ambul\u00e2ncia e ve\u00edculos para o transporte sanit\u00e1rio. Segundo a prefeita, a frota atual exige manuten\u00e7\u00e3o frequente, e a renova\u00e7\u00e3o proporcionaria mais seguran\u00e7a, conforto e qualidade aos moradores.<\/p>\n<p>Ao final do encontro online, Humberto Tob\u00e9 destacou o trabalho dos profissionais do SUS e informou que as demandas apresentadas ser\u00e3o acompanhadas. A conversa permitiu detalhar os avan\u00e7os j\u00e1 alcan\u00e7ados e as medidas necess\u00e1rias para ampliar o acesso da popula\u00e7\u00e3o de Ribeir\u00e3o Corrente aos servi\u00e7os de sa\u00fade.<\/p>\n","protected":false},"excerpt":{"rendered":"<p>Encontro online debateu novos investimentos e fortalecimento dos servi\u00e7os de sa\u00fade O fortalecimento da sa\u00fade p\u00fablica em Ribeir\u00e3o Corrente foi tema de um encontro online entre<span class=\"excerpt-hellip\"> [\u2026]<\/span><\/p>\n","protected":false},"author":10,"featured_media":70298,"comment_status":"open","ping_status":"open","sticky":false,"template":"","format":"standard","meta":{"_jetpack_memberships_contains_paid_content":false,"footnotes":"","jetpack_publicize_message":"","jetpack_publicize_feature_enabled":true,"jetpack_social_post_already_shared":true,"jetpack_social_options":{"image_generator_settings":{"template":"highway","default_image_id":0,"enabled":false},"version":2}},"categories":[28,81],"tags":[],"class_list":["post-70297","post","type-post","status-publish","format-standard","has-post-thumbnail","hentry","category-cotidiano","category-manchete"],"yoast_head":"<!-- This site is optimized with the Yoast SEO plugin v25.6 - https:\/\/yoast.com\/wordpress\/plugins\/seo\/ -->\n<title>Ribeir\u00e3o Corrente quer retomada da Farm\u00e1cia Popular; demanda \u00e9 apresentada ao Minist\u00e9rio da Sa\u00fade - VerdadeOn<\/title>\n<meta name=\"robots\" content=\"index, follow, max-snippet:-1, max-image-preview:large, max-video-preview:-1\" \/>\n<link rel=\"canonical\" href=\"https:\/\/verdadeon.com.br\/portal\/2026\/09\/04\/ribeirao-corrente-quer-retomada-da-farmacia-popular-demanda-e-apresentada-ao-ministerio-da-saude\/\" \/>\n<meta property=\"og:locale\" content=\"pt_BR\" \/>\n<meta property=\"og:type\" content=\"article\" \/>\n<meta property=\"og:title\" content=\"Ribeir\u00e3o Corrente quer retomada da Farm\u00e1cia Popular; demanda \u00e9 apresentada ao Minist\u00e9rio da Sa\u00fade - VerdadeOn\" \/>\n<meta property=\"og:description\" content=\"Encontro online debateu novos investimentos e fortalecimento dos servi\u00e7os de sa\u00fade O fortalecimento da sa\u00fade p\u00fablica em Ribeir\u00e3o Corrente foi tema de um encontro online entre [\u2026]\" \/>\n<meta property=\"og:url\" content=\"https:\/\/verdadeon.com.br\/portal\/2026\/09\/04\/ribeirao-corrente-quer-retomada-da-farmacia-popular-demanda-e-apresentada-ao-ministerio-da-saude\/\" \/>\n<meta property=\"og:site_name\" content=\"VerdadeOn\" \/>\n<meta property=\"article:published_time\" content=\"2026-09-04T11:00:20+00:00\" \/>\n<meta property=\"og:image\" content=\"https:\/\/i0.wp.com\/verdadeon.com.br\/portal\/wp-content\/uploads\/2026\/09\/WhatsApp-Image-2026-09-01-at-11.04.13.jpeg?fit=739%2C415&ssl=1\" \/>\n\t<meta property=\"og:image:width\" content=\"739\" \/>\n\t<meta property=\"og:image:height\" content=\"415\" \/>\n\t<meta property=\"og:image:type\" content=\"image\/jpeg\" \/>\n<meta name=\"author\" content=\"Redacao VerdadeOn\" \/>\n<meta name=\"twitter:card\" content=\"summary_large_image\" \/>\n<meta name=\"twitter:label1\" content=\"Escrito por\" \/>\n\t<meta name=\"twitter:data1\" content=\"Redacao VerdadeOn\" \/>\n\t<meta name=\"twitter:label2\" content=\"Est. tempo de leitura\" \/>\n\t<meta name=\"twitter:data2\" content=\"4 minutos\" \/>\n<script type=\"application\/ld+json\" class=\"yoast-schema-graph\">{\"@context\":\"https:\/\/schema.org\",\"@graph\":[{\"@type\":\"WebPage\",\"@id\":\"https:\/\/verdadeon.com.br\/portal\/2026\/09\/04\/ribeirao-corrente-quer-retomada-da-farmacia-popular-demanda-e-apresentada-ao-ministerio-da-saude\/\",\"url\":\"https:\/\/verdadeon.com.br\/portal\/2026\/09\/04\/ribeirao-corrente-quer-retomada-da-farmacia-popular-demanda-e-apresentada-ao-ministerio-da-saude\/\",\"name\":\"Ribeir\u00e3o Corrente quer retomada da Farm\u00e1cia Popular; demanda \u00e9 apresentada ao Minist\u00e9rio da Sa\u00fade - VerdadeOn\",\"isPartOf\":{\"@id\":\"https:\/\/verdadeon.com.br\/portal\/#website\"},\"primaryImageOfPage\":{\"@id\":\"https:\/\/verdadeon.com.br\/portal\/2026\/09\/04\/ribeirao-corrente-quer-retomada-da-farmacia-popular-demanda-e-apresentada-ao-ministerio-da-saude\/#primaryimage\"},\"image\":{\"@id\":\"https:\/\/verdadeon.com.br\/portal\/2026\/09\/04\/ribeirao-corrente-quer-retomada-da-farmacia-popular-demanda-e-apresentada-ao-ministerio-da-saude\/#primaryimage\"},\"thumbnailUrl\":\"https:\/\/i0.wp.com\/verdadeon.com.br\/portal\/wp-content\/uploads\/2026\/09\/WhatsApp-Image-2026-09-01-at-11.04.13.jpeg?fit=739%2C415&ssl=1\",\"datePublished\":\"2026-09-04T11:00:20+00:00\",\"author\":{\"@id\":\"https:\/\/verdadeon.com.br\/portal\/#\/schema\/person\/a5060ad1e9ea3df545188fc93ce43d2f\"},\"breadcrumb\":{\"@id\":\"https:\/\/verdadeon.com.br\/portal\/2026\/09\/04\/ribeirao-corrente-quer-retomada-da-farmacia-popular-demanda-e-apresentada-ao-ministerio-da-saude\/#breadcrumb\"},\"inLanguage\":\"pt-BR\",\"potentialAction\":[{\"@type\":\"ReadAction\",\"target\":[\"https:\/\/verdadeon.com.br\/portal\/2026\/09\/04\/ribeirao-corrente-quer-retomada-da-farmacia-popular-demanda-e-apresentada-ao-ministerio-da-saude\/\"]}]},{\"@type\":\"ImageObject\",\"inLanguage\":\"pt-BR\",\"@id\":\"https:\/\/verdadeon.com.br\/portal\/2026\/09\/04\/ribeirao-corrente-quer-retomada-da-farmacia-popular-demanda-e-apresentada-ao-ministerio-da-saude\/#primaryimage\",\"url\":\"https:\/\/i0.wp.com\/verdadeon.com.br\/portal\/wp-content\/uploads\/2026\/09\/WhatsApp-Image-2026-09-01-at-11.04.13.jpeg?fit=739%2C415&ssl=1\",\"contentUrl\":\"https:\/\/i0.wp.com\/verdadeon.com.br\/portal\/wp-content\/uploads\/2026\/09\/WhatsApp-Image-2026-09-01-at-11.04.13.jpeg?fit=739%2C415&ssl=1\",\"width\":739,\"height\":415,\"caption\":\"(\u00a9Divulga\u00e7\u00e3o)\"},{\"@type\":\"BreadcrumbList\",\"@id\":\"https:\/\/verdadeon.com.br\/portal\/2026\/09\/04\/ribeirao-corrente-quer-retomada-da-farmacia-popular-demanda-e-apresentada-ao-ministerio-da-saude\/#breadcrumb\",\"itemListElement\":[{\"@type\":\"ListItem\",\"position\":1,\"name\":\"In\u00edcio\",\"item\":\"https:\/\/verdadeon.com.br\/portal\/\"},{\"@type\":\"ListItem\",\"position\":2,\"name\":\"Ribeir\u00e3o Corrente quer retomada da Farm\u00e1cia Popular; demanda \u00e9 apresentada ao Minist\u00e9rio da Sa\u00fade\"}]},{\"@type\":\"WebSite\",\"@id\":\"https:\/\/verdadeon.com.br\/portal\/#website\",\"url\":\"https:\/\/verdadeon.com.br\/portal\/\",\"name\":\"VerdadeOn\",\"description\":\"Not\u00edcias di\u00e1rias sobre Franca, Regi\u00e3o, Esporte, Cultura, Cotidiano, Colunas. Cobertura nos principais eventos da cidade \u00e9 aqui - Verdadeon Franca\",\"potentialAction\":[{\"@type\":\"SearchAction\",\"target\":{\"@type\":\"EntryPoint\",\"urlTemplate\":\"https:\/\/verdadeon.com.br\/portal\/?s={search_term_string}\"},\"query-input\":{\"@type\":\"PropertyValueSpecification\",\"valueRequired\":true,\"valueName\":\"search_term_string\"}}],\"inLanguage\":\"pt-BR\"},{\"@type\":\"Person\",\"@id\":\"https:\/\/verdadeon.com.br\/portal\/#\/schema\/person\/a5060ad1e9ea3df545188fc93ce43d2f\",\"name\":\"Redacao VerdadeOn\",\"image\":{\"@type\":\"ImageObject\",\"inLanguage\":\"pt-BR\",\"@id\":\"https:\/\/verdadeon.com.br\/portal\/#\/schema\/person\/image\/\",\"url\":\"https:\/\/secure.gravatar.com\/avatar\/459a9613caaaf07f582c3d0841eea68bdd66f533e465e6ba8b9cb45619572cf4?s=96&d=mm&r=g\",\"contentUrl\":\"https:\/\/secure.gravatar.com\/avatar\/459a9613caaaf07f582c3d0841eea68bdd66f533e465e6ba8b9cb45619572cf4?s=96&d=mm&r=g\",\"caption\":\"Redacao VerdadeOn\"},\"url\":\"https:\/\/verdadeon.com.br\/portal\/author\/redacao\/\"}]}<\/script>\n<!-- \/ Yoast SEO plugin. -->","yoast_head_json":{"title":"Ribeir\u00e3o Corrente quer retomada da Farm\u00e1cia Popular; demanda \u00e9 apresentada ao Minist\u00e9rio da Sa\u00fade - VerdadeOn","robots":{"index":"index","follow":"follow","max-snippet":"max-snippet:-1","max-image-preview":"max-image-preview:large","max-video-preview":"max-video-preview:-1"},"canonical":"https:\/\/verdadeon.com.br\/portal\/2026\/09\/04\/ribeirao-corrente-quer-retomada-da-farmacia-popular-demanda-e-apresentada-ao-ministerio-da-saude\/","og_locale":"pt_BR","og_type":"article","og_title":"Ribeir\u00e3o Corrente quer retomada da Farm\u00e1cia Popular; demanda \u00e9 apresentada ao Minist\u00e9rio da Sa\u00fade - VerdadeOn","og_description":"Encontro online debateu novos investimentos e fortalecimento dos servi\u00e7os de sa\u00fade O fortalecimento da sa\u00fade p\u00fablica em Ribeir\u00e3o Corrente foi tema de um encontro online entre [\u2026]","og_url":"https:\/\/verdadeon.com.br\/portal\/2026\/09\/04\/ribeirao-corrente-quer-retomada-da-farmacia-popular-demanda-e-apresentada-ao-ministerio-da-saude\/","og_site_name":"VerdadeOn","article_published_time":"2026-09-04T11:00:20+00:00","og_image":[{"width":739,"height":415,"url":"https:\/\/i0.wp.com\/verdadeon.com.br\/portal\/wp-content\/uploads\/2026\/09\/WhatsApp-Image-2026-09-01-at-11.04.13.jpeg?fit=739%2C415&ssl=1","type":"image\/jpeg"}],"author":"Redacao VerdadeOn","twitter_card":"summary_large_image","twitter_misc":{"Escrito por":"Redacao VerdadeOn","Est. tempo de leitura":"4 minutos"},"schema":{"@context":"https:\/\/schema.org","@graph":[{"@type":"WebPage","@id":"https:\/\/verdadeon.com.br\/portal\/2026\/09\/04\/ribeirao-corrente-quer-retomada-da-farmacia-popular-demanda-e-apresentada-ao-ministerio-da-saude\/","url":"https:\/\/verdadeon.com.br\/portal\/2026\/09\/04\/ribeirao-corrente-quer-retomada-da-farmacia-popular-demanda-e-apresentada-ao-ministerio-da-saude\/","name":"Ribeir\u00e3o Corrente quer retomada da Farm\u00e1cia Popular; demanda \u00e9 apresentada ao Minist\u00e9rio da Sa\u00fade - VerdadeOn","isPartOf":{"@id":"https:\/\/verdadeon.com.br\/portal\/#website"},"primaryImageOfPage":{"@id":"https:\/\/verdadeon.com.br\/portal\/2026\/09\/04\/ribeirao-corrente-quer-retomada-da-farmacia-popular-demanda-e-apresentada-ao-ministerio-da-saude\/#primaryimage"},"image":{"@id":"https:\/\/verdadeon.com.br\/portal\/2026\/09\/04\/ribeirao-corrente-quer-retomada-da-farmacia-popular-demanda-e-apresentada-ao-ministerio-da-saude\/#primaryimage"},"thumbnailUrl":"https:\/\/i0.wp.com\/verdadeon.com.br\/portal\/wp-content\/uploads\/2026\/09\/WhatsApp-Image-2026-09-01-at-11.04.13.jpeg?fit=739%2C415&ssl=1","datePublished":"2026-09-04T11:00:20+00:00","author":{"@id":"https:\/\/verdadeon.com.br\/portal\/#\/schema\/person\/a5060ad1e9ea3df545188fc93ce43d2f"},"breadcrumb":{"@id":"https:\/\/verdadeon.com.br\/portal\/2026\/09\/04\/ribeirao-corrente-quer-retomada-da-farmacia-popular-demanda-e-apresentada-ao-ministerio-da-saude\/#breadcrumb"},"inLanguage":"pt-BR","potentialAction":[{"@type":"ReadAction","target":["https:\/\/verdadeon.com.br\/portal\/2026\/09\/04\/ribeirao-corrente-quer-retomada-da-farmacia-popular-demanda-e-apresentada-ao-ministerio-da-saude\/"]}]},{"@type":"ImageObject","inLanguage":"pt-BR","@id":"https:\/\/verdadeon.com.br\/portal\/2026\/09\/04\/ribeirao-corrente-quer-retomada-da-farmacia-popular-demanda-e-apresentada-ao-ministerio-da-saude\/#primaryimage","url":"https:\/\/i0.wp.com\/verdadeon.com.br\/portal\/wp-content\/uploads\/2026\/09\/WhatsApp-Image-2026-09-01-at-11.04.13.jpeg?fit=739%2C415&ssl=1","contentUrl":"https:\/\/i0.wp.com\/verdadeon.com.br\/portal\/wp-content\/uploads\/2026\/09\/WhatsApp-Image-2026-09-01-at-11.04.13.jpeg?fit=739%2C415&ssl=1","width":739,"height":415,"caption":"(\u00a9Divulga\u00e7\u00e3o)"},{"@type":"BreadcrumbList","@id":"https:\/\/verdadeon.com.br\/portal\/2026\/09\/04\/ribeirao-corrente-quer-retomada-da-farmacia-popular-demanda-e-apresentada-ao-ministerio-da-saude\/#breadcrumb","itemListElement":[{"@type":"ListItem","position":1,"name":"In\u00edcio","item":"https:\/\/verdadeon.com.br\/portal\/"},{"@type":"ListItem","position":2,"name":"Ribeir\u00e3o Corrente quer retomada da Farm\u00e1cia Popular; demanda \u00e9 apresentada ao Minist\u00e9rio da Sa\u00fade"}]},{"@type":"WebSite","@id":"https:\/\/verdadeon.com.br\/portal\/#website","url":"https:\/\/verdadeon.com.br\/portal\/","name":"VerdadeOn","description":"Not\u00edcias di\u00e1rias sobre Franca, Regi\u00e3o, Esporte, Cultura, Cotidiano, Colunas. Cobertura nos principais eventos da cidade \u00e9 aqui - Verdadeon Franca","potentialAction":[{"@type":"SearchAction","target":{"@type":"EntryPoint","urlTemplate":"https:\/\/verdadeon.com.br\/portal\/?s={search_term_string}"},"query-input":{"@type":"PropertyValueSpecification","valueRequired":true,"valueName":"search_term_string"}}],"inLanguage":"pt-BR"},{"@type":"Person","@id":"https:\/\/verdadeon.com.br\/portal\/#\/schema\/person\/a5060ad1e9ea3df545188fc93ce43d2f","name":"Redacao VerdadeOn","image":{"@type":"ImageObject","inLanguage":"pt-BR","@id":"https:\/\/verdadeon.com.br\/portal\/#\/schema\/person\/image\/","url":"https:\/\/secure.gravatar.com\/avatar\/459a9613caaaf07f582c3d0841eea68bdd66f533e465e6ba8b9cb45619572cf4?s=96&d=mm&r=g","contentUrl":"https:\/\/secure.gravatar.com\/avatar\/459a9613caaaf07f582c3d0841eea68bdd66f533e465e6ba8b9cb45619572cf4?s=96&d=mm&r=g","caption":"Redacao VerdadeOn"},"url":"https:\/\/verdadeon.com.br\/portal\/author\/redacao\/"}]}},"jetpack_publicize_connections":[],"jetpack_featured_media_url":"https:\/\/i0.wp.com\/verdadeon.com.br\/portal\/wp-content\/uploads\/2026\/09\/WhatsApp-Image-2026-09-01-at-11.04.13.jpeg?fit=739%2C415&ssl=1","jetpack_sharing_enabled":true,"_links":{"self":[{"href":"https:\/\/verdadeon.com.br\/portal\/wp-json\/wp\/v2\/posts\/70297","targetHints":{"allow":["GET"]}}],"collection":[{"href":"https:\/\/verdadeon.com.br\/portal\/wp-json\/wp\/v2\/posts"}],"about":[{"href":"https:\/\/verdadeon.com.br\/portal\/wp-json\/wp\/v2\/types\/post"}],"author":[{"embeddable":true,"href":"https:\/\/verdadeon.com.br\/portal\/wp-json\/wp\/v2\/users\/10"}],"replies":[{"embeddable":true,"href":"https:\/\/verdadeon.com.br\/portal\/wp-json\/wp\/v2\/comments?post=70297"}],"version-history":[{"count":1,"href":"https:\/\/verdadeon.com.br\/portal\/wp-json\/wp\/v2\/posts\/70297\/revisions"}],"predecessor-version":[{"id":70299,"href":"https:\/\/verdadeon.com.br\/portal\/wp-json\/wp\/v2\/posts\/70297\/revisions\/70299"}],"wp:featuredmedia":[{"embeddable":true,"href":"https:\/\/verdadeon.com.br\/portal\/wp-json\/wp\/v2\/media\/70298"}],"wp:attachment":[{"href":"https:\/\/verdadeon.com.br\/portal\/wp-json\/wp\/v2\/media?parent=70297"}],"wp:term":[{"taxonomy":"category","embeddable":true,"href":"https:\/\/verdadeon.com.br\/portal\/wp-json\/wp\/v2\/categories?post=70297"},{"taxonomy":"post_tag","embeddable":true,"href":"https:\/\/verdadeon.com.br\/portal\/wp-json\/wp\/v2\/tags?post=70297"}],"curies":[{"name":"wp","href":"https:\/\/api.w.org\/{rel}","templated":true}]}}