{"id":70294,"date":"2026-09-03T10:00:51","date_gmt":"2026-09-03T13:00:51","guid":{"rendered":"https:\/\/verdadeon.com.br\/portal\/?p=70294"},"modified":"2026-09-02T11:40:27","modified_gmt":"2026-09-02T14:40:27","slug":"convocacao-para-amistosos-da-selecao-com-australia-e-india-sera-no-dia-9-de-setembro","status":"publish","type":"post","link":"https:\/\/verdadeon.com.br\/portal\/2026\/09\/03\/convocacao-para-amistosos-da-selecao-com-australia-e-india-sera-no-dia-9-de-setembro\/","title":{"rendered":"Convoca\u00e7\u00e3o para amistosos da Sele\u00e7\u00e3o com Austr\u00e1lia e \u00cdndia ser\u00e1 no dia 9 de setembro"},"content":{"rendered":"<h2>T\u00e9cnico Carlo Ancelotti ir\u00e1 anunciar os jogadores que v\u00e3o iniciar a caminhada rumo \u00e0 Copa de 2030<\/h2>\n<div class=\"styles_textToSpeech__U0QTY\">\n<div class=\"styles_container__YNfQF\" aria-label=\"Leitor de not\u00edcia\">\n<div class=\"styles_playbackControls__kaKi8\">\n<p>A convoca\u00e7\u00e3o da Sele\u00e7\u00e3o Brasileira para os amistosos com Austr\u00e1lia e \u00cdndia, na pr\u00f3xima Data FIFA, ser\u00e1 realizada na sede da CBF, no Rio de Janeiro, na pr\u00f3xima quarta-feira, 9 de setembro, \u00e0s 15h (de Bras\u00edlia). O evento ter\u00e1 transmiss\u00e3o ao vivo da CBF TV.<\/p>\n<p>Na ocasi\u00e3o, o t\u00e9cnico Carlo Ancelotti vai divulgar os 26 atletas que formar\u00e3o o grupo que iniciar\u00e1 a caminhada rumo \u00e0 Copa do Mundo de 2030. O primeiro desafio ser\u00e1 j\u00e1 em setembro, na chamada Super Data FIFA, com tr\u00eas duelos internacionais. Ainda em 2026 haver\u00e1 outra Data FIFA, em novembro.<\/p>\n<p>Esta ser\u00e1 a primeira convoca\u00e7\u00e3o da Amarelinha desde a participa\u00e7\u00e3o no \u00faltimo Mundial. O Brasil ter\u00e1 dois compromissos com a Austr\u00e1lia. No dia 25 de setembro, enfrenta os australianos no est\u00e1dio Queensland Country Bank, em Townsville. Em seguida, no dia 29, encara novamente os donos da casa, desta vez no est\u00e1dio Suncorp, em Brisbane.<\/p>\n<p>Ap\u00f3s enfrentar os australianos, a Sele\u00e7\u00e3o far\u00e1 seu primeiro jogo contra a equipe nacional da \u00cdndia. Este encontro in\u00e9dito acontecer\u00e1 no dia 3 de outubro, no est\u00e1dio Vivekananda Yuba Bharati Krirangan (conhecido como Est\u00e1dio Salt Lake), na cidade de Calcut\u00e1.<\/p>\n<p><strong>OBSERVA\u00c7\u00c3O PARA AMISTOSOS<\/strong><\/p>\n<p>Para definir a lista de convocados, o treinador Carlo Ancelotti, sua comiss\u00e3o t\u00e9cnica e os demais profissionais do Departamento de Sele\u00e7\u00f5es Masculinas t\u00eam observado jogos do Campeonato Brasileiro, Copa do Brasil, Copa Libertadores, Copa Sul-Americana e de campeonatos europeus.<\/p>\n<p>Ao mesmo tempo, Ancelotti tem trabalhado o fortalecimento da integra\u00e7\u00e3o da Sele\u00e7\u00e3o Principal com as de base, trabalho que j\u00e1 foi iniciado com a sua chegada e que agora j\u00e1 acontece em maior intensidade, de olho tamb\u00e9m nos compromissos dessas sele\u00e7\u00f5es, como a Copa do Mundo Sub-17, em novembro, no Qatar, e a constru\u00e7\u00e3o de uma base para o pr\u00f3ximo ciclo ol\u00edmpico, cuja tarefa est\u00e1 nas m\u00e3os de Paulo Victor, treinador tamb\u00e9m da Sele\u00e7\u00e3o Sub-20.<\/p>\n<p>Fonte: CBF<\/p>\n<\/div>\n<\/div>\n<\/div>\n","protected":false},"excerpt":{"rendered":"<p>T\u00e9cnico Carlo Ancelotti ir\u00e1 anunciar os jogadores que v\u00e3o iniciar a caminhada rumo \u00e0 Copa de 2030 A convoca\u00e7\u00e3o da Sele\u00e7\u00e3o Brasileira para os amistosos com<span class=\"excerpt-hellip\"> [\u2026]<\/span><\/p>\n","protected":false},"author":10,"featured_media":70295,"comment_status":"open","ping_status":"open","sticky":false,"template":"","format":"standard","meta":{"_jetpack_memberships_contains_paid_content":false,"footnotes":"","jetpack_publicize_message":"","jetpack_publicize_feature_enabled":true,"jetpack_social_post_already_shared":true,"jetpack_social_options":{"image_generator_settings":{"template":"highway","default_image_id":0,"enabled":false},"version":2}},"categories":[28,44],"tags":[],"class_list":["post-70294","post","type-post","status-publish","format-standard","has-post-thumbnail","hentry","category-cotidiano","category-noticias"],"yoast_head":"<!-- This site is optimized with the Yoast SEO plugin v25.6 - https:\/\/yoast.com\/wordpress\/plugins\/seo\/ -->\n<title>Convoca\u00e7\u00e3o para amistosos da Sele\u00e7\u00e3o com Austr\u00e1lia e \u00cdndia ser\u00e1 no dia 9 de setembro - VerdadeOn<\/title>\n<meta name=\"robots\" content=\"index, follow, max-snippet:-1, max-image-preview:large, max-video-preview:-1\" \/>\n<link rel=\"canonical\" href=\"https:\/\/verdadeon.com.br\/portal\/2026\/09\/03\/convocacao-para-amistosos-da-selecao-com-australia-e-india-sera-no-dia-9-de-setembro\/\" \/>\n<meta property=\"og:locale\" content=\"pt_BR\" \/>\n<meta property=\"og:type\" content=\"article\" \/>\n<meta property=\"og:title\" content=\"Convoca\u00e7\u00e3o para amistosos da Sele\u00e7\u00e3o com Austr\u00e1lia e \u00cdndia ser\u00e1 no dia 9 de setembro - VerdadeOn\" \/>\n<meta property=\"og:description\" content=\"T\u00e9cnico Carlo Ancelotti ir\u00e1 anunciar os jogadores que v\u00e3o iniciar a caminhada rumo \u00e0 Copa de 2030 A convoca\u00e7\u00e3o da Sele\u00e7\u00e3o Brasileira para os amistosos com [\u2026]\" \/>\n<meta property=\"og:url\" content=\"https:\/\/verdadeon.com.br\/portal\/2026\/09\/03\/convocacao-para-amistosos-da-selecao-com-australia-e-india-sera-no-dia-9-de-setembro\/\" \/>\n<meta property=\"og:site_name\" content=\"VerdadeOn\" \/>\n<meta property=\"article:published_time\" content=\"2026-09-03T13:00:51+00:00\" \/>\n<meta property=\"og:image\" content=\"https:\/\/i0.wp.com\/verdadeon.com.br\/portal\/wp-content\/uploads\/2026\/09\/18_MAI_2026_CONVOCACAO_COPA_2026_245_CARLO_ANCELOTTI_0901d20399.jpg?fit=2560%2C1737&ssl=1\" \/>\n\t<meta property=\"og:image:width\" content=\"2560\" \/>\n\t<meta property=\"og:image:height\" content=\"1737\" \/>\n\t<meta property=\"og:image:type\" content=\"image\/jpeg\" \/>\n<meta name=\"author\" content=\"Redacao VerdadeOn\" \/>\n<meta name=\"twitter:card\" content=\"summary_large_image\" \/>\n<meta name=\"twitter:label1\" content=\"Escrito por\" \/>\n\t<meta name=\"twitter:data1\" content=\"Redacao VerdadeOn\" \/>\n\t<meta name=\"twitter:label2\" content=\"Est. tempo de leitura\" \/>\n\t<meta name=\"twitter:data2\" content=\"3 minutos\" \/>\n<script type=\"application\/ld+json\" class=\"yoast-schema-graph\">{\"@context\":\"https:\/\/schema.org\",\"@graph\":[{\"@type\":\"WebPage\",\"@id\":\"https:\/\/verdadeon.com.br\/portal\/2026\/09\/03\/convocacao-para-amistosos-da-selecao-com-australia-e-india-sera-no-dia-9-de-setembro\/\",\"url\":\"https:\/\/verdadeon.com.br\/portal\/2026\/09\/03\/convocacao-para-amistosos-da-selecao-com-australia-e-india-sera-no-dia-9-de-setembro\/\",\"name\":\"Convoca\u00e7\u00e3o para amistosos da Sele\u00e7\u00e3o com Austr\u00e1lia e \u00cdndia ser\u00e1 no dia 9 de setembro - VerdadeOn\",\"isPartOf\":{\"@id\":\"https:\/\/verdadeon.com.br\/portal\/#website\"},\"primaryImageOfPage\":{\"@id\":\"https:\/\/verdadeon.com.br\/portal\/2026\/09\/03\/convocacao-para-amistosos-da-selecao-com-australia-e-india-sera-no-dia-9-de-setembro\/#primaryimage\"},\"image\":{\"@id\":\"https:\/\/verdadeon.com.br\/portal\/2026\/09\/03\/convocacao-para-amistosos-da-selecao-com-australia-e-india-sera-no-dia-9-de-setembro\/#primaryimage\"},\"thumbnailUrl\":\"https:\/\/i0.wp.com\/verdadeon.com.br\/portal\/wp-content\/uploads\/2026\/09\/18_MAI_2026_CONVOCACAO_COPA_2026_245_CARLO_ANCELOTTI_0901d20399.jpg?fit=2560%2C1737&ssl=1\",\"datePublished\":\"2026-09-03T13:00:51+00:00\",\"author\":{\"@id\":\"https:\/\/verdadeon.com.br\/portal\/#\/schema\/person\/a5060ad1e9ea3df545188fc93ce43d2f\"},\"breadcrumb\":{\"@id\":\"https:\/\/verdadeon.com.br\/portal\/2026\/09\/03\/convocacao-para-amistosos-da-selecao-com-australia-e-india-sera-no-dia-9-de-setembro\/#breadcrumb\"},\"inLanguage\":\"pt-BR\",\"potentialAction\":[{\"@type\":\"ReadAction\",\"target\":[\"https:\/\/verdadeon.com.br\/portal\/2026\/09\/03\/convocacao-para-amistosos-da-selecao-com-australia-e-india-sera-no-dia-9-de-setembro\/\"]}]},{\"@type\":\"ImageObject\",\"inLanguage\":\"pt-BR\",\"@id\":\"https:\/\/verdadeon.com.br\/portal\/2026\/09\/03\/convocacao-para-amistosos-da-selecao-com-australia-e-india-sera-no-dia-9-de-setembro\/#primaryimage\",\"url\":\"https:\/\/i0.wp.com\/verdadeon.com.br\/portal\/wp-content\/uploads\/2026\/09\/18_MAI_2026_CONVOCACAO_COPA_2026_245_CARLO_ANCELOTTI_0901d20399.jpg?fit=2560%2C1737&ssl=1\",\"contentUrl\":\"https:\/\/i0.wp.com\/verdadeon.com.br\/portal\/wp-content\/uploads\/2026\/09\/18_MAI_2026_CONVOCACAO_COPA_2026_245_CARLO_ANCELOTTI_0901d20399.jpg?fit=2560%2C1737&ssl=1\",\"width\":2560,\"height\":1737,\"caption\":\"Carlo Ancelotti ir\u00e1 anunciar a lista de convocados da Sele\u00e7\u00e3o para os amistosos com Austr\u00e1lia e \u00cdndia no dia 9 de setembro (\u00a9Rafael Ribeiro\/CBF)\"},{\"@type\":\"BreadcrumbList\",\"@id\":\"https:\/\/verdadeon.com.br\/portal\/2026\/09\/03\/convocacao-para-amistosos-da-selecao-com-australia-e-india-sera-no-dia-9-de-setembro\/#breadcrumb\",\"itemListElement\":[{\"@type\":\"ListItem\",\"position\":1,\"name\":\"In\u00edcio\",\"item\":\"https:\/\/verdadeon.com.br\/portal\/\"},{\"@type\":\"ListItem\",\"position\":2,\"name\":\"Convoca\u00e7\u00e3o para amistosos da Sele\u00e7\u00e3o com Austr\u00e1lia e \u00cdndia ser\u00e1 no dia 9 de setembro\"}]},{\"@type\":\"WebSite\",\"@id\":\"https:\/\/verdadeon.com.br\/portal\/#website\",\"url\":\"https:\/\/verdadeon.com.br\/portal\/\",\"name\":\"VerdadeOn\",\"description\":\"Not\u00edcias di\u00e1rias sobre Franca, Regi\u00e3o, Esporte, Cultura, Cotidiano, Colunas. Cobertura nos principais eventos da cidade \u00e9 aqui - Verdadeon Franca\",\"potentialAction\":[{\"@type\":\"SearchAction\",\"target\":{\"@type\":\"EntryPoint\",\"urlTemplate\":\"https:\/\/verdadeon.com.br\/portal\/?s={search_term_string}\"},\"query-input\":{\"@type\":\"PropertyValueSpecification\",\"valueRequired\":true,\"valueName\":\"search_term_string\"}}],\"inLanguage\":\"pt-BR\"},{\"@type\":\"Person\",\"@id\":\"https:\/\/verdadeon.com.br\/portal\/#\/schema\/person\/a5060ad1e9ea3df545188fc93ce43d2f\",\"name\":\"Redacao VerdadeOn\",\"image\":{\"@type\":\"ImageObject\",\"inLanguage\":\"pt-BR\",\"@id\":\"https:\/\/verdadeon.com.br\/portal\/#\/schema\/person\/image\/\",\"url\":\"https:\/\/secure.gravatar.com\/avatar\/459a9613caaaf07f582c3d0841eea68bdd66f533e465e6ba8b9cb45619572cf4?s=96&d=mm&r=g\",\"contentUrl\":\"https:\/\/secure.gravatar.com\/avatar\/459a9613caaaf07f582c3d0841eea68bdd66f533e465e6ba8b9cb45619572cf4?s=96&d=mm&r=g\",\"caption\":\"Redacao VerdadeOn\"},\"url\":\"https:\/\/verdadeon.com.br\/portal\/author\/redacao\/\"}]}<\/script>\n<!-- \/ Yoast SEO plugin. -->","yoast_head_json":{"title":"Convoca\u00e7\u00e3o para amistosos da Sele\u00e7\u00e3o com Austr\u00e1lia e \u00cdndia ser\u00e1 no dia 9 de setembro - VerdadeOn","robots":{"index":"index","follow":"follow","max-snippet":"max-snippet:-1","max-image-preview":"max-image-preview:large","max-video-preview":"max-video-preview:-1"},"canonical":"https:\/\/verdadeon.com.br\/portal\/2026\/09\/03\/convocacao-para-amistosos-da-selecao-com-australia-e-india-sera-no-dia-9-de-setembro\/","og_locale":"pt_BR","og_type":"article","og_title":"Convoca\u00e7\u00e3o para amistosos da Sele\u00e7\u00e3o com Austr\u00e1lia e \u00cdndia ser\u00e1 no dia 9 de setembro - VerdadeOn","og_description":"T\u00e9cnico Carlo Ancelotti ir\u00e1 anunciar os jogadores que v\u00e3o iniciar a caminhada rumo \u00e0 Copa de 2030 A convoca\u00e7\u00e3o da Sele\u00e7\u00e3o Brasileira para os amistosos com [\u2026]","og_url":"https:\/\/verdadeon.com.br\/portal\/2026\/09\/03\/convocacao-para-amistosos-da-selecao-com-australia-e-india-sera-no-dia-9-de-setembro\/","og_site_name":"VerdadeOn","article_published_time":"2026-09-03T13:00:51+00:00","og_image":[{"width":2560,"height":1737,"url":"https:\/\/i0.wp.com\/verdadeon.com.br\/portal\/wp-content\/uploads\/2026\/09\/18_MAI_2026_CONVOCACAO_COPA_2026_245_CARLO_ANCELOTTI_0901d20399.jpg?fit=2560%2C1737&ssl=1","type":"image\/jpeg"}],"author":"Redacao VerdadeOn","twitter_card":"summary_large_image","twitter_misc":{"Escrito por":"Redacao VerdadeOn","Est. tempo de leitura":"3 minutos"},"schema":{"@context":"https:\/\/schema.org","@graph":[{"@type":"WebPage","@id":"https:\/\/verdadeon.com.br\/portal\/2026\/09\/03\/convocacao-para-amistosos-da-selecao-com-australia-e-india-sera-no-dia-9-de-setembro\/","url":"https:\/\/verdadeon.com.br\/portal\/2026\/09\/03\/convocacao-para-amistosos-da-selecao-com-australia-e-india-sera-no-dia-9-de-setembro\/","name":"Convoca\u00e7\u00e3o para amistosos da Sele\u00e7\u00e3o com Austr\u00e1lia e \u00cdndia ser\u00e1 no dia 9 de setembro - VerdadeOn","isPartOf":{"@id":"https:\/\/verdadeon.com.br\/portal\/#website"},"primaryImageOfPage":{"@id":"https:\/\/verdadeon.com.br\/portal\/2026\/09\/03\/convocacao-para-amistosos-da-selecao-com-australia-e-india-sera-no-dia-9-de-setembro\/#primaryimage"},"image":{"@id":"https:\/\/verdadeon.com.br\/portal\/2026\/09\/03\/convocacao-para-amistosos-da-selecao-com-australia-e-india-sera-no-dia-9-de-setembro\/#primaryimage"},"thumbnailUrl":"https:\/\/i0.wp.com\/verdadeon.com.br\/portal\/wp-content\/uploads\/2026\/09\/18_MAI_2026_CONVOCACAO_COPA_2026_245_CARLO_ANCELOTTI_0901d20399.jpg?fit=2560%2C1737&ssl=1","datePublished":"2026-09-03T13:00:51+00:00","author":{"@id":"https:\/\/verdadeon.com.br\/portal\/#\/schema\/person\/a5060ad1e9ea3df545188fc93ce43d2f"},"breadcrumb":{"@id":"https:\/\/verdadeon.com.br\/portal\/2026\/09\/03\/convocacao-para-amistosos-da-selecao-com-australia-e-india-sera-no-dia-9-de-setembro\/#breadcrumb"},"inLanguage":"pt-BR","potentialAction":[{"@type":"ReadAction","target":["https:\/\/verdadeon.com.br\/portal\/2026\/09\/03\/convocacao-para-amistosos-da-selecao-com-australia-e-india-sera-no-dia-9-de-setembro\/"]}]},{"@type":"ImageObject","inLanguage":"pt-BR","@id":"https:\/\/verdadeon.com.br\/portal\/2026\/09\/03\/convocacao-para-amistosos-da-selecao-com-australia-e-india-sera-no-dia-9-de-setembro\/#primaryimage","url":"https:\/\/i0.wp.com\/verdadeon.com.br\/portal\/wp-content\/uploads\/2026\/09\/18_MAI_2026_CONVOCACAO_COPA_2026_245_CARLO_ANCELOTTI_0901d20399.jpg?fit=2560%2C1737&ssl=1","contentUrl":"https:\/\/i0.wp.com\/verdadeon.com.br\/portal\/wp-content\/uploads\/2026\/09\/18_MAI_2026_CONVOCACAO_COPA_2026_245_CARLO_ANCELOTTI_0901d20399.jpg?fit=2560%2C1737&ssl=1","width":2560,"height":1737,"caption":"Carlo Ancelotti ir\u00e1 anunciar a lista de convocados da Sele\u00e7\u00e3o para os amistosos com Austr\u00e1lia e \u00cdndia no dia 9 de setembro (\u00a9Rafael Ribeiro\/CBF)"},{"@type":"BreadcrumbList","@id":"https:\/\/verdadeon.com.br\/portal\/2026\/09\/03\/convocacao-para-amistosos-da-selecao-com-australia-e-india-sera-no-dia-9-de-setembro\/#breadcrumb","itemListElement":[{"@type":"ListItem","position":1,"name":"In\u00edcio","item":"https:\/\/verdadeon.com.br\/portal\/"},{"@type":"ListItem","position":2,"name":"Convoca\u00e7\u00e3o para amistosos da Sele\u00e7\u00e3o com Austr\u00e1lia e \u00cdndia ser\u00e1 no dia 9 de setembro"}]},{"@type":"WebSite","@id":"https:\/\/verdadeon.com.br\/portal\/#website","url":"https:\/\/verdadeon.com.br\/portal\/","name":"VerdadeOn","description":"Not\u00edcias di\u00e1rias sobre Franca, Regi\u00e3o, Esporte, Cultura, Cotidiano, Colunas. Cobertura nos principais eventos da cidade \u00e9 aqui - Verdadeon Franca","potentialAction":[{"@type":"SearchAction","target":{"@type":"EntryPoint","urlTemplate":"https:\/\/verdadeon.com.br\/portal\/?s={search_term_string}"},"query-input":{"@type":"PropertyValueSpecification","valueRequired":true,"valueName":"search_term_string"}}],"inLanguage":"pt-BR"},{"@type":"Person","@id":"https:\/\/verdadeon.com.br\/portal\/#\/schema\/person\/a5060ad1e9ea3df545188fc93ce43d2f","name":"Redacao VerdadeOn","image":{"@type":"ImageObject","inLanguage":"pt-BR","@id":"https:\/\/verdadeon.com.br\/portal\/#\/schema\/person\/image\/","url":"https:\/\/secure.gravatar.com\/avatar\/459a9613caaaf07f582c3d0841eea68bdd66f533e465e6ba8b9cb45619572cf4?s=96&d=mm&r=g","contentUrl":"https:\/\/secure.gravatar.com\/avatar\/459a9613caaaf07f582c3d0841eea68bdd66f533e465e6ba8b9cb45619572cf4?s=96&d=mm&r=g","caption":"Redacao VerdadeOn"},"url":"https:\/\/verdadeon.com.br\/portal\/author\/redacao\/"}]}},"jetpack_publicize_connections":[],"jetpack_featured_media_url":"https:\/\/i0.wp.com\/verdadeon.com.br\/portal\/wp-content\/uploads\/2026\/09\/18_MAI_2026_CONVOCACAO_COPA_2026_245_CARLO_ANCELOTTI_0901d20399.jpg?fit=2560%2C1737&ssl=1","jetpack_sharing_enabled":true,"_links":{"self":[{"href":"https:\/\/verdadeon.com.br\/portal\/wp-json\/wp\/v2\/posts\/70294","targetHints":{"allow":["GET"]}}],"collection":[{"href":"https:\/\/verdadeon.com.br\/portal\/wp-json\/wp\/v2\/posts"}],"about":[{"href":"https:\/\/verdadeon.com.br\/portal\/wp-json\/wp\/v2\/types\/post"}],"author":[{"embeddable":true,"href":"https:\/\/verdadeon.com.br\/portal\/wp-json\/wp\/v2\/users\/10"}],"replies":[{"embeddable":true,"href":"https:\/\/verdadeon.com.br\/portal\/wp-json\/wp\/v2\/comments?post=70294"}],"version-history":[{"count":1,"href":"https:\/\/verdadeon.com.br\/portal\/wp-json\/wp\/v2\/posts\/70294\/revisions"}],"predecessor-version":[{"id":70296,"href":"https:\/\/verdadeon.com.br\/portal\/wp-json\/wp\/v2\/posts\/70294\/revisions\/70296"}],"wp:featuredmedia":[{"embeddable":true,"href":"https:\/\/verdadeon.com.br\/portal\/wp-json\/wp\/v2\/media\/70295"}],"wp:attachment":[{"href":"https:\/\/verdadeon.com.br\/portal\/wp-json\/wp\/v2\/media?parent=70294"}],"wp:term":[{"taxonomy":"category","embeddable":true,"href":"https:\/\/verdadeon.com.br\/portal\/wp-json\/wp\/v2\/categories?post=70294"},{"taxonomy":"post_tag","embeddable":true,"href":"https:\/\/verdadeon.com.br\/portal\/wp-json\/wp\/v2\/tags?post=70294"}],"curies":[{"name":"wp","href":"https:\/\/api.w.org\/{rel}","templated":true}]}}