{"id":70287,"date":"2026-09-02T11:35:15","date_gmt":"2026-09-02T14:35:15","guid":{"rendered":"https:\/\/verdadeon.com.br\/portal\/?p=70287"},"modified":"2026-09-02T11:56:46","modified_gmt":"2026-09-02T14:56:46","slug":"diocese-de-franca-sera-consagrada-a-sao-miguel-arcanjo-no-hallel-2026","status":"publish","type":"post","link":"https:\/\/verdadeon.com.br\/portal\/2026\/09\/02\/diocese-de-franca-sera-consagrada-a-sao-miguel-arcanjo-no-hallel-2026\/","title":{"rendered":"Com Instituto Hesed, Diocese de Franca ser\u00e1 consagrada a S\u00e3o Miguel Arcanjo no Hallel 2026"},"content":{"rendered":"<h2>Momento de ora\u00e7\u00e3o com a imagem peregrina do santo vinda da It\u00e1lia acontece no s\u00e1bado, 5 de setembro. Programa\u00e7\u00e3o tamb\u00e9m inclui prega\u00e7\u00e3o, show e missa com o bispo Dom Paulo Roberto Beloto<\/h2>\n<p>O Hallel Franca ter\u00e1, pela primeira vez, a participa\u00e7\u00e3o do Instituto Hesed, que conduzir\u00e1 um momento de ora\u00e7\u00e3o, prega\u00e7\u00e3o e evangeliza\u00e7\u00e3o durante a 39\u00aa edi\u00e7\u00e3o do evento, realizada de 4 a 7 de setembro, no Parque de Exposi\u00e7\u00f5es Fernando Costa. A presen\u00e7a do instituto acontece no s\u00e1bado, 5, e tamb\u00e9m marcar\u00e1 um momento para a Diocese de Franca, que ser\u00e1 consagrada a S\u00e3o Miguel Arcanjo durante a programa\u00e7\u00e3o.<\/p>\n<p>A consagra\u00e7\u00e3o est\u00e1 prevista para ocorrer ap\u00f3s a missa, a partir das 20h, que ser\u00e1 presidida pelo bispo diocesano, Dom Paulo Roberto Beloto. O momento reunir\u00e1 fi\u00e9is, sacerdotes e comunidades em uma ora\u00e7\u00e3o de entrega da Igreja Particular de Franca \u00e0 intercess\u00e3o e prote\u00e7\u00e3o de S\u00e3o Miguel Arcanjo.<\/p>\n<p>A iniciativa integra a miss\u00e3o nacional A Grande Reconquista, conduzida pelo Instituto Hesed, que teve in\u00edcio em 26 de julho de 2025, com a consagra\u00e7\u00e3o da Diocese de Piracicaba, em S\u00e3o Paulo. Desde ent\u00e3o, 35 dioceses j\u00e1 passaram pelo mesmo processo em diferentes regi\u00f5es do Brasil.<\/p>\n<p>A miss\u00e3o acompanha a peregrina\u00e7\u00e3o de uma imagem de S\u00e3o Miguel Arcanjo vinda do Santu\u00e1rio do Monte Gargano, na It\u00e1lia. O trabalho busca promover momentos de ora\u00e7\u00e3o, evangeliza\u00e7\u00e3o e consagra\u00e7\u00e3o, com a proposta de aproximar os fi\u00e9is da vida espiritual e da f\u00e9.<\/p>\n<p>Para o Instituto Hesed, a consagra\u00e7\u00e3o de uma Diocese representa um ato de f\u00e9 e entrega, no qual a Igreja local pede a intercess\u00e3o de S\u00e3o Miguel Arcanjo por seus sacerdotes, religiosos, fam\u00edlias, jovens, comunidades e pela miss\u00e3o evangelizadora.<\/p>\n<p>O nome Miguel significa \u201cQuem como Deus?\u201d. A devo\u00e7\u00e3o ao santo est\u00e1 relacionada \u00e0 fidelidade a Deus e ao pedido de prote\u00e7\u00e3o espiritual. A consagra\u00e7\u00e3o tamb\u00e9m est\u00e1 associada a um caminho de ora\u00e7\u00e3o, convers\u00e3o e prepara\u00e7\u00e3o, em sintonia com a Quaresma de S\u00e3o Miguel, tradicionalmente celebrada entre 15 de agosto e 29 de setembro.<\/p>\n<p>No Hallel Franca, a programa\u00e7\u00e3o do Instituto Hesed ter\u00e1 in\u00edcio \u00e0s 18h, com show e prega\u00e7\u00e3o, seguida da apresenta\u00e7\u00e3o da imagem peregrina de S\u00e3o Miguel Arcanjo. A partir das 20h, ser\u00e1 celebrada a missa que anteceder\u00e1 a consagra\u00e7\u00e3o da Diocese. As irm\u00e3s Maria Raquel e Maria Joana tamb\u00e9m estar\u00e3o no evento, conduzindo os momentos de ora\u00e7\u00e3o, adora\u00e7\u00e3o e evangeliza\u00e7\u00e3o.<\/p>\n<p>\u201cA presen\u00e7a do Instituto Hesed pela primeira vez no Hallel j\u00e1 representa um momento importante para esta edi\u00e7\u00e3o. Poder viver, junto com toda a Diocese, a consagra\u00e7\u00e3o a S\u00e3o Miguel Arcanjo amplia ainda mais o sentido de unidade e ora\u00e7\u00e3o que est\u00e1 na origem do Hallel. Ser\u00e1 um momento para confiarmos a Deus nossas fam\u00edlias, nossos sacerdotes, nossos jovens e toda a nossa Igreja local\u201d, afirma a organiza\u00e7\u00e3o do Hallel Franca.<\/p>\n<p>O Instituto Hesed \u00e9 um instituto de vida religiosa e inspira\u00e7\u00e3o perp\u00e9tua fundado em 1997, em Fortaleza, pelas religiosas Ir. Jane Madeleine e Ir. Kelly Patr\u00edcia. A atua\u00e7\u00e3o do instituto \u00e9 voltada \u00e0 evangeliza\u00e7\u00e3o por meio da ora\u00e7\u00e3o e da m\u00fasica, com a\u00e7\u00f5es realizadas em diferentes regi\u00f5es do pa\u00eds.<\/p>\n<p><strong>O Hallel<\/strong><\/p>\n<p>A 39\u00aa edi\u00e7\u00e3o do Hallel Franca ser\u00e1 realizada entre os dias 4 e 7 de setembro, com entrada gratuita. O evento ter\u00e1 mais de 80 atra\u00e7\u00f5es distribu\u00eddas em uma estrutura com palco central e mais 13 m\u00f3dulos dentro do Parque de Exposi\u00e7\u00f5es Fernando Costa.<\/p>\n<p>A programa\u00e7\u00e3o re\u00fane shows, missas, momentos de ora\u00e7\u00e3o, prega\u00e7\u00f5es e atividades de evangeliza\u00e7\u00e3o. Entre as atra\u00e7\u00f5es tamb\u00e9m est\u00e3o os padres Chrystian Shankar, F\u00e1bio de Melo, Marcelo Rossi e Adriano Zandon\u00e1, al\u00e9m das bandas Rosa de Saron e Anjos de Resgate. Cerca de 3 mil volunt\u00e1rios participam da organiza\u00e7\u00e3o e realiza\u00e7\u00e3o do evento.<\/p>\n","protected":false},"excerpt":{"rendered":"<p>Momento de ora\u00e7\u00e3o com a imagem peregrina do santo vinda da It\u00e1lia acontece no s\u00e1bado, 5 de setembro. Programa\u00e7\u00e3o tamb\u00e9m inclui prega\u00e7\u00e3o, show e missa com<span class=\"excerpt-hellip\"> [\u2026]<\/span><\/p>\n","protected":false},"author":10,"featured_media":70289,"comment_status":"open","ping_status":"open","sticky":false,"template":"","format":"standard","meta":{"_jetpack_memberships_contains_paid_content":false,"footnotes":"","jetpack_publicize_message":"","jetpack_publicize_feature_enabled":true,"jetpack_social_post_already_shared":true,"jetpack_social_options":{"image_generator_settings":{"template":"highway","default_image_id":0,"enabled":false},"version":2}},"categories":[28,81],"tags":[],"class_list":["post-70287","post","type-post","status-publish","format-standard","has-post-thumbnail","hentry","category-cotidiano","category-manchete"],"yoast_head":"<!-- This site is optimized with the Yoast SEO plugin v25.6 - https:\/\/yoast.com\/wordpress\/plugins\/seo\/ -->\n<title>Com Instituto Hesed, Diocese de Franca ser\u00e1 consagrada a S\u00e3o Miguel Arcanjo no Hallel 2026 - VerdadeOn<\/title>\n<meta name=\"robots\" content=\"index, follow, max-snippet:-1, max-image-preview:large, max-video-preview:-1\" \/>\n<link rel=\"canonical\" href=\"https:\/\/verdadeon.com.br\/portal\/2026\/09\/02\/diocese-de-franca-sera-consagrada-a-sao-miguel-arcanjo-no-hallel-2026\/\" \/>\n<meta property=\"og:locale\" content=\"pt_BR\" \/>\n<meta property=\"og:type\" content=\"article\" \/>\n<meta property=\"og:title\" content=\"Com Instituto Hesed, Diocese de Franca ser\u00e1 consagrada a S\u00e3o Miguel Arcanjo no Hallel 2026 - VerdadeOn\" \/>\n<meta property=\"og:description\" content=\"Momento de ora\u00e7\u00e3o com a imagem peregrina do santo vinda da It\u00e1lia acontece no s\u00e1bado, 5 de setembro. Programa\u00e7\u00e3o tamb\u00e9m inclui prega\u00e7\u00e3o, show e missa com [\u2026]\" \/>\n<meta property=\"og:url\" content=\"https:\/\/verdadeon.com.br\/portal\/2026\/09\/02\/diocese-de-franca-sera-consagrada-a-sao-miguel-arcanjo-no-hallel-2026\/\" \/>\n<meta property=\"og:site_name\" content=\"VerdadeOn\" \/>\n<meta property=\"article:published_time\" content=\"2026-09-02T14:35:15+00:00\" \/>\n<meta property=\"article:modified_time\" content=\"2026-09-02T14:56:46+00:00\" \/>\n<meta property=\"og:image\" content=\"https:\/\/verdadeon.com.br\/portal\/wp-content\/uploads\/2026\/09\/unnamed-9.jpg\" \/>\n\t<meta property=\"og:image:width\" content=\"800\" \/>\n\t<meta property=\"og:image:height\" content=\"420\" \/>\n\t<meta property=\"og:image:type\" content=\"image\/jpeg\" \/>\n<meta name=\"author\" content=\"Redacao VerdadeOn\" \/>\n<meta name=\"twitter:card\" content=\"summary_large_image\" \/>\n<meta name=\"twitter:label1\" content=\"Escrito por\" \/>\n\t<meta name=\"twitter:data1\" content=\"Redacao VerdadeOn\" \/>\n\t<meta name=\"twitter:label2\" content=\"Est. tempo de leitura\" \/>\n\t<meta name=\"twitter:data2\" content=\"4 minutos\" \/>\n<script type=\"application\/ld+json\" class=\"yoast-schema-graph\">{\"@context\":\"https:\/\/schema.org\",\"@graph\":[{\"@type\":\"WebPage\",\"@id\":\"https:\/\/verdadeon.com.br\/portal\/2026\/09\/02\/diocese-de-franca-sera-consagrada-a-sao-miguel-arcanjo-no-hallel-2026\/\",\"url\":\"https:\/\/verdadeon.com.br\/portal\/2026\/09\/02\/diocese-de-franca-sera-consagrada-a-sao-miguel-arcanjo-no-hallel-2026\/\",\"name\":\"Com Instituto Hesed, Diocese de Franca ser\u00e1 consagrada a S\u00e3o Miguel Arcanjo no Hallel 2026 - VerdadeOn\",\"isPartOf\":{\"@id\":\"https:\/\/verdadeon.com.br\/portal\/#website\"},\"primaryImageOfPage\":{\"@id\":\"https:\/\/verdadeon.com.br\/portal\/2026\/09\/02\/diocese-de-franca-sera-consagrada-a-sao-miguel-arcanjo-no-hallel-2026\/#primaryimage\"},\"image\":{\"@id\":\"https:\/\/verdadeon.com.br\/portal\/2026\/09\/02\/diocese-de-franca-sera-consagrada-a-sao-miguel-arcanjo-no-hallel-2026\/#primaryimage\"},\"thumbnailUrl\":\"https:\/\/i0.wp.com\/verdadeon.com.br\/portal\/wp-content\/uploads\/2026\/09\/unnamed-9.jpg?fit=800%2C420&ssl=1\",\"datePublished\":\"2026-09-02T14:35:15+00:00\",\"dateModified\":\"2026-09-02T14:56:46+00:00\",\"author\":{\"@id\":\"https:\/\/verdadeon.com.br\/portal\/#\/schema\/person\/a5060ad1e9ea3df545188fc93ce43d2f\"},\"breadcrumb\":{\"@id\":\"https:\/\/verdadeon.com.br\/portal\/2026\/09\/02\/diocese-de-franca-sera-consagrada-a-sao-miguel-arcanjo-no-hallel-2026\/#breadcrumb\"},\"inLanguage\":\"pt-BR\",\"potentialAction\":[{\"@type\":\"ReadAction\",\"target\":[\"https:\/\/verdadeon.com.br\/portal\/2026\/09\/02\/diocese-de-franca-sera-consagrada-a-sao-miguel-arcanjo-no-hallel-2026\/\"]}]},{\"@type\":\"ImageObject\",\"inLanguage\":\"pt-BR\",\"@id\":\"https:\/\/verdadeon.com.br\/portal\/2026\/09\/02\/diocese-de-franca-sera-consagrada-a-sao-miguel-arcanjo-no-hallel-2026\/#primaryimage\",\"url\":\"https:\/\/i0.wp.com\/verdadeon.com.br\/portal\/wp-content\/uploads\/2026\/09\/unnamed-9.jpg?fit=800%2C420&ssl=1\",\"contentUrl\":\"https:\/\/i0.wp.com\/verdadeon.com.br\/portal\/wp-content\/uploads\/2026\/09\/unnamed-9.jpg?fit=800%2C420&ssl=1\",\"width\":800,\"height\":420,\"caption\":\"As irm\u00e3s Maria Raquel e Maria Joana s\u00e3o presen\u00e7a confirmada no Hallel Franca 2026 (\u00a9Divulga\u00e7\u00e3o)\"},{\"@type\":\"BreadcrumbList\",\"@id\":\"https:\/\/verdadeon.com.br\/portal\/2026\/09\/02\/diocese-de-franca-sera-consagrada-a-sao-miguel-arcanjo-no-hallel-2026\/#breadcrumb\",\"itemListElement\":[{\"@type\":\"ListItem\",\"position\":1,\"name\":\"In\u00edcio\",\"item\":\"https:\/\/verdadeon.com.br\/portal\/\"},{\"@type\":\"ListItem\",\"position\":2,\"name\":\"Com Instituto Hesed, Diocese de Franca ser\u00e1 consagrada a S\u00e3o Miguel Arcanjo no Hallel 2026\"}]},{\"@type\":\"WebSite\",\"@id\":\"https:\/\/verdadeon.com.br\/portal\/#website\",\"url\":\"https:\/\/verdadeon.com.br\/portal\/\",\"name\":\"VerdadeOn\",\"description\":\"Not\u00edcias di\u00e1rias sobre Franca, Regi\u00e3o, Esporte, Cultura, Cotidiano, Colunas. Cobertura nos principais eventos da cidade \u00e9 aqui - Verdadeon Franca\",\"potentialAction\":[{\"@type\":\"SearchAction\",\"target\":{\"@type\":\"EntryPoint\",\"urlTemplate\":\"https:\/\/verdadeon.com.br\/portal\/?s={search_term_string}\"},\"query-input\":{\"@type\":\"PropertyValueSpecification\",\"valueRequired\":true,\"valueName\":\"search_term_string\"}}],\"inLanguage\":\"pt-BR\"},{\"@type\":\"Person\",\"@id\":\"https:\/\/verdadeon.com.br\/portal\/#\/schema\/person\/a5060ad1e9ea3df545188fc93ce43d2f\",\"name\":\"Redacao VerdadeOn\",\"image\":{\"@type\":\"ImageObject\",\"inLanguage\":\"pt-BR\",\"@id\":\"https:\/\/verdadeon.com.br\/portal\/#\/schema\/person\/image\/\",\"url\":\"https:\/\/secure.gravatar.com\/avatar\/459a9613caaaf07f582c3d0841eea68bdd66f533e465e6ba8b9cb45619572cf4?s=96&d=mm&r=g\",\"contentUrl\":\"https:\/\/secure.gravatar.com\/avatar\/459a9613caaaf07f582c3d0841eea68bdd66f533e465e6ba8b9cb45619572cf4?s=96&d=mm&r=g\",\"caption\":\"Redacao VerdadeOn\"},\"url\":\"https:\/\/verdadeon.com.br\/portal\/author\/redacao\/\"}]}<\/script>\n<!-- \/ Yoast SEO plugin. -->","yoast_head_json":{"title":"Com Instituto Hesed, Diocese de Franca ser\u00e1 consagrada a S\u00e3o Miguel Arcanjo no Hallel 2026 - VerdadeOn","robots":{"index":"index","follow":"follow","max-snippet":"max-snippet:-1","max-image-preview":"max-image-preview:large","max-video-preview":"max-video-preview:-1"},"canonical":"https:\/\/verdadeon.com.br\/portal\/2026\/09\/02\/diocese-de-franca-sera-consagrada-a-sao-miguel-arcanjo-no-hallel-2026\/","og_locale":"pt_BR","og_type":"article","og_title":"Com Instituto Hesed, Diocese de Franca ser\u00e1 consagrada a S\u00e3o Miguel Arcanjo no Hallel 2026 - VerdadeOn","og_description":"Momento de ora\u00e7\u00e3o com a imagem peregrina do santo vinda da It\u00e1lia acontece no s\u00e1bado, 5 de setembro. Programa\u00e7\u00e3o tamb\u00e9m inclui prega\u00e7\u00e3o, show e missa com [\u2026]","og_url":"https:\/\/verdadeon.com.br\/portal\/2026\/09\/02\/diocese-de-franca-sera-consagrada-a-sao-miguel-arcanjo-no-hallel-2026\/","og_site_name":"VerdadeOn","article_published_time":"2026-09-02T14:35:15+00:00","article_modified_time":"2026-09-02T14:56:46+00:00","og_image":[{"width":800,"height":420,"url":"https:\/\/verdadeon.com.br\/portal\/wp-content\/uploads\/2026\/09\/unnamed-9.jpg","type":"image\/jpeg"}],"author":"Redacao VerdadeOn","twitter_card":"summary_large_image","twitter_misc":{"Escrito por":"Redacao VerdadeOn","Est. tempo de leitura":"4 minutos"},"schema":{"@context":"https:\/\/schema.org","@graph":[{"@type":"WebPage","@id":"https:\/\/verdadeon.com.br\/portal\/2026\/09\/02\/diocese-de-franca-sera-consagrada-a-sao-miguel-arcanjo-no-hallel-2026\/","url":"https:\/\/verdadeon.com.br\/portal\/2026\/09\/02\/diocese-de-franca-sera-consagrada-a-sao-miguel-arcanjo-no-hallel-2026\/","name":"Com Instituto Hesed, Diocese de Franca ser\u00e1 consagrada a S\u00e3o Miguel Arcanjo no Hallel 2026 - VerdadeOn","isPartOf":{"@id":"https:\/\/verdadeon.com.br\/portal\/#website"},"primaryImageOfPage":{"@id":"https:\/\/verdadeon.com.br\/portal\/2026\/09\/02\/diocese-de-franca-sera-consagrada-a-sao-miguel-arcanjo-no-hallel-2026\/#primaryimage"},"image":{"@id":"https:\/\/verdadeon.com.br\/portal\/2026\/09\/02\/diocese-de-franca-sera-consagrada-a-sao-miguel-arcanjo-no-hallel-2026\/#primaryimage"},"thumbnailUrl":"https:\/\/i0.wp.com\/verdadeon.com.br\/portal\/wp-content\/uploads\/2026\/09\/unnamed-9.jpg?fit=800%2C420&ssl=1","datePublished":"2026-09-02T14:35:15+00:00","dateModified":"2026-09-02T14:56:46+00:00","author":{"@id":"https:\/\/verdadeon.com.br\/portal\/#\/schema\/person\/a5060ad1e9ea3df545188fc93ce43d2f"},"breadcrumb":{"@id":"https:\/\/verdadeon.com.br\/portal\/2026\/09\/02\/diocese-de-franca-sera-consagrada-a-sao-miguel-arcanjo-no-hallel-2026\/#breadcrumb"},"inLanguage":"pt-BR","potentialAction":[{"@type":"ReadAction","target":["https:\/\/verdadeon.com.br\/portal\/2026\/09\/02\/diocese-de-franca-sera-consagrada-a-sao-miguel-arcanjo-no-hallel-2026\/"]}]},{"@type":"ImageObject","inLanguage":"pt-BR","@id":"https:\/\/verdadeon.com.br\/portal\/2026\/09\/02\/diocese-de-franca-sera-consagrada-a-sao-miguel-arcanjo-no-hallel-2026\/#primaryimage","url":"https:\/\/i0.wp.com\/verdadeon.com.br\/portal\/wp-content\/uploads\/2026\/09\/unnamed-9.jpg?fit=800%2C420&ssl=1","contentUrl":"https:\/\/i0.wp.com\/verdadeon.com.br\/portal\/wp-content\/uploads\/2026\/09\/unnamed-9.jpg?fit=800%2C420&ssl=1","width":800,"height":420,"caption":"As irm\u00e3s Maria Raquel e Maria Joana s\u00e3o presen\u00e7a confirmada no Hallel Franca 2026 (\u00a9Divulga\u00e7\u00e3o)"},{"@type":"BreadcrumbList","@id":"https:\/\/verdadeon.com.br\/portal\/2026\/09\/02\/diocese-de-franca-sera-consagrada-a-sao-miguel-arcanjo-no-hallel-2026\/#breadcrumb","itemListElement":[{"@type":"ListItem","position":1,"name":"In\u00edcio","item":"https:\/\/verdadeon.com.br\/portal\/"},{"@type":"ListItem","position":2,"name":"Com Instituto Hesed, Diocese de Franca ser\u00e1 consagrada a S\u00e3o Miguel Arcanjo no Hallel 2026"}]},{"@type":"WebSite","@id":"https:\/\/verdadeon.com.br\/portal\/#website","url":"https:\/\/verdadeon.com.br\/portal\/","name":"VerdadeOn","description":"Not\u00edcias di\u00e1rias sobre Franca, Regi\u00e3o, Esporte, Cultura, Cotidiano, Colunas. Cobertura nos principais eventos da cidade \u00e9 aqui - Verdadeon Franca","potentialAction":[{"@type":"SearchAction","target":{"@type":"EntryPoint","urlTemplate":"https:\/\/verdadeon.com.br\/portal\/?s={search_term_string}"},"query-input":{"@type":"PropertyValueSpecification","valueRequired":true,"valueName":"search_term_string"}}],"inLanguage":"pt-BR"},{"@type":"Person","@id":"https:\/\/verdadeon.com.br\/portal\/#\/schema\/person\/a5060ad1e9ea3df545188fc93ce43d2f","name":"Redacao VerdadeOn","image":{"@type":"ImageObject","inLanguage":"pt-BR","@id":"https:\/\/verdadeon.com.br\/portal\/#\/schema\/person\/image\/","url":"https:\/\/secure.gravatar.com\/avatar\/459a9613caaaf07f582c3d0841eea68bdd66f533e465e6ba8b9cb45619572cf4?s=96&d=mm&r=g","contentUrl":"https:\/\/secure.gravatar.com\/avatar\/459a9613caaaf07f582c3d0841eea68bdd66f533e465e6ba8b9cb45619572cf4?s=96&d=mm&r=g","caption":"Redacao VerdadeOn"},"url":"https:\/\/verdadeon.com.br\/portal\/author\/redacao\/"}]}},"jetpack_publicize_connections":[],"jetpack_featured_media_url":"https:\/\/i0.wp.com\/verdadeon.com.br\/portal\/wp-content\/uploads\/2026\/09\/unnamed-9.jpg?fit=800%2C420&ssl=1","jetpack_sharing_enabled":true,"_links":{"self":[{"href":"https:\/\/verdadeon.com.br\/portal\/wp-json\/wp\/v2\/posts\/70287","targetHints":{"allow":["GET"]}}],"collection":[{"href":"https:\/\/verdadeon.com.br\/portal\/wp-json\/wp\/v2\/posts"}],"about":[{"href":"https:\/\/verdadeon.com.br\/portal\/wp-json\/wp\/v2\/types\/post"}],"author":[{"embeddable":true,"href":"https:\/\/verdadeon.com.br\/portal\/wp-json\/wp\/v2\/users\/10"}],"replies":[{"embeddable":true,"href":"https:\/\/verdadeon.com.br\/portal\/wp-json\/wp\/v2\/comments?post=70287"}],"version-history":[{"count":3,"href":"https:\/\/verdadeon.com.br\/portal\/wp-json\/wp\/v2\/posts\/70287\/revisions"}],"predecessor-version":[{"id":70300,"href":"https:\/\/verdadeon.com.br\/portal\/wp-json\/wp\/v2\/posts\/70287\/revisions\/70300"}],"wp:featuredmedia":[{"embeddable":true,"href":"https:\/\/verdadeon.com.br\/portal\/wp-json\/wp\/v2\/media\/70289"}],"wp:attachment":[{"href":"https:\/\/verdadeon.com.br\/portal\/wp-json\/wp\/v2\/media?parent=70287"}],"wp:term":[{"taxonomy":"category","embeddable":true,"href":"https:\/\/verdadeon.com.br\/portal\/wp-json\/wp\/v2\/categories?post=70287"},{"taxonomy":"post_tag","embeddable":true,"href":"https:\/\/verdadeon.com.br\/portal\/wp-json\/wp\/v2\/tags?post=70287"}],"curies":[{"name":"wp","href":"https:\/\/api.w.org\/{rel}","templated":true}]}}