{"id":70263,"date":"2026-09-04T10:00:27","date_gmt":"2026-09-04T13:00:27","guid":{"rendered":"https:\/\/verdadeon.com.br\/portal\/?p=70263"},"modified":"2026-09-01T13:08:20","modified_gmt":"2026-09-01T16:08:20","slug":"investimentos-na-regiao-de-franca-chegam-a-r-6882-milhoes-em-2026","status":"publish","type":"post","link":"https:\/\/verdadeon.com.br\/portal\/2026\/09\/04\/investimentos-na-regiao-de-franca-chegam-a-r-6882-milhoes-em-2026\/","title":{"rendered":"Investimentos na regi\u00e3o de Franca chegam a R$ 688,2 milh\u00f5es em 2026"},"content":{"rendered":"<div>\n<h2>Valor registrado at\u00e9 julho j\u00e1 supera os R$ 7,63 milh\u00f5es contabilizados em todo o ano de 2025<\/h2>\n<\/div>\n<div>\n<div>\n<p>A Regi\u00e3o Administrativa de Franca contabilizou R$ 688,2 milh\u00f5es em investimentos anunciados entre janeiro e julho de 2026, segundo levantamento da Pesquisa de Investimentos Anunciados no Estado de S\u00e3o Paulo (Piesp), da Funda\u00e7\u00e3o Seade. O montante j\u00e1 supera os R$ 7,63 milh\u00f5es registrados em todo o ano de 2025.<\/p>\n<\/div>\n<div>Entre os investimentos anunciados em 2026, destaca-se o aporte de R$ 684,3 milh\u00f5es da Usina Hidrel\u00e9trica Jaguara. O empreendimento, do setor de infraestrutura, representa 99,4% do total de recursos anunciados na regi\u00e3o no per\u00edodo.<\/div>\n<div>Tamb\u00e9m est\u00e3o entre os principais investimentos R$ 2,9 milh\u00f5es da Associa\u00e7\u00e3o de Pais e Amigos dos Excepcionais (Apae) e R$1 milh\u00e3o da Santa Casa de Franca.<\/div>\n<div>Do total de investimentos anunciados at\u00e9 julho, 99,4% est\u00e3o concentrados no munic\u00edpio de Rifaina. O munic\u00edpio de Franca tamb\u00e9m recebeu investimentos no per\u00edodo, com participa\u00e7\u00e3o menor no total.<\/div>\n<div>Em 2025, os 7,63 milh\u00f5es em investimentos anunciados na regi\u00e3o ficaram concentrados apenas no munic\u00edpio de Franca. Cerca de 65,5% dos projetos registrados pela Piesp em 2025 foram para os subsetores de alojamento e alimenta\u00e7\u00e3o e 34,5% para aten\u00e7\u00e3o \u00e0 sa\u00fade.<\/div>\n<div>A Piesp, elaborada pela Funda\u00e7\u00e3o Seade, acompanha os investimentos anunciados por empresas privadas e pelo setor p\u00fablico no Estado de S\u00e3o Paulo. As informa\u00e7\u00f5es s\u00e3o confirmadas junto \u00e0s fontes respons\u00e1veis pelos projetos e atualizadas mensalmente.<\/div>\n<div><b>Sobre o Seade<\/b><\/div>\n<div>\n<p>H\u00e1 mais de 40 anos, o Sistema Estadual de An\u00e1lise de Dados \u00e9 refer\u00eancia nacional na produ\u00e7\u00e3o e dissemina\u00e7\u00e3o de an\u00e1lises e estat\u00edsticas socioecon\u00f4micas e demogr\u00e1ficas do Estado de S\u00e3o Paulo.<\/p>\n<\/div>\n<\/div>\n","protected":false},"excerpt":{"rendered":"<p>Valor registrado at\u00e9 julho j\u00e1 supera os R$ 7,63 milh\u00f5es contabilizados em todo o ano de 2025 A Regi\u00e3o Administrativa de Franca contabilizou R$ 688,2 milh\u00f5es<span class=\"excerpt-hellip\"> [\u2026]<\/span><\/p>\n","protected":false},"author":10,"featured_media":50221,"comment_status":"open","ping_status":"open","sticky":false,"template":"","format":"standard","meta":{"_jetpack_memberships_contains_paid_content":false,"footnotes":"","jetpack_publicize_message":"","jetpack_publicize_feature_enabled":true,"jetpack_social_post_already_shared":true,"jetpack_social_options":{"image_generator_settings":{"template":"highway","default_image_id":0,"enabled":false},"version":2}},"categories":[28,81],"tags":[],"class_list":["post-70263","post","type-post","status-publish","format-standard","has-post-thumbnail","hentry","category-cotidiano","category-manchete"],"yoast_head":"<!-- This site is optimized with the Yoast SEO plugin v25.6 - https:\/\/yoast.com\/wordpress\/plugins\/seo\/ -->\n<title>Investimentos na regi\u00e3o de Franca chegam a R$ 688,2 milh\u00f5es em 2026 - VerdadeOn<\/title>\n<meta name=\"robots\" content=\"index, follow, max-snippet:-1, max-image-preview:large, max-video-preview:-1\" \/>\n<link rel=\"canonical\" href=\"https:\/\/verdadeon.com.br\/portal\/2026\/09\/04\/investimentos-na-regiao-de-franca-chegam-a-r-6882-milhoes-em-2026\/\" \/>\n<meta property=\"og:locale\" content=\"pt_BR\" \/>\n<meta property=\"og:type\" content=\"article\" \/>\n<meta property=\"og:title\" content=\"Investimentos na regi\u00e3o de Franca chegam a R$ 688,2 milh\u00f5es em 2026 - VerdadeOn\" \/>\n<meta property=\"og:description\" content=\"Valor registrado at\u00e9 julho j\u00e1 supera os R$ 7,63 milh\u00f5es contabilizados em todo o ano de 2025 A Regi\u00e3o Administrativa de Franca contabilizou R$ 688,2 milh\u00f5es [\u2026]\" \/>\n<meta property=\"og:url\" content=\"https:\/\/verdadeon.com.br\/portal\/2026\/09\/04\/investimentos-na-regiao-de-franca-chegam-a-r-6882-milhoes-em-2026\/\" \/>\n<meta property=\"og:site_name\" content=\"VerdadeOn\" \/>\n<meta property=\"article:published_time\" content=\"2026-09-04T13:00:27+00:00\" \/>\n<meta property=\"og:image\" content=\"https:\/\/i0.wp.com\/verdadeon.com.br\/portal\/wp-content\/uploads\/2024\/10\/AnyConv.com__tbl_uhe_canabrava0042_30.jpeg?fit=1024%2C686&ssl=1\" \/>\n\t<meta property=\"og:image:width\" content=\"1024\" \/>\n\t<meta property=\"og:image:height\" content=\"686\" \/>\n\t<meta property=\"og:image:type\" content=\"image\/jpeg\" \/>\n<meta name=\"author\" content=\"Redacao VerdadeOn\" \/>\n<meta name=\"twitter:card\" content=\"summary_large_image\" \/>\n<meta name=\"twitter:label1\" content=\"Escrito por\" \/>\n\t<meta name=\"twitter:data1\" content=\"Redacao VerdadeOn\" \/>\n\t<meta name=\"twitter:label2\" content=\"Est. tempo de leitura\" \/>\n\t<meta name=\"twitter:data2\" content=\"2 minutos\" \/>\n<script type=\"application\/ld+json\" class=\"yoast-schema-graph\">{\"@context\":\"https:\/\/schema.org\",\"@graph\":[{\"@type\":\"WebPage\",\"@id\":\"https:\/\/verdadeon.com.br\/portal\/2026\/09\/04\/investimentos-na-regiao-de-franca-chegam-a-r-6882-milhoes-em-2026\/\",\"url\":\"https:\/\/verdadeon.com.br\/portal\/2026\/09\/04\/investimentos-na-regiao-de-franca-chegam-a-r-6882-milhoes-em-2026\/\",\"name\":\"Investimentos na regi\u00e3o de Franca chegam a R$ 688,2 milh\u00f5es em 2026 - VerdadeOn\",\"isPartOf\":{\"@id\":\"https:\/\/verdadeon.com.br\/portal\/#website\"},\"primaryImageOfPage\":{\"@id\":\"https:\/\/verdadeon.com.br\/portal\/2026\/09\/04\/investimentos-na-regiao-de-franca-chegam-a-r-6882-milhoes-em-2026\/#primaryimage\"},\"image\":{\"@id\":\"https:\/\/verdadeon.com.br\/portal\/2026\/09\/04\/investimentos-na-regiao-de-franca-chegam-a-r-6882-milhoes-em-2026\/#primaryimage\"},\"thumbnailUrl\":\"https:\/\/i0.wp.com\/verdadeon.com.br\/portal\/wp-content\/uploads\/2024\/10\/AnyConv.com__tbl_uhe_canabrava0042_30.jpeg?fit=1024%2C686&ssl=1\",\"datePublished\":\"2026-09-04T13:00:27+00:00\",\"author\":{\"@id\":\"https:\/\/verdadeon.com.br\/portal\/#\/schema\/person\/a5060ad1e9ea3df545188fc93ce43d2f\"},\"breadcrumb\":{\"@id\":\"https:\/\/verdadeon.com.br\/portal\/2026\/09\/04\/investimentos-na-regiao-de-franca-chegam-a-r-6882-milhoes-em-2026\/#breadcrumb\"},\"inLanguage\":\"pt-BR\",\"potentialAction\":[{\"@type\":\"ReadAction\",\"target\":[\"https:\/\/verdadeon.com.br\/portal\/2026\/09\/04\/investimentos-na-regiao-de-franca-chegam-a-r-6882-milhoes-em-2026\/\"]}]},{\"@type\":\"ImageObject\",\"inLanguage\":\"pt-BR\",\"@id\":\"https:\/\/verdadeon.com.br\/portal\/2026\/09\/04\/investimentos-na-regiao-de-franca-chegam-a-r-6882-milhoes-em-2026\/#primaryimage\",\"url\":\"https:\/\/i0.wp.com\/verdadeon.com.br\/portal\/wp-content\/uploads\/2024\/10\/AnyConv.com__tbl_uhe_canabrava0042_30.jpeg?fit=1024%2C686&ssl=1\",\"contentUrl\":\"https:\/\/i0.wp.com\/verdadeon.com.br\/portal\/wp-content\/uploads\/2024\/10\/AnyConv.com__tbl_uhe_canabrava0042_30.jpeg?fit=1024%2C686&ssl=1\",\"width\":1024,\"height\":686,\"caption\":\"Usina Hidrel\u00e9trica Jaguara, em Rifaina (\u00a9ENGIE)\"},{\"@type\":\"BreadcrumbList\",\"@id\":\"https:\/\/verdadeon.com.br\/portal\/2026\/09\/04\/investimentos-na-regiao-de-franca-chegam-a-r-6882-milhoes-em-2026\/#breadcrumb\",\"itemListElement\":[{\"@type\":\"ListItem\",\"position\":1,\"name\":\"In\u00edcio\",\"item\":\"https:\/\/verdadeon.com.br\/portal\/\"},{\"@type\":\"ListItem\",\"position\":2,\"name\":\"Investimentos na regi\u00e3o de Franca chegam a R$ 688,2 milh\u00f5es em 2026\"}]},{\"@type\":\"WebSite\",\"@id\":\"https:\/\/verdadeon.com.br\/portal\/#website\",\"url\":\"https:\/\/verdadeon.com.br\/portal\/\",\"name\":\"VerdadeOn\",\"description\":\"Not\u00edcias di\u00e1rias sobre Franca, Regi\u00e3o, Esporte, Cultura, Cotidiano, Colunas. Cobertura nos principais eventos da cidade \u00e9 aqui - Verdadeon Franca\",\"potentialAction\":[{\"@type\":\"SearchAction\",\"target\":{\"@type\":\"EntryPoint\",\"urlTemplate\":\"https:\/\/verdadeon.com.br\/portal\/?s={search_term_string}\"},\"query-input\":{\"@type\":\"PropertyValueSpecification\",\"valueRequired\":true,\"valueName\":\"search_term_string\"}}],\"inLanguage\":\"pt-BR\"},{\"@type\":\"Person\",\"@id\":\"https:\/\/verdadeon.com.br\/portal\/#\/schema\/person\/a5060ad1e9ea3df545188fc93ce43d2f\",\"name\":\"Redacao VerdadeOn\",\"image\":{\"@type\":\"ImageObject\",\"inLanguage\":\"pt-BR\",\"@id\":\"https:\/\/verdadeon.com.br\/portal\/#\/schema\/person\/image\/\",\"url\":\"https:\/\/secure.gravatar.com\/avatar\/459a9613caaaf07f582c3d0841eea68bdd66f533e465e6ba8b9cb45619572cf4?s=96&d=mm&r=g\",\"contentUrl\":\"https:\/\/secure.gravatar.com\/avatar\/459a9613caaaf07f582c3d0841eea68bdd66f533e465e6ba8b9cb45619572cf4?s=96&d=mm&r=g\",\"caption\":\"Redacao VerdadeOn\"},\"url\":\"https:\/\/verdadeon.com.br\/portal\/author\/redacao\/\"}]}<\/script>\n<!-- \/ Yoast SEO plugin. -->","yoast_head_json":{"title":"Investimentos na regi\u00e3o de Franca chegam a R$ 688,2 milh\u00f5es em 2026 - VerdadeOn","robots":{"index":"index","follow":"follow","max-snippet":"max-snippet:-1","max-image-preview":"max-image-preview:large","max-video-preview":"max-video-preview:-1"},"canonical":"https:\/\/verdadeon.com.br\/portal\/2026\/09\/04\/investimentos-na-regiao-de-franca-chegam-a-r-6882-milhoes-em-2026\/","og_locale":"pt_BR","og_type":"article","og_title":"Investimentos na regi\u00e3o de Franca chegam a R$ 688,2 milh\u00f5es em 2026 - VerdadeOn","og_description":"Valor registrado at\u00e9 julho j\u00e1 supera os R$ 7,63 milh\u00f5es contabilizados em todo o ano de 2025 A Regi\u00e3o Administrativa de Franca contabilizou R$ 688,2 milh\u00f5es [\u2026]","og_url":"https:\/\/verdadeon.com.br\/portal\/2026\/09\/04\/investimentos-na-regiao-de-franca-chegam-a-r-6882-milhoes-em-2026\/","og_site_name":"VerdadeOn","article_published_time":"2026-09-04T13:00:27+00:00","og_image":[{"width":1024,"height":686,"url":"https:\/\/i0.wp.com\/verdadeon.com.br\/portal\/wp-content\/uploads\/2024\/10\/AnyConv.com__tbl_uhe_canabrava0042_30.jpeg?fit=1024%2C686&ssl=1","type":"image\/jpeg"}],"author":"Redacao VerdadeOn","twitter_card":"summary_large_image","twitter_misc":{"Escrito por":"Redacao VerdadeOn","Est. tempo de leitura":"2 minutos"},"schema":{"@context":"https:\/\/schema.org","@graph":[{"@type":"WebPage","@id":"https:\/\/verdadeon.com.br\/portal\/2026\/09\/04\/investimentos-na-regiao-de-franca-chegam-a-r-6882-milhoes-em-2026\/","url":"https:\/\/verdadeon.com.br\/portal\/2026\/09\/04\/investimentos-na-regiao-de-franca-chegam-a-r-6882-milhoes-em-2026\/","name":"Investimentos na regi\u00e3o de Franca chegam a R$ 688,2 milh\u00f5es em 2026 - VerdadeOn","isPartOf":{"@id":"https:\/\/verdadeon.com.br\/portal\/#website"},"primaryImageOfPage":{"@id":"https:\/\/verdadeon.com.br\/portal\/2026\/09\/04\/investimentos-na-regiao-de-franca-chegam-a-r-6882-milhoes-em-2026\/#primaryimage"},"image":{"@id":"https:\/\/verdadeon.com.br\/portal\/2026\/09\/04\/investimentos-na-regiao-de-franca-chegam-a-r-6882-milhoes-em-2026\/#primaryimage"},"thumbnailUrl":"https:\/\/i0.wp.com\/verdadeon.com.br\/portal\/wp-content\/uploads\/2024\/10\/AnyConv.com__tbl_uhe_canabrava0042_30.jpeg?fit=1024%2C686&ssl=1","datePublished":"2026-09-04T13:00:27+00:00","author":{"@id":"https:\/\/verdadeon.com.br\/portal\/#\/schema\/person\/a5060ad1e9ea3df545188fc93ce43d2f"},"breadcrumb":{"@id":"https:\/\/verdadeon.com.br\/portal\/2026\/09\/04\/investimentos-na-regiao-de-franca-chegam-a-r-6882-milhoes-em-2026\/#breadcrumb"},"inLanguage":"pt-BR","potentialAction":[{"@type":"ReadAction","target":["https:\/\/verdadeon.com.br\/portal\/2026\/09\/04\/investimentos-na-regiao-de-franca-chegam-a-r-6882-milhoes-em-2026\/"]}]},{"@type":"ImageObject","inLanguage":"pt-BR","@id":"https:\/\/verdadeon.com.br\/portal\/2026\/09\/04\/investimentos-na-regiao-de-franca-chegam-a-r-6882-milhoes-em-2026\/#primaryimage","url":"https:\/\/i0.wp.com\/verdadeon.com.br\/portal\/wp-content\/uploads\/2024\/10\/AnyConv.com__tbl_uhe_canabrava0042_30.jpeg?fit=1024%2C686&ssl=1","contentUrl":"https:\/\/i0.wp.com\/verdadeon.com.br\/portal\/wp-content\/uploads\/2024\/10\/AnyConv.com__tbl_uhe_canabrava0042_30.jpeg?fit=1024%2C686&ssl=1","width":1024,"height":686,"caption":"Usina Hidrel\u00e9trica Jaguara, em Rifaina (\u00a9ENGIE)"},{"@type":"BreadcrumbList","@id":"https:\/\/verdadeon.com.br\/portal\/2026\/09\/04\/investimentos-na-regiao-de-franca-chegam-a-r-6882-milhoes-em-2026\/#breadcrumb","itemListElement":[{"@type":"ListItem","position":1,"name":"In\u00edcio","item":"https:\/\/verdadeon.com.br\/portal\/"},{"@type":"ListItem","position":2,"name":"Investimentos na regi\u00e3o de Franca chegam a R$ 688,2 milh\u00f5es em 2026"}]},{"@type":"WebSite","@id":"https:\/\/verdadeon.com.br\/portal\/#website","url":"https:\/\/verdadeon.com.br\/portal\/","name":"VerdadeOn","description":"Not\u00edcias di\u00e1rias sobre Franca, Regi\u00e3o, Esporte, Cultura, Cotidiano, Colunas. Cobertura nos principais eventos da cidade \u00e9 aqui - Verdadeon Franca","potentialAction":[{"@type":"SearchAction","target":{"@type":"EntryPoint","urlTemplate":"https:\/\/verdadeon.com.br\/portal\/?s={search_term_string}"},"query-input":{"@type":"PropertyValueSpecification","valueRequired":true,"valueName":"search_term_string"}}],"inLanguage":"pt-BR"},{"@type":"Person","@id":"https:\/\/verdadeon.com.br\/portal\/#\/schema\/person\/a5060ad1e9ea3df545188fc93ce43d2f","name":"Redacao VerdadeOn","image":{"@type":"ImageObject","inLanguage":"pt-BR","@id":"https:\/\/verdadeon.com.br\/portal\/#\/schema\/person\/image\/","url":"https:\/\/secure.gravatar.com\/avatar\/459a9613caaaf07f582c3d0841eea68bdd66f533e465e6ba8b9cb45619572cf4?s=96&d=mm&r=g","contentUrl":"https:\/\/secure.gravatar.com\/avatar\/459a9613caaaf07f582c3d0841eea68bdd66f533e465e6ba8b9cb45619572cf4?s=96&d=mm&r=g","caption":"Redacao VerdadeOn"},"url":"https:\/\/verdadeon.com.br\/portal\/author\/redacao\/"}]}},"jetpack_publicize_connections":[],"jetpack_featured_media_url":"https:\/\/i0.wp.com\/verdadeon.com.br\/portal\/wp-content\/uploads\/2024\/10\/AnyConv.com__tbl_uhe_canabrava0042_30.jpeg?fit=1024%2C686&ssl=1","jetpack_sharing_enabled":true,"_links":{"self":[{"href":"https:\/\/verdadeon.com.br\/portal\/wp-json\/wp\/v2\/posts\/70263","targetHints":{"allow":["GET"]}}],"collection":[{"href":"https:\/\/verdadeon.com.br\/portal\/wp-json\/wp\/v2\/posts"}],"about":[{"href":"https:\/\/verdadeon.com.br\/portal\/wp-json\/wp\/v2\/types\/post"}],"author":[{"embeddable":true,"href":"https:\/\/verdadeon.com.br\/portal\/wp-json\/wp\/v2\/users\/10"}],"replies":[{"embeddable":true,"href":"https:\/\/verdadeon.com.br\/portal\/wp-json\/wp\/v2\/comments?post=70263"}],"version-history":[{"count":1,"href":"https:\/\/verdadeon.com.br\/portal\/wp-json\/wp\/v2\/posts\/70263\/revisions"}],"predecessor-version":[{"id":70264,"href":"https:\/\/verdadeon.com.br\/portal\/wp-json\/wp\/v2\/posts\/70263\/revisions\/70264"}],"wp:featuredmedia":[{"embeddable":true,"href":"https:\/\/verdadeon.com.br\/portal\/wp-json\/wp\/v2\/media\/50221"}],"wp:attachment":[{"href":"https:\/\/verdadeon.com.br\/portal\/wp-json\/wp\/v2\/media?parent=70263"}],"wp:term":[{"taxonomy":"category","embeddable":true,"href":"https:\/\/verdadeon.com.br\/portal\/wp-json\/wp\/v2\/categories?post=70263"},{"taxonomy":"post_tag","embeddable":true,"href":"https:\/\/verdadeon.com.br\/portal\/wp-json\/wp\/v2\/tags?post=70263"}],"curies":[{"name":"wp","href":"https:\/\/api.w.org\/{rel}","templated":true}]}}