{"id":70257,"date":"2026-09-05T08:00:37","date_gmt":"2026-09-05T11:00:37","guid":{"rendered":"https:\/\/verdadeon.com.br\/portal\/?p=70257"},"modified":"2026-09-01T12:54:58","modified_gmt":"2026-09-01T15:54:58","slug":"sesc-franca-apresenta-mostra-de-cinema-dedicada-a-obra-de-kleber-mendona-filho","status":"publish","type":"post","link":"https:\/\/verdadeon.com.br\/portal\/2026\/09\/05\/sesc-franca-apresenta-mostra-de-cinema-dedicada-a-obra-de-kleber-mendona-filho\/","title":{"rendered":"Sesc Franca apresenta mostra de cinema dedicada \u00e0 obra de Kleber Mendona Filho"},"content":{"rendered":"<h2>Programa\u00e7\u00e3o do m\u00eas de setembro inclui filmes, cine concerto de Bacurau e atividade formativa sobre imagem, som e territ\u00f3rio no audiovisual brasileiro.<\/h2>\n<p>Ao longo do m\u00eas de <strong>setembro<\/strong>, o <strong>Sesc Franca<\/strong> realiza uma programa\u00e7\u00e3o dedicada \u00e0 obra do cineasta <strong>Kleber Mendon\u00e7a Filho<\/strong>, reunindo exibi\u00e7\u00f5es dos filmes <strong>O Som ao Redor, Aquarius, Bacurau, Retratos Fantasmas e O Agente Secreto<\/strong>, al\u00e9m da oficina <strong>Imagens, Sons e Territ\u00f3rios: O Cinema de Kleber Mendon\u00e7a Filho<\/strong>. As atividades acontecem no Teatro e em outros espa\u00e7os da unidade, propondo diferentes aproxima\u00e7\u00f5es com a produ\u00e7\u00e3o de um dos principais realizadores do cinema brasileiro contempor\u00e2neo.<\/p>\n<p>A programa\u00e7\u00e3o percorre diferentes momentos da trajet\u00f3ria do diretor pernambucano, cuja filmografia investiga rela\u00e7\u00f5es entre cidade, mem\u00f3ria, territ\u00f3rio e vida cotidiana. Entre fic\u00e7\u00e3o e document\u00e1rio, seus filmes abordam transforma\u00e7\u00f5es sociais, disputas em torno dos espa\u00e7os urbanos e experi\u00eancias individuais que revelam quest\u00f5es mais amplas da sociedade brasileira.<\/p>\n<p>Como atividade de aprofundamento, o <strong>Sesc Franca<\/strong> realiza, no <strong>dia 12 de setembro<\/strong>, a <strong>oficina Imagens, Sons e Territ\u00f3rios: O Cinema de Kleber Mendon\u00e7a Filho<\/strong>, conduzida pelo pesquisador <strong>Carlos Gon\u00e7alves<\/strong>. A proposta toma a obra do diretor como ponto de partida para discutir as rela\u00e7\u00f5es entre imagem, som e territ\u00f3rio no cinema brasileiro contempor\u00e2neo, abordando aspectos est\u00e9ticos, pol\u00edticos e sociais presentes em seus trabalhos.<\/p>\n<p><strong>Exibi\u00e7\u00f5es<\/strong><\/p>\n<p>A mostra tem in\u00edcio com <strong>O Som ao Redor<\/strong>, em <strong>1\u00ba de setembro<\/strong>, filme que acompanha a rotina de uma rua de classe m\u00e9dia no Recife e as transforma\u00e7\u00f5es provocadas pela chegada de uma empresa de seguran\u00e7a privada. Em <strong>9 de setembro<\/strong>, a programa\u00e7\u00e3o apresenta um <strong>cine concerto de Bacurau<\/strong>, com <strong>sonoriza\u00e7\u00e3o ao vivo executada pela banda Boogarins, em uma experi\u00eancia que aproxima cinema e performance musical.<\/strong><\/p>\n<p>No dia <strong>15 de setembro<\/strong>, ser\u00e1 exibido <strong>Aquarius<\/strong>, longa protagonizado por <strong>Sonia Braga<\/strong> que acompanha a resist\u00eancia de uma moradora diante das press\u00f5es de uma incorporadora interessada no edif\u00edcio onde vive. J\u00e1 em <strong>22 de setembro<\/strong>, a mostra apresenta <strong>Retratos Fantasmas<\/strong>, document\u00e1rio que investiga as transforma\u00e7\u00f5es da paisagem urbana do Recife e a mem\u00f3ria das antigas salas de cinema da cidade.<\/p>\n<p>Encerrando a programa\u00e7\u00e3o, em <strong>29 de setembro<\/strong>, ser\u00e1 exibido <strong>O Agente Secreto<\/strong>, produ\u00e7\u00e3o ambientada no per\u00edodo da ditadura militar. O filme acompanha um homem em deslocamento em meio a um contexto marcado por persegui\u00e7\u00f5es, tens\u00f5es pol\u00edticas e mecanismos de vigil\u00e2ncia.<\/p>\n<p><strong>\u00a0<\/strong><strong>Servi\u00e7o:<\/strong><\/p>\n<ul>\n<li><strong> exibi\u00e7\u00e3o | <u>O SOM AO REDOR<\/u><\/strong><\/li>\n<\/ul>\n<p>Dir.: Kleber Mendon\u00e7a Filho. BRA, 2012, 131 min.<\/p>\n<p><strong>Data: <\/strong>1 de setembro. Ter\u00e7a, 19h30.<br \/>\n<strong>Classifica\u00e7\u00e3o indicativa:<\/strong> 16 anos<br \/>\n<strong>Local:<\/strong> Teatro do Sesc Franca<\/p>\n<p><strong>Gr\u00e1tis <\/strong>|\u202fIngressos\u202f1h antes<strong>\u00a0<\/strong><\/p>\n<p>&#8212;&#8211;<\/p>\n<ul>\n<li><strong> cine concerto | <u>BACURAU<\/u><\/strong><\/li>\n<\/ul>\n<p>Dir.: Kleber Mendon\u00e7a Filho, Juliano Dornelles. BRA\/FRA, 2019, 131 min.<\/p>\n<p>Com sonoriza\u00e7\u00e3o ao vivo executada pela banda Boogarins.<\/p>\n<p><strong>Data: <\/strong>9 de setembro. Quarta, 19h30.<br \/>\n<strong>Classifica\u00e7\u00e3o indicativa:<\/strong> 16 anos<br \/>\n<strong>Local:<\/strong> Teatro do Sesc Franca<\/p>\n<p><strong>Ingressos: R$15\u00a0(credencial plena), R$25\u00a0(meia), R$50 (inteira)<br \/>\nAbertura das vendas:\u202f1\u202fde\u202fsetembro, 17h (on-line) e\u202f2\u202fde\u202fsetembro, 17h (presencial)\u202f\u202f\u00a0<\/strong><\/p>\n<p><strong>Ingressos podem ser adquiridos via\u202f<\/strong><a href=\"https:\/\/www.sescsp.org.br\/aplicativo-credencial-plena-sesc-sao-paulo\/\"><strong>aplicativo Credencial Sesc SP<\/strong><\/a><strong>,\u202f<\/strong><a href=\"https:\/\/centralrelacionamento.sescsp.org.br\/\"><strong>Central de Relacionamento Digital<\/strong><\/a><strong>\u202f(desktop) ou presencialmente nas unidades do Sesc.\u202f<\/strong><\/p>\n<p>&#8212;&#8211;<\/p>\n<ul>\n<li><strong> oficina | <u>IMAGENS, SONS E TERRIT\u00d3RIOS: O CINEMA DE KLEBER MENDON\u00c7A FILHO<br \/>\n<\/u><\/strong>Com Carlos Gon\u00e7alves, pesquisador em cinema e audiovisual<\/li>\n<\/ul>\n<p><strong>Data: <\/strong>12 de setembro. S\u00e1bado, 14h \u00e0s 17h.<br \/>\n<strong>Classifica\u00e7\u00e3o indicativa:<\/strong> 16 anos<br \/>\n<strong>Local:<\/strong> Sala 1 do Sesc Franca<\/p>\n<p><strong>Gr\u00e1tis <\/strong>| Senhas 30 min. antes.<\/p>\n<p>&#8212;&#8211;<\/p>\n<ul>\n<li><strong> exibi\u00e7\u00e3o | <u>AQUARIUS<\/u><\/strong><\/li>\n<\/ul>\n<p>Dir.: Kleber Mendon\u00e7a Filho. BRA, 2016, 146 min.<\/p>\n<p><strong>Data: <\/strong>15 de setembro. Ter\u00e7a, 19h30.<br \/>\n<strong>Classifica\u00e7\u00e3o indicativa:<\/strong> 16 anos<br \/>\n<strong>Local:<\/strong> Teatro do Sesc Franca<\/p>\n<p><strong>Gr\u00e1tis <\/strong>| Legendas | Ingressos\u202f1h antes<strong>\u00a0<\/strong><\/p>\n<p>&#8212;&#8211;<\/p>\n<ul>\n<li><strong> exibi\u00e7\u00e3o | <u>RETRATOS FANTASMAS<\/u><\/strong><\/li>\n<\/ul>\n<p>Dir.: Kleber Mendon\u00e7a Filho. BRA, 2023, 93 min.<\/p>\n<p><strong>Data: <\/strong>22 de setembro. Ter\u00e7a, 19h30.<br \/>\n<strong>Classifica\u00e7\u00e3o indicativa:<\/strong> 12 anos<br \/>\n<strong>Local:<\/strong> Teatro do Sesc Franca<\/p>\n<p><strong>Gr\u00e1tis <\/strong>| Legendas | Ingressos\u202f1h antes<strong>\u00a0<\/strong><\/p>\n<p>&#8212;&#8211;<\/p>\n<ul>\n<li><strong> exibi\u00e7\u00e3o | <u>O AGENTE SECRETO<\/u><\/strong><\/li>\n<\/ul>\n<p>Dir.: Kleber Mendon\u00e7a Filho. BRA, 2025, 161 min.<\/p>\n<p><strong>Data: <\/strong>29 de setembro. Ter\u00e7a, 19h30.<br \/>\n<strong>Classifica\u00e7\u00e3o indicativa:<\/strong> 16 anos<br \/>\n<strong>Local:<\/strong> Teatro do Sesc Franca<\/p>\n<p><strong>Gr\u00e1tis <\/strong>| Legendas | Ingressos\u202f1h antes<strong>\u00a0<\/strong><\/p>\n","protected":false},"excerpt":{"rendered":"<p>Programa\u00e7\u00e3o do m\u00eas de setembro inclui filmes, cine concerto de Bacurau e atividade formativa sobre imagem, som e territ\u00f3rio no audiovisual brasileiro. Ao longo do m\u00eas<span class=\"excerpt-hellip\"> [\u2026]<\/span><\/p>\n","protected":false},"author":10,"featured_media":70258,"comment_status":"open","ping_status":"open","sticky":false,"template":"","format":"standard","meta":{"_jetpack_memberships_contains_paid_content":false,"footnotes":"","jetpack_publicize_message":"","jetpack_publicize_feature_enabled":true,"jetpack_social_post_already_shared":true,"jetpack_social_options":{"image_generator_settings":{"template":"highway","default_image_id":0,"enabled":false},"version":2}},"categories":[28,44],"tags":[],"class_list":["post-70257","post","type-post","status-publish","format-standard","has-post-thumbnail","hentry","category-cotidiano","category-noticias"],"yoast_head":"<!-- This site is optimized with the Yoast SEO plugin v25.6 - https:\/\/yoast.com\/wordpress\/plugins\/seo\/ -->\n<title>Sesc Franca apresenta mostra de cinema dedicada \u00e0 obra de Kleber Mendona Filho - VerdadeOn<\/title>\n<meta name=\"robots\" content=\"index, follow, max-snippet:-1, max-image-preview:large, max-video-preview:-1\" \/>\n<link rel=\"canonical\" href=\"https:\/\/verdadeon.com.br\/portal\/2026\/09\/05\/sesc-franca-apresenta-mostra-de-cinema-dedicada-a-obra-de-kleber-mendona-filho\/\" \/>\n<meta property=\"og:locale\" content=\"pt_BR\" \/>\n<meta property=\"og:type\" content=\"article\" \/>\n<meta property=\"og:title\" content=\"Sesc Franca apresenta mostra de cinema dedicada \u00e0 obra de Kleber Mendona Filho - VerdadeOn\" \/>\n<meta property=\"og:description\" content=\"Programa\u00e7\u00e3o do m\u00eas de setembro inclui filmes, cine concerto de Bacurau e atividade formativa sobre imagem, som e territ\u00f3rio no audiovisual brasileiro. Ao longo do m\u00eas [\u2026]\" \/>\n<meta property=\"og:url\" content=\"https:\/\/verdadeon.com.br\/portal\/2026\/09\/05\/sesc-franca-apresenta-mostra-de-cinema-dedicada-a-obra-de-kleber-mendona-filho\/\" \/>\n<meta property=\"og:site_name\" content=\"VerdadeOn\" \/>\n<meta property=\"article:published_time\" content=\"2026-09-05T11:00:37+00:00\" \/>\n<meta property=\"og:image\" content=\"https:\/\/i0.wp.com\/verdadeon.com.br\/portal\/wp-content\/uploads\/2026\/09\/unnamed-8.jpg?fit=1473%2C869&ssl=1\" \/>\n\t<meta property=\"og:image:width\" content=\"1473\" \/>\n\t<meta property=\"og:image:height\" content=\"869\" \/>\n\t<meta property=\"og:image:type\" content=\"image\/jpeg\" \/>\n<meta name=\"author\" content=\"Redacao VerdadeOn\" \/>\n<meta name=\"twitter:card\" content=\"summary_large_image\" \/>\n<meta name=\"twitter:label1\" content=\"Escrito por\" \/>\n\t<meta name=\"twitter:data1\" content=\"Redacao VerdadeOn\" \/>\n\t<meta name=\"twitter:label2\" content=\"Est. tempo de leitura\" \/>\n\t<meta name=\"twitter:data2\" content=\"4 minutos\" \/>\n<script type=\"application\/ld+json\" class=\"yoast-schema-graph\">{\"@context\":\"https:\/\/schema.org\",\"@graph\":[{\"@type\":\"WebPage\",\"@id\":\"https:\/\/verdadeon.com.br\/portal\/2026\/09\/05\/sesc-franca-apresenta-mostra-de-cinema-dedicada-a-obra-de-kleber-mendona-filho\/\",\"url\":\"https:\/\/verdadeon.com.br\/portal\/2026\/09\/05\/sesc-franca-apresenta-mostra-de-cinema-dedicada-a-obra-de-kleber-mendona-filho\/\",\"name\":\"Sesc Franca apresenta mostra de cinema dedicada \u00e0 obra de Kleber Mendona Filho - VerdadeOn\",\"isPartOf\":{\"@id\":\"https:\/\/verdadeon.com.br\/portal\/#website\"},\"primaryImageOfPage\":{\"@id\":\"https:\/\/verdadeon.com.br\/portal\/2026\/09\/05\/sesc-franca-apresenta-mostra-de-cinema-dedicada-a-obra-de-kleber-mendona-filho\/#primaryimage\"},\"image\":{\"@id\":\"https:\/\/verdadeon.com.br\/portal\/2026\/09\/05\/sesc-franca-apresenta-mostra-de-cinema-dedicada-a-obra-de-kleber-mendona-filho\/#primaryimage\"},\"thumbnailUrl\":\"https:\/\/i0.wp.com\/verdadeon.com.br\/portal\/wp-content\/uploads\/2026\/09\/unnamed-8.jpg?fit=1473%2C869&ssl=1\",\"datePublished\":\"2026-09-05T11:00:37+00:00\",\"author\":{\"@id\":\"https:\/\/verdadeon.com.br\/portal\/#\/schema\/person\/a5060ad1e9ea3df545188fc93ce43d2f\"},\"breadcrumb\":{\"@id\":\"https:\/\/verdadeon.com.br\/portal\/2026\/09\/05\/sesc-franca-apresenta-mostra-de-cinema-dedicada-a-obra-de-kleber-mendona-filho\/#breadcrumb\"},\"inLanguage\":\"pt-BR\",\"potentialAction\":[{\"@type\":\"ReadAction\",\"target\":[\"https:\/\/verdadeon.com.br\/portal\/2026\/09\/05\/sesc-franca-apresenta-mostra-de-cinema-dedicada-a-obra-de-kleber-mendona-filho\/\"]}]},{\"@type\":\"ImageObject\",\"inLanguage\":\"pt-BR\",\"@id\":\"https:\/\/verdadeon.com.br\/portal\/2026\/09\/05\/sesc-franca-apresenta-mostra-de-cinema-dedicada-a-obra-de-kleber-mendona-filho\/#primaryimage\",\"url\":\"https:\/\/i0.wp.com\/verdadeon.com.br\/portal\/wp-content\/uploads\/2026\/09\/unnamed-8.jpg?fit=1473%2C869&ssl=1\",\"contentUrl\":\"https:\/\/i0.wp.com\/verdadeon.com.br\/portal\/wp-content\/uploads\/2026\/09\/unnamed-8.jpg?fit=1473%2C869&ssl=1\",\"width\":1473,\"height\":869,\"caption\":\"Bacurau (\u00a9Divulga\u00e7\u00e3o)\"},{\"@type\":\"BreadcrumbList\",\"@id\":\"https:\/\/verdadeon.com.br\/portal\/2026\/09\/05\/sesc-franca-apresenta-mostra-de-cinema-dedicada-a-obra-de-kleber-mendona-filho\/#breadcrumb\",\"itemListElement\":[{\"@type\":\"ListItem\",\"position\":1,\"name\":\"In\u00edcio\",\"item\":\"https:\/\/verdadeon.com.br\/portal\/\"},{\"@type\":\"ListItem\",\"position\":2,\"name\":\"Sesc Franca apresenta mostra de cinema dedicada \u00e0 obra de Kleber Mendona Filho\"}]},{\"@type\":\"WebSite\",\"@id\":\"https:\/\/verdadeon.com.br\/portal\/#website\",\"url\":\"https:\/\/verdadeon.com.br\/portal\/\",\"name\":\"VerdadeOn\",\"description\":\"Not\u00edcias di\u00e1rias sobre Franca, Regi\u00e3o, Esporte, Cultura, Cotidiano, Colunas. Cobertura nos principais eventos da cidade \u00e9 aqui - Verdadeon Franca\",\"potentialAction\":[{\"@type\":\"SearchAction\",\"target\":{\"@type\":\"EntryPoint\",\"urlTemplate\":\"https:\/\/verdadeon.com.br\/portal\/?s={search_term_string}\"},\"query-input\":{\"@type\":\"PropertyValueSpecification\",\"valueRequired\":true,\"valueName\":\"search_term_string\"}}],\"inLanguage\":\"pt-BR\"},{\"@type\":\"Person\",\"@id\":\"https:\/\/verdadeon.com.br\/portal\/#\/schema\/person\/a5060ad1e9ea3df545188fc93ce43d2f\",\"name\":\"Redacao VerdadeOn\",\"image\":{\"@type\":\"ImageObject\",\"inLanguage\":\"pt-BR\",\"@id\":\"https:\/\/verdadeon.com.br\/portal\/#\/schema\/person\/image\/\",\"url\":\"https:\/\/secure.gravatar.com\/avatar\/459a9613caaaf07f582c3d0841eea68bdd66f533e465e6ba8b9cb45619572cf4?s=96&d=mm&r=g\",\"contentUrl\":\"https:\/\/secure.gravatar.com\/avatar\/459a9613caaaf07f582c3d0841eea68bdd66f533e465e6ba8b9cb45619572cf4?s=96&d=mm&r=g\",\"caption\":\"Redacao VerdadeOn\"},\"url\":\"https:\/\/verdadeon.com.br\/portal\/author\/redacao\/\"}]}<\/script>\n<!-- \/ Yoast SEO plugin. -->","yoast_head_json":{"title":"Sesc Franca apresenta mostra de cinema dedicada \u00e0 obra de Kleber Mendona Filho - VerdadeOn","robots":{"index":"index","follow":"follow","max-snippet":"max-snippet:-1","max-image-preview":"max-image-preview:large","max-video-preview":"max-video-preview:-1"},"canonical":"https:\/\/verdadeon.com.br\/portal\/2026\/09\/05\/sesc-franca-apresenta-mostra-de-cinema-dedicada-a-obra-de-kleber-mendona-filho\/","og_locale":"pt_BR","og_type":"article","og_title":"Sesc Franca apresenta mostra de cinema dedicada \u00e0 obra de Kleber Mendona Filho - VerdadeOn","og_description":"Programa\u00e7\u00e3o do m\u00eas de setembro inclui filmes, cine concerto de Bacurau e atividade formativa sobre imagem, som e territ\u00f3rio no audiovisual brasileiro. Ao longo do m\u00eas [\u2026]","og_url":"https:\/\/verdadeon.com.br\/portal\/2026\/09\/05\/sesc-franca-apresenta-mostra-de-cinema-dedicada-a-obra-de-kleber-mendona-filho\/","og_site_name":"VerdadeOn","article_published_time":"2026-09-05T11:00:37+00:00","og_image":[{"width":1473,"height":869,"url":"https:\/\/i0.wp.com\/verdadeon.com.br\/portal\/wp-content\/uploads\/2026\/09\/unnamed-8.jpg?fit=1473%2C869&ssl=1","type":"image\/jpeg"}],"author":"Redacao VerdadeOn","twitter_card":"summary_large_image","twitter_misc":{"Escrito por":"Redacao VerdadeOn","Est. tempo de leitura":"4 minutos"},"schema":{"@context":"https:\/\/schema.org","@graph":[{"@type":"WebPage","@id":"https:\/\/verdadeon.com.br\/portal\/2026\/09\/05\/sesc-franca-apresenta-mostra-de-cinema-dedicada-a-obra-de-kleber-mendona-filho\/","url":"https:\/\/verdadeon.com.br\/portal\/2026\/09\/05\/sesc-franca-apresenta-mostra-de-cinema-dedicada-a-obra-de-kleber-mendona-filho\/","name":"Sesc Franca apresenta mostra de cinema dedicada \u00e0 obra de Kleber Mendona Filho - VerdadeOn","isPartOf":{"@id":"https:\/\/verdadeon.com.br\/portal\/#website"},"primaryImageOfPage":{"@id":"https:\/\/verdadeon.com.br\/portal\/2026\/09\/05\/sesc-franca-apresenta-mostra-de-cinema-dedicada-a-obra-de-kleber-mendona-filho\/#primaryimage"},"image":{"@id":"https:\/\/verdadeon.com.br\/portal\/2026\/09\/05\/sesc-franca-apresenta-mostra-de-cinema-dedicada-a-obra-de-kleber-mendona-filho\/#primaryimage"},"thumbnailUrl":"https:\/\/i0.wp.com\/verdadeon.com.br\/portal\/wp-content\/uploads\/2026\/09\/unnamed-8.jpg?fit=1473%2C869&ssl=1","datePublished":"2026-09-05T11:00:37+00:00","author":{"@id":"https:\/\/verdadeon.com.br\/portal\/#\/schema\/person\/a5060ad1e9ea3df545188fc93ce43d2f"},"breadcrumb":{"@id":"https:\/\/verdadeon.com.br\/portal\/2026\/09\/05\/sesc-franca-apresenta-mostra-de-cinema-dedicada-a-obra-de-kleber-mendona-filho\/#breadcrumb"},"inLanguage":"pt-BR","potentialAction":[{"@type":"ReadAction","target":["https:\/\/verdadeon.com.br\/portal\/2026\/09\/05\/sesc-franca-apresenta-mostra-de-cinema-dedicada-a-obra-de-kleber-mendona-filho\/"]}]},{"@type":"ImageObject","inLanguage":"pt-BR","@id":"https:\/\/verdadeon.com.br\/portal\/2026\/09\/05\/sesc-franca-apresenta-mostra-de-cinema-dedicada-a-obra-de-kleber-mendona-filho\/#primaryimage","url":"https:\/\/i0.wp.com\/verdadeon.com.br\/portal\/wp-content\/uploads\/2026\/09\/unnamed-8.jpg?fit=1473%2C869&ssl=1","contentUrl":"https:\/\/i0.wp.com\/verdadeon.com.br\/portal\/wp-content\/uploads\/2026\/09\/unnamed-8.jpg?fit=1473%2C869&ssl=1","width":1473,"height":869,"caption":"Bacurau (\u00a9Divulga\u00e7\u00e3o)"},{"@type":"BreadcrumbList","@id":"https:\/\/verdadeon.com.br\/portal\/2026\/09\/05\/sesc-franca-apresenta-mostra-de-cinema-dedicada-a-obra-de-kleber-mendona-filho\/#breadcrumb","itemListElement":[{"@type":"ListItem","position":1,"name":"In\u00edcio","item":"https:\/\/verdadeon.com.br\/portal\/"},{"@type":"ListItem","position":2,"name":"Sesc Franca apresenta mostra de cinema dedicada \u00e0 obra de Kleber Mendona Filho"}]},{"@type":"WebSite","@id":"https:\/\/verdadeon.com.br\/portal\/#website","url":"https:\/\/verdadeon.com.br\/portal\/","name":"VerdadeOn","description":"Not\u00edcias di\u00e1rias sobre Franca, Regi\u00e3o, Esporte, Cultura, Cotidiano, Colunas. Cobertura nos principais eventos da cidade \u00e9 aqui - Verdadeon Franca","potentialAction":[{"@type":"SearchAction","target":{"@type":"EntryPoint","urlTemplate":"https:\/\/verdadeon.com.br\/portal\/?s={search_term_string}"},"query-input":{"@type":"PropertyValueSpecification","valueRequired":true,"valueName":"search_term_string"}}],"inLanguage":"pt-BR"},{"@type":"Person","@id":"https:\/\/verdadeon.com.br\/portal\/#\/schema\/person\/a5060ad1e9ea3df545188fc93ce43d2f","name":"Redacao VerdadeOn","image":{"@type":"ImageObject","inLanguage":"pt-BR","@id":"https:\/\/verdadeon.com.br\/portal\/#\/schema\/person\/image\/","url":"https:\/\/secure.gravatar.com\/avatar\/459a9613caaaf07f582c3d0841eea68bdd66f533e465e6ba8b9cb45619572cf4?s=96&d=mm&r=g","contentUrl":"https:\/\/secure.gravatar.com\/avatar\/459a9613caaaf07f582c3d0841eea68bdd66f533e465e6ba8b9cb45619572cf4?s=96&d=mm&r=g","caption":"Redacao VerdadeOn"},"url":"https:\/\/verdadeon.com.br\/portal\/author\/redacao\/"}]}},"jetpack_publicize_connections":[],"jetpack_featured_media_url":"https:\/\/i0.wp.com\/verdadeon.com.br\/portal\/wp-content\/uploads\/2026\/09\/unnamed-8.jpg?fit=1473%2C869&ssl=1","jetpack_sharing_enabled":true,"_links":{"self":[{"href":"https:\/\/verdadeon.com.br\/portal\/wp-json\/wp\/v2\/posts\/70257","targetHints":{"allow":["GET"]}}],"collection":[{"href":"https:\/\/verdadeon.com.br\/portal\/wp-json\/wp\/v2\/posts"}],"about":[{"href":"https:\/\/verdadeon.com.br\/portal\/wp-json\/wp\/v2\/types\/post"}],"author":[{"embeddable":true,"href":"https:\/\/verdadeon.com.br\/portal\/wp-json\/wp\/v2\/users\/10"}],"replies":[{"embeddable":true,"href":"https:\/\/verdadeon.com.br\/portal\/wp-json\/wp\/v2\/comments?post=70257"}],"version-history":[{"count":1,"href":"https:\/\/verdadeon.com.br\/portal\/wp-json\/wp\/v2\/posts\/70257\/revisions"}],"predecessor-version":[{"id":70259,"href":"https:\/\/verdadeon.com.br\/portal\/wp-json\/wp\/v2\/posts\/70257\/revisions\/70259"}],"wp:featuredmedia":[{"embeddable":true,"href":"https:\/\/verdadeon.com.br\/portal\/wp-json\/wp\/v2\/media\/70258"}],"wp:attachment":[{"href":"https:\/\/verdadeon.com.br\/portal\/wp-json\/wp\/v2\/media?parent=70257"}],"wp:term":[{"taxonomy":"category","embeddable":true,"href":"https:\/\/verdadeon.com.br\/portal\/wp-json\/wp\/v2\/categories?post=70257"},{"taxonomy":"post_tag","embeddable":true,"href":"https:\/\/verdadeon.com.br\/portal\/wp-json\/wp\/v2\/tags?post=70257"}],"curies":[{"name":"wp","href":"https:\/\/api.w.org\/{rel}","templated":true}]}}