{"id":70243,"date":"2026-09-01T11:39:30","date_gmt":"2026-09-01T14:39:30","guid":{"rendered":"https:\/\/verdadeon.com.br\/portal\/?p=70243"},"modified":"2026-09-01T11:43:17","modified_gmt":"2026-09-01T14:43:17","slug":"acusado-de-abuso-infantil-contra-crianca-de-5-anos-e-preso-pela-ddm-delegada-esclarece-controversias","status":"publish","type":"post","link":"https:\/\/verdadeon.com.br\/portal\/2026\/09\/01\/acusado-de-abuso-infantil-contra-crianca-de-5-anos-e-preso-pela-ddm-delegada-esclarece-controversias\/","title":{"rendered":"Acusado de abuso infantil contra crian\u00e7a de 5 anos \u00e9 preso pela DDM; Delegada esclarece controv\u00e9rsias"},"content":{"rendered":"<h2>Suspeito foi encaminhado \u00e0 Cadeia P\u00fablica de Franca e permanece \u00e0 disposi\u00e7\u00e3o da Justi\u00e7a<\/h2>\n<p style=\"text-align: right;\"><em><strong>Por Pedro Maia<\/strong><\/em><br \/>\n<em><strong>Editor-chefe<\/strong><\/em><\/p>\n<p>Nesta segunda-feira, 31, a Delegacia de Defesa da Mulher (DDM) de Franca deu cumprimento ao mandado de pris\u00e3o preventiva contra M. W. M., acusado de estupro de vulner\u00e1vel contra uma crian\u00e7a de cinco anos. O mandado foi expedido pela 1\u00aa Vara Criminal de Franca ap\u00f3s representa\u00e7\u00e3o da Delegada Dra. Juliana Paiva no \u00faltimo dia 26.<\/p>\n<p>Previamente ao cumprimento da ordem judicial, a equipe de investiga\u00e7\u00e3o da Unidade Especializada realizou dilig\u00eancias investigativas, com levantamentos de informa\u00e7\u00f5es e campanas, visando \u00e0 localiza\u00e7\u00e3o do procurado. Ap\u00f3s o trabalho policial, o indiv\u00edduo foi localizado em uma resid\u00eancia, em Franca, cientificado acerca da ordem judicial e preso sem oferecer resist\u00eancia.<\/p>\n<p>Ap\u00f3s a ado\u00e7\u00e3o das provid\u00eancias de Pol\u00edcia Judici\u00e1ria e o cumprimento das formalidades legais, foi expedida requisi\u00e7\u00e3o para realiza\u00e7\u00e3o de exame junto ao Instituto M\u00e9dico Legal (IML). Na sequ\u00eancia, o capturado foi encaminhado \u00e0 Cadeia P\u00fablica do munic\u00edpio, onde permanece \u00e0 disposi\u00e7\u00e3o da Justi\u00e7a.<\/p>\n<p>A Pol\u00edcia Civil reafirma seu compromisso com a prote\u00e7\u00e3o integral de crian\u00e7as e adolescentes, o cumprimento das determina\u00e7\u00f5es judiciais e a responsabiliza\u00e7\u00e3o dos autores de infra\u00e7\u00f5es penais.<\/p>\n<p><strong>Antecedentes<\/strong><\/p>\n<p>Segundo relatado pela m\u00e3e, a crian\u00e7a frequentava a resid\u00eancia do investigado, pessoa pr\u00f3xima \u00e0 fam\u00edlia, e, posteriormente, passou a apresentar resist\u00eancia em permanecer no local e a fazer relatos que motivaram a procura por atendimento m\u00e9dico e a comunica\u00e7\u00e3o dos fatos \u00e0s autoridades. No decorrer da apura\u00e7\u00e3o, a m\u00e3e da v\u00edtima tamb\u00e9m requereu medidas protetivas de urg\u00eancia em face do investigado, relatando preocupa\u00e7\u00e3o com sua pr\u00f3pria integridade f\u00edsica e com a da crian\u00e7a.<\/p>\n<p>Durante a investiga\u00e7\u00e3o, a crian\u00e7a foi ouvida por psic\u00f3loga da unidade policial, al\u00e9m de terem sido ouvidas testemunhas. O investigado tamb\u00e9m foi formalmente interrogado, oportunidade em que apresentou sua vers\u00e3o dos acontecimentos, negando categoricamente a pr\u00e1tica de qualquer ato de abuso ou de natureza sexual contra a crian\u00e7a e afirmando que n\u00e3o teria permanecido sozinho com ela ou com sua irm\u00e3 na ocasi\u00e3o investigada.<\/p>\n<p><strong>An\u00e1lise<\/strong><\/p>\n<p>De acordo com a Pol\u00edcia Civil, foram igualmente analisados o prontu\u00e1rio m\u00e9dico da crian\u00e7a e o laudo pericial elaborado pelo Instituto M\u00e9dico Legal (IML), al\u00e9m dos elementos apresentados pelo pr\u00f3prio investigado e por sua defesa, entre eles arquivos, conversas de WhatsApp e registros do aplicativo Uber, inclusive prints referentes \u00e0s corridas realizadas pelo investigado na data dos fatos.<\/p>\n<p>A investiga\u00e7\u00e3o buscou confrontar todas as vers\u00f5es e elementos dispon\u00edveis, inclusive aqueles apresentados pela defesa. Embora tenham sido verificadas vers\u00f5es conflitantes entre as pessoas ouvidas, a Delegada de Pol\u00edcia conferiu especial relev\u00e2ncia \u00e0 palavra da v\u00edtima, considerando que, nos crimes contra a dignidade sexual, sobretudo quando praticados contra v\u00edtimas vulner\u00e1veis, seu relato assume particular import\u00e2ncia para a an\u00e1lise dos ind\u00edcios de autoria. Ao final das dilig\u00eancias, foram considerados presentes ind\u00edcios suficientes para o indiciamento.<\/p>\n<div id=\"attachment_70161\" style=\"width: 1046px\" class=\"wp-caption alignnone\"><img data-recalc-dims=\"1\" loading=\"lazy\" decoding=\"async\" aria-describedby=\"caption-attachment-70161\" class=\"size-full wp-image-70161\" src=\"https:\/\/i0.wp.com\/verdadeon.com.br\/portal\/wp-content\/uploads\/2026\/08\/WhatsApp-Image-2026-08-28-at-14.56.42.jpeg?resize=1036%2C712&#038;ssl=1\" alt=\"\" width=\"1036\" height=\"712\" srcset=\"https:\/\/i0.wp.com\/verdadeon.com.br\/portal\/wp-content\/uploads\/2026\/08\/WhatsApp-Image-2026-08-28-at-14.56.42.jpeg?w=1036&amp;ssl=1 1036w, https:\/\/i0.wp.com\/verdadeon.com.br\/portal\/wp-content\/uploads\/2026\/08\/WhatsApp-Image-2026-08-28-at-14.56.42.jpeg?resize=300%2C206&amp;ssl=1 300w, https:\/\/i0.wp.com\/verdadeon.com.br\/portal\/wp-content\/uploads\/2026\/08\/WhatsApp-Image-2026-08-28-at-14.56.42.jpeg?resize=1024%2C704&amp;ssl=1 1024w, https:\/\/i0.wp.com\/verdadeon.com.br\/portal\/wp-content\/uploads\/2026\/08\/WhatsApp-Image-2026-08-28-at-14.56.42.jpeg?resize=768%2C528&amp;ssl=1 768w, https:\/\/i0.wp.com\/verdadeon.com.br\/portal\/wp-content\/uploads\/2026\/08\/WhatsApp-Image-2026-08-28-at-14.56.42.jpeg?resize=212%2C146&amp;ssl=1 212w, https:\/\/i0.wp.com\/verdadeon.com.br\/portal\/wp-content\/uploads\/2026\/08\/WhatsApp-Image-2026-08-28-at-14.56.42.jpeg?resize=50%2C34&amp;ssl=1 50w, https:\/\/i0.wp.com\/verdadeon.com.br\/portal\/wp-content\/uploads\/2026\/08\/WhatsApp-Image-2026-08-28-at-14.56.42.jpeg?resize=109%2C75&amp;ssl=1 109w\" sizes=\"auto, (max-width: 1036px) 100vw, 1036px\" \/><p id=\"caption-attachment-70161\" class=\"wp-caption-text\">Dra. Juliana Paiva, Delegada de Defesa da Mulher de Franca (\u00a9Whatsapp\/Jornal Verdade)<\/p><\/div>\n<p><strong>Delegada esclarece controv\u00e9rsias<\/strong><\/p>\n<p>Dra. Juliana declarou que informa\u00e7\u00f5es, divulgadas publicamente pela m\u00e3e da crian\u00e7a e sua advogada sobre a suposta demora na atua\u00e7\u00e3o policial, n\u00e3o procedem. &#8220;O caso chegou ao conhecimento da DDM na segunda-feira, 24, e recebeu tratamento priorit\u00e1rio desde o primeiro momento. Em poucos dias foram realizadas as oitivas, o interrogat\u00f3rio e a an\u00e1lise dos elementos m\u00e9dicos, periciais, documentais e daqueles apresentados pela defesa&#8221;, disse.<\/p>\n<p>&#8220;Na quarta-feira, 26 de agosto, a Delegada de Pol\u00edcia representou pela pris\u00e3o preventiva do investigado. J\u00e1 na sexta-feira, 28 de agosto, foi elaborado o relat\u00f3rio final do inqu\u00e9rito policial, com o formal indiciamento do investigado, em tese, pela pr\u00e1tica do crime de estupro de vulner\u00e1vel. A pris\u00e3o preventiva foi posteriormente decretada pelo Poder Judici\u00e1rio. Ap\u00f3s dilig\u00eancias e trabalho investigativo para sua localiza\u00e7\u00e3o, a equipe da DDM de Franca cumpriu o mandado em 31 de agosto, culminando na pris\u00e3o do indiciado, que foi encaminhado ao sistema prisional&#8221;, complementou.<\/p>\n<p>Por fim, a Delegacia de Defesa da Mulher de Franca refor\u00e7a que funciona, em dias \u00fateis, das 8h \u00e0s 18h. Nos per\u00edodos noturnos, finais de semana e feriados, a Central de Pol\u00edcia Judici\u00e1ria (CPJ) funciona 24 horas por dia e conta, inclusive, com a Sala DDM 24 Horas, garantindo atendimento ininterrupto \u00e0s v\u00edtimas que necessitem procurar a Pol\u00edcia Civil.<\/p>\n","protected":false},"excerpt":{"rendered":"<p>Suspeito foi encaminhado \u00e0 Cadeia P\u00fablica de Franca e permanece \u00e0 disposi\u00e7\u00e3o da Justi\u00e7a Por Pedro Maia Editor-chefe Nesta segunda-feira, 31, a Delegacia de Defesa da<span class=\"excerpt-hellip\"> [\u2026]<\/span><\/p>\n","protected":false},"author":10,"featured_media":70244,"comment_status":"open","ping_status":"open","sticky":false,"template":"","format":"standard","meta":{"_jetpack_memberships_contains_paid_content":false,"footnotes":"","jetpack_publicize_message":"","jetpack_publicize_feature_enabled":true,"jetpack_social_post_already_shared":true,"jetpack_social_options":{"image_generator_settings":{"template":"highway","default_image_id":0,"enabled":false},"version":2}},"categories":[28,81],"tags":[],"class_list":["post-70243","post","type-post","status-publish","format-standard","has-post-thumbnail","hentry","category-cotidiano","category-manchete"],"yoast_head":"<!-- This site is optimized with the Yoast SEO plugin v25.6 - https:\/\/yoast.com\/wordpress\/plugins\/seo\/ -->\n<title>Acusado de abuso infantil contra crian\u00e7a de 5 anos \u00e9 preso pela DDM; Delegada esclarece controv\u00e9rsias - VerdadeOn<\/title>\n<meta name=\"robots\" content=\"index, follow, max-snippet:-1, max-image-preview:large, max-video-preview:-1\" \/>\n<link rel=\"canonical\" href=\"https:\/\/verdadeon.com.br\/portal\/2026\/09\/01\/acusado-de-abuso-infantil-contra-crianca-de-5-anos-e-preso-pela-ddm-delegada-esclarece-controversias\/\" \/>\n<meta property=\"og:locale\" content=\"pt_BR\" \/>\n<meta property=\"og:type\" content=\"article\" \/>\n<meta property=\"og:title\" content=\"Acusado de abuso infantil contra crian\u00e7a de 5 anos \u00e9 preso pela DDM; Delegada esclarece controv\u00e9rsias - VerdadeOn\" \/>\n<meta property=\"og:description\" content=\"Suspeito foi encaminhado \u00e0 Cadeia P\u00fablica de Franca e permanece \u00e0 disposi\u00e7\u00e3o da Justi\u00e7a Por Pedro Maia Editor-chefe Nesta segunda-feira, 31, a Delegacia de Defesa da [\u2026]\" \/>\n<meta property=\"og:url\" content=\"https:\/\/verdadeon.com.br\/portal\/2026\/09\/01\/acusado-de-abuso-infantil-contra-crianca-de-5-anos-e-preso-pela-ddm-delegada-esclarece-controversias\/\" \/>\n<meta property=\"og:site_name\" content=\"VerdadeOn\" \/>\n<meta property=\"article:published_time\" content=\"2026-09-01T14:39:30+00:00\" \/>\n<meta property=\"article:modified_time\" content=\"2026-09-01T14:43:17+00:00\" \/>\n<meta property=\"og:image\" content=\"https:\/\/verdadeon.com.br\/portal\/wp-content\/uploads\/2026\/09\/WhatsApp-Image-2026-09-01-at-11.20.40.jpeg\" \/>\n\t<meta property=\"og:image:width\" content=\"1063\" \/>\n\t<meta property=\"og:image:height\" content=\"782\" \/>\n\t<meta property=\"og:image:type\" content=\"image\/jpeg\" \/>\n<meta name=\"author\" content=\"Redacao VerdadeOn\" \/>\n<meta name=\"twitter:card\" content=\"summary_large_image\" \/>\n<meta name=\"twitter:label1\" content=\"Escrito por\" \/>\n\t<meta name=\"twitter:data1\" content=\"Redacao VerdadeOn\" \/>\n\t<meta name=\"twitter:label2\" content=\"Est. tempo de leitura\" \/>\n\t<meta name=\"twitter:data2\" content=\"5 minutos\" \/>\n<script type=\"application\/ld+json\" class=\"yoast-schema-graph\">{\"@context\":\"https:\/\/schema.org\",\"@graph\":[{\"@type\":\"WebPage\",\"@id\":\"https:\/\/verdadeon.com.br\/portal\/2026\/09\/01\/acusado-de-abuso-infantil-contra-crianca-de-5-anos-e-preso-pela-ddm-delegada-esclarece-controversias\/\",\"url\":\"https:\/\/verdadeon.com.br\/portal\/2026\/09\/01\/acusado-de-abuso-infantil-contra-crianca-de-5-anos-e-preso-pela-ddm-delegada-esclarece-controversias\/\",\"name\":\"Acusado de abuso infantil contra crian\u00e7a de 5 anos \u00e9 preso pela DDM; Delegada esclarece controv\u00e9rsias - VerdadeOn\",\"isPartOf\":{\"@id\":\"https:\/\/verdadeon.com.br\/portal\/#website\"},\"primaryImageOfPage\":{\"@id\":\"https:\/\/verdadeon.com.br\/portal\/2026\/09\/01\/acusado-de-abuso-infantil-contra-crianca-de-5-anos-e-preso-pela-ddm-delegada-esclarece-controversias\/#primaryimage\"},\"image\":{\"@id\":\"https:\/\/verdadeon.com.br\/portal\/2026\/09\/01\/acusado-de-abuso-infantil-contra-crianca-de-5-anos-e-preso-pela-ddm-delegada-esclarece-controversias\/#primaryimage\"},\"thumbnailUrl\":\"https:\/\/i0.wp.com\/verdadeon.com.br\/portal\/wp-content\/uploads\/2026\/09\/WhatsApp-Image-2026-09-01-at-11.20.40.jpeg?fit=1063%2C782&ssl=1\",\"datePublished\":\"2026-09-01T14:39:30+00:00\",\"dateModified\":\"2026-09-01T14:43:17+00:00\",\"author\":{\"@id\":\"https:\/\/verdadeon.com.br\/portal\/#\/schema\/person\/a5060ad1e9ea3df545188fc93ce43d2f\"},\"breadcrumb\":{\"@id\":\"https:\/\/verdadeon.com.br\/portal\/2026\/09\/01\/acusado-de-abuso-infantil-contra-crianca-de-5-anos-e-preso-pela-ddm-delegada-esclarece-controversias\/#breadcrumb\"},\"inLanguage\":\"pt-BR\",\"potentialAction\":[{\"@type\":\"ReadAction\",\"target\":[\"https:\/\/verdadeon.com.br\/portal\/2026\/09\/01\/acusado-de-abuso-infantil-contra-crianca-de-5-anos-e-preso-pela-ddm-delegada-esclarece-controversias\/\"]}]},{\"@type\":\"ImageObject\",\"inLanguage\":\"pt-BR\",\"@id\":\"https:\/\/verdadeon.com.br\/portal\/2026\/09\/01\/acusado-de-abuso-infantil-contra-crianca-de-5-anos-e-preso-pela-ddm-delegada-esclarece-controversias\/#primaryimage\",\"url\":\"https:\/\/i0.wp.com\/verdadeon.com.br\/portal\/wp-content\/uploads\/2026\/09\/WhatsApp-Image-2026-09-01-at-11.20.40.jpeg?fit=1063%2C782&ssl=1\",\"contentUrl\":\"https:\/\/i0.wp.com\/verdadeon.com.br\/portal\/wp-content\/uploads\/2026\/09\/WhatsApp-Image-2026-09-01-at-11.20.40.jpeg?fit=1063%2C782&ssl=1\",\"width\":1063,\"height\":782,\"caption\":\"(\u00a9Divulga\u00e7\u00e3o\/DDM)\"},{\"@type\":\"BreadcrumbList\",\"@id\":\"https:\/\/verdadeon.com.br\/portal\/2026\/09\/01\/acusado-de-abuso-infantil-contra-crianca-de-5-anos-e-preso-pela-ddm-delegada-esclarece-controversias\/#breadcrumb\",\"itemListElement\":[{\"@type\":\"ListItem\",\"position\":1,\"name\":\"In\u00edcio\",\"item\":\"https:\/\/verdadeon.com.br\/portal\/\"},{\"@type\":\"ListItem\",\"position\":2,\"name\":\"Acusado de abuso infantil contra crian\u00e7a de 5 anos \u00e9 preso pela DDM; Delegada esclarece controv\u00e9rsias\"}]},{\"@type\":\"WebSite\",\"@id\":\"https:\/\/verdadeon.com.br\/portal\/#website\",\"url\":\"https:\/\/verdadeon.com.br\/portal\/\",\"name\":\"VerdadeOn\",\"description\":\"Not\u00edcias di\u00e1rias sobre Franca, Regi\u00e3o, Esporte, Cultura, Cotidiano, Colunas. Cobertura nos principais eventos da cidade \u00e9 aqui - Verdadeon Franca\",\"potentialAction\":[{\"@type\":\"SearchAction\",\"target\":{\"@type\":\"EntryPoint\",\"urlTemplate\":\"https:\/\/verdadeon.com.br\/portal\/?s={search_term_string}\"},\"query-input\":{\"@type\":\"PropertyValueSpecification\",\"valueRequired\":true,\"valueName\":\"search_term_string\"}}],\"inLanguage\":\"pt-BR\"},{\"@type\":\"Person\",\"@id\":\"https:\/\/verdadeon.com.br\/portal\/#\/schema\/person\/a5060ad1e9ea3df545188fc93ce43d2f\",\"name\":\"Redacao VerdadeOn\",\"image\":{\"@type\":\"ImageObject\",\"inLanguage\":\"pt-BR\",\"@id\":\"https:\/\/verdadeon.com.br\/portal\/#\/schema\/person\/image\/\",\"url\":\"https:\/\/secure.gravatar.com\/avatar\/459a9613caaaf07f582c3d0841eea68bdd66f533e465e6ba8b9cb45619572cf4?s=96&d=mm&r=g\",\"contentUrl\":\"https:\/\/secure.gravatar.com\/avatar\/459a9613caaaf07f582c3d0841eea68bdd66f533e465e6ba8b9cb45619572cf4?s=96&d=mm&r=g\",\"caption\":\"Redacao VerdadeOn\"},\"url\":\"https:\/\/verdadeon.com.br\/portal\/author\/redacao\/\"}]}<\/script>\n<!-- \/ Yoast SEO plugin. -->","yoast_head_json":{"title":"Acusado de abuso infantil contra crian\u00e7a de 5 anos \u00e9 preso pela DDM; Delegada esclarece controv\u00e9rsias - VerdadeOn","robots":{"index":"index","follow":"follow","max-snippet":"max-snippet:-1","max-image-preview":"max-image-preview:large","max-video-preview":"max-video-preview:-1"},"canonical":"https:\/\/verdadeon.com.br\/portal\/2026\/09\/01\/acusado-de-abuso-infantil-contra-crianca-de-5-anos-e-preso-pela-ddm-delegada-esclarece-controversias\/","og_locale":"pt_BR","og_type":"article","og_title":"Acusado de abuso infantil contra crian\u00e7a de 5 anos \u00e9 preso pela DDM; Delegada esclarece controv\u00e9rsias - VerdadeOn","og_description":"Suspeito foi encaminhado \u00e0 Cadeia P\u00fablica de Franca e permanece \u00e0 disposi\u00e7\u00e3o da Justi\u00e7a Por Pedro Maia Editor-chefe Nesta segunda-feira, 31, a Delegacia de Defesa da [\u2026]","og_url":"https:\/\/verdadeon.com.br\/portal\/2026\/09\/01\/acusado-de-abuso-infantil-contra-crianca-de-5-anos-e-preso-pela-ddm-delegada-esclarece-controversias\/","og_site_name":"VerdadeOn","article_published_time":"2026-09-01T14:39:30+00:00","article_modified_time":"2026-09-01T14:43:17+00:00","og_image":[{"width":1063,"height":782,"url":"https:\/\/verdadeon.com.br\/portal\/wp-content\/uploads\/2026\/09\/WhatsApp-Image-2026-09-01-at-11.20.40.jpeg","type":"image\/jpeg"}],"author":"Redacao VerdadeOn","twitter_card":"summary_large_image","twitter_misc":{"Escrito por":"Redacao VerdadeOn","Est. tempo de leitura":"5 minutos"},"schema":{"@context":"https:\/\/schema.org","@graph":[{"@type":"WebPage","@id":"https:\/\/verdadeon.com.br\/portal\/2026\/09\/01\/acusado-de-abuso-infantil-contra-crianca-de-5-anos-e-preso-pela-ddm-delegada-esclarece-controversias\/","url":"https:\/\/verdadeon.com.br\/portal\/2026\/09\/01\/acusado-de-abuso-infantil-contra-crianca-de-5-anos-e-preso-pela-ddm-delegada-esclarece-controversias\/","name":"Acusado de abuso infantil contra crian\u00e7a de 5 anos \u00e9 preso pela DDM; Delegada esclarece controv\u00e9rsias - VerdadeOn","isPartOf":{"@id":"https:\/\/verdadeon.com.br\/portal\/#website"},"primaryImageOfPage":{"@id":"https:\/\/verdadeon.com.br\/portal\/2026\/09\/01\/acusado-de-abuso-infantil-contra-crianca-de-5-anos-e-preso-pela-ddm-delegada-esclarece-controversias\/#primaryimage"},"image":{"@id":"https:\/\/verdadeon.com.br\/portal\/2026\/09\/01\/acusado-de-abuso-infantil-contra-crianca-de-5-anos-e-preso-pela-ddm-delegada-esclarece-controversias\/#primaryimage"},"thumbnailUrl":"https:\/\/i0.wp.com\/verdadeon.com.br\/portal\/wp-content\/uploads\/2026\/09\/WhatsApp-Image-2026-09-01-at-11.20.40.jpeg?fit=1063%2C782&ssl=1","datePublished":"2026-09-01T14:39:30+00:00","dateModified":"2026-09-01T14:43:17+00:00","author":{"@id":"https:\/\/verdadeon.com.br\/portal\/#\/schema\/person\/a5060ad1e9ea3df545188fc93ce43d2f"},"breadcrumb":{"@id":"https:\/\/verdadeon.com.br\/portal\/2026\/09\/01\/acusado-de-abuso-infantil-contra-crianca-de-5-anos-e-preso-pela-ddm-delegada-esclarece-controversias\/#breadcrumb"},"inLanguage":"pt-BR","potentialAction":[{"@type":"ReadAction","target":["https:\/\/verdadeon.com.br\/portal\/2026\/09\/01\/acusado-de-abuso-infantil-contra-crianca-de-5-anos-e-preso-pela-ddm-delegada-esclarece-controversias\/"]}]},{"@type":"ImageObject","inLanguage":"pt-BR","@id":"https:\/\/verdadeon.com.br\/portal\/2026\/09\/01\/acusado-de-abuso-infantil-contra-crianca-de-5-anos-e-preso-pela-ddm-delegada-esclarece-controversias\/#primaryimage","url":"https:\/\/i0.wp.com\/verdadeon.com.br\/portal\/wp-content\/uploads\/2026\/09\/WhatsApp-Image-2026-09-01-at-11.20.40.jpeg?fit=1063%2C782&ssl=1","contentUrl":"https:\/\/i0.wp.com\/verdadeon.com.br\/portal\/wp-content\/uploads\/2026\/09\/WhatsApp-Image-2026-09-01-at-11.20.40.jpeg?fit=1063%2C782&ssl=1","width":1063,"height":782,"caption":"(\u00a9Divulga\u00e7\u00e3o\/DDM)"},{"@type":"BreadcrumbList","@id":"https:\/\/verdadeon.com.br\/portal\/2026\/09\/01\/acusado-de-abuso-infantil-contra-crianca-de-5-anos-e-preso-pela-ddm-delegada-esclarece-controversias\/#breadcrumb","itemListElement":[{"@type":"ListItem","position":1,"name":"In\u00edcio","item":"https:\/\/verdadeon.com.br\/portal\/"},{"@type":"ListItem","position":2,"name":"Acusado de abuso infantil contra crian\u00e7a de 5 anos \u00e9 preso pela DDM; Delegada esclarece controv\u00e9rsias"}]},{"@type":"WebSite","@id":"https:\/\/verdadeon.com.br\/portal\/#website","url":"https:\/\/verdadeon.com.br\/portal\/","name":"VerdadeOn","description":"Not\u00edcias di\u00e1rias sobre Franca, Regi\u00e3o, Esporte, Cultura, Cotidiano, Colunas. Cobertura nos principais eventos da cidade \u00e9 aqui - Verdadeon Franca","potentialAction":[{"@type":"SearchAction","target":{"@type":"EntryPoint","urlTemplate":"https:\/\/verdadeon.com.br\/portal\/?s={search_term_string}"},"query-input":{"@type":"PropertyValueSpecification","valueRequired":true,"valueName":"search_term_string"}}],"inLanguage":"pt-BR"},{"@type":"Person","@id":"https:\/\/verdadeon.com.br\/portal\/#\/schema\/person\/a5060ad1e9ea3df545188fc93ce43d2f","name":"Redacao VerdadeOn","image":{"@type":"ImageObject","inLanguage":"pt-BR","@id":"https:\/\/verdadeon.com.br\/portal\/#\/schema\/person\/image\/","url":"https:\/\/secure.gravatar.com\/avatar\/459a9613caaaf07f582c3d0841eea68bdd66f533e465e6ba8b9cb45619572cf4?s=96&d=mm&r=g","contentUrl":"https:\/\/secure.gravatar.com\/avatar\/459a9613caaaf07f582c3d0841eea68bdd66f533e465e6ba8b9cb45619572cf4?s=96&d=mm&r=g","caption":"Redacao VerdadeOn"},"url":"https:\/\/verdadeon.com.br\/portal\/author\/redacao\/"}]}},"jetpack_publicize_connections":[],"jetpack_featured_media_url":"https:\/\/i0.wp.com\/verdadeon.com.br\/portal\/wp-content\/uploads\/2026\/09\/WhatsApp-Image-2026-09-01-at-11.20.40.jpeg?fit=1063%2C782&ssl=1","jetpack_sharing_enabled":true,"_links":{"self":[{"href":"https:\/\/verdadeon.com.br\/portal\/wp-json\/wp\/v2\/posts\/70243","targetHints":{"allow":["GET"]}}],"collection":[{"href":"https:\/\/verdadeon.com.br\/portal\/wp-json\/wp\/v2\/posts"}],"about":[{"href":"https:\/\/verdadeon.com.br\/portal\/wp-json\/wp\/v2\/types\/post"}],"author":[{"embeddable":true,"href":"https:\/\/verdadeon.com.br\/portal\/wp-json\/wp\/v2\/users\/10"}],"replies":[{"embeddable":true,"href":"https:\/\/verdadeon.com.br\/portal\/wp-json\/wp\/v2\/comments?post=70243"}],"version-history":[{"count":3,"href":"https:\/\/verdadeon.com.br\/portal\/wp-json\/wp\/v2\/posts\/70243\/revisions"}],"predecessor-version":[{"id":70247,"href":"https:\/\/verdadeon.com.br\/portal\/wp-json\/wp\/v2\/posts\/70243\/revisions\/70247"}],"wp:featuredmedia":[{"embeddable":true,"href":"https:\/\/verdadeon.com.br\/portal\/wp-json\/wp\/v2\/media\/70244"}],"wp:attachment":[{"href":"https:\/\/verdadeon.com.br\/portal\/wp-json\/wp\/v2\/media?parent=70243"}],"wp:term":[{"taxonomy":"category","embeddable":true,"href":"https:\/\/verdadeon.com.br\/portal\/wp-json\/wp\/v2\/categories?post=70243"},{"taxonomy":"post_tag","embeddable":true,"href":"https:\/\/verdadeon.com.br\/portal\/wp-json\/wp\/v2\/tags?post=70243"}],"curies":[{"name":"wp","href":"https:\/\/api.w.org\/{rel}","templated":true}]}}