{"id":70217,"date":"2026-09-05T10:00:18","date_gmt":"2026-09-05T13:00:18","guid":{"rendered":"https:\/\/verdadeon.com.br\/portal\/?p=70217"},"modified":"2026-08-31T13:35:58","modified_gmt":"2026-08-31T16:35:58","slug":"cpfl-registra-105-furtos-de-energia-no-1o-semestre-na-regiao-de-franca","status":"publish","type":"post","link":"https:\/\/verdadeon.com.br\/portal\/2026\/09\/05\/cpfl-registra-105-furtos-de-energia-no-1o-semestre-na-regiao-de-franca\/","title":{"rendered":"CPFL registra 105 furtos de energia no 1\u00ba semestre na regi\u00e3o de Franca"},"content":{"rendered":"<h2>Somados a regi\u00e3o de Ribeir\u00e3o Preto, foram 323 ocorr\u00eancias nos seis primeiros meses do ano<\/h2>\n<p style=\"text-align: right;\"><em><strong>Por Pedro Maia<\/strong><\/em><br \/>\n<em><strong>Editor-chefe<\/strong><\/em><\/p>\n<p>A Companhia Paulista de For\u00e7a e Luz (CPFL Paulista) identificou 1.436 irregularidades no consumo de energia em toda a sua \u00e1rea de concess\u00e3o durante o primeiro semestre de 2026. Na Regi\u00e3o Administrativa de Franca, foram constatadas 105 ocorr\u00eancias, que chegam a 323 quando somadas \u00e0s encontradas na Regi\u00e3o de Ribeir\u00e3o Preto.<\/p>\n<p><strong>N\u00fameros locais<\/strong><\/p>\n<p>Conforme apurado pela reportagem do Jornal Verdade, em Franca, 10 cidades da RA n\u00e3o apontaram nenhuma irregularidade. S\u00e3o elas: Aramina, Buritizal, Cristais Paulista, Igarapava,\u00a0Ituverava,\u00a0<wbr \/>Jeriquara, Pedregulho, Restinga, Nuporanga e Sales Oliveira. J\u00e1 os munic\u00edpios de Itirapu\u00e3, Miguel\u00f3polis, Patroc\u00ednio Paulista, Rifaina e Ribeir\u00e3o Corrente contabilizaram um registro cada.<\/p>\n<p>Com quantidades superiores, Franca e Guar\u00e1 est\u00e3o na dianteira, com 27 e 22 ocorr\u00eancias, respectivamente. Na sequ\u00eancia vem Morro Agudo, com 17; Orl\u00e2ndia, com 10; S\u00e3o Joaquim da Barra, com 13; Ipu\u00e3, com 5; e Batatais, com 4.<\/p>\n<p>Somando as regi\u00f5es de Franca e Ribeir\u00e3o Preto, a CPFL recuperou cerca de 637 mil kWh, energia suficiente para atender cerca de 253 resid\u00eancias por um ano. S\u00f3 no munic\u00edpio de Ribeir\u00e3o Preto foram identificados 94 casos, com a recupera\u00e7\u00e3o de 63,5 mil kWh, equivalentes ao consumo anual de aproximadamente 25 resid\u00eancias.<\/p>\n<p><strong>Linhas gerais<\/strong><\/p>\n<p>As a\u00e7\u00f5es de combate a fraudes e furtos realizadas pela distribuidora permitiram recuperar mais de 2 milh\u00f5es de kWh de energia, volume equivalente ao necess\u00e1rio para abastecer aproximadamente 905 resid\u00eancias durante um ano.<\/p>\n<p>Popularmente conhecidas como \u201cgatos\u201d, as liga\u00e7\u00f5es clandestinas est\u00e3o entre as irregularidades encontradas pelas equipes, assim como adultera\u00e7\u00f5es de medidores e outras interven\u00e7\u00f5es realizadas com o objetivo de impedir ou reduzir o registro correto do consumo de energia. Os problemas s\u00e3o identificados por meio de inspe\u00e7\u00f5es, an\u00e1lises t\u00e9cnicas, den\u00fancias da popula\u00e7\u00e3o e, quando necess\u00e1rio, opera\u00e7\u00f5es realizadas em conjunto com as autoridades policiais.<\/p>\n<p class=\"isSelectedEnd\">Segundo Victor Rios, gerente de Recupera\u00e7\u00e3o de Energia e Receita da CPFL, essas pr\u00e1ticas criminosas acabam resultando no encarecimento da energia. \u201cParte das perdas n\u00e3o t\u00e9cnicas, classifica\u00e7\u00e3o que engloba furtos e fraudes, \u00e9 considerada nos processos de revis\u00e3o tarif\u00e1ria da Ag\u00eancia Nacional de Energia El\u00e9trica (ANEEL). Portanto, combater essas pr\u00e1ticas tamb\u00e9m \u00e9 uma forma de contribuir para um sistema mais eficiente e justo para todos\u201d, explica Rios.<\/p>\n<p class=\"isSelectedEnd\">A CPFL refor\u00e7a que o furto de energia \u00e9 crime previsto no C\u00f3digo Penal Brasileiro e que, com a Lei n\u00ba 15.397\/2026, nos casos de flagrante, a pol\u00edcia n\u00e3o tem mais autoriza\u00e7\u00e3o para fixar o valor da fian\u00e7a bem como elevou-se o teto da pena de reclus\u00e3o de 4 para 6 anos. Al\u00e9m disso, as fraudes trazem riscos \u00e0 seguran\u00e7a da popula\u00e7\u00e3o, podendo causar acidentes, interrup\u00e7\u00f5es no fornecimento e sobrecarga na rede el\u00e9trica.<\/p>\n","protected":false},"excerpt":{"rendered":"<p>Somados a regi\u00e3o de Ribeir\u00e3o Preto, foram 323 ocorr\u00eancias nos seis primeiros meses do ano Por Pedro Maia Editor-chefe A Companhia Paulista de For\u00e7a e Luz<span class=\"excerpt-hellip\"> [\u2026]<\/span><\/p>\n","protected":false},"author":10,"featured_media":68850,"comment_status":"open","ping_status":"open","sticky":false,"template":"","format":"standard","meta":{"_jetpack_memberships_contains_paid_content":false,"footnotes":"","jetpack_publicize_message":"","jetpack_publicize_feature_enabled":true,"jetpack_social_post_already_shared":true,"jetpack_social_options":{"image_generator_settings":{"template":"highway","default_image_id":0,"enabled":false},"version":2}},"categories":[28,81],"tags":[],"class_list":["post-70217","post","type-post","status-publish","format-standard","has-post-thumbnail","hentry","category-cotidiano","category-manchete"],"yoast_head":"<!-- This site is optimized with the Yoast SEO plugin v25.6 - https:\/\/yoast.com\/wordpress\/plugins\/seo\/ -->\n<title>CPFL registra 105 furtos de energia no 1\u00ba semestre na regi\u00e3o de Franca - VerdadeOn<\/title>\n<meta name=\"robots\" content=\"index, follow, max-snippet:-1, max-image-preview:large, max-video-preview:-1\" \/>\n<link rel=\"canonical\" href=\"https:\/\/verdadeon.com.br\/portal\/2026\/09\/05\/cpfl-registra-105-furtos-de-energia-no-1o-semestre-na-regiao-de-franca\/\" \/>\n<meta property=\"og:locale\" content=\"pt_BR\" \/>\n<meta property=\"og:type\" content=\"article\" \/>\n<meta property=\"og:title\" content=\"CPFL registra 105 furtos de energia no 1\u00ba semestre na regi\u00e3o de Franca - VerdadeOn\" \/>\n<meta property=\"og:description\" content=\"Somados a regi\u00e3o de Ribeir\u00e3o Preto, foram 323 ocorr\u00eancias nos seis primeiros meses do ano Por Pedro Maia Editor-chefe A Companhia Paulista de For\u00e7a e Luz [\u2026]\" \/>\n<meta property=\"og:url\" content=\"https:\/\/verdadeon.com.br\/portal\/2026\/09\/05\/cpfl-registra-105-furtos-de-energia-no-1o-semestre-na-regiao-de-franca\/\" \/>\n<meta property=\"og:site_name\" content=\"VerdadeOn\" \/>\n<meta property=\"article:published_time\" content=\"2026-09-05T13:00:18+00:00\" \/>\n<meta property=\"og:image\" content=\"https:\/\/i0.wp.com\/verdadeon.com.br\/portal\/wp-content\/uploads\/2026\/07\/Documento-a4-placa-empurre-puxe-para-abrir-verde-2026-07-15T130445.573.jpg?fit=2000%2C1414&ssl=1\" \/>\n\t<meta property=\"og:image:width\" content=\"2000\" \/>\n\t<meta property=\"og:image:height\" content=\"1414\" \/>\n\t<meta property=\"og:image:type\" content=\"image\/jpeg\" \/>\n<meta name=\"author\" content=\"Redacao VerdadeOn\" \/>\n<meta name=\"twitter:card\" content=\"summary_large_image\" \/>\n<meta name=\"twitter:label1\" content=\"Escrito por\" \/>\n\t<meta name=\"twitter:data1\" content=\"Redacao VerdadeOn\" \/>\n\t<meta name=\"twitter:label2\" content=\"Est. tempo de leitura\" \/>\n\t<meta name=\"twitter:data2\" content=\"3 minutos\" \/>\n<script type=\"application\/ld+json\" class=\"yoast-schema-graph\">{\"@context\":\"https:\/\/schema.org\",\"@graph\":[{\"@type\":\"WebPage\",\"@id\":\"https:\/\/verdadeon.com.br\/portal\/2026\/09\/05\/cpfl-registra-105-furtos-de-energia-no-1o-semestre-na-regiao-de-franca\/\",\"url\":\"https:\/\/verdadeon.com.br\/portal\/2026\/09\/05\/cpfl-registra-105-furtos-de-energia-no-1o-semestre-na-regiao-de-franca\/\",\"name\":\"CPFL registra 105 furtos de energia no 1\u00ba semestre na regi\u00e3o de Franca - VerdadeOn\",\"isPartOf\":{\"@id\":\"https:\/\/verdadeon.com.br\/portal\/#website\"},\"primaryImageOfPage\":{\"@id\":\"https:\/\/verdadeon.com.br\/portal\/2026\/09\/05\/cpfl-registra-105-furtos-de-energia-no-1o-semestre-na-regiao-de-franca\/#primaryimage\"},\"image\":{\"@id\":\"https:\/\/verdadeon.com.br\/portal\/2026\/09\/05\/cpfl-registra-105-furtos-de-energia-no-1o-semestre-na-regiao-de-franca\/#primaryimage\"},\"thumbnailUrl\":\"https:\/\/i0.wp.com\/verdadeon.com.br\/portal\/wp-content\/uploads\/2026\/07\/Documento-a4-placa-empurre-puxe-para-abrir-verde-2026-07-15T130445.573.jpg?fit=2000%2C1414&ssl=1\",\"datePublished\":\"2026-09-05T13:00:18+00:00\",\"author\":{\"@id\":\"https:\/\/verdadeon.com.br\/portal\/#\/schema\/person\/a5060ad1e9ea3df545188fc93ce43d2f\"},\"breadcrumb\":{\"@id\":\"https:\/\/verdadeon.com.br\/portal\/2026\/09\/05\/cpfl-registra-105-furtos-de-energia-no-1o-semestre-na-regiao-de-franca\/#breadcrumb\"},\"inLanguage\":\"pt-BR\",\"potentialAction\":[{\"@type\":\"ReadAction\",\"target\":[\"https:\/\/verdadeon.com.br\/portal\/2026\/09\/05\/cpfl-registra-105-furtos-de-energia-no-1o-semestre-na-regiao-de-franca\/\"]}]},{\"@type\":\"ImageObject\",\"inLanguage\":\"pt-BR\",\"@id\":\"https:\/\/verdadeon.com.br\/portal\/2026\/09\/05\/cpfl-registra-105-furtos-de-energia-no-1o-semestre-na-regiao-de-franca\/#primaryimage\",\"url\":\"https:\/\/i0.wp.com\/verdadeon.com.br\/portal\/wp-content\/uploads\/2026\/07\/Documento-a4-placa-empurre-puxe-para-abrir-verde-2026-07-15T130445.573.jpg?fit=2000%2C1414&ssl=1\",\"contentUrl\":\"https:\/\/i0.wp.com\/verdadeon.com.br\/portal\/wp-content\/uploads\/2026\/07\/Documento-a4-placa-empurre-puxe-para-abrir-verde-2026-07-15T130445.573.jpg?fit=2000%2C1414&ssl=1\",\"width\":2000,\"height\":1414,\"caption\":\"(\u00a9Divulga\u00e7\u00e3o\/CPFL Paulista)\"},{\"@type\":\"BreadcrumbList\",\"@id\":\"https:\/\/verdadeon.com.br\/portal\/2026\/09\/05\/cpfl-registra-105-furtos-de-energia-no-1o-semestre-na-regiao-de-franca\/#breadcrumb\",\"itemListElement\":[{\"@type\":\"ListItem\",\"position\":1,\"name\":\"In\u00edcio\",\"item\":\"https:\/\/verdadeon.com.br\/portal\/\"},{\"@type\":\"ListItem\",\"position\":2,\"name\":\"CPFL registra 105 furtos de energia no 1\u00ba semestre na regi\u00e3o de Franca\"}]},{\"@type\":\"WebSite\",\"@id\":\"https:\/\/verdadeon.com.br\/portal\/#website\",\"url\":\"https:\/\/verdadeon.com.br\/portal\/\",\"name\":\"VerdadeOn\",\"description\":\"Not\u00edcias di\u00e1rias sobre Franca, Regi\u00e3o, Esporte, Cultura, Cotidiano, Colunas. Cobertura nos principais eventos da cidade \u00e9 aqui - Verdadeon Franca\",\"potentialAction\":[{\"@type\":\"SearchAction\",\"target\":{\"@type\":\"EntryPoint\",\"urlTemplate\":\"https:\/\/verdadeon.com.br\/portal\/?s={search_term_string}\"},\"query-input\":{\"@type\":\"PropertyValueSpecification\",\"valueRequired\":true,\"valueName\":\"search_term_string\"}}],\"inLanguage\":\"pt-BR\"},{\"@type\":\"Person\",\"@id\":\"https:\/\/verdadeon.com.br\/portal\/#\/schema\/person\/a5060ad1e9ea3df545188fc93ce43d2f\",\"name\":\"Redacao VerdadeOn\",\"image\":{\"@type\":\"ImageObject\",\"inLanguage\":\"pt-BR\",\"@id\":\"https:\/\/verdadeon.com.br\/portal\/#\/schema\/person\/image\/\",\"url\":\"https:\/\/secure.gravatar.com\/avatar\/459a9613caaaf07f582c3d0841eea68bdd66f533e465e6ba8b9cb45619572cf4?s=96&d=mm&r=g\",\"contentUrl\":\"https:\/\/secure.gravatar.com\/avatar\/459a9613caaaf07f582c3d0841eea68bdd66f533e465e6ba8b9cb45619572cf4?s=96&d=mm&r=g\",\"caption\":\"Redacao VerdadeOn\"},\"url\":\"https:\/\/verdadeon.com.br\/portal\/author\/redacao\/\"}]}<\/script>\n<!-- \/ Yoast SEO plugin. -->","yoast_head_json":{"title":"CPFL registra 105 furtos de energia no 1\u00ba semestre na regi\u00e3o de Franca - VerdadeOn","robots":{"index":"index","follow":"follow","max-snippet":"max-snippet:-1","max-image-preview":"max-image-preview:large","max-video-preview":"max-video-preview:-1"},"canonical":"https:\/\/verdadeon.com.br\/portal\/2026\/09\/05\/cpfl-registra-105-furtos-de-energia-no-1o-semestre-na-regiao-de-franca\/","og_locale":"pt_BR","og_type":"article","og_title":"CPFL registra 105 furtos de energia no 1\u00ba semestre na regi\u00e3o de Franca - VerdadeOn","og_description":"Somados a regi\u00e3o de Ribeir\u00e3o Preto, foram 323 ocorr\u00eancias nos seis primeiros meses do ano Por Pedro Maia Editor-chefe A Companhia Paulista de For\u00e7a e Luz [\u2026]","og_url":"https:\/\/verdadeon.com.br\/portal\/2026\/09\/05\/cpfl-registra-105-furtos-de-energia-no-1o-semestre-na-regiao-de-franca\/","og_site_name":"VerdadeOn","article_published_time":"2026-09-05T13:00:18+00:00","og_image":[{"width":2000,"height":1414,"url":"https:\/\/i0.wp.com\/verdadeon.com.br\/portal\/wp-content\/uploads\/2026\/07\/Documento-a4-placa-empurre-puxe-para-abrir-verde-2026-07-15T130445.573.jpg?fit=2000%2C1414&ssl=1","type":"image\/jpeg"}],"author":"Redacao VerdadeOn","twitter_card":"summary_large_image","twitter_misc":{"Escrito por":"Redacao VerdadeOn","Est. tempo de leitura":"3 minutos"},"schema":{"@context":"https:\/\/schema.org","@graph":[{"@type":"WebPage","@id":"https:\/\/verdadeon.com.br\/portal\/2026\/09\/05\/cpfl-registra-105-furtos-de-energia-no-1o-semestre-na-regiao-de-franca\/","url":"https:\/\/verdadeon.com.br\/portal\/2026\/09\/05\/cpfl-registra-105-furtos-de-energia-no-1o-semestre-na-regiao-de-franca\/","name":"CPFL registra 105 furtos de energia no 1\u00ba semestre na regi\u00e3o de Franca - VerdadeOn","isPartOf":{"@id":"https:\/\/verdadeon.com.br\/portal\/#website"},"primaryImageOfPage":{"@id":"https:\/\/verdadeon.com.br\/portal\/2026\/09\/05\/cpfl-registra-105-furtos-de-energia-no-1o-semestre-na-regiao-de-franca\/#primaryimage"},"image":{"@id":"https:\/\/verdadeon.com.br\/portal\/2026\/09\/05\/cpfl-registra-105-furtos-de-energia-no-1o-semestre-na-regiao-de-franca\/#primaryimage"},"thumbnailUrl":"https:\/\/i0.wp.com\/verdadeon.com.br\/portal\/wp-content\/uploads\/2026\/07\/Documento-a4-placa-empurre-puxe-para-abrir-verde-2026-07-15T130445.573.jpg?fit=2000%2C1414&ssl=1","datePublished":"2026-09-05T13:00:18+00:00","author":{"@id":"https:\/\/verdadeon.com.br\/portal\/#\/schema\/person\/a5060ad1e9ea3df545188fc93ce43d2f"},"breadcrumb":{"@id":"https:\/\/verdadeon.com.br\/portal\/2026\/09\/05\/cpfl-registra-105-furtos-de-energia-no-1o-semestre-na-regiao-de-franca\/#breadcrumb"},"inLanguage":"pt-BR","potentialAction":[{"@type":"ReadAction","target":["https:\/\/verdadeon.com.br\/portal\/2026\/09\/05\/cpfl-registra-105-furtos-de-energia-no-1o-semestre-na-regiao-de-franca\/"]}]},{"@type":"ImageObject","inLanguage":"pt-BR","@id":"https:\/\/verdadeon.com.br\/portal\/2026\/09\/05\/cpfl-registra-105-furtos-de-energia-no-1o-semestre-na-regiao-de-franca\/#primaryimage","url":"https:\/\/i0.wp.com\/verdadeon.com.br\/portal\/wp-content\/uploads\/2026\/07\/Documento-a4-placa-empurre-puxe-para-abrir-verde-2026-07-15T130445.573.jpg?fit=2000%2C1414&ssl=1","contentUrl":"https:\/\/i0.wp.com\/verdadeon.com.br\/portal\/wp-content\/uploads\/2026\/07\/Documento-a4-placa-empurre-puxe-para-abrir-verde-2026-07-15T130445.573.jpg?fit=2000%2C1414&ssl=1","width":2000,"height":1414,"caption":"(\u00a9Divulga\u00e7\u00e3o\/CPFL Paulista)"},{"@type":"BreadcrumbList","@id":"https:\/\/verdadeon.com.br\/portal\/2026\/09\/05\/cpfl-registra-105-furtos-de-energia-no-1o-semestre-na-regiao-de-franca\/#breadcrumb","itemListElement":[{"@type":"ListItem","position":1,"name":"In\u00edcio","item":"https:\/\/verdadeon.com.br\/portal\/"},{"@type":"ListItem","position":2,"name":"CPFL registra 105 furtos de energia no 1\u00ba semestre na regi\u00e3o de Franca"}]},{"@type":"WebSite","@id":"https:\/\/verdadeon.com.br\/portal\/#website","url":"https:\/\/verdadeon.com.br\/portal\/","name":"VerdadeOn","description":"Not\u00edcias di\u00e1rias sobre Franca, Regi\u00e3o, Esporte, Cultura, Cotidiano, Colunas. Cobertura nos principais eventos da cidade \u00e9 aqui - Verdadeon Franca","potentialAction":[{"@type":"SearchAction","target":{"@type":"EntryPoint","urlTemplate":"https:\/\/verdadeon.com.br\/portal\/?s={search_term_string}"},"query-input":{"@type":"PropertyValueSpecification","valueRequired":true,"valueName":"search_term_string"}}],"inLanguage":"pt-BR"},{"@type":"Person","@id":"https:\/\/verdadeon.com.br\/portal\/#\/schema\/person\/a5060ad1e9ea3df545188fc93ce43d2f","name":"Redacao VerdadeOn","image":{"@type":"ImageObject","inLanguage":"pt-BR","@id":"https:\/\/verdadeon.com.br\/portal\/#\/schema\/person\/image\/","url":"https:\/\/secure.gravatar.com\/avatar\/459a9613caaaf07f582c3d0841eea68bdd66f533e465e6ba8b9cb45619572cf4?s=96&d=mm&r=g","contentUrl":"https:\/\/secure.gravatar.com\/avatar\/459a9613caaaf07f582c3d0841eea68bdd66f533e465e6ba8b9cb45619572cf4?s=96&d=mm&r=g","caption":"Redacao VerdadeOn"},"url":"https:\/\/verdadeon.com.br\/portal\/author\/redacao\/"}]}},"jetpack_publicize_connections":[],"jetpack_featured_media_url":"https:\/\/i0.wp.com\/verdadeon.com.br\/portal\/wp-content\/uploads\/2026\/07\/Documento-a4-placa-empurre-puxe-para-abrir-verde-2026-07-15T130445.573.jpg?fit=2000%2C1414&ssl=1","jetpack_sharing_enabled":true,"_links":{"self":[{"href":"https:\/\/verdadeon.com.br\/portal\/wp-json\/wp\/v2\/posts\/70217","targetHints":{"allow":["GET"]}}],"collection":[{"href":"https:\/\/verdadeon.com.br\/portal\/wp-json\/wp\/v2\/posts"}],"about":[{"href":"https:\/\/verdadeon.com.br\/portal\/wp-json\/wp\/v2\/types\/post"}],"author":[{"embeddable":true,"href":"https:\/\/verdadeon.com.br\/portal\/wp-json\/wp\/v2\/users\/10"}],"replies":[{"embeddable":true,"href":"https:\/\/verdadeon.com.br\/portal\/wp-json\/wp\/v2\/comments?post=70217"}],"version-history":[{"count":1,"href":"https:\/\/verdadeon.com.br\/portal\/wp-json\/wp\/v2\/posts\/70217\/revisions"}],"predecessor-version":[{"id":70218,"href":"https:\/\/verdadeon.com.br\/portal\/wp-json\/wp\/v2\/posts\/70217\/revisions\/70218"}],"wp:featuredmedia":[{"embeddable":true,"href":"https:\/\/verdadeon.com.br\/portal\/wp-json\/wp\/v2\/media\/68850"}],"wp:attachment":[{"href":"https:\/\/verdadeon.com.br\/portal\/wp-json\/wp\/v2\/media?parent=70217"}],"wp:term":[{"taxonomy":"category","embeddable":true,"href":"https:\/\/verdadeon.com.br\/portal\/wp-json\/wp\/v2\/categories?post=70217"},{"taxonomy":"post_tag","embeddable":true,"href":"https:\/\/verdadeon.com.br\/portal\/wp-json\/wp\/v2\/tags?post=70217"}],"curies":[{"name":"wp","href":"https:\/\/api.w.org\/{rel}","templated":true}]}}