{"id":70214,"date":"2026-08-31T13:19:19","date_gmt":"2026-08-31T16:19:19","guid":{"rendered":"https:\/\/verdadeon.com.br\/portal\/?p=70214"},"modified":"2026-08-31T13:19:19","modified_gmt":"2026-08-31T16:19:19","slug":"festa-do-peao-de-barretos-encerra-edicao-com-campeoes-do-rodeio-e-embaixadores-de-2027","status":"publish","type":"post","link":"https:\/\/verdadeon.com.br\/portal\/2026\/08\/31\/festa-do-peao-de-barretos-encerra-edicao-com-campeoes-do-rodeio-e-embaixadores-de-2027\/","title":{"rendered":"Festa do Pe\u00e3o de Barretos encerra edi\u00e7\u00e3o com campe\u00f5es do rodeio e embaixadores de 2027"},"content":{"rendered":"<h2>\u00daltimo dia consagrou os campe\u00f5es das modalidades do 33\u00ba Barretos International Rodeo e revelou Chit\u00e3ozinho e Xoror\u00f3 como embaixadores da pr\u00f3xima edi\u00e7\u00e3o<\/h2>\n<p>A 71\u00aa edi\u00e7\u00e3o da Festa do Pe\u00e3o de Barretos consolidou, mais uma vez, a for\u00e7a do maior rodeio da Am\u00e9rica Latina. Realizada entre os dias 20 e 30 de agosto de 2026, a edi\u00e7\u00e3o reuniu competidores, artistas, turistas e apaixonados pelo universo sertanejo em uma programa\u00e7\u00e3o marcada por grandes disputas na arena, atra\u00e7\u00f5es musicais e momentos de emo\u00e7\u00e3o.<\/p>\n<p>Um dos momentos de destaque foi a realiza\u00e7\u00e3o do tradicional Desafio do Bem, que novamente uniu esporte e solidariedade em prol do Hospital de Amor. Neste ano, a a\u00e7\u00e3o contou com a participa\u00e7\u00e3o do ex-atleta de v\u00f4lei e campe\u00e3o ol\u00edmpico Maur\u00edcio do V\u00f4lei, refor\u00e7ando a import\u00e2ncia da iniciativa e mobilizando o p\u00fablico em torno da causa da institui\u00e7\u00e3o, refer\u00eancia nacional no tratamento e na preven\u00e7\u00e3o do c\u00e2ncer.<\/p>\n<p>Maur\u00edcio enfrentou o touro Bradock, da Cia. Calif\u00f3rnia. O atleta, por\u00e9m, n\u00e3o completou os oito segundos. Em entrevista, afirmou que o principal objetivo havia sido atingido: arrecadar fundos para a institui\u00e7\u00e3o.<br \/>\nAl\u00e9m do Desafio do Bem, o \u00faltimo dia reuniu as finais das competi\u00e7\u00f5es esportivas, garantindo adrenalina ao p\u00fablico presente.<\/p>\n<p><strong>33\u00ba Barretos International Rodeo<\/strong><br \/>\nA grande final reuniu grandes competidores na maior arena de rodeios da Am\u00e9rica Latina. O t\u00edtulo do 33\u00ba Barretos International Rodeo ficou com Assyrio Jos\u00e9 Dias, de Sertan\u00f3polis (PR), que marcou 90,50 pontos sobre o touro Metanol, da Cia. Scatolin.<\/p>\n<p>\u201cPara mim \u00e9 muito gratificante. Eu tive um sonho, que era escrever meu nome naquela placa que tem ali em cima, e agora vai ser escrito. Vai ficar ali para o resto da eternidade. S\u00f3 tenho que agradecer sempre \u00e0 minha fam\u00edlia, que sempre me apoia. Muito gratificante ganhar aqui dentro desse Barret\u00e3o, que \u00e9 o sonho de todo cowboy\u201d, declarou, emocionado, o campe\u00e3o, que tamb\u00e9m assegurou vaga para o The American, rodeio realizado nos Estados Unidos.<\/p>\n<p>Al\u00e9m dele, o atleta Gabriel Henrique da Silva, de Lagoa Formosa (MG), conquistou a segunda vaga para o The American.<\/p>\n<p><strong>Cutiano<\/strong><br \/>\nNa modalidade de montarias em cavalo, o campe\u00e3o foi J\u00falio C\u00e9sar de Oliveira, de Santa F\u00e9 do Sul (SP), que somou 273 pontos e conquistou o t\u00edtulo sobre a \u00e9gua Justiceira, da Companhia WR.<br \/>\n\u201cA hora que saiu o sorteio, fiquei muito contente. Eu estava apreensivo porque \u00e9 o maior rodeio do Brasil e, gra\u00e7as a Deus, deu tudo certo\u201d, afirmou.<\/p>\n<p>O melhor animal do Cutiano foi o cavalo Mexe Mexe, da WR \u2013 Roberto Biasi, com 46,50 pontos. A melhor tropa ficou com a Companhia WR, com m\u00e9dia de 44,86 pontos.<\/p>\n<p><strong>Tr\u00eas Tambores<\/strong><br \/>\nOutra competi\u00e7\u00e3o que conheceu sua campe\u00e3 no 33\u00ba Barretos International Rodeo foi a prova cronometrada dos Tr\u00eas Tambores, que teve disputa final nas categorias Feminino 1D e 2D.<br \/>\nNa categoria 1D, a campe\u00e3 foi Roberta Fornazari Marin, de Rio Claro (SP), com o tempo de 17s285. J\u00e1 na 2D, o t\u00edtulo ficou com a barretense Helena Junqueira Franco, que marcou 16s992.<\/p>\n<p><strong>Breakaway Roping<\/strong><br \/>\nA brasileira Hanyelle Alves, que reside em Decatur, no Texas (EUA), venceu a competi\u00e7\u00e3o com o tempo de 2s41, garantindo tamb\u00e9m uma vaga para o The American.<br \/>\nA atleta dedicou o t\u00edtulo ao pai, Silvano Alves, ex-atleta de rodeio.<br \/>\n\u201cGostaria de agradecer muito a Deus. O meu pai n\u00e3o foi campe\u00e3o nessa arena, mas esse t\u00edtulo \u00e9 para mim e para ele\u201d, declarou.<\/p>\n<p><strong>Team Penning<\/strong><br \/>\nNa Soma 11, o trio formado por Maria Clara Baldo Chehade (Barretos\/SP), Eduardo Takato de Matos (S\u00e3o Jos\u00e9 do Rio Preto\/SP) e Paola Gomes Assun\u00e7\u00e3o (Barretos\/SP) foi campe\u00e3o, com soma total de 80.846.<br \/>\nNa Soma 6, os campe\u00f5es foram Luiz Guilherme Veronezi Garmes (Ribeir\u00e3o Preto\/SP), Ovande Garmes Neto (Ribeir\u00e3o Preto\/SP) e Gabriel Silva Lemos (Bonfim Paulista\/SP), com soma de 81.982.<\/p>\n<p><strong>Rodeio J\u00fanior e Rodeio em Carneiros<\/strong><br \/>\nNa nova gera\u00e7\u00e3o, o jovem Lucas Henrique Chagas, de Quintana (SP), sagrou-se campe\u00e3o. Aos 17 anos, Lucas conquistou a competi\u00e7\u00e3o de forma invicta e somou 342,40 pontos ao longo de todas as montarias.<br \/>\nEntre as crian\u00e7as do Rodeio em Carneiros, o campe\u00e3o foi Gabriel Bosch, de Carambe\u00ed (PR), que obteve 95 pontos. Como pr\u00eamio, recebeu uma moto el\u00e9trica.<\/p>\n<p><strong>\u201cS\u00f3 Quero Ouvir Voc\u00ea Dizer Que Sim\u201d<\/strong><br \/>\nNa cerim\u00f4nia de encerramento, a Associa\u00e7\u00e3o Os Independentes tamb\u00e9m anunciou a data da pr\u00f3xima edi\u00e7\u00e3o, de 19 a 29 de agosto de 2027, e os embaixadores da 72\u00aa Festa do Pe\u00e3o de Barretos: Chit\u00e3ozinho &amp; Xoror\u00f3.<\/p>\n<p>\u201c\u00c9 uma honra muito grande. Esse momento \u00e9 muito especial na nossa carreira. A m\u00fasica, ao longo desses mais de 50 anos de carreira, nos deu muitos momentos e muitos presentes que a gente n\u00e3o esperava, e hoje \u00e9 um deles. Esse momento vai ficar gravado na nossa mem\u00f3ria e no nosso cora\u00e7\u00e3o para sempre. A gente vai levar o nome desta cidade e o nome desta festa com muito orgulho para o Brasil e para o mundo, por onde a gente passar. Estamos representando esta cidade maravilhosa, um dos maiores rodeios do mundo, a festa mais bonita da hist\u00f3ria da m\u00fasica sertaneja e do rodeio\u201d, declarou Chit\u00e3ozinho.<\/p>\n<p>Xoror\u00f3 relatou que passou um filme em sua cabe\u00e7a e comentou sobre quando cantou em Barretos pela primeira vez.<\/p>\n<p>\u201cEst\u00e1 passando um filme aqui na minha cabe\u00e7a. Quando meu irm\u00e3o falava, ainda na nossa adolesc\u00eancia, no come\u00e7o da carreira, acho que h\u00e1 mais ou menos 50 anos, a gente cantou pela primeira vez em Barretos, quando a festa ainda era realizada em um campo de futebol. Eu me lembro do palco, que era um tablado. E hoje, com 56 anos de carreira, a gente recebe esse convite, essa honraria de sermos os embaixadores da maior festa do pe\u00e3o do Brasil e, eu acho que tamb\u00e9m, a maior festa do mundo\u201d, declarou Xoror\u00f3.<\/p>\n","protected":false},"excerpt":{"rendered":"<p>\u00daltimo dia consagrou os campe\u00f5es das modalidades do 33\u00ba Barretos International Rodeo e revelou Chit\u00e3ozinho e Xoror\u00f3 como embaixadores da pr\u00f3xima edi\u00e7\u00e3o A 71\u00aa edi\u00e7\u00e3o da<span class=\"excerpt-hellip\"> [\u2026]<\/span><\/p>\n","protected":false},"author":10,"featured_media":70215,"comment_status":"open","ping_status":"open","sticky":false,"template":"","format":"standard","meta":{"_jetpack_memberships_contains_paid_content":false,"footnotes":"","jetpack_publicize_message":"","jetpack_publicize_feature_enabled":true,"jetpack_social_post_already_shared":true,"jetpack_social_options":{"image_generator_settings":{"template":"highway","default_image_id":0,"enabled":false},"version":2}},"categories":[28,81],"tags":[],"class_list":["post-70214","post","type-post","status-publish","format-standard","has-post-thumbnail","hentry","category-cotidiano","category-manchete"],"yoast_head":"<!-- This site is optimized with the Yoast SEO plugin v25.6 - https:\/\/yoast.com\/wordpress\/plugins\/seo\/ -->\n<title>Festa do Pe\u00e3o de Barretos encerra edi\u00e7\u00e3o com campe\u00f5es do rodeio e embaixadores de 2027 - VerdadeOn<\/title>\n<meta name=\"robots\" content=\"index, follow, max-snippet:-1, max-image-preview:large, max-video-preview:-1\" \/>\n<link rel=\"canonical\" href=\"https:\/\/verdadeon.com.br\/portal\/2026\/08\/31\/festa-do-peao-de-barretos-encerra-edicao-com-campeoes-do-rodeio-e-embaixadores-de-2027\/\" \/>\n<meta property=\"og:locale\" content=\"pt_BR\" \/>\n<meta property=\"og:type\" content=\"article\" \/>\n<meta property=\"og:title\" content=\"Festa do Pe\u00e3o de Barretos encerra edi\u00e7\u00e3o com campe\u00f5es do rodeio e embaixadores de 2027 - VerdadeOn\" \/>\n<meta property=\"og:description\" content=\"\u00daltimo dia consagrou os campe\u00f5es das modalidades do 33\u00ba Barretos International Rodeo e revelou Chit\u00e3ozinho e Xoror\u00f3 como embaixadores da pr\u00f3xima edi\u00e7\u00e3o A 71\u00aa edi\u00e7\u00e3o da [\u2026]\" \/>\n<meta property=\"og:url\" content=\"https:\/\/verdadeon.com.br\/portal\/2026\/08\/31\/festa-do-peao-de-barretos-encerra-edicao-com-campeoes-do-rodeio-e-embaixadores-de-2027\/\" \/>\n<meta property=\"og:site_name\" content=\"VerdadeOn\" \/>\n<meta property=\"article:published_time\" content=\"2026-08-31T16:19:19+00:00\" \/>\n<meta property=\"og:image\" content=\"https:\/\/verdadeon.com.br\/portal\/wp-content\/uploads\/2026\/08\/unnamed-8.jpg\" \/>\n\t<meta property=\"og:image:width\" content=\"800\" \/>\n\t<meta property=\"og:image:height\" content=\"449\" \/>\n\t<meta property=\"og:image:type\" content=\"image\/jpeg\" \/>\n<meta name=\"author\" content=\"Redacao VerdadeOn\" \/>\n<meta name=\"twitter:card\" content=\"summary_large_image\" \/>\n<meta name=\"twitter:label1\" content=\"Escrito por\" \/>\n\t<meta name=\"twitter:data1\" content=\"Redacao VerdadeOn\" \/>\n\t<meta name=\"twitter:label2\" content=\"Est. tempo de leitura\" \/>\n\t<meta name=\"twitter:data2\" content=\"6 minutos\" \/>\n<script type=\"application\/ld+json\" class=\"yoast-schema-graph\">{\"@context\":\"https:\/\/schema.org\",\"@graph\":[{\"@type\":\"WebPage\",\"@id\":\"https:\/\/verdadeon.com.br\/portal\/2026\/08\/31\/festa-do-peao-de-barretos-encerra-edicao-com-campeoes-do-rodeio-e-embaixadores-de-2027\/\",\"url\":\"https:\/\/verdadeon.com.br\/portal\/2026\/08\/31\/festa-do-peao-de-barretos-encerra-edicao-com-campeoes-do-rodeio-e-embaixadores-de-2027\/\",\"name\":\"Festa do Pe\u00e3o de Barretos encerra edi\u00e7\u00e3o com campe\u00f5es do rodeio e embaixadores de 2027 - VerdadeOn\",\"isPartOf\":{\"@id\":\"https:\/\/verdadeon.com.br\/portal\/#website\"},\"primaryImageOfPage\":{\"@id\":\"https:\/\/verdadeon.com.br\/portal\/2026\/08\/31\/festa-do-peao-de-barretos-encerra-edicao-com-campeoes-do-rodeio-e-embaixadores-de-2027\/#primaryimage\"},\"image\":{\"@id\":\"https:\/\/verdadeon.com.br\/portal\/2026\/08\/31\/festa-do-peao-de-barretos-encerra-edicao-com-campeoes-do-rodeio-e-embaixadores-de-2027\/#primaryimage\"},\"thumbnailUrl\":\"https:\/\/i0.wp.com\/verdadeon.com.br\/portal\/wp-content\/uploads\/2026\/08\/unnamed-8.jpg?fit=800%2C449&ssl=1\",\"datePublished\":\"2026-08-31T16:19:19+00:00\",\"author\":{\"@id\":\"https:\/\/verdadeon.com.br\/portal\/#\/schema\/person\/a5060ad1e9ea3df545188fc93ce43d2f\"},\"breadcrumb\":{\"@id\":\"https:\/\/verdadeon.com.br\/portal\/2026\/08\/31\/festa-do-peao-de-barretos-encerra-edicao-com-campeoes-do-rodeio-e-embaixadores-de-2027\/#breadcrumb\"},\"inLanguage\":\"pt-BR\",\"potentialAction\":[{\"@type\":\"ReadAction\",\"target\":[\"https:\/\/verdadeon.com.br\/portal\/2026\/08\/31\/festa-do-peao-de-barretos-encerra-edicao-com-campeoes-do-rodeio-e-embaixadores-de-2027\/\"]}]},{\"@type\":\"ImageObject\",\"inLanguage\":\"pt-BR\",\"@id\":\"https:\/\/verdadeon.com.br\/portal\/2026\/08\/31\/festa-do-peao-de-barretos-encerra-edicao-com-campeoes-do-rodeio-e-embaixadores-de-2027\/#primaryimage\",\"url\":\"https:\/\/i0.wp.com\/verdadeon.com.br\/portal\/wp-content\/uploads\/2026\/08\/unnamed-8.jpg?fit=800%2C449&ssl=1\",\"contentUrl\":\"https:\/\/i0.wp.com\/verdadeon.com.br\/portal\/wp-content\/uploads\/2026\/08\/unnamed-8.jpg?fit=800%2C449&ssl=1\",\"width\":800,\"height\":449,\"caption\":\"Queima de fogos marca o encerramento da 71\u00aa Festa do Pe\u00e3o de Barretos e anuncia a pr\u00f3xima edi\u00e7\u00e3o, que ser\u00e1 realizada de 19 a 29 de agosto de 2027, no Parque do Pe\u00e3o (\u00a9Alisson Demetrio)\"},{\"@type\":\"BreadcrumbList\",\"@id\":\"https:\/\/verdadeon.com.br\/portal\/2026\/08\/31\/festa-do-peao-de-barretos-encerra-edicao-com-campeoes-do-rodeio-e-embaixadores-de-2027\/#breadcrumb\",\"itemListElement\":[{\"@type\":\"ListItem\",\"position\":1,\"name\":\"In\u00edcio\",\"item\":\"https:\/\/verdadeon.com.br\/portal\/\"},{\"@type\":\"ListItem\",\"position\":2,\"name\":\"Festa do Pe\u00e3o de Barretos encerra edi\u00e7\u00e3o com campe\u00f5es do rodeio e embaixadores de 2027\"}]},{\"@type\":\"WebSite\",\"@id\":\"https:\/\/verdadeon.com.br\/portal\/#website\",\"url\":\"https:\/\/verdadeon.com.br\/portal\/\",\"name\":\"VerdadeOn\",\"description\":\"Not\u00edcias di\u00e1rias sobre Franca, Regi\u00e3o, Esporte, Cultura, Cotidiano, Colunas. Cobertura nos principais eventos da cidade \u00e9 aqui - Verdadeon Franca\",\"potentialAction\":[{\"@type\":\"SearchAction\",\"target\":{\"@type\":\"EntryPoint\",\"urlTemplate\":\"https:\/\/verdadeon.com.br\/portal\/?s={search_term_string}\"},\"query-input\":{\"@type\":\"PropertyValueSpecification\",\"valueRequired\":true,\"valueName\":\"search_term_string\"}}],\"inLanguage\":\"pt-BR\"},{\"@type\":\"Person\",\"@id\":\"https:\/\/verdadeon.com.br\/portal\/#\/schema\/person\/a5060ad1e9ea3df545188fc93ce43d2f\",\"name\":\"Redacao VerdadeOn\",\"image\":{\"@type\":\"ImageObject\",\"inLanguage\":\"pt-BR\",\"@id\":\"https:\/\/verdadeon.com.br\/portal\/#\/schema\/person\/image\/\",\"url\":\"https:\/\/secure.gravatar.com\/avatar\/459a9613caaaf07f582c3d0841eea68bdd66f533e465e6ba8b9cb45619572cf4?s=96&d=mm&r=g\",\"contentUrl\":\"https:\/\/secure.gravatar.com\/avatar\/459a9613caaaf07f582c3d0841eea68bdd66f533e465e6ba8b9cb45619572cf4?s=96&d=mm&r=g\",\"caption\":\"Redacao VerdadeOn\"},\"url\":\"https:\/\/verdadeon.com.br\/portal\/author\/redacao\/\"}]}<\/script>\n<!-- \/ Yoast SEO plugin. -->","yoast_head_json":{"title":"Festa do Pe\u00e3o de Barretos encerra edi\u00e7\u00e3o com campe\u00f5es do rodeio e embaixadores de 2027 - VerdadeOn","robots":{"index":"index","follow":"follow","max-snippet":"max-snippet:-1","max-image-preview":"max-image-preview:large","max-video-preview":"max-video-preview:-1"},"canonical":"https:\/\/verdadeon.com.br\/portal\/2026\/08\/31\/festa-do-peao-de-barretos-encerra-edicao-com-campeoes-do-rodeio-e-embaixadores-de-2027\/","og_locale":"pt_BR","og_type":"article","og_title":"Festa do Pe\u00e3o de Barretos encerra edi\u00e7\u00e3o com campe\u00f5es do rodeio e embaixadores de 2027 - VerdadeOn","og_description":"\u00daltimo dia consagrou os campe\u00f5es das modalidades do 33\u00ba Barretos International Rodeo e revelou Chit\u00e3ozinho e Xoror\u00f3 como embaixadores da pr\u00f3xima edi\u00e7\u00e3o A 71\u00aa edi\u00e7\u00e3o da [\u2026]","og_url":"https:\/\/verdadeon.com.br\/portal\/2026\/08\/31\/festa-do-peao-de-barretos-encerra-edicao-com-campeoes-do-rodeio-e-embaixadores-de-2027\/","og_site_name":"VerdadeOn","article_published_time":"2026-08-31T16:19:19+00:00","og_image":[{"width":800,"height":449,"url":"https:\/\/verdadeon.com.br\/portal\/wp-content\/uploads\/2026\/08\/unnamed-8.jpg","type":"image\/jpeg"}],"author":"Redacao VerdadeOn","twitter_card":"summary_large_image","twitter_misc":{"Escrito por":"Redacao VerdadeOn","Est. tempo de leitura":"6 minutos"},"schema":{"@context":"https:\/\/schema.org","@graph":[{"@type":"WebPage","@id":"https:\/\/verdadeon.com.br\/portal\/2026\/08\/31\/festa-do-peao-de-barretos-encerra-edicao-com-campeoes-do-rodeio-e-embaixadores-de-2027\/","url":"https:\/\/verdadeon.com.br\/portal\/2026\/08\/31\/festa-do-peao-de-barretos-encerra-edicao-com-campeoes-do-rodeio-e-embaixadores-de-2027\/","name":"Festa do Pe\u00e3o de Barretos encerra edi\u00e7\u00e3o com campe\u00f5es do rodeio e embaixadores de 2027 - VerdadeOn","isPartOf":{"@id":"https:\/\/verdadeon.com.br\/portal\/#website"},"primaryImageOfPage":{"@id":"https:\/\/verdadeon.com.br\/portal\/2026\/08\/31\/festa-do-peao-de-barretos-encerra-edicao-com-campeoes-do-rodeio-e-embaixadores-de-2027\/#primaryimage"},"image":{"@id":"https:\/\/verdadeon.com.br\/portal\/2026\/08\/31\/festa-do-peao-de-barretos-encerra-edicao-com-campeoes-do-rodeio-e-embaixadores-de-2027\/#primaryimage"},"thumbnailUrl":"https:\/\/i0.wp.com\/verdadeon.com.br\/portal\/wp-content\/uploads\/2026\/08\/unnamed-8.jpg?fit=800%2C449&ssl=1","datePublished":"2026-08-31T16:19:19+00:00","author":{"@id":"https:\/\/verdadeon.com.br\/portal\/#\/schema\/person\/a5060ad1e9ea3df545188fc93ce43d2f"},"breadcrumb":{"@id":"https:\/\/verdadeon.com.br\/portal\/2026\/08\/31\/festa-do-peao-de-barretos-encerra-edicao-com-campeoes-do-rodeio-e-embaixadores-de-2027\/#breadcrumb"},"inLanguage":"pt-BR","potentialAction":[{"@type":"ReadAction","target":["https:\/\/verdadeon.com.br\/portal\/2026\/08\/31\/festa-do-peao-de-barretos-encerra-edicao-com-campeoes-do-rodeio-e-embaixadores-de-2027\/"]}]},{"@type":"ImageObject","inLanguage":"pt-BR","@id":"https:\/\/verdadeon.com.br\/portal\/2026\/08\/31\/festa-do-peao-de-barretos-encerra-edicao-com-campeoes-do-rodeio-e-embaixadores-de-2027\/#primaryimage","url":"https:\/\/i0.wp.com\/verdadeon.com.br\/portal\/wp-content\/uploads\/2026\/08\/unnamed-8.jpg?fit=800%2C449&ssl=1","contentUrl":"https:\/\/i0.wp.com\/verdadeon.com.br\/portal\/wp-content\/uploads\/2026\/08\/unnamed-8.jpg?fit=800%2C449&ssl=1","width":800,"height":449,"caption":"Queima de fogos marca o encerramento da 71\u00aa Festa do Pe\u00e3o de Barretos e anuncia a pr\u00f3xima edi\u00e7\u00e3o, que ser\u00e1 realizada de 19 a 29 de agosto de 2027, no Parque do Pe\u00e3o (\u00a9Alisson Demetrio)"},{"@type":"BreadcrumbList","@id":"https:\/\/verdadeon.com.br\/portal\/2026\/08\/31\/festa-do-peao-de-barretos-encerra-edicao-com-campeoes-do-rodeio-e-embaixadores-de-2027\/#breadcrumb","itemListElement":[{"@type":"ListItem","position":1,"name":"In\u00edcio","item":"https:\/\/verdadeon.com.br\/portal\/"},{"@type":"ListItem","position":2,"name":"Festa do Pe\u00e3o de Barretos encerra edi\u00e7\u00e3o com campe\u00f5es do rodeio e embaixadores de 2027"}]},{"@type":"WebSite","@id":"https:\/\/verdadeon.com.br\/portal\/#website","url":"https:\/\/verdadeon.com.br\/portal\/","name":"VerdadeOn","description":"Not\u00edcias di\u00e1rias sobre Franca, Regi\u00e3o, Esporte, Cultura, Cotidiano, Colunas. Cobertura nos principais eventos da cidade \u00e9 aqui - Verdadeon Franca","potentialAction":[{"@type":"SearchAction","target":{"@type":"EntryPoint","urlTemplate":"https:\/\/verdadeon.com.br\/portal\/?s={search_term_string}"},"query-input":{"@type":"PropertyValueSpecification","valueRequired":true,"valueName":"search_term_string"}}],"inLanguage":"pt-BR"},{"@type":"Person","@id":"https:\/\/verdadeon.com.br\/portal\/#\/schema\/person\/a5060ad1e9ea3df545188fc93ce43d2f","name":"Redacao VerdadeOn","image":{"@type":"ImageObject","inLanguage":"pt-BR","@id":"https:\/\/verdadeon.com.br\/portal\/#\/schema\/person\/image\/","url":"https:\/\/secure.gravatar.com\/avatar\/459a9613caaaf07f582c3d0841eea68bdd66f533e465e6ba8b9cb45619572cf4?s=96&d=mm&r=g","contentUrl":"https:\/\/secure.gravatar.com\/avatar\/459a9613caaaf07f582c3d0841eea68bdd66f533e465e6ba8b9cb45619572cf4?s=96&d=mm&r=g","caption":"Redacao VerdadeOn"},"url":"https:\/\/verdadeon.com.br\/portal\/author\/redacao\/"}]}},"jetpack_publicize_connections":[],"jetpack_featured_media_url":"https:\/\/i0.wp.com\/verdadeon.com.br\/portal\/wp-content\/uploads\/2026\/08\/unnamed-8.jpg?fit=800%2C449&ssl=1","jetpack_sharing_enabled":true,"_links":{"self":[{"href":"https:\/\/verdadeon.com.br\/portal\/wp-json\/wp\/v2\/posts\/70214","targetHints":{"allow":["GET"]}}],"collection":[{"href":"https:\/\/verdadeon.com.br\/portal\/wp-json\/wp\/v2\/posts"}],"about":[{"href":"https:\/\/verdadeon.com.br\/portal\/wp-json\/wp\/v2\/types\/post"}],"author":[{"embeddable":true,"href":"https:\/\/verdadeon.com.br\/portal\/wp-json\/wp\/v2\/users\/10"}],"replies":[{"embeddable":true,"href":"https:\/\/verdadeon.com.br\/portal\/wp-json\/wp\/v2\/comments?post=70214"}],"version-history":[{"count":1,"href":"https:\/\/verdadeon.com.br\/portal\/wp-json\/wp\/v2\/posts\/70214\/revisions"}],"predecessor-version":[{"id":70216,"href":"https:\/\/verdadeon.com.br\/portal\/wp-json\/wp\/v2\/posts\/70214\/revisions\/70216"}],"wp:featuredmedia":[{"embeddable":true,"href":"https:\/\/verdadeon.com.br\/portal\/wp-json\/wp\/v2\/media\/70215"}],"wp:attachment":[{"href":"https:\/\/verdadeon.com.br\/portal\/wp-json\/wp\/v2\/media?parent=70214"}],"wp:term":[{"taxonomy":"category","embeddable":true,"href":"https:\/\/verdadeon.com.br\/portal\/wp-json\/wp\/v2\/categories?post=70214"},{"taxonomy":"post_tag","embeddable":true,"href":"https:\/\/verdadeon.com.br\/portal\/wp-json\/wp\/v2\/tags?post=70214"}],"curies":[{"name":"wp","href":"https:\/\/api.w.org\/{rel}","templated":true}]}}