{"id":70212,"date":"2026-09-05T09:00:00","date_gmt":"2026-09-05T12:00:00","guid":{"rendered":"https:\/\/verdadeon.com.br\/portal\/?p=70212"},"modified":"2026-09-01T10:57:57","modified_gmt":"2026-09-01T13:57:57","slug":"seis-cidades-da-regiao-recebem-avaliacoes-negativas-em-ranking-de-transparencia-publica","status":"publish","type":"post","link":"https:\/\/verdadeon.com.br\/portal\/2026\/09\/05\/seis-cidades-da-regiao-recebem-avaliacoes-negativas-em-ranking-de-transparencia-publica\/","title":{"rendered":"Seis cidades da regi\u00e3o recebem avalia\u00e7\u00f5es negativas em ranking de transpar\u00eancia p\u00fablica"},"content":{"rendered":"<h2>Estudo divulgado pelo OSB-Franca coloca seis munic\u00edpios com classifica\u00e7\u00e3o &#8220;ruim&#8221;; entre os regulares, Franca ocupa 3\u00b0 lugar<\/h2>\n<p style=\"text-align: right;\"><em><strong>Por Pedro Maia<\/strong><\/em><br \/>\n<em><strong>Editor-chefe<\/strong><\/em><\/p>\n<p>O \u00cdndice de Transpar\u00eancia e Governan\u00e7a P\u00fablica (ITGP) publicou, recentemente, os n\u00fameros referentes \u00e0 transpar\u00eancia de diversos munic\u00edpios brasileiros. Na regi\u00e3o de Franca, o estudo \u00e9 realizado pelo Observat\u00f3rio Social do Brasil (OSB) local, que avaliou 16 cidades, s\u00e3o elas: Batatais, Brodowski, Franca, Gua\u00edra, Guar\u00e1, Igarapava, Ipu\u00e3, Ituverava, Jardin\u00f3polis, Miguel\u00f3polis, Morro Agudo, Orl\u00e2ndia, Patroc\u00ednio Paulista, Pedregulho, Ribeir\u00e3o Preto e S\u00e3o Joaquim da Barra.<\/p>\n<p>Segundo a OSB, a nova edi\u00e7\u00e3o do Ranking de Transpar\u00eancia e Governan\u00e7a P\u00fablica trouxe avan\u00e7o no tocante \u00e0 m\u00e9dia geral dos munic\u00edpios pesquisados, passando de 36,6 pontos em 2025 para 41,0 em 2026, saindo da faixa \u201cruim\u201d para \u201cregular\u201d.<\/p>\n<p>\u201cOs resultados mostram que avan\u00e7os concretos s\u00e3o poss\u00edveis, mas a regi\u00e3o ainda est\u00e1 no in\u00edcio de uma mudan\u00e7a de patamar. As lacunas na divulga\u00e7\u00e3o de informa\u00e7\u00f5es sobre obras p\u00fablicas, agendas e participa\u00e7\u00e3o social continuam limitando o exerc\u00edcio do controle social pela popula\u00e7\u00e3o. O ITGP-M oferece um diagn\u00f3stico para que as prefeituras identifiquem prioridades, adotem boas pr\u00e1ticas e fortale\u00e7am a confian\u00e7a da sociedade na gest\u00e3o p\u00fablica\u201d, afirma Ad\u00e9cliex Neuber Queiroz da Silva, presidente do OSBFranca.<\/p>\n<p><strong>Notas<\/strong><\/p>\n<p>Entre as classificadas com &#8220;regular&#8221;, est\u00e3o: Ribeir\u00e3o Preto (1\u00b0 lugar &#8211; 59.2 pontos), Gua\u00edra (2\u00b0 &#8211; 53.8), Franca (3\u00b0 &#8211; 50.2), Jardin\u00f3polis (4\u00b0 &#8211; 49.7), Batatais (5\u00b0 &#8211; 45.8), Guar\u00e1 (6\u00b0 &#8211; 44.8), Orl\u00e2ndia (7\u00b0 &#8211; 44.3), Ipu\u00e3 (8\u00b0 &#8211; 42.7), Morro Agudo (9\u00b0 &#8211; 42.7) e Pedregulho (10\u00b0 &#8211; 40.9).<\/p>\n<p>Receberam como resultado &#8220;ruim&#8221; as cidades de: Igarapava (11\u00b0 lugar &#8211; 36.2 pontos), Patroc\u00ednio Paulista (12\u00b0 &#8211; 34.2), Ituverava (13\u00b0 &#8211; 31.2), Brodowski (14\u00b0 &#8211; 30.9), Miguel\u00f3polis (15\u00b0 &#8211; 28.4) e S\u00e3o Joaquim da Barra (16\u00b0 20.1).<\/p>\n<p>Apesar da melhora generalizada, nenhuma cidade alcan\u00e7ou as faixas \u201cboa\u201d ou \u201c\u00f3tima\u201d.<\/p>\n<p>As prefeituras foram avaliadas com base nas informa\u00e7\u00f5es publicadas em seus portais e demais canais oficiais. O processo prev\u00ea comunica\u00e7\u00e3o dos resultados preliminares e possibilidade de apresenta\u00e7\u00e3o de recursos e evid\u00eancias adicionais. Em 2026, Pedregulho e Ribeir\u00e3o Preto apresentaram recursos identificados na base final.<\/p>\n<p>O levantamento avalia pr\u00e1ticas como transpar\u00eancia financeira e or\u00e7ament\u00e1ria, dados abertos, comunica\u00e7\u00e3o e participa\u00e7\u00e3o social, obras p\u00fablicas e a facilidade de acesso \u00e0s informa\u00e7\u00f5es nos portais das Prefeituras.<\/p>\n<p><strong>Recomenda\u00e7\u00f5es do OSBFranca \u00e0s Prefeituras:<\/strong><\/p>\n<div data-breakout=\"normal\">\n<ul class=\"aBukw _8Fwvf\">\n<li class=\"DOWpl\" dir=\"auto\" aria-level=\"1\">\n<p id=\"viewer-zjnn4590\" class=\"rKr3c LXM-U _8Fwvf GywVr\" dir=\"\" tabindex=\"-1\"><span class=\"jpwv0\">centralizar informa\u00e7\u00f5es f\u00edsicas e financeiras sobre obras p\u00fablicas, com medi\u00e7\u00f5es, cronogramas, imagens, fiscais, atrasos e documentos ambientais;<\/span><\/p>\n<\/li>\n<li class=\"DOWpl\" dir=\"auto\" aria-level=\"1\">\n<p id=\"viewer-29rk5593\" class=\"rKr3c LXM-U _8Fwvf GywVr\" dir=\"\" tabindex=\"-1\"><span class=\"jpwv0\">detalhar emendas parlamentares e transfer\u00eancias especiais, incluindo autoria, objeto, benefici\u00e1rio, valores e est\u00e1gio da execu\u00e7\u00e3o;<\/span><\/p>\n<\/li>\n<li class=\"DOWpl\" dir=\"auto\" aria-level=\"1\">\n<p id=\"viewer-99q96596\" class=\"rKr3c LXM-U _8Fwvf GywVr\" dir=\"\" tabindex=\"-1\"><span class=\"jpwv0\">ampliar a oferta de bases em formatos abertos, com possibilidade de download, licen\u00e7a e s\u00e9rie hist\u00f3rica;<\/span><\/p>\n<\/li>\n<li class=\"DOWpl\" dir=\"auto\" aria-level=\"1\">\n<p id=\"viewer-jio1l599\" class=\"rKr3c LXM-U _8Fwvf GywVr\" dir=\"\" tabindex=\"-1\"><span class=\"jpwv0\">publicar agendas di\u00e1rias, relat\u00f3rios de auditoria e informa\u00e7\u00f5es atualizadas sobre \u00f3rg\u00e3os de controle;<\/span><\/p>\n<\/li>\n<li class=\"DOWpl\" dir=\"auto\" aria-level=\"1\">\n<p id=\"viewer-qbo3y602\" class=\"rKr3c LXM-U _8Fwvf GywVr\" dir=\"\" tabindex=\"-1\"><span class=\"jpwv0\">fortalecer audi\u00eancias, consultas p\u00fablicas, conselhos e outros mecanismos permanentes de participa\u00e7\u00e3o social.<\/span><\/p>\n<\/li>\n<\/ul>\n<p><strong>A entidade afirma permanecer \u00e0 disposi\u00e7\u00e3o das prefeituras e c\u00e2maras municipais para di\u00e1logo t\u00e9cnico e apresenta\u00e7\u00e3o de recomenda\u00e7\u00f5es de melhoria. Vale lembrar que o ITGP avalia transpar\u00eancia de portais, e nunca a Administra\u00e7\u00e3o ou prefeitos.<\/strong><\/p>\n<\/div>\n","protected":false},"excerpt":{"rendered":"<p>Estudo divulgado pelo OSB-Franca coloca seis munic\u00edpios com classifica\u00e7\u00e3o &#8220;ruim&#8221;; entre os regulares, Franca ocupa 3\u00b0 lugar Por Pedro Maia Editor-chefe O \u00cdndice de Transpar\u00eancia e<span class=\"excerpt-hellip\"> [\u2026]<\/span><\/p>\n","protected":false},"author":10,"featured_media":5703,"comment_status":"open","ping_status":"open","sticky":false,"template":"","format":"standard","meta":{"_jetpack_memberships_contains_paid_content":false,"footnotes":"","jetpack_publicize_message":"","jetpack_publicize_feature_enabled":true,"jetpack_social_post_already_shared":true,"jetpack_social_options":{"image_generator_settings":{"template":"highway","default_image_id":0,"enabled":false},"version":2}},"categories":[28,81],"tags":[],"class_list":["post-70212","post","type-post","status-publish","format-standard","has-post-thumbnail","hentry","category-cotidiano","category-manchete"],"yoast_head":"<!-- This site is optimized with the Yoast SEO plugin v25.6 - https:\/\/yoast.com\/wordpress\/plugins\/seo\/ -->\n<title>Seis cidades da regi\u00e3o recebem avalia\u00e7\u00f5es negativas em ranking de transpar\u00eancia p\u00fablica - VerdadeOn<\/title>\n<meta name=\"robots\" content=\"index, follow, max-snippet:-1, max-image-preview:large, max-video-preview:-1\" \/>\n<link rel=\"canonical\" href=\"https:\/\/verdadeon.com.br\/portal\/2026\/09\/05\/seis-cidades-da-regiao-recebem-avaliacoes-negativas-em-ranking-de-transparencia-publica\/\" \/>\n<meta property=\"og:locale\" content=\"pt_BR\" \/>\n<meta property=\"og:type\" content=\"article\" \/>\n<meta property=\"og:title\" content=\"Seis cidades da regi\u00e3o recebem avalia\u00e7\u00f5es negativas em ranking de transpar\u00eancia p\u00fablica - VerdadeOn\" \/>\n<meta property=\"og:description\" content=\"Estudo divulgado pelo OSB-Franca coloca seis munic\u00edpios com classifica\u00e7\u00e3o &#8220;ruim&#8221;; entre os regulares, Franca ocupa 3\u00b0 lugar Por Pedro Maia Editor-chefe O \u00cdndice de Transpar\u00eancia e [\u2026]\" \/>\n<meta property=\"og:url\" content=\"https:\/\/verdadeon.com.br\/portal\/2026\/09\/05\/seis-cidades-da-regiao-recebem-avaliacoes-negativas-em-ranking-de-transparencia-publica\/\" \/>\n<meta property=\"og:site_name\" content=\"VerdadeOn\" \/>\n<meta property=\"article:published_time\" content=\"2026-09-05T12:00:00+00:00\" \/>\n<meta property=\"og:image\" content=\"https:\/\/i0.wp.com\/verdadeon.com.br\/portal\/wp-content\/uploads\/2020\/03\/WhatsApp-Image-2020-03-26-at-10.13.35.jpeg?fit=1000%2C670&ssl=1\" \/>\n\t<meta property=\"og:image:width\" content=\"1000\" \/>\n\t<meta property=\"og:image:height\" content=\"670\" \/>\n\t<meta property=\"og:image:type\" content=\"image\/jpeg\" \/>\n<meta name=\"author\" content=\"Redacao VerdadeOn\" \/>\n<meta name=\"twitter:card\" content=\"summary_large_image\" \/>\n<meta name=\"twitter:label1\" content=\"Escrito por\" \/>\n\t<meta name=\"twitter:data1\" content=\"Redacao VerdadeOn\" \/>\n\t<meta name=\"twitter:label2\" content=\"Est. tempo de leitura\" \/>\n\t<meta name=\"twitter:data2\" content=\"3 minutos\" \/>\n<script type=\"application\/ld+json\" class=\"yoast-schema-graph\">{\"@context\":\"https:\/\/schema.org\",\"@graph\":[{\"@type\":\"WebPage\",\"@id\":\"https:\/\/verdadeon.com.br\/portal\/2026\/09\/05\/seis-cidades-da-regiao-recebem-avaliacoes-negativas-em-ranking-de-transparencia-publica\/\",\"url\":\"https:\/\/verdadeon.com.br\/portal\/2026\/09\/05\/seis-cidades-da-regiao-recebem-avaliacoes-negativas-em-ranking-de-transparencia-publica\/\",\"name\":\"Seis cidades da regi\u00e3o recebem avalia\u00e7\u00f5es negativas em ranking de transpar\u00eancia p\u00fablica - VerdadeOn\",\"isPartOf\":{\"@id\":\"https:\/\/verdadeon.com.br\/portal\/#website\"},\"primaryImageOfPage\":{\"@id\":\"https:\/\/verdadeon.com.br\/portal\/2026\/09\/05\/seis-cidades-da-regiao-recebem-avaliacoes-negativas-em-ranking-de-transparencia-publica\/#primaryimage\"},\"image\":{\"@id\":\"https:\/\/verdadeon.com.br\/portal\/2026\/09\/05\/seis-cidades-da-regiao-recebem-avaliacoes-negativas-em-ranking-de-transparencia-publica\/#primaryimage\"},\"thumbnailUrl\":\"https:\/\/i0.wp.com\/verdadeon.com.br\/portal\/wp-content\/uploads\/2020\/03\/WhatsApp-Image-2020-03-26-at-10.13.35.jpeg?fit=1000%2C670&ssl=1\",\"datePublished\":\"2026-09-05T12:00:00+00:00\",\"author\":{\"@id\":\"https:\/\/verdadeon.com.br\/portal\/#\/schema\/person\/a5060ad1e9ea3df545188fc93ce43d2f\"},\"breadcrumb\":{\"@id\":\"https:\/\/verdadeon.com.br\/portal\/2026\/09\/05\/seis-cidades-da-regiao-recebem-avaliacoes-negativas-em-ranking-de-transparencia-publica\/#breadcrumb\"},\"inLanguage\":\"pt-BR\",\"potentialAction\":[{\"@type\":\"ReadAction\",\"target\":[\"https:\/\/verdadeon.com.br\/portal\/2026\/09\/05\/seis-cidades-da-regiao-recebem-avaliacoes-negativas-em-ranking-de-transparencia-publica\/\"]}]},{\"@type\":\"ImageObject\",\"inLanguage\":\"pt-BR\",\"@id\":\"https:\/\/verdadeon.com.br\/portal\/2026\/09\/05\/seis-cidades-da-regiao-recebem-avaliacoes-negativas-em-ranking-de-transparencia-publica\/#primaryimage\",\"url\":\"https:\/\/i0.wp.com\/verdadeon.com.br\/portal\/wp-content\/uploads\/2020\/03\/WhatsApp-Image-2020-03-26-at-10.13.35.jpeg?fit=1000%2C670&ssl=1\",\"contentUrl\":\"https:\/\/i0.wp.com\/verdadeon.com.br\/portal\/wp-content\/uploads\/2020\/03\/WhatsApp-Image-2020-03-26-at-10.13.35.jpeg?fit=1000%2C670&ssl=1\",\"width\":1000,\"height\":670,\"caption\":\"S\u00e3o Joaquim da Barra ocupa a pior posi\u00e7\u00e3o entre as cidades avaliadas como \\\"ruim\\\" em ranking de transpar\u00eancia (\u00a9Prefeitura\/Divulga\u00e7\u00e3o)\"},{\"@type\":\"BreadcrumbList\",\"@id\":\"https:\/\/verdadeon.com.br\/portal\/2026\/09\/05\/seis-cidades-da-regiao-recebem-avaliacoes-negativas-em-ranking-de-transparencia-publica\/#breadcrumb\",\"itemListElement\":[{\"@type\":\"ListItem\",\"position\":1,\"name\":\"In\u00edcio\",\"item\":\"https:\/\/verdadeon.com.br\/portal\/\"},{\"@type\":\"ListItem\",\"position\":2,\"name\":\"Seis cidades da regi\u00e3o recebem avalia\u00e7\u00f5es negativas em ranking de transpar\u00eancia p\u00fablica\"}]},{\"@type\":\"WebSite\",\"@id\":\"https:\/\/verdadeon.com.br\/portal\/#website\",\"url\":\"https:\/\/verdadeon.com.br\/portal\/\",\"name\":\"VerdadeOn\",\"description\":\"Not\u00edcias di\u00e1rias sobre Franca, Regi\u00e3o, Esporte, Cultura, Cotidiano, Colunas. Cobertura nos principais eventos da cidade \u00e9 aqui - Verdadeon Franca\",\"potentialAction\":[{\"@type\":\"SearchAction\",\"target\":{\"@type\":\"EntryPoint\",\"urlTemplate\":\"https:\/\/verdadeon.com.br\/portal\/?s={search_term_string}\"},\"query-input\":{\"@type\":\"PropertyValueSpecification\",\"valueRequired\":true,\"valueName\":\"search_term_string\"}}],\"inLanguage\":\"pt-BR\"},{\"@type\":\"Person\",\"@id\":\"https:\/\/verdadeon.com.br\/portal\/#\/schema\/person\/a5060ad1e9ea3df545188fc93ce43d2f\",\"name\":\"Redacao VerdadeOn\",\"image\":{\"@type\":\"ImageObject\",\"inLanguage\":\"pt-BR\",\"@id\":\"https:\/\/verdadeon.com.br\/portal\/#\/schema\/person\/image\/\",\"url\":\"https:\/\/secure.gravatar.com\/avatar\/459a9613caaaf07f582c3d0841eea68bdd66f533e465e6ba8b9cb45619572cf4?s=96&d=mm&r=g\",\"contentUrl\":\"https:\/\/secure.gravatar.com\/avatar\/459a9613caaaf07f582c3d0841eea68bdd66f533e465e6ba8b9cb45619572cf4?s=96&d=mm&r=g\",\"caption\":\"Redacao VerdadeOn\"},\"url\":\"https:\/\/verdadeon.com.br\/portal\/author\/redacao\/\"}]}<\/script>\n<!-- \/ Yoast SEO plugin. -->","yoast_head_json":{"title":"Seis cidades da regi\u00e3o recebem avalia\u00e7\u00f5es negativas em ranking de transpar\u00eancia p\u00fablica - VerdadeOn","robots":{"index":"index","follow":"follow","max-snippet":"max-snippet:-1","max-image-preview":"max-image-preview:large","max-video-preview":"max-video-preview:-1"},"canonical":"https:\/\/verdadeon.com.br\/portal\/2026\/09\/05\/seis-cidades-da-regiao-recebem-avaliacoes-negativas-em-ranking-de-transparencia-publica\/","og_locale":"pt_BR","og_type":"article","og_title":"Seis cidades da regi\u00e3o recebem avalia\u00e7\u00f5es negativas em ranking de transpar\u00eancia p\u00fablica - VerdadeOn","og_description":"Estudo divulgado pelo OSB-Franca coloca seis munic\u00edpios com classifica\u00e7\u00e3o &#8220;ruim&#8221;; entre os regulares, Franca ocupa 3\u00b0 lugar Por Pedro Maia Editor-chefe O \u00cdndice de Transpar\u00eancia e [\u2026]","og_url":"https:\/\/verdadeon.com.br\/portal\/2026\/09\/05\/seis-cidades-da-regiao-recebem-avaliacoes-negativas-em-ranking-de-transparencia-publica\/","og_site_name":"VerdadeOn","article_published_time":"2026-09-05T12:00:00+00:00","og_image":[{"width":1000,"height":670,"url":"https:\/\/i0.wp.com\/verdadeon.com.br\/portal\/wp-content\/uploads\/2020\/03\/WhatsApp-Image-2020-03-26-at-10.13.35.jpeg?fit=1000%2C670&ssl=1","type":"image\/jpeg"}],"author":"Redacao VerdadeOn","twitter_card":"summary_large_image","twitter_misc":{"Escrito por":"Redacao VerdadeOn","Est. tempo de leitura":"3 minutos"},"schema":{"@context":"https:\/\/schema.org","@graph":[{"@type":"WebPage","@id":"https:\/\/verdadeon.com.br\/portal\/2026\/09\/05\/seis-cidades-da-regiao-recebem-avaliacoes-negativas-em-ranking-de-transparencia-publica\/","url":"https:\/\/verdadeon.com.br\/portal\/2026\/09\/05\/seis-cidades-da-regiao-recebem-avaliacoes-negativas-em-ranking-de-transparencia-publica\/","name":"Seis cidades da regi\u00e3o recebem avalia\u00e7\u00f5es negativas em ranking de transpar\u00eancia p\u00fablica - VerdadeOn","isPartOf":{"@id":"https:\/\/verdadeon.com.br\/portal\/#website"},"primaryImageOfPage":{"@id":"https:\/\/verdadeon.com.br\/portal\/2026\/09\/05\/seis-cidades-da-regiao-recebem-avaliacoes-negativas-em-ranking-de-transparencia-publica\/#primaryimage"},"image":{"@id":"https:\/\/verdadeon.com.br\/portal\/2026\/09\/05\/seis-cidades-da-regiao-recebem-avaliacoes-negativas-em-ranking-de-transparencia-publica\/#primaryimage"},"thumbnailUrl":"https:\/\/i0.wp.com\/verdadeon.com.br\/portal\/wp-content\/uploads\/2020\/03\/WhatsApp-Image-2020-03-26-at-10.13.35.jpeg?fit=1000%2C670&ssl=1","datePublished":"2026-09-05T12:00:00+00:00","author":{"@id":"https:\/\/verdadeon.com.br\/portal\/#\/schema\/person\/a5060ad1e9ea3df545188fc93ce43d2f"},"breadcrumb":{"@id":"https:\/\/verdadeon.com.br\/portal\/2026\/09\/05\/seis-cidades-da-regiao-recebem-avaliacoes-negativas-em-ranking-de-transparencia-publica\/#breadcrumb"},"inLanguage":"pt-BR","potentialAction":[{"@type":"ReadAction","target":["https:\/\/verdadeon.com.br\/portal\/2026\/09\/05\/seis-cidades-da-regiao-recebem-avaliacoes-negativas-em-ranking-de-transparencia-publica\/"]}]},{"@type":"ImageObject","inLanguage":"pt-BR","@id":"https:\/\/verdadeon.com.br\/portal\/2026\/09\/05\/seis-cidades-da-regiao-recebem-avaliacoes-negativas-em-ranking-de-transparencia-publica\/#primaryimage","url":"https:\/\/i0.wp.com\/verdadeon.com.br\/portal\/wp-content\/uploads\/2020\/03\/WhatsApp-Image-2020-03-26-at-10.13.35.jpeg?fit=1000%2C670&ssl=1","contentUrl":"https:\/\/i0.wp.com\/verdadeon.com.br\/portal\/wp-content\/uploads\/2020\/03\/WhatsApp-Image-2020-03-26-at-10.13.35.jpeg?fit=1000%2C670&ssl=1","width":1000,"height":670,"caption":"S\u00e3o Joaquim da Barra ocupa a pior posi\u00e7\u00e3o entre as cidades avaliadas como \"ruim\" em ranking de transpar\u00eancia (\u00a9Prefeitura\/Divulga\u00e7\u00e3o)"},{"@type":"BreadcrumbList","@id":"https:\/\/verdadeon.com.br\/portal\/2026\/09\/05\/seis-cidades-da-regiao-recebem-avaliacoes-negativas-em-ranking-de-transparencia-publica\/#breadcrumb","itemListElement":[{"@type":"ListItem","position":1,"name":"In\u00edcio","item":"https:\/\/verdadeon.com.br\/portal\/"},{"@type":"ListItem","position":2,"name":"Seis cidades da regi\u00e3o recebem avalia\u00e7\u00f5es negativas em ranking de transpar\u00eancia p\u00fablica"}]},{"@type":"WebSite","@id":"https:\/\/verdadeon.com.br\/portal\/#website","url":"https:\/\/verdadeon.com.br\/portal\/","name":"VerdadeOn","description":"Not\u00edcias di\u00e1rias sobre Franca, Regi\u00e3o, Esporte, Cultura, Cotidiano, Colunas. Cobertura nos principais eventos da cidade \u00e9 aqui - Verdadeon Franca","potentialAction":[{"@type":"SearchAction","target":{"@type":"EntryPoint","urlTemplate":"https:\/\/verdadeon.com.br\/portal\/?s={search_term_string}"},"query-input":{"@type":"PropertyValueSpecification","valueRequired":true,"valueName":"search_term_string"}}],"inLanguage":"pt-BR"},{"@type":"Person","@id":"https:\/\/verdadeon.com.br\/portal\/#\/schema\/person\/a5060ad1e9ea3df545188fc93ce43d2f","name":"Redacao VerdadeOn","image":{"@type":"ImageObject","inLanguage":"pt-BR","@id":"https:\/\/verdadeon.com.br\/portal\/#\/schema\/person\/image\/","url":"https:\/\/secure.gravatar.com\/avatar\/459a9613caaaf07f582c3d0841eea68bdd66f533e465e6ba8b9cb45619572cf4?s=96&d=mm&r=g","contentUrl":"https:\/\/secure.gravatar.com\/avatar\/459a9613caaaf07f582c3d0841eea68bdd66f533e465e6ba8b9cb45619572cf4?s=96&d=mm&r=g","caption":"Redacao VerdadeOn"},"url":"https:\/\/verdadeon.com.br\/portal\/author\/redacao\/"}]}},"jetpack_publicize_connections":[],"jetpack_featured_media_url":"https:\/\/i0.wp.com\/verdadeon.com.br\/portal\/wp-content\/uploads\/2020\/03\/WhatsApp-Image-2020-03-26-at-10.13.35.jpeg?fit=1000%2C670&ssl=1","jetpack_sharing_enabled":true,"_links":{"self":[{"href":"https:\/\/verdadeon.com.br\/portal\/wp-json\/wp\/v2\/posts\/70212","targetHints":{"allow":["GET"]}}],"collection":[{"href":"https:\/\/verdadeon.com.br\/portal\/wp-json\/wp\/v2\/posts"}],"about":[{"href":"https:\/\/verdadeon.com.br\/portal\/wp-json\/wp\/v2\/types\/post"}],"author":[{"embeddable":true,"href":"https:\/\/verdadeon.com.br\/portal\/wp-json\/wp\/v2\/users\/10"}],"replies":[{"embeddable":true,"href":"https:\/\/verdadeon.com.br\/portal\/wp-json\/wp\/v2\/comments?post=70212"}],"version-history":[{"count":4,"href":"https:\/\/verdadeon.com.br\/portal\/wp-json\/wp\/v2\/posts\/70212\/revisions"}],"predecessor-version":[{"id":70229,"href":"https:\/\/verdadeon.com.br\/portal\/wp-json\/wp\/v2\/posts\/70212\/revisions\/70229"}],"wp:featuredmedia":[{"embeddable":true,"href":"https:\/\/verdadeon.com.br\/portal\/wp-json\/wp\/v2\/media\/5703"}],"wp:attachment":[{"href":"https:\/\/verdadeon.com.br\/portal\/wp-json\/wp\/v2\/media?parent=70212"}],"wp:term":[{"taxonomy":"category","embeddable":true,"href":"https:\/\/verdadeon.com.br\/portal\/wp-json\/wp\/v2\/categories?post=70212"},{"taxonomy":"post_tag","embeddable":true,"href":"https:\/\/verdadeon.com.br\/portal\/wp-json\/wp\/v2\/tags?post=70212"}],"curies":[{"name":"wp","href":"https:\/\/api.w.org\/{rel}","templated":true}]}}