{"id":70209,"date":"2026-08-31T12:32:01","date_gmt":"2026-08-31T15:32:01","guid":{"rendered":"https:\/\/verdadeon.com.br\/portal\/?p=70209"},"modified":"2026-08-31T12:32:01","modified_gmt":"2026-08-31T15:32:01","slug":"aleitamento-materno-um-cuidado-que-merece-atencao-e-apoio-em-todas-as-fases","status":"publish","type":"post","link":"https:\/\/verdadeon.com.br\/portal\/2026\/08\/31\/aleitamento-materno-um-cuidado-que-merece-atencao-e-apoio-em-todas-as-fases\/","title":{"rendered":"Aleitamento materno: um cuidado que merece aten\u00e7\u00e3o e apoio em todas as fases"},"content":{"rendered":"<p>O aleitamento materno \u00e9 uma das formas mais importantes de promover sa\u00fade desde os primeiros dias de vida. Mais do que uma fonte de nutrientes, o leite materno contribui para o crescimento e o desenvolvimento do beb\u00ea, fortalece o sistema imunol\u00f3gico e ajuda a reduzir o risco de diversas infec\u00e7\u00f5es. Para a m\u00e3e, a amamenta\u00e7\u00e3o tamb\u00e9m est\u00e1 associada a benef\u00edcios importantes para a sa\u00fade, como a redu\u00e7\u00e3o do risco de c\u00e2ncer de mama e ov\u00e1rio e o aux\u00edlio na recupera\u00e7\u00e3o ap\u00f3s o parto.<\/p>\n<p>Ao longo de agosto, a conscientiza\u00e7\u00e3o sobre o tema ganha ainda mais espa\u00e7o por meio do <strong>Agosto Dourado<\/strong>, movimento que refor\u00e7a a import\u00e2ncia da amamenta\u00e7\u00e3o e da cria\u00e7\u00e3o de uma rede de apoio \u00e0s fam\u00edlias. A mobiliza\u00e7\u00e3o, no entanto, vai al\u00e9m do calend\u00e1rio: informa\u00e7\u00e3o, orienta\u00e7\u00e3o e acolhimento s\u00e3o fundamentais em todas as etapas da gesta\u00e7\u00e3o e do p\u00f3s-parto.<\/p>\n<p>Embora seja um processo natural, amamentar nem sempre acontece de forma simples. <strong>D\u00favidas<\/strong>, <strong>dificuldades na pega<\/strong>, <strong>desconfortos e inseguran\u00e7as<\/strong> podem fazer parte desse per\u00edodo. Por isso, contar com acompanhamento profissional pode fazer a diferen\u00e7a, oferecendo orienta\u00e7\u00f5es individualizadas e ajudando m\u00e3es e fam\u00edlias a atravessarem essa fase com mais seguran\u00e7a e tranquilidade.<\/p>\n<p>Na <strong>Santa Casa Mais \u2013 Cl\u00ednica Particular<\/strong>, esse <strong>cuidado pode come\u00e7ar ainda no pr\u00e9-natal e continuar ap\u00f3s o nascimento<\/strong>. A cl\u00ednica re\u00fane especialidades como <strong>Ginecologia e Obstetr\u00edcia<\/strong>, <strong>Pediatria<\/strong>, <strong>Nutri\u00e7\u00e3o <\/strong>e <strong>Psicologia<\/strong>, proporcionando um acompanhamento integrado para m\u00e3es e beb\u00eas.<\/p>\n<p>Promover o aleitamento materno tamb\u00e9m significa olhar para quem amamenta. Ter informa\u00e7\u00e3o de qualidade, acesso a profissionais capacitados e uma rede de apoio faz parte de um cuidado integral, que considera n\u00e3o apenas a sa\u00fade do beb\u00ea, mas tamb\u00e9m o bem-estar f\u00edsico e emocional da m\u00e3e.<\/p>\n<p>A conscientiza\u00e7\u00e3o pode ganhar for\u00e7a em determinados per\u00edodos do ano, mas o cuidado com a amamenta\u00e7\u00e3o n\u00e3o tem prazo para terminar. Informa\u00e7\u00e3o, acolhimento e acompanhamento profissional podem contribuir para uma experi\u00eancia mais segura e positiva para toda a fam\u00edlia.<\/p>\n<p><strong>Santa Casa Mais \u2013 Cl\u00ednica Particular. Cuidado pr\u00f3ximo, completo e especializado para acompanhar voc\u00ea e sua fam\u00edlia em cada etapa.<\/strong><\/p>\n","protected":false},"excerpt":{"rendered":"<p>O aleitamento materno \u00e9 uma das formas mais importantes de promover sa\u00fade desde os primeiros dias de vida. Mais do que uma fonte de nutrientes, o<span class=\"excerpt-hellip\"> [\u2026]<\/span><\/p>\n","protected":false},"author":10,"featured_media":70210,"comment_status":"open","ping_status":"open","sticky":false,"template":"","format":"standard","meta":{"_jetpack_memberships_contains_paid_content":false,"footnotes":"","jetpack_publicize_message":"","jetpack_publicize_feature_enabled":true,"jetpack_social_post_already_shared":true,"jetpack_social_options":{"image_generator_settings":{"template":"highway","default_image_id":0,"enabled":false},"version":2}},"categories":[28,44],"tags":[],"class_list":["post-70209","post","type-post","status-publish","format-standard","has-post-thumbnail","hentry","category-cotidiano","category-noticias"],"yoast_head":"<!-- This site is optimized with the Yoast SEO plugin v25.6 - https:\/\/yoast.com\/wordpress\/plugins\/seo\/ -->\n<title>Aleitamento materno: um cuidado que merece aten\u00e7\u00e3o e apoio em todas as fases - VerdadeOn<\/title>\n<meta name=\"robots\" content=\"index, follow, max-snippet:-1, max-image-preview:large, max-video-preview:-1\" \/>\n<link rel=\"canonical\" href=\"https:\/\/verdadeon.com.br\/portal\/2026\/08\/31\/aleitamento-materno-um-cuidado-que-merece-atencao-e-apoio-em-todas-as-fases\/\" \/>\n<meta property=\"og:locale\" content=\"pt_BR\" \/>\n<meta property=\"og:type\" content=\"article\" \/>\n<meta property=\"og:title\" content=\"Aleitamento materno: um cuidado que merece aten\u00e7\u00e3o e apoio em todas as fases - VerdadeOn\" \/>\n<meta property=\"og:description\" content=\"O aleitamento materno \u00e9 uma das formas mais importantes de promover sa\u00fade desde os primeiros dias de vida. Mais do que uma fonte de nutrientes, o [\u2026]\" \/>\n<meta property=\"og:url\" content=\"https:\/\/verdadeon.com.br\/portal\/2026\/08\/31\/aleitamento-materno-um-cuidado-que-merece-atencao-e-apoio-em-todas-as-fases\/\" \/>\n<meta property=\"og:site_name\" content=\"VerdadeOn\" \/>\n<meta property=\"article:published_time\" content=\"2026-08-31T15:32:01+00:00\" \/>\n<meta property=\"og:image\" content=\"https:\/\/verdadeon.com.br\/portal\/wp-content\/uploads\/2026\/08\/WhatsApp-Image-2026-08-31-at-12.22.41.jpeg\" \/>\n\t<meta property=\"og:image:width\" content=\"1600\" \/>\n\t<meta property=\"og:image:height\" content=\"1142\" \/>\n\t<meta property=\"og:image:type\" content=\"image\/jpeg\" \/>\n<meta name=\"author\" content=\"Redacao VerdadeOn\" \/>\n<meta name=\"twitter:card\" content=\"summary_large_image\" \/>\n<meta name=\"twitter:label1\" content=\"Escrito por\" \/>\n\t<meta name=\"twitter:data1\" content=\"Redacao VerdadeOn\" \/>\n\t<meta name=\"twitter:label2\" content=\"Est. tempo de leitura\" \/>\n\t<meta name=\"twitter:data2\" content=\"3 minutos\" \/>\n<script type=\"application\/ld+json\" class=\"yoast-schema-graph\">{\"@context\":\"https:\/\/schema.org\",\"@graph\":[{\"@type\":\"WebPage\",\"@id\":\"https:\/\/verdadeon.com.br\/portal\/2026\/08\/31\/aleitamento-materno-um-cuidado-que-merece-atencao-e-apoio-em-todas-as-fases\/\",\"url\":\"https:\/\/verdadeon.com.br\/portal\/2026\/08\/31\/aleitamento-materno-um-cuidado-que-merece-atencao-e-apoio-em-todas-as-fases\/\",\"name\":\"Aleitamento materno: um cuidado que merece aten\u00e7\u00e3o e apoio em todas as fases - VerdadeOn\",\"isPartOf\":{\"@id\":\"https:\/\/verdadeon.com.br\/portal\/#website\"},\"primaryImageOfPage\":{\"@id\":\"https:\/\/verdadeon.com.br\/portal\/2026\/08\/31\/aleitamento-materno-um-cuidado-que-merece-atencao-e-apoio-em-todas-as-fases\/#primaryimage\"},\"image\":{\"@id\":\"https:\/\/verdadeon.com.br\/portal\/2026\/08\/31\/aleitamento-materno-um-cuidado-que-merece-atencao-e-apoio-em-todas-as-fases\/#primaryimage\"},\"thumbnailUrl\":\"https:\/\/i0.wp.com\/verdadeon.com.br\/portal\/wp-content\/uploads\/2026\/08\/WhatsApp-Image-2026-08-31-at-12.22.41.jpeg?fit=1600%2C1142&ssl=1\",\"datePublished\":\"2026-08-31T15:32:01+00:00\",\"author\":{\"@id\":\"https:\/\/verdadeon.com.br\/portal\/#\/schema\/person\/a5060ad1e9ea3df545188fc93ce43d2f\"},\"breadcrumb\":{\"@id\":\"https:\/\/verdadeon.com.br\/portal\/2026\/08\/31\/aleitamento-materno-um-cuidado-que-merece-atencao-e-apoio-em-todas-as-fases\/#breadcrumb\"},\"inLanguage\":\"pt-BR\",\"potentialAction\":[{\"@type\":\"ReadAction\",\"target\":[\"https:\/\/verdadeon.com.br\/portal\/2026\/08\/31\/aleitamento-materno-um-cuidado-que-merece-atencao-e-apoio-em-todas-as-fases\/\"]}]},{\"@type\":\"ImageObject\",\"inLanguage\":\"pt-BR\",\"@id\":\"https:\/\/verdadeon.com.br\/portal\/2026\/08\/31\/aleitamento-materno-um-cuidado-que-merece-atencao-e-apoio-em-todas-as-fases\/#primaryimage\",\"url\":\"https:\/\/i0.wp.com\/verdadeon.com.br\/portal\/wp-content\/uploads\/2026\/08\/WhatsApp-Image-2026-08-31-at-12.22.41.jpeg?fit=1600%2C1142&ssl=1\",\"contentUrl\":\"https:\/\/i0.wp.com\/verdadeon.com.br\/portal\/wp-content\/uploads\/2026\/08\/WhatsApp-Image-2026-08-31-at-12.22.41.jpeg?fit=1600%2C1142&ssl=1\",\"width\":1600,\"height\":1142,\"caption\":\"(\u00a9Divulga\u00e7\u00e3o\/Santa Casa de Franca)\"},{\"@type\":\"BreadcrumbList\",\"@id\":\"https:\/\/verdadeon.com.br\/portal\/2026\/08\/31\/aleitamento-materno-um-cuidado-que-merece-atencao-e-apoio-em-todas-as-fases\/#breadcrumb\",\"itemListElement\":[{\"@type\":\"ListItem\",\"position\":1,\"name\":\"In\u00edcio\",\"item\":\"https:\/\/verdadeon.com.br\/portal\/\"},{\"@type\":\"ListItem\",\"position\":2,\"name\":\"Aleitamento materno: um cuidado que merece aten\u00e7\u00e3o e apoio em todas as fases\"}]},{\"@type\":\"WebSite\",\"@id\":\"https:\/\/verdadeon.com.br\/portal\/#website\",\"url\":\"https:\/\/verdadeon.com.br\/portal\/\",\"name\":\"VerdadeOn\",\"description\":\"Not\u00edcias di\u00e1rias sobre Franca, Regi\u00e3o, Esporte, Cultura, Cotidiano, Colunas. Cobertura nos principais eventos da cidade \u00e9 aqui - Verdadeon Franca\",\"potentialAction\":[{\"@type\":\"SearchAction\",\"target\":{\"@type\":\"EntryPoint\",\"urlTemplate\":\"https:\/\/verdadeon.com.br\/portal\/?s={search_term_string}\"},\"query-input\":{\"@type\":\"PropertyValueSpecification\",\"valueRequired\":true,\"valueName\":\"search_term_string\"}}],\"inLanguage\":\"pt-BR\"},{\"@type\":\"Person\",\"@id\":\"https:\/\/verdadeon.com.br\/portal\/#\/schema\/person\/a5060ad1e9ea3df545188fc93ce43d2f\",\"name\":\"Redacao VerdadeOn\",\"image\":{\"@type\":\"ImageObject\",\"inLanguage\":\"pt-BR\",\"@id\":\"https:\/\/verdadeon.com.br\/portal\/#\/schema\/person\/image\/\",\"url\":\"https:\/\/secure.gravatar.com\/avatar\/459a9613caaaf07f582c3d0841eea68bdd66f533e465e6ba8b9cb45619572cf4?s=96&d=mm&r=g\",\"contentUrl\":\"https:\/\/secure.gravatar.com\/avatar\/459a9613caaaf07f582c3d0841eea68bdd66f533e465e6ba8b9cb45619572cf4?s=96&d=mm&r=g\",\"caption\":\"Redacao VerdadeOn\"},\"url\":\"https:\/\/verdadeon.com.br\/portal\/author\/redacao\/\"}]}<\/script>\n<!-- \/ Yoast SEO plugin. -->","yoast_head_json":{"title":"Aleitamento materno: um cuidado que merece aten\u00e7\u00e3o e apoio em todas as fases - VerdadeOn","robots":{"index":"index","follow":"follow","max-snippet":"max-snippet:-1","max-image-preview":"max-image-preview:large","max-video-preview":"max-video-preview:-1"},"canonical":"https:\/\/verdadeon.com.br\/portal\/2026\/08\/31\/aleitamento-materno-um-cuidado-que-merece-atencao-e-apoio-em-todas-as-fases\/","og_locale":"pt_BR","og_type":"article","og_title":"Aleitamento materno: um cuidado que merece aten\u00e7\u00e3o e apoio em todas as fases - VerdadeOn","og_description":"O aleitamento materno \u00e9 uma das formas mais importantes de promover sa\u00fade desde os primeiros dias de vida. Mais do que uma fonte de nutrientes, o [\u2026]","og_url":"https:\/\/verdadeon.com.br\/portal\/2026\/08\/31\/aleitamento-materno-um-cuidado-que-merece-atencao-e-apoio-em-todas-as-fases\/","og_site_name":"VerdadeOn","article_published_time":"2026-08-31T15:32:01+00:00","og_image":[{"width":1600,"height":1142,"url":"https:\/\/verdadeon.com.br\/portal\/wp-content\/uploads\/2026\/08\/WhatsApp-Image-2026-08-31-at-12.22.41.jpeg","type":"image\/jpeg"}],"author":"Redacao VerdadeOn","twitter_card":"summary_large_image","twitter_misc":{"Escrito por":"Redacao VerdadeOn","Est. tempo de leitura":"3 minutos"},"schema":{"@context":"https:\/\/schema.org","@graph":[{"@type":"WebPage","@id":"https:\/\/verdadeon.com.br\/portal\/2026\/08\/31\/aleitamento-materno-um-cuidado-que-merece-atencao-e-apoio-em-todas-as-fases\/","url":"https:\/\/verdadeon.com.br\/portal\/2026\/08\/31\/aleitamento-materno-um-cuidado-que-merece-atencao-e-apoio-em-todas-as-fases\/","name":"Aleitamento materno: um cuidado que merece aten\u00e7\u00e3o e apoio em todas as fases - VerdadeOn","isPartOf":{"@id":"https:\/\/verdadeon.com.br\/portal\/#website"},"primaryImageOfPage":{"@id":"https:\/\/verdadeon.com.br\/portal\/2026\/08\/31\/aleitamento-materno-um-cuidado-que-merece-atencao-e-apoio-em-todas-as-fases\/#primaryimage"},"image":{"@id":"https:\/\/verdadeon.com.br\/portal\/2026\/08\/31\/aleitamento-materno-um-cuidado-que-merece-atencao-e-apoio-em-todas-as-fases\/#primaryimage"},"thumbnailUrl":"https:\/\/i0.wp.com\/verdadeon.com.br\/portal\/wp-content\/uploads\/2026\/08\/WhatsApp-Image-2026-08-31-at-12.22.41.jpeg?fit=1600%2C1142&ssl=1","datePublished":"2026-08-31T15:32:01+00:00","author":{"@id":"https:\/\/verdadeon.com.br\/portal\/#\/schema\/person\/a5060ad1e9ea3df545188fc93ce43d2f"},"breadcrumb":{"@id":"https:\/\/verdadeon.com.br\/portal\/2026\/08\/31\/aleitamento-materno-um-cuidado-que-merece-atencao-e-apoio-em-todas-as-fases\/#breadcrumb"},"inLanguage":"pt-BR","potentialAction":[{"@type":"ReadAction","target":["https:\/\/verdadeon.com.br\/portal\/2026\/08\/31\/aleitamento-materno-um-cuidado-que-merece-atencao-e-apoio-em-todas-as-fases\/"]}]},{"@type":"ImageObject","inLanguage":"pt-BR","@id":"https:\/\/verdadeon.com.br\/portal\/2026\/08\/31\/aleitamento-materno-um-cuidado-que-merece-atencao-e-apoio-em-todas-as-fases\/#primaryimage","url":"https:\/\/i0.wp.com\/verdadeon.com.br\/portal\/wp-content\/uploads\/2026\/08\/WhatsApp-Image-2026-08-31-at-12.22.41.jpeg?fit=1600%2C1142&ssl=1","contentUrl":"https:\/\/i0.wp.com\/verdadeon.com.br\/portal\/wp-content\/uploads\/2026\/08\/WhatsApp-Image-2026-08-31-at-12.22.41.jpeg?fit=1600%2C1142&ssl=1","width":1600,"height":1142,"caption":"(\u00a9Divulga\u00e7\u00e3o\/Santa Casa de Franca)"},{"@type":"BreadcrumbList","@id":"https:\/\/verdadeon.com.br\/portal\/2026\/08\/31\/aleitamento-materno-um-cuidado-que-merece-atencao-e-apoio-em-todas-as-fases\/#breadcrumb","itemListElement":[{"@type":"ListItem","position":1,"name":"In\u00edcio","item":"https:\/\/verdadeon.com.br\/portal\/"},{"@type":"ListItem","position":2,"name":"Aleitamento materno: um cuidado que merece aten\u00e7\u00e3o e apoio em todas as fases"}]},{"@type":"WebSite","@id":"https:\/\/verdadeon.com.br\/portal\/#website","url":"https:\/\/verdadeon.com.br\/portal\/","name":"VerdadeOn","description":"Not\u00edcias di\u00e1rias sobre Franca, Regi\u00e3o, Esporte, Cultura, Cotidiano, Colunas. Cobertura nos principais eventos da cidade \u00e9 aqui - Verdadeon Franca","potentialAction":[{"@type":"SearchAction","target":{"@type":"EntryPoint","urlTemplate":"https:\/\/verdadeon.com.br\/portal\/?s={search_term_string}"},"query-input":{"@type":"PropertyValueSpecification","valueRequired":true,"valueName":"search_term_string"}}],"inLanguage":"pt-BR"},{"@type":"Person","@id":"https:\/\/verdadeon.com.br\/portal\/#\/schema\/person\/a5060ad1e9ea3df545188fc93ce43d2f","name":"Redacao VerdadeOn","image":{"@type":"ImageObject","inLanguage":"pt-BR","@id":"https:\/\/verdadeon.com.br\/portal\/#\/schema\/person\/image\/","url":"https:\/\/secure.gravatar.com\/avatar\/459a9613caaaf07f582c3d0841eea68bdd66f533e465e6ba8b9cb45619572cf4?s=96&d=mm&r=g","contentUrl":"https:\/\/secure.gravatar.com\/avatar\/459a9613caaaf07f582c3d0841eea68bdd66f533e465e6ba8b9cb45619572cf4?s=96&d=mm&r=g","caption":"Redacao VerdadeOn"},"url":"https:\/\/verdadeon.com.br\/portal\/author\/redacao\/"}]}},"jetpack_publicize_connections":[],"jetpack_featured_media_url":"https:\/\/i0.wp.com\/verdadeon.com.br\/portal\/wp-content\/uploads\/2026\/08\/WhatsApp-Image-2026-08-31-at-12.22.41.jpeg?fit=1600%2C1142&ssl=1","jetpack_sharing_enabled":true,"_links":{"self":[{"href":"https:\/\/verdadeon.com.br\/portal\/wp-json\/wp\/v2\/posts\/70209","targetHints":{"allow":["GET"]}}],"collection":[{"href":"https:\/\/verdadeon.com.br\/portal\/wp-json\/wp\/v2\/posts"}],"about":[{"href":"https:\/\/verdadeon.com.br\/portal\/wp-json\/wp\/v2\/types\/post"}],"author":[{"embeddable":true,"href":"https:\/\/verdadeon.com.br\/portal\/wp-json\/wp\/v2\/users\/10"}],"replies":[{"embeddable":true,"href":"https:\/\/verdadeon.com.br\/portal\/wp-json\/wp\/v2\/comments?post=70209"}],"version-history":[{"count":1,"href":"https:\/\/verdadeon.com.br\/portal\/wp-json\/wp\/v2\/posts\/70209\/revisions"}],"predecessor-version":[{"id":70211,"href":"https:\/\/verdadeon.com.br\/portal\/wp-json\/wp\/v2\/posts\/70209\/revisions\/70211"}],"wp:featuredmedia":[{"embeddable":true,"href":"https:\/\/verdadeon.com.br\/portal\/wp-json\/wp\/v2\/media\/70210"}],"wp:attachment":[{"href":"https:\/\/verdadeon.com.br\/portal\/wp-json\/wp\/v2\/media?parent=70209"}],"wp:term":[{"taxonomy":"category","embeddable":true,"href":"https:\/\/verdadeon.com.br\/portal\/wp-json\/wp\/v2\/categories?post=70209"},{"taxonomy":"post_tag","embeddable":true,"href":"https:\/\/verdadeon.com.br\/portal\/wp-json\/wp\/v2\/tags?post=70209"}],"curies":[{"name":"wp","href":"https:\/\/api.w.org\/{rel}","templated":true}]}}