{"id":70199,"date":"2026-08-31T11:47:14","date_gmt":"2026-08-31T14:47:14","guid":{"rendered":"https:\/\/verdadeon.com.br\/portal\/?p=70199"},"modified":"2026-08-31T11:47:14","modified_gmt":"2026-08-31T14:47:14","slug":"audiencia-publica-discute-papel-da-guarda-civil-na-seguranca-publica-de-franca","status":"publish","type":"post","link":"https:\/\/verdadeon.com.br\/portal\/2026\/08\/31\/audiencia-publica-discute-papel-da-guarda-civil-na-seguranca-publica-de-franca\/","title":{"rendered":"Audi\u00eancia p\u00fablica discute papel da Guarda Civil na seguran\u00e7a p\u00fablica de Franca"},"content":{"rendered":"<h2>Reuni\u00e3o servir\u00e1 para debater a necessidade de investimento, estrutura e valoriza\u00e7\u00e3o da corpora\u00e7\u00e3o<\/h2>\n<p>A C\u00e2mara Municipal de Franca realiza na quarta-feira, 2 de setembro, \u00e0s 18h, no Plen\u00e1rio da Casa de Leis francana, uma audi\u00eancia p\u00fablica para promover um amplo debate sobre o papel da Guarda Civil Municipal na seguran\u00e7a p\u00fablica do munic\u00edpio.<\/p>\n<p>A iniciativa, proposta pelo vereador Gilson Pelizaro (PT), tem como objetivo principal discutir as atribui\u00e7\u00f5es das Guardas Municipais, previstas na legisla\u00e7\u00e3o federal, e avaliar a aplica\u00e7\u00e3o dessas diretrizes na realidade local, al\u00e9m de promover um debate de alcance regional sobre o tema.<\/p>\n<p>O encontro busca destacar o cumprimento da Lei Federal n\u00ba 13.022\/2014, que institui o Estatuto Geral das Guardas Municipais. Segundo o parlamentar, a legisla\u00e7\u00e3o ampliou expressamente as possibilidades de atua\u00e7\u00e3o das corpora\u00e7\u00f5es municipais, demonstrando que sua fun\u00e7\u00e3o vai al\u00e9m da prote\u00e7\u00e3o do patrim\u00f4nio p\u00fablico.<\/p>\n<p>\u201cGuarda Civil n\u00e3o \u00e9 s\u00f3 para cuidar do patrim\u00f4nio municipal. Guarda Civil pode fazer ronda ostensiva, pode fazer um trabalho auxiliando a Pol\u00edcia Militar, a Pol\u00edcia Civil e fazer um trabalho articulado de seguran\u00e7a p\u00fablica\u201d, declarou.<br \/>\n<strong><br \/>\nO que prev\u00ea o debate<\/strong><\/p>\n<p>A audi\u00eancia abordar\u00e1 a necessidade de investimento, estrutura e valoriza\u00e7\u00e3o da Guarda Civil Municipal para garantir a efici\u00eancia na presta\u00e7\u00e3o dos servi\u00e7os \u00e0 comunidade.<\/p>\n<p>Durante as discuss\u00f5es, ser\u00e1 analisado o atual dimensionamento do efetivo na cidade diante do crescimento populacional, al\u00e9m das condi\u00e7\u00f5es de trabalho e equipamentos dispon\u00edveis para os agentes.<\/p>\n<p>Outro ponto em pauta ser\u00e1 a an\u00e1lise dos investimentos or\u00e7ament\u00e1rios voltados \u00e0 \u00e1rea de seguran\u00e7a p\u00fablica no munic\u00edpio.<\/p>\n<p>O debate pretende examinar os impactos das previs\u00f5es or\u00e7ament\u00e1rias vigentes, como a redu\u00e7\u00e3o apontada na Lei de Diretrizes Or\u00e7ament\u00e1rias (LDO), que projeta uma diminui\u00e7\u00e3o dos recursos da Secretaria de Seguran\u00e7a de R$ 63 milh\u00f5es para R$ 58 milh\u00f5es, avaliando como essa conten\u00e7\u00e3o pode afetar as a\u00e7\u00f5es ostensivas e preventivas na cidade.<\/p>\n<p><strong>Debate com a sociedade<\/strong><\/p>\n<p>A audi\u00eancia p\u00fablica ser\u00e1 um espa\u00e7o de di\u00e1logo entre o Poder Legislativo, especialistas, agentes da corpora\u00e7\u00e3o e a popula\u00e7\u00e3o francana.<\/p>\n<p>O evento contar\u00e1 com a participa\u00e7\u00e3o de representantes de entidades de classe de alcance nacional e estadual, como Ramon Soares, vice-presidente da Associa\u00e7\u00e3o Brasileira das Guardas Municipais; Reinaldo Monteiro, presidente da Associa\u00e7\u00e3o Nacional das Guardas Municipais; e o advogado R\u00f4mulo Soares, representante jur\u00eddico da entidade.<\/p>\n<p>Ainda segundo Pelizaro, o debate pretende esclarecer os limites legais, os direitos e os deveres da Guarda Civil Municipal, identificando medidas pr\u00e1ticas para fortalecer a seguran\u00e7a p\u00fablica integrada no munic\u00edpio e aproximar a corpora\u00e7\u00e3o das reais necessidades da comunidade.<\/p>\n<p>\u201c\u00c9 uma audi\u00eancia extremamente relevante e importante para a gente conhecer, de fato, na pr\u00e1tica, o que a Guarda Civil pode e deve fazer, que n\u00e3o est\u00e1 fazendo aqui na cidade de Franca\u201d.<\/p>\n<p><strong>Participa\u00e7\u00e3o<\/strong><\/p>\n<p>A audi\u00eancia p\u00fablica sobre o papel da Guarda Civil Municipal na seguran\u00e7a p\u00fablica ser\u00e1 realizada na quarta-feira, 2 de setembro de 2026, \u00e0s 18h, no Plen\u00e1rio da C\u00e2mara Municipal de Franca.<\/p>\n<p>O encontro \u00e9 aberto a toda a popula\u00e7\u00e3o, representantes de bairros, lideran\u00e7as comunit\u00e1rias e profissionais da \u00e1rea de seguran\u00e7a.<\/p>\n","protected":false},"excerpt":{"rendered":"<p>Reuni\u00e3o servir\u00e1 para debater a necessidade de investimento, estrutura e valoriza\u00e7\u00e3o da corpora\u00e7\u00e3o A C\u00e2mara Municipal de Franca realiza na quarta-feira, 2 de setembro, \u00e0s 18h,<span class=\"excerpt-hellip\"> [\u2026]<\/span><\/p>\n","protected":false},"author":10,"featured_media":70200,"comment_status":"open","ping_status":"open","sticky":false,"template":"","format":"standard","meta":{"_jetpack_memberships_contains_paid_content":false,"footnotes":"","jetpack_publicize_message":"","jetpack_publicize_feature_enabled":true,"jetpack_social_post_already_shared":true,"jetpack_social_options":{"image_generator_settings":{"template":"highway","default_image_id":0,"enabled":false},"version":2}},"categories":[28,44],"tags":[],"class_list":["post-70199","post","type-post","status-publish","format-standard","has-post-thumbnail","hentry","category-cotidiano","category-noticias"],"yoast_head":"<!-- This site is optimized with the Yoast SEO plugin v25.6 - https:\/\/yoast.com\/wordpress\/plugins\/seo\/ -->\n<title>Audi\u00eancia p\u00fablica discute papel da Guarda Civil na seguran\u00e7a p\u00fablica de Franca - VerdadeOn<\/title>\n<meta name=\"robots\" content=\"index, follow, max-snippet:-1, max-image-preview:large, max-video-preview:-1\" \/>\n<link rel=\"canonical\" href=\"https:\/\/verdadeon.com.br\/portal\/2026\/08\/31\/audiencia-publica-discute-papel-da-guarda-civil-na-seguranca-publica-de-franca\/\" \/>\n<meta property=\"og:locale\" content=\"pt_BR\" \/>\n<meta property=\"og:type\" content=\"article\" \/>\n<meta property=\"og:title\" content=\"Audi\u00eancia p\u00fablica discute papel da Guarda Civil na seguran\u00e7a p\u00fablica de Franca - VerdadeOn\" \/>\n<meta property=\"og:description\" content=\"Reuni\u00e3o servir\u00e1 para debater a necessidade de investimento, estrutura e valoriza\u00e7\u00e3o da corpora\u00e7\u00e3o A C\u00e2mara Municipal de Franca realiza na quarta-feira, 2 de setembro, \u00e0s 18h, [\u2026]\" \/>\n<meta property=\"og:url\" content=\"https:\/\/verdadeon.com.br\/portal\/2026\/08\/31\/audiencia-publica-discute-papel-da-guarda-civil-na-seguranca-publica-de-franca\/\" \/>\n<meta property=\"og:site_name\" content=\"VerdadeOn\" \/>\n<meta property=\"article:published_time\" content=\"2026-08-31T14:47:14+00:00\" \/>\n<meta property=\"og:image\" content=\"https:\/\/verdadeon.com.br\/portal\/wp-content\/uploads\/2026\/08\/images.jpg.jpg\" \/>\n\t<meta property=\"og:image:width\" content=\"750\" \/>\n\t<meta property=\"og:image:height\" content=\"406\" \/>\n\t<meta property=\"og:image:type\" content=\"image\/jpeg\" \/>\n<meta name=\"author\" content=\"Redacao VerdadeOn\" \/>\n<meta name=\"twitter:card\" content=\"summary_large_image\" \/>\n<meta name=\"twitter:label1\" content=\"Escrito por\" \/>\n\t<meta name=\"twitter:data1\" content=\"Redacao VerdadeOn\" \/>\n\t<meta name=\"twitter:label2\" content=\"Est. tempo de leitura\" \/>\n\t<meta name=\"twitter:data2\" content=\"3 minutos\" \/>\n<script type=\"application\/ld+json\" class=\"yoast-schema-graph\">{\"@context\":\"https:\/\/schema.org\",\"@graph\":[{\"@type\":\"WebPage\",\"@id\":\"https:\/\/verdadeon.com.br\/portal\/2026\/08\/31\/audiencia-publica-discute-papel-da-guarda-civil-na-seguranca-publica-de-franca\/\",\"url\":\"https:\/\/verdadeon.com.br\/portal\/2026\/08\/31\/audiencia-publica-discute-papel-da-guarda-civil-na-seguranca-publica-de-franca\/\",\"name\":\"Audi\u00eancia p\u00fablica discute papel da Guarda Civil na seguran\u00e7a p\u00fablica de Franca - VerdadeOn\",\"isPartOf\":{\"@id\":\"https:\/\/verdadeon.com.br\/portal\/#website\"},\"primaryImageOfPage\":{\"@id\":\"https:\/\/verdadeon.com.br\/portal\/2026\/08\/31\/audiencia-publica-discute-papel-da-guarda-civil-na-seguranca-publica-de-franca\/#primaryimage\"},\"image\":{\"@id\":\"https:\/\/verdadeon.com.br\/portal\/2026\/08\/31\/audiencia-publica-discute-papel-da-guarda-civil-na-seguranca-publica-de-franca\/#primaryimage\"},\"thumbnailUrl\":\"https:\/\/i0.wp.com\/verdadeon.com.br\/portal\/wp-content\/uploads\/2026\/08\/images.jpg.jpg?fit=750%2C406&ssl=1\",\"datePublished\":\"2026-08-31T14:47:14+00:00\",\"author\":{\"@id\":\"https:\/\/verdadeon.com.br\/portal\/#\/schema\/person\/a5060ad1e9ea3df545188fc93ce43d2f\"},\"breadcrumb\":{\"@id\":\"https:\/\/verdadeon.com.br\/portal\/2026\/08\/31\/audiencia-publica-discute-papel-da-guarda-civil-na-seguranca-publica-de-franca\/#breadcrumb\"},\"inLanguage\":\"pt-BR\",\"potentialAction\":[{\"@type\":\"ReadAction\",\"target\":[\"https:\/\/verdadeon.com.br\/portal\/2026\/08\/31\/audiencia-publica-discute-papel-da-guarda-civil-na-seguranca-publica-de-franca\/\"]}]},{\"@type\":\"ImageObject\",\"inLanguage\":\"pt-BR\",\"@id\":\"https:\/\/verdadeon.com.br\/portal\/2026\/08\/31\/audiencia-publica-discute-papel-da-guarda-civil-na-seguranca-publica-de-franca\/#primaryimage\",\"url\":\"https:\/\/i0.wp.com\/verdadeon.com.br\/portal\/wp-content\/uploads\/2026\/08\/images.jpg.jpg?fit=750%2C406&ssl=1\",\"contentUrl\":\"https:\/\/i0.wp.com\/verdadeon.com.br\/portal\/wp-content\/uploads\/2026\/08\/images.jpg.jpg?fit=750%2C406&ssl=1\",\"width\":750,\"height\":406,\"caption\":\"(\u00a9Divulga\u00e7\u00e3o\/CMF)\"},{\"@type\":\"BreadcrumbList\",\"@id\":\"https:\/\/verdadeon.com.br\/portal\/2026\/08\/31\/audiencia-publica-discute-papel-da-guarda-civil-na-seguranca-publica-de-franca\/#breadcrumb\",\"itemListElement\":[{\"@type\":\"ListItem\",\"position\":1,\"name\":\"In\u00edcio\",\"item\":\"https:\/\/verdadeon.com.br\/portal\/\"},{\"@type\":\"ListItem\",\"position\":2,\"name\":\"Audi\u00eancia p\u00fablica discute papel da Guarda Civil na seguran\u00e7a p\u00fablica de Franca\"}]},{\"@type\":\"WebSite\",\"@id\":\"https:\/\/verdadeon.com.br\/portal\/#website\",\"url\":\"https:\/\/verdadeon.com.br\/portal\/\",\"name\":\"VerdadeOn\",\"description\":\"Not\u00edcias di\u00e1rias sobre Franca, Regi\u00e3o, Esporte, Cultura, Cotidiano, Colunas. Cobertura nos principais eventos da cidade \u00e9 aqui - Verdadeon Franca\",\"potentialAction\":[{\"@type\":\"SearchAction\",\"target\":{\"@type\":\"EntryPoint\",\"urlTemplate\":\"https:\/\/verdadeon.com.br\/portal\/?s={search_term_string}\"},\"query-input\":{\"@type\":\"PropertyValueSpecification\",\"valueRequired\":true,\"valueName\":\"search_term_string\"}}],\"inLanguage\":\"pt-BR\"},{\"@type\":\"Person\",\"@id\":\"https:\/\/verdadeon.com.br\/portal\/#\/schema\/person\/a5060ad1e9ea3df545188fc93ce43d2f\",\"name\":\"Redacao VerdadeOn\",\"image\":{\"@type\":\"ImageObject\",\"inLanguage\":\"pt-BR\",\"@id\":\"https:\/\/verdadeon.com.br\/portal\/#\/schema\/person\/image\/\",\"url\":\"https:\/\/secure.gravatar.com\/avatar\/459a9613caaaf07f582c3d0841eea68bdd66f533e465e6ba8b9cb45619572cf4?s=96&d=mm&r=g\",\"contentUrl\":\"https:\/\/secure.gravatar.com\/avatar\/459a9613caaaf07f582c3d0841eea68bdd66f533e465e6ba8b9cb45619572cf4?s=96&d=mm&r=g\",\"caption\":\"Redacao VerdadeOn\"},\"url\":\"https:\/\/verdadeon.com.br\/portal\/author\/redacao\/\"}]}<\/script>\n<!-- \/ Yoast SEO plugin. -->","yoast_head_json":{"title":"Audi\u00eancia p\u00fablica discute papel da Guarda Civil na seguran\u00e7a p\u00fablica de Franca - VerdadeOn","robots":{"index":"index","follow":"follow","max-snippet":"max-snippet:-1","max-image-preview":"max-image-preview:large","max-video-preview":"max-video-preview:-1"},"canonical":"https:\/\/verdadeon.com.br\/portal\/2026\/08\/31\/audiencia-publica-discute-papel-da-guarda-civil-na-seguranca-publica-de-franca\/","og_locale":"pt_BR","og_type":"article","og_title":"Audi\u00eancia p\u00fablica discute papel da Guarda Civil na seguran\u00e7a p\u00fablica de Franca - VerdadeOn","og_description":"Reuni\u00e3o servir\u00e1 para debater a necessidade de investimento, estrutura e valoriza\u00e7\u00e3o da corpora\u00e7\u00e3o A C\u00e2mara Municipal de Franca realiza na quarta-feira, 2 de setembro, \u00e0s 18h, [\u2026]","og_url":"https:\/\/verdadeon.com.br\/portal\/2026\/08\/31\/audiencia-publica-discute-papel-da-guarda-civil-na-seguranca-publica-de-franca\/","og_site_name":"VerdadeOn","article_published_time":"2026-08-31T14:47:14+00:00","og_image":[{"width":750,"height":406,"url":"https:\/\/verdadeon.com.br\/portal\/wp-content\/uploads\/2026\/08\/images.jpg.jpg","type":"image\/jpeg"}],"author":"Redacao VerdadeOn","twitter_card":"summary_large_image","twitter_misc":{"Escrito por":"Redacao VerdadeOn","Est. tempo de leitura":"3 minutos"},"schema":{"@context":"https:\/\/schema.org","@graph":[{"@type":"WebPage","@id":"https:\/\/verdadeon.com.br\/portal\/2026\/08\/31\/audiencia-publica-discute-papel-da-guarda-civil-na-seguranca-publica-de-franca\/","url":"https:\/\/verdadeon.com.br\/portal\/2026\/08\/31\/audiencia-publica-discute-papel-da-guarda-civil-na-seguranca-publica-de-franca\/","name":"Audi\u00eancia p\u00fablica discute papel da Guarda Civil na seguran\u00e7a p\u00fablica de Franca - VerdadeOn","isPartOf":{"@id":"https:\/\/verdadeon.com.br\/portal\/#website"},"primaryImageOfPage":{"@id":"https:\/\/verdadeon.com.br\/portal\/2026\/08\/31\/audiencia-publica-discute-papel-da-guarda-civil-na-seguranca-publica-de-franca\/#primaryimage"},"image":{"@id":"https:\/\/verdadeon.com.br\/portal\/2026\/08\/31\/audiencia-publica-discute-papel-da-guarda-civil-na-seguranca-publica-de-franca\/#primaryimage"},"thumbnailUrl":"https:\/\/i0.wp.com\/verdadeon.com.br\/portal\/wp-content\/uploads\/2026\/08\/images.jpg.jpg?fit=750%2C406&ssl=1","datePublished":"2026-08-31T14:47:14+00:00","author":{"@id":"https:\/\/verdadeon.com.br\/portal\/#\/schema\/person\/a5060ad1e9ea3df545188fc93ce43d2f"},"breadcrumb":{"@id":"https:\/\/verdadeon.com.br\/portal\/2026\/08\/31\/audiencia-publica-discute-papel-da-guarda-civil-na-seguranca-publica-de-franca\/#breadcrumb"},"inLanguage":"pt-BR","potentialAction":[{"@type":"ReadAction","target":["https:\/\/verdadeon.com.br\/portal\/2026\/08\/31\/audiencia-publica-discute-papel-da-guarda-civil-na-seguranca-publica-de-franca\/"]}]},{"@type":"ImageObject","inLanguage":"pt-BR","@id":"https:\/\/verdadeon.com.br\/portal\/2026\/08\/31\/audiencia-publica-discute-papel-da-guarda-civil-na-seguranca-publica-de-franca\/#primaryimage","url":"https:\/\/i0.wp.com\/verdadeon.com.br\/portal\/wp-content\/uploads\/2026\/08\/images.jpg.jpg?fit=750%2C406&ssl=1","contentUrl":"https:\/\/i0.wp.com\/verdadeon.com.br\/portal\/wp-content\/uploads\/2026\/08\/images.jpg.jpg?fit=750%2C406&ssl=1","width":750,"height":406,"caption":"(\u00a9Divulga\u00e7\u00e3o\/CMF)"},{"@type":"BreadcrumbList","@id":"https:\/\/verdadeon.com.br\/portal\/2026\/08\/31\/audiencia-publica-discute-papel-da-guarda-civil-na-seguranca-publica-de-franca\/#breadcrumb","itemListElement":[{"@type":"ListItem","position":1,"name":"In\u00edcio","item":"https:\/\/verdadeon.com.br\/portal\/"},{"@type":"ListItem","position":2,"name":"Audi\u00eancia p\u00fablica discute papel da Guarda Civil na seguran\u00e7a p\u00fablica de Franca"}]},{"@type":"WebSite","@id":"https:\/\/verdadeon.com.br\/portal\/#website","url":"https:\/\/verdadeon.com.br\/portal\/","name":"VerdadeOn","description":"Not\u00edcias di\u00e1rias sobre Franca, Regi\u00e3o, Esporte, Cultura, Cotidiano, Colunas. Cobertura nos principais eventos da cidade \u00e9 aqui - Verdadeon Franca","potentialAction":[{"@type":"SearchAction","target":{"@type":"EntryPoint","urlTemplate":"https:\/\/verdadeon.com.br\/portal\/?s={search_term_string}"},"query-input":{"@type":"PropertyValueSpecification","valueRequired":true,"valueName":"search_term_string"}}],"inLanguage":"pt-BR"},{"@type":"Person","@id":"https:\/\/verdadeon.com.br\/portal\/#\/schema\/person\/a5060ad1e9ea3df545188fc93ce43d2f","name":"Redacao VerdadeOn","image":{"@type":"ImageObject","inLanguage":"pt-BR","@id":"https:\/\/verdadeon.com.br\/portal\/#\/schema\/person\/image\/","url":"https:\/\/secure.gravatar.com\/avatar\/459a9613caaaf07f582c3d0841eea68bdd66f533e465e6ba8b9cb45619572cf4?s=96&d=mm&r=g","contentUrl":"https:\/\/secure.gravatar.com\/avatar\/459a9613caaaf07f582c3d0841eea68bdd66f533e465e6ba8b9cb45619572cf4?s=96&d=mm&r=g","caption":"Redacao VerdadeOn"},"url":"https:\/\/verdadeon.com.br\/portal\/author\/redacao\/"}]}},"jetpack_publicize_connections":[],"jetpack_featured_media_url":"https:\/\/i0.wp.com\/verdadeon.com.br\/portal\/wp-content\/uploads\/2026\/08\/images.jpg.jpg?fit=750%2C406&ssl=1","jetpack_sharing_enabled":true,"_links":{"self":[{"href":"https:\/\/verdadeon.com.br\/portal\/wp-json\/wp\/v2\/posts\/70199","targetHints":{"allow":["GET"]}}],"collection":[{"href":"https:\/\/verdadeon.com.br\/portal\/wp-json\/wp\/v2\/posts"}],"about":[{"href":"https:\/\/verdadeon.com.br\/portal\/wp-json\/wp\/v2\/types\/post"}],"author":[{"embeddable":true,"href":"https:\/\/verdadeon.com.br\/portal\/wp-json\/wp\/v2\/users\/10"}],"replies":[{"embeddable":true,"href":"https:\/\/verdadeon.com.br\/portal\/wp-json\/wp\/v2\/comments?post=70199"}],"version-history":[{"count":1,"href":"https:\/\/verdadeon.com.br\/portal\/wp-json\/wp\/v2\/posts\/70199\/revisions"}],"predecessor-version":[{"id":70201,"href":"https:\/\/verdadeon.com.br\/portal\/wp-json\/wp\/v2\/posts\/70199\/revisions\/70201"}],"wp:featuredmedia":[{"embeddable":true,"href":"https:\/\/verdadeon.com.br\/portal\/wp-json\/wp\/v2\/media\/70200"}],"wp:attachment":[{"href":"https:\/\/verdadeon.com.br\/portal\/wp-json\/wp\/v2\/media?parent=70199"}],"wp:term":[{"taxonomy":"category","embeddable":true,"href":"https:\/\/verdadeon.com.br\/portal\/wp-json\/wp\/v2\/categories?post=70199"},{"taxonomy":"post_tag","embeddable":true,"href":"https:\/\/verdadeon.com.br\/portal\/wp-json\/wp\/v2\/tags?post=70199"}],"curies":[{"name":"wp","href":"https:\/\/api.w.org\/{rel}","templated":true}]}}