{"id":6962,"date":"2020-05-09T16:36:35","date_gmt":"2020-05-09T19:36:35","guid":{"rendered":"http:\/\/verdadeon.com.br\/portal\/?p=6962"},"modified":"2020-05-09T16:36:35","modified_gmt":"2020-05-09T19:36:35","slug":"mundo-tem-38-milhoes-de-casos-de-covid-19-brasil-e-6o-em-mortes","status":"publish","type":"post","link":"https:\/\/verdadeon.com.br\/portal\/2020\/05\/09\/mundo-tem-38-milhoes-de-casos-de-covid-19-brasil-e-6o-em-mortes\/","title":{"rendered":"Mundo tem 3,8 milh\u00f5es de casos de covid-19; Brasil \u00e9 6\u00ba em mortes"},"content":{"rendered":"<h2>Balan\u00e7o \u00e9 da OMS com dados at\u00e9 a manh\u00e3 deste s\u00e1bado<\/h2>\n<p>O acumulado de casos confirmados de infec\u00e7\u00e3o pelo novo coronav\u00edrus em todo o mundo chegou a 3,8 milh\u00f5es. O balan\u00e7o foi divulgado pela Organiza\u00e7\u00e3o Mundial da Sa\u00fade (OMS)\u00a0hoje\u00a0(9), com dados at\u00e9 a manh\u00e3 deste\u00a0s\u00e1bado. H\u00e1 uma semana eram 3,2 milh\u00f5es de casos, o que representa um aumento de 20%. H\u00e1 um m\u00eas, havia 1,43 milh\u00e3o de casos. Em 30 dias, o acr\u00e9scimo foi de 265%.<\/p>\n<p>As mortes chegaram a 265,8 mil em todo o planeta. H\u00e1 uma semana, eram registrados 230,1 mil \u00f3bitos. Em sete dias, o crescimento foi de 15%. H\u00e1 um m\u00eas, a OMS anunciava 85,7 mil mortes. De l\u00e1 at\u00e9 agora, o \u00edndice mais do que triplicou.<\/p>\n<p>A pandemia est\u00e1 concentrada sobretudo na Europa e nas Am\u00e9ricas. O primeiro continente concentra 1,68 milh\u00e3o de casos confirmados. J\u00e1 a\u00a0segunda\u00a0regi\u00e3o re\u00fane 1,63 milh\u00e3o de pessoas infectadas. Em seguida v\u00eam a \u00e1rea definida como Mediterr\u00e2neo, com 246 mil, o Pac\u00edfico do Oeste, com 158 mil, o Sudeste Asi\u00e1tico, com 90,8 mil, e a \u00c1frica, com 40,5 mil.<\/p>\n<p>Brasil<\/p>\n<p>O Brasil assumiu a 6\u00aa coloca\u00e7\u00e3o em n\u00famero de mortes, com 9,14 mil. O pa\u00eds s\u00f3 fica atr\u00e1s da Fran\u00e7a (26,18 mil), Espanha (26,25 mil), It\u00e1lia (30,2 mil), Reino Unido (31,24 mil) e Estados Unidos (69,88 mil).<\/p>\n<p>Em rela\u00e7\u00e3o ao n\u00famero de casos confirmados, o Brasil ocupa a 9\u00aa posi\u00e7\u00e3o no\u00a0ranking\u00a0mundial da OMS, com 135,1 mil. Acima do pa\u00eds est\u00e3o Turquia (135,56 mil), Fran\u00e7a (136,57 mil), Alemanha (168,55 mil), R\u00fassia (198,67 mil), Reino Unido (211,36 mil), It\u00e1lia (217,18 mil), Espanha (222,85 mil) e Estados Unidos (1,24 milh\u00e3o).<\/p>\n<p>Fonte: Jonas Valente &#8211; Rep\u00f3rter da Ag\u00eancia Brasil<\/p>\n","protected":false},"excerpt":{"rendered":"<p>Balan\u00e7o \u00e9 da OMS com dados at\u00e9 a manh\u00e3 deste s\u00e1bado O acumulado de casos confirmados de infec\u00e7\u00e3o pelo novo coronav\u00edrus em todo o mundo chegou<span class=\"excerpt-hellip\"> [\u2026]<\/span><\/p>\n","protected":false},"author":10,"featured_media":6959,"comment_status":"open","ping_status":"open","sticky":false,"template":"","format":"standard","meta":{"_jetpack_memberships_contains_paid_content":false,"footnotes":"","jetpack_publicize_message":"","jetpack_publicize_feature_enabled":true,"jetpack_social_post_already_shared":false,"jetpack_social_options":{"image_generator_settings":{"template":"highway","default_image_id":0,"enabled":false},"version":2}},"categories":[28,44],"tags":[],"class_list":["post-6962","post","type-post","status-publish","format-standard","has-post-thumbnail","hentry","category-cotidiano","category-noticias"],"yoast_head":"<!-- This site is optimized with the Yoast SEO plugin v25.6 - https:\/\/yoast.com\/wordpress\/plugins\/seo\/ -->\n<title>Mundo tem 3,8 milh\u00f5es de casos de covid-19; Brasil \u00e9 6\u00ba em mortes - VerdadeOn<\/title>\n<meta name=\"robots\" content=\"index, follow, max-snippet:-1, max-image-preview:large, max-video-preview:-1\" \/>\n<link rel=\"canonical\" href=\"https:\/\/verdadeon.com.br\/portal\/2020\/05\/09\/mundo-tem-38-milhoes-de-casos-de-covid-19-brasil-e-6o-em-mortes\/\" \/>\n<meta property=\"og:locale\" content=\"pt_BR\" \/>\n<meta property=\"og:type\" content=\"article\" \/>\n<meta property=\"og:title\" content=\"Mundo tem 3,8 milh\u00f5es de casos de covid-19; Brasil \u00e9 6\u00ba em mortes - VerdadeOn\" \/>\n<meta property=\"og:description\" content=\"Balan\u00e7o \u00e9 da OMS com dados at\u00e9 a manh\u00e3 deste s\u00e1bado O acumulado de casos confirmados de infec\u00e7\u00e3o pelo novo coronav\u00edrus em todo o mundo chegou [\u2026]\" \/>\n<meta property=\"og:url\" content=\"https:\/\/verdadeon.com.br\/portal\/2020\/05\/09\/mundo-tem-38-milhoes-de-casos-de-covid-19-brasil-e-6o-em-mortes\/\" \/>\n<meta property=\"og:site_name\" content=\"VerdadeOn\" \/>\n<meta property=\"article:published_time\" content=\"2020-05-09T19:36:35+00:00\" \/>\n<meta property=\"og:image\" content=\"https:\/\/verdadeon.com.br\/portal\/wp-content\/uploads\/2020\/05\/WhatsApp-Image-2020-05-09-at-14.52.16.jpeg\" \/>\n\t<meta property=\"og:image:width\" content=\"1000\" \/>\n\t<meta property=\"og:image:height\" content=\"670\" \/>\n\t<meta property=\"og:image:type\" content=\"image\/jpeg\" \/>\n<meta name=\"author\" content=\"Redacao VerdadeOn\" \/>\n<meta name=\"twitter:card\" content=\"summary_large_image\" \/>\n<meta name=\"twitter:label1\" content=\"Escrito por\" \/>\n\t<meta name=\"twitter:data1\" content=\"Redacao VerdadeOn\" \/>\n\t<meta name=\"twitter:label2\" content=\"Est. tempo de leitura\" \/>\n\t<meta name=\"twitter:data2\" content=\"1 minuto\" \/>\n<script type=\"application\/ld+json\" class=\"yoast-schema-graph\">{\"@context\":\"https:\/\/schema.org\",\"@graph\":[{\"@type\":\"WebPage\",\"@id\":\"https:\/\/verdadeon.com.br\/portal\/2020\/05\/09\/mundo-tem-38-milhoes-de-casos-de-covid-19-brasil-e-6o-em-mortes\/\",\"url\":\"https:\/\/verdadeon.com.br\/portal\/2020\/05\/09\/mundo-tem-38-milhoes-de-casos-de-covid-19-brasil-e-6o-em-mortes\/\",\"name\":\"Mundo tem 3,8 milh\u00f5es de casos de covid-19; Brasil \u00e9 6\u00ba em mortes - VerdadeOn\",\"isPartOf\":{\"@id\":\"https:\/\/verdadeon.com.br\/portal\/#website\"},\"primaryImageOfPage\":{\"@id\":\"https:\/\/verdadeon.com.br\/portal\/2020\/05\/09\/mundo-tem-38-milhoes-de-casos-de-covid-19-brasil-e-6o-em-mortes\/#primaryimage\"},\"image\":{\"@id\":\"https:\/\/verdadeon.com.br\/portal\/2020\/05\/09\/mundo-tem-38-milhoes-de-casos-de-covid-19-brasil-e-6o-em-mortes\/#primaryimage\"},\"thumbnailUrl\":\"https:\/\/i0.wp.com\/verdadeon.com.br\/portal\/wp-content\/uploads\/2020\/05\/WhatsApp-Image-2020-05-09-at-14.52.16.jpeg?fit=1000%2C670&ssl=1\",\"datePublished\":\"2020-05-09T19:36:35+00:00\",\"author\":{\"@id\":\"https:\/\/verdadeon.com.br\/portal\/#\/schema\/person\/a5060ad1e9ea3df545188fc93ce43d2f\"},\"breadcrumb\":{\"@id\":\"https:\/\/verdadeon.com.br\/portal\/2020\/05\/09\/mundo-tem-38-milhoes-de-casos-de-covid-19-brasil-e-6o-em-mortes\/#breadcrumb\"},\"inLanguage\":\"pt-BR\",\"potentialAction\":[{\"@type\":\"ReadAction\",\"target\":[\"https:\/\/verdadeon.com.br\/portal\/2020\/05\/09\/mundo-tem-38-milhoes-de-casos-de-covid-19-brasil-e-6o-em-mortes\/\"]}]},{\"@type\":\"ImageObject\",\"inLanguage\":\"pt-BR\",\"@id\":\"https:\/\/verdadeon.com.br\/portal\/2020\/05\/09\/mundo-tem-38-milhoes-de-casos-de-covid-19-brasil-e-6o-em-mortes\/#primaryimage\",\"url\":\"https:\/\/i0.wp.com\/verdadeon.com.br\/portal\/wp-content\/uploads\/2020\/05\/WhatsApp-Image-2020-05-09-at-14.52.16.jpeg?fit=1000%2C670&ssl=1\",\"contentUrl\":\"https:\/\/i0.wp.com\/verdadeon.com.br\/portal\/wp-content\/uploads\/2020\/05\/WhatsApp-Image-2020-05-09-at-14.52.16.jpeg?fit=1000%2C670&ssl=1\",\"width\":1000,\"height\":670,\"caption\":\"Em rela\u00e7\u00e3o aos casos confirmados o Brasil ocupa a 9\u00b0 posi\u00e7\u00e3o no mundo | Foto: Reuters\/Divulga\u00e7\u00e3o\"},{\"@type\":\"BreadcrumbList\",\"@id\":\"https:\/\/verdadeon.com.br\/portal\/2020\/05\/09\/mundo-tem-38-milhoes-de-casos-de-covid-19-brasil-e-6o-em-mortes\/#breadcrumb\",\"itemListElement\":[{\"@type\":\"ListItem\",\"position\":1,\"name\":\"In\u00edcio\",\"item\":\"https:\/\/verdadeon.com.br\/portal\/\"},{\"@type\":\"ListItem\",\"position\":2,\"name\":\"Mundo tem 3,8 milh\u00f5es de casos de covid-19; Brasil \u00e9 6\u00ba em mortes\"}]},{\"@type\":\"WebSite\",\"@id\":\"https:\/\/verdadeon.com.br\/portal\/#website\",\"url\":\"https:\/\/verdadeon.com.br\/portal\/\",\"name\":\"VerdadeOn\",\"description\":\"Not\u00edcias di\u00e1rias sobre Franca, Regi\u00e3o, Esporte, Cultura, Cotidiano, Colunas. Cobertura nos principais eventos da cidade \u00e9 aqui - Verdadeon Franca\",\"potentialAction\":[{\"@type\":\"SearchAction\",\"target\":{\"@type\":\"EntryPoint\",\"urlTemplate\":\"https:\/\/verdadeon.com.br\/portal\/?s={search_term_string}\"},\"query-input\":{\"@type\":\"PropertyValueSpecification\",\"valueRequired\":true,\"valueName\":\"search_term_string\"}}],\"inLanguage\":\"pt-BR\"},{\"@type\":\"Person\",\"@id\":\"https:\/\/verdadeon.com.br\/portal\/#\/schema\/person\/a5060ad1e9ea3df545188fc93ce43d2f\",\"name\":\"Redacao VerdadeOn\",\"image\":{\"@type\":\"ImageObject\",\"inLanguage\":\"pt-BR\",\"@id\":\"https:\/\/verdadeon.com.br\/portal\/#\/schema\/person\/image\/\",\"url\":\"https:\/\/secure.gravatar.com\/avatar\/459a9613caaaf07f582c3d0841eea68bdd66f533e465e6ba8b9cb45619572cf4?s=96&d=mm&r=g\",\"contentUrl\":\"https:\/\/secure.gravatar.com\/avatar\/459a9613caaaf07f582c3d0841eea68bdd66f533e465e6ba8b9cb45619572cf4?s=96&d=mm&r=g\",\"caption\":\"Redacao VerdadeOn\"},\"url\":\"https:\/\/verdadeon.com.br\/portal\/author\/redacao\/\"}]}<\/script>\n<!-- \/ Yoast SEO plugin. -->","yoast_head_json":{"title":"Mundo tem 3,8 milh\u00f5es de casos de covid-19; Brasil \u00e9 6\u00ba em mortes - VerdadeOn","robots":{"index":"index","follow":"follow","max-snippet":"max-snippet:-1","max-image-preview":"max-image-preview:large","max-video-preview":"max-video-preview:-1"},"canonical":"https:\/\/verdadeon.com.br\/portal\/2020\/05\/09\/mundo-tem-38-milhoes-de-casos-de-covid-19-brasil-e-6o-em-mortes\/","og_locale":"pt_BR","og_type":"article","og_title":"Mundo tem 3,8 milh\u00f5es de casos de covid-19; Brasil \u00e9 6\u00ba em mortes - VerdadeOn","og_description":"Balan\u00e7o \u00e9 da OMS com dados at\u00e9 a manh\u00e3 deste s\u00e1bado O acumulado de casos confirmados de infec\u00e7\u00e3o pelo novo coronav\u00edrus em todo o mundo chegou [\u2026]","og_url":"https:\/\/verdadeon.com.br\/portal\/2020\/05\/09\/mundo-tem-38-milhoes-de-casos-de-covid-19-brasil-e-6o-em-mortes\/","og_site_name":"VerdadeOn","article_published_time":"2020-05-09T19:36:35+00:00","og_image":[{"width":1000,"height":670,"url":"https:\/\/verdadeon.com.br\/portal\/wp-content\/uploads\/2020\/05\/WhatsApp-Image-2020-05-09-at-14.52.16.jpeg","type":"image\/jpeg"}],"author":"Redacao VerdadeOn","twitter_card":"summary_large_image","twitter_misc":{"Escrito por":"Redacao VerdadeOn","Est. tempo de leitura":"1 minuto"},"schema":{"@context":"https:\/\/schema.org","@graph":[{"@type":"WebPage","@id":"https:\/\/verdadeon.com.br\/portal\/2020\/05\/09\/mundo-tem-38-milhoes-de-casos-de-covid-19-brasil-e-6o-em-mortes\/","url":"https:\/\/verdadeon.com.br\/portal\/2020\/05\/09\/mundo-tem-38-milhoes-de-casos-de-covid-19-brasil-e-6o-em-mortes\/","name":"Mundo tem 3,8 milh\u00f5es de casos de covid-19; Brasil \u00e9 6\u00ba em mortes - VerdadeOn","isPartOf":{"@id":"https:\/\/verdadeon.com.br\/portal\/#website"},"primaryImageOfPage":{"@id":"https:\/\/verdadeon.com.br\/portal\/2020\/05\/09\/mundo-tem-38-milhoes-de-casos-de-covid-19-brasil-e-6o-em-mortes\/#primaryimage"},"image":{"@id":"https:\/\/verdadeon.com.br\/portal\/2020\/05\/09\/mundo-tem-38-milhoes-de-casos-de-covid-19-brasil-e-6o-em-mortes\/#primaryimage"},"thumbnailUrl":"https:\/\/i0.wp.com\/verdadeon.com.br\/portal\/wp-content\/uploads\/2020\/05\/WhatsApp-Image-2020-05-09-at-14.52.16.jpeg?fit=1000%2C670&ssl=1","datePublished":"2020-05-09T19:36:35+00:00","author":{"@id":"https:\/\/verdadeon.com.br\/portal\/#\/schema\/person\/a5060ad1e9ea3df545188fc93ce43d2f"},"breadcrumb":{"@id":"https:\/\/verdadeon.com.br\/portal\/2020\/05\/09\/mundo-tem-38-milhoes-de-casos-de-covid-19-brasil-e-6o-em-mortes\/#breadcrumb"},"inLanguage":"pt-BR","potentialAction":[{"@type":"ReadAction","target":["https:\/\/verdadeon.com.br\/portal\/2020\/05\/09\/mundo-tem-38-milhoes-de-casos-de-covid-19-brasil-e-6o-em-mortes\/"]}]},{"@type":"ImageObject","inLanguage":"pt-BR","@id":"https:\/\/verdadeon.com.br\/portal\/2020\/05\/09\/mundo-tem-38-milhoes-de-casos-de-covid-19-brasil-e-6o-em-mortes\/#primaryimage","url":"https:\/\/i0.wp.com\/verdadeon.com.br\/portal\/wp-content\/uploads\/2020\/05\/WhatsApp-Image-2020-05-09-at-14.52.16.jpeg?fit=1000%2C670&ssl=1","contentUrl":"https:\/\/i0.wp.com\/verdadeon.com.br\/portal\/wp-content\/uploads\/2020\/05\/WhatsApp-Image-2020-05-09-at-14.52.16.jpeg?fit=1000%2C670&ssl=1","width":1000,"height":670,"caption":"Em rela\u00e7\u00e3o aos casos confirmados o Brasil ocupa a 9\u00b0 posi\u00e7\u00e3o no mundo | Foto: Reuters\/Divulga\u00e7\u00e3o"},{"@type":"BreadcrumbList","@id":"https:\/\/verdadeon.com.br\/portal\/2020\/05\/09\/mundo-tem-38-milhoes-de-casos-de-covid-19-brasil-e-6o-em-mortes\/#breadcrumb","itemListElement":[{"@type":"ListItem","position":1,"name":"In\u00edcio","item":"https:\/\/verdadeon.com.br\/portal\/"},{"@type":"ListItem","position":2,"name":"Mundo tem 3,8 milh\u00f5es de casos de covid-19; Brasil \u00e9 6\u00ba em mortes"}]},{"@type":"WebSite","@id":"https:\/\/verdadeon.com.br\/portal\/#website","url":"https:\/\/verdadeon.com.br\/portal\/","name":"VerdadeOn","description":"Not\u00edcias di\u00e1rias sobre Franca, Regi\u00e3o, Esporte, Cultura, Cotidiano, Colunas. Cobertura nos principais eventos da cidade \u00e9 aqui - Verdadeon Franca","potentialAction":[{"@type":"SearchAction","target":{"@type":"EntryPoint","urlTemplate":"https:\/\/verdadeon.com.br\/portal\/?s={search_term_string}"},"query-input":{"@type":"PropertyValueSpecification","valueRequired":true,"valueName":"search_term_string"}}],"inLanguage":"pt-BR"},{"@type":"Person","@id":"https:\/\/verdadeon.com.br\/portal\/#\/schema\/person\/a5060ad1e9ea3df545188fc93ce43d2f","name":"Redacao VerdadeOn","image":{"@type":"ImageObject","inLanguage":"pt-BR","@id":"https:\/\/verdadeon.com.br\/portal\/#\/schema\/person\/image\/","url":"https:\/\/secure.gravatar.com\/avatar\/459a9613caaaf07f582c3d0841eea68bdd66f533e465e6ba8b9cb45619572cf4?s=96&d=mm&r=g","contentUrl":"https:\/\/secure.gravatar.com\/avatar\/459a9613caaaf07f582c3d0841eea68bdd66f533e465e6ba8b9cb45619572cf4?s=96&d=mm&r=g","caption":"Redacao VerdadeOn"},"url":"https:\/\/verdadeon.com.br\/portal\/author\/redacao\/"}]}},"jetpack_publicize_connections":[],"jetpack_featured_media_url":"https:\/\/i0.wp.com\/verdadeon.com.br\/portal\/wp-content\/uploads\/2020\/05\/WhatsApp-Image-2020-05-09-at-14.52.16.jpeg?fit=1000%2C670&ssl=1","jetpack_sharing_enabled":true,"_links":{"self":[{"href":"https:\/\/verdadeon.com.br\/portal\/wp-json\/wp\/v2\/posts\/6962","targetHints":{"allow":["GET"]}}],"collection":[{"href":"https:\/\/verdadeon.com.br\/portal\/wp-json\/wp\/v2\/posts"}],"about":[{"href":"https:\/\/verdadeon.com.br\/portal\/wp-json\/wp\/v2\/types\/post"}],"author":[{"embeddable":true,"href":"https:\/\/verdadeon.com.br\/portal\/wp-json\/wp\/v2\/users\/10"}],"replies":[{"embeddable":true,"href":"https:\/\/verdadeon.com.br\/portal\/wp-json\/wp\/v2\/comments?post=6962"}],"version-history":[{"count":0,"href":"https:\/\/verdadeon.com.br\/portal\/wp-json\/wp\/v2\/posts\/6962\/revisions"}],"wp:featuredmedia":[{"embeddable":true,"href":"https:\/\/verdadeon.com.br\/portal\/wp-json\/wp\/v2\/media\/6959"}],"wp:attachment":[{"href":"https:\/\/verdadeon.com.br\/portal\/wp-json\/wp\/v2\/media?parent=6962"}],"wp:term":[{"taxonomy":"category","embeddable":true,"href":"https:\/\/verdadeon.com.br\/portal\/wp-json\/wp\/v2\/categories?post=6962"},{"taxonomy":"post_tag","embeddable":true,"href":"https:\/\/verdadeon.com.br\/portal\/wp-json\/wp\/v2\/tags?post=6962"}],"curies":[{"name":"wp","href":"https:\/\/api.w.org\/{rel}","templated":true}]}}