{"id":66590,"date":"2026-05-02T05:00:10","date_gmt":"2026-05-02T08:00:10","guid":{"rendered":"https:\/\/verdadeon.com.br\/portal\/?p=66590"},"modified":"2026-05-01T23:27:24","modified_gmt":"2026-05-02T02:27:24","slug":"individuo-e-preso-em-flagrante-apos-furto-de-celular-em-rifaina","status":"publish","type":"post","link":"https:\/\/verdadeon.com.br\/portal\/2026\/05\/02\/individuo-e-preso-em-flagrante-apos-furto-de-celular-em-rifaina\/","title":{"rendered":"Indiv\u00edduo \u00e9 preso em flagrante ap\u00f3s furto de celular em Rifaina"},"content":{"rendered":"<h2>C\u00e2meras de monitoramento identificaram a\u00e7\u00e3o criminosa<\/h2>\n<p style=\"text-align: right;\"><em><strong>Por Pedro Maia<\/strong><\/em><br \/>\n<em><strong>Editor-chefe<\/strong><\/em><\/p>\n<p>Nesta sexta-feira, 1\u00ba de maio, um homem foi preso ap\u00f3s furtar um celular no munic\u00edpio de Rifaina, a cerca de 69 quil\u00f4metros de Franca.<\/p>\n<p>Por volta das 08h15, a equipe da Guarda Civil Municipal (GCM) de Rifaina estava em patrulhamento pr\u00f3ximo \u00e0 Rodovi\u00e1ria Municipal, quando um cidad\u00e3o informou que seu telefone celular havia sumido. Os agentes ent\u00e3o verificaram junto ao sistema de intelig\u00eancia e monitoramento, onde foi poss\u00edvel constatar a a\u00e7\u00e3o criminosa. Ap\u00f3s dilig\u00eancia, os GCM&#8217;s localizaram o suspeito e, em busca, encontraram o celular em posse do mesmo.<\/p>\n<p>Diante do ocorrid0o, o autor de 46 anos, residente em Vista Alegre do Alto-SP, foi preso em flagrante, sendo apresentado \u00e0 autoridade de Pol\u00edcia Judici\u00e1ria na Central de Flagrantes em Franca, permanecendo \u00e0 disposi\u00e7\u00e3o da justi\u00e7a.<\/p>\n","protected":false},"excerpt":{"rendered":"<p>C\u00e2meras de monitoramento identificaram a\u00e7\u00e3o criminosa Por Pedro Maia Editor-chefe Nesta sexta-feira, 1\u00ba de maio, um homem foi preso ap\u00f3s furtar um celular no munic\u00edpio de<span class=\"excerpt-hellip\"> [\u2026]<\/span><\/p>\n","protected":false},"author":10,"featured_media":66591,"comment_status":"open","ping_status":"open","sticky":false,"template":"","format":"standard","meta":{"_jetpack_memberships_contains_paid_content":false,"footnotes":"","jetpack_publicize_message":"","jetpack_publicize_feature_enabled":true,"jetpack_social_post_already_shared":true,"jetpack_social_options":{"image_generator_settings":{"template":"highway","default_image_id":0,"enabled":false},"version":2}},"categories":[28,81],"tags":[],"class_list":["post-66590","post","type-post","status-publish","format-standard","has-post-thumbnail","hentry","category-cotidiano","category-manchete"],"yoast_head":"<!-- This site is optimized with the Yoast SEO plugin v25.6 - https:\/\/yoast.com\/wordpress\/plugins\/seo\/ -->\n<title>Indiv\u00edduo \u00e9 preso em flagrante ap\u00f3s furto de celular em Rifaina - VerdadeOn<\/title>\n<meta name=\"robots\" content=\"index, follow, max-snippet:-1, max-image-preview:large, max-video-preview:-1\" \/>\n<link rel=\"canonical\" href=\"https:\/\/verdadeon.com.br\/portal\/2026\/05\/02\/individuo-e-preso-em-flagrante-apos-furto-de-celular-em-rifaina\/\" \/>\n<meta property=\"og:locale\" content=\"pt_BR\" \/>\n<meta property=\"og:type\" content=\"article\" \/>\n<meta property=\"og:title\" content=\"Indiv\u00edduo \u00e9 preso em flagrante ap\u00f3s furto de celular em Rifaina - VerdadeOn\" \/>\n<meta property=\"og:description\" content=\"C\u00e2meras de monitoramento identificaram a\u00e7\u00e3o criminosa Por Pedro Maia Editor-chefe Nesta sexta-feira, 1\u00ba de maio, um homem foi preso ap\u00f3s furtar um celular no munic\u00edpio de [\u2026]\" \/>\n<meta property=\"og:url\" content=\"https:\/\/verdadeon.com.br\/portal\/2026\/05\/02\/individuo-e-preso-em-flagrante-apos-furto-de-celular-em-rifaina\/\" \/>\n<meta property=\"og:site_name\" content=\"VerdadeOn\" \/>\n<meta property=\"article:published_time\" content=\"2026-05-02T08:00:10+00:00\" \/>\n<meta property=\"og:image\" content=\"https:\/\/i0.wp.com\/verdadeon.com.br\/portal\/wp-content\/uploads\/2026\/05\/WhatsApp-Image-2026-05-01-at-14.19.55.jpeg?fit=1200%2C928&ssl=1\" \/>\n\t<meta property=\"og:image:width\" content=\"1200\" \/>\n\t<meta property=\"og:image:height\" content=\"928\" \/>\n\t<meta property=\"og:image:type\" content=\"image\/jpeg\" \/>\n<meta name=\"author\" content=\"Redacao VerdadeOn\" \/>\n<meta name=\"twitter:card\" content=\"summary_large_image\" \/>\n<meta name=\"twitter:label1\" content=\"Escrito por\" \/>\n\t<meta name=\"twitter:data1\" content=\"Redacao VerdadeOn\" \/>\n\t<meta name=\"twitter:label2\" content=\"Est. tempo de leitura\" \/>\n\t<meta name=\"twitter:data2\" content=\"1 minuto\" \/>\n<script type=\"application\/ld+json\" class=\"yoast-schema-graph\">{\"@context\":\"https:\/\/schema.org\",\"@graph\":[{\"@type\":\"WebPage\",\"@id\":\"https:\/\/verdadeon.com.br\/portal\/2026\/05\/02\/individuo-e-preso-em-flagrante-apos-furto-de-celular-em-rifaina\/\",\"url\":\"https:\/\/verdadeon.com.br\/portal\/2026\/05\/02\/individuo-e-preso-em-flagrante-apos-furto-de-celular-em-rifaina\/\",\"name\":\"Indiv\u00edduo \u00e9 preso em flagrante ap\u00f3s furto de celular em Rifaina - VerdadeOn\",\"isPartOf\":{\"@id\":\"https:\/\/verdadeon.com.br\/portal\/#website\"},\"primaryImageOfPage\":{\"@id\":\"https:\/\/verdadeon.com.br\/portal\/2026\/05\/02\/individuo-e-preso-em-flagrante-apos-furto-de-celular-em-rifaina\/#primaryimage\"},\"image\":{\"@id\":\"https:\/\/verdadeon.com.br\/portal\/2026\/05\/02\/individuo-e-preso-em-flagrante-apos-furto-de-celular-em-rifaina\/#primaryimage\"},\"thumbnailUrl\":\"https:\/\/i0.wp.com\/verdadeon.com.br\/portal\/wp-content\/uploads\/2026\/05\/WhatsApp-Image-2026-05-01-at-14.19.55.jpeg?fit=1200%2C928&ssl=1\",\"datePublished\":\"2026-05-02T08:00:10+00:00\",\"author\":{\"@id\":\"https:\/\/verdadeon.com.br\/portal\/#\/schema\/person\/a5060ad1e9ea3df545188fc93ce43d2f\"},\"breadcrumb\":{\"@id\":\"https:\/\/verdadeon.com.br\/portal\/2026\/05\/02\/individuo-e-preso-em-flagrante-apos-furto-de-celular-em-rifaina\/#breadcrumb\"},\"inLanguage\":\"pt-BR\",\"potentialAction\":[{\"@type\":\"ReadAction\",\"target\":[\"https:\/\/verdadeon.com.br\/portal\/2026\/05\/02\/individuo-e-preso-em-flagrante-apos-furto-de-celular-em-rifaina\/\"]}]},{\"@type\":\"ImageObject\",\"inLanguage\":\"pt-BR\",\"@id\":\"https:\/\/verdadeon.com.br\/portal\/2026\/05\/02\/individuo-e-preso-em-flagrante-apos-furto-de-celular-em-rifaina\/#primaryimage\",\"url\":\"https:\/\/i0.wp.com\/verdadeon.com.br\/portal\/wp-content\/uploads\/2026\/05\/WhatsApp-Image-2026-05-01-at-14.19.55.jpeg?fit=1200%2C928&ssl=1\",\"contentUrl\":\"https:\/\/i0.wp.com\/verdadeon.com.br\/portal\/wp-content\/uploads\/2026\/05\/WhatsApp-Image-2026-05-01-at-14.19.55.jpeg?fit=1200%2C928&ssl=1\",\"width\":1200,\"height\":928,\"caption\":\"(\u00a9Divulga\u00e7\u00e3o\/GCM Rifaina)\"},{\"@type\":\"BreadcrumbList\",\"@id\":\"https:\/\/verdadeon.com.br\/portal\/2026\/05\/02\/individuo-e-preso-em-flagrante-apos-furto-de-celular-em-rifaina\/#breadcrumb\",\"itemListElement\":[{\"@type\":\"ListItem\",\"position\":1,\"name\":\"In\u00edcio\",\"item\":\"https:\/\/verdadeon.com.br\/portal\/\"},{\"@type\":\"ListItem\",\"position\":2,\"name\":\"Indiv\u00edduo \u00e9 preso em flagrante ap\u00f3s furto de celular em Rifaina\"}]},{\"@type\":\"WebSite\",\"@id\":\"https:\/\/verdadeon.com.br\/portal\/#website\",\"url\":\"https:\/\/verdadeon.com.br\/portal\/\",\"name\":\"VerdadeOn\",\"description\":\"Not\u00edcias di\u00e1rias sobre Franca, Regi\u00e3o, Esporte, Cultura, Cotidiano, Colunas. Cobertura nos principais eventos da cidade \u00e9 aqui - Verdadeon Franca\",\"potentialAction\":[{\"@type\":\"SearchAction\",\"target\":{\"@type\":\"EntryPoint\",\"urlTemplate\":\"https:\/\/verdadeon.com.br\/portal\/?s={search_term_string}\"},\"query-input\":{\"@type\":\"PropertyValueSpecification\",\"valueRequired\":true,\"valueName\":\"search_term_string\"}}],\"inLanguage\":\"pt-BR\"},{\"@type\":\"Person\",\"@id\":\"https:\/\/verdadeon.com.br\/portal\/#\/schema\/person\/a5060ad1e9ea3df545188fc93ce43d2f\",\"name\":\"Redacao VerdadeOn\",\"image\":{\"@type\":\"ImageObject\",\"inLanguage\":\"pt-BR\",\"@id\":\"https:\/\/verdadeon.com.br\/portal\/#\/schema\/person\/image\/\",\"url\":\"https:\/\/secure.gravatar.com\/avatar\/459a9613caaaf07f582c3d0841eea68bdd66f533e465e6ba8b9cb45619572cf4?s=96&d=mm&r=g\",\"contentUrl\":\"https:\/\/secure.gravatar.com\/avatar\/459a9613caaaf07f582c3d0841eea68bdd66f533e465e6ba8b9cb45619572cf4?s=96&d=mm&r=g\",\"caption\":\"Redacao VerdadeOn\"},\"url\":\"https:\/\/verdadeon.com.br\/portal\/author\/redacao\/\"}]}<\/script>\n<!-- \/ Yoast SEO plugin. -->","yoast_head_json":{"title":"Indiv\u00edduo \u00e9 preso em flagrante ap\u00f3s furto de celular em Rifaina - VerdadeOn","robots":{"index":"index","follow":"follow","max-snippet":"max-snippet:-1","max-image-preview":"max-image-preview:large","max-video-preview":"max-video-preview:-1"},"canonical":"https:\/\/verdadeon.com.br\/portal\/2026\/05\/02\/individuo-e-preso-em-flagrante-apos-furto-de-celular-em-rifaina\/","og_locale":"pt_BR","og_type":"article","og_title":"Indiv\u00edduo \u00e9 preso em flagrante ap\u00f3s furto de celular em Rifaina - VerdadeOn","og_description":"C\u00e2meras de monitoramento identificaram a\u00e7\u00e3o criminosa Por Pedro Maia Editor-chefe Nesta sexta-feira, 1\u00ba de maio, um homem foi preso ap\u00f3s furtar um celular no munic\u00edpio de [\u2026]","og_url":"https:\/\/verdadeon.com.br\/portal\/2026\/05\/02\/individuo-e-preso-em-flagrante-apos-furto-de-celular-em-rifaina\/","og_site_name":"VerdadeOn","article_published_time":"2026-05-02T08:00:10+00:00","og_image":[{"width":1200,"height":928,"url":"https:\/\/i0.wp.com\/verdadeon.com.br\/portal\/wp-content\/uploads\/2026\/05\/WhatsApp-Image-2026-05-01-at-14.19.55.jpeg?fit=1200%2C928&ssl=1","type":"image\/jpeg"}],"author":"Redacao VerdadeOn","twitter_card":"summary_large_image","twitter_misc":{"Escrito por":"Redacao VerdadeOn","Est. tempo de leitura":"1 minuto"},"schema":{"@context":"https:\/\/schema.org","@graph":[{"@type":"WebPage","@id":"https:\/\/verdadeon.com.br\/portal\/2026\/05\/02\/individuo-e-preso-em-flagrante-apos-furto-de-celular-em-rifaina\/","url":"https:\/\/verdadeon.com.br\/portal\/2026\/05\/02\/individuo-e-preso-em-flagrante-apos-furto-de-celular-em-rifaina\/","name":"Indiv\u00edduo \u00e9 preso em flagrante ap\u00f3s furto de celular em Rifaina - VerdadeOn","isPartOf":{"@id":"https:\/\/verdadeon.com.br\/portal\/#website"},"primaryImageOfPage":{"@id":"https:\/\/verdadeon.com.br\/portal\/2026\/05\/02\/individuo-e-preso-em-flagrante-apos-furto-de-celular-em-rifaina\/#primaryimage"},"image":{"@id":"https:\/\/verdadeon.com.br\/portal\/2026\/05\/02\/individuo-e-preso-em-flagrante-apos-furto-de-celular-em-rifaina\/#primaryimage"},"thumbnailUrl":"https:\/\/i0.wp.com\/verdadeon.com.br\/portal\/wp-content\/uploads\/2026\/05\/WhatsApp-Image-2026-05-01-at-14.19.55.jpeg?fit=1200%2C928&ssl=1","datePublished":"2026-05-02T08:00:10+00:00","author":{"@id":"https:\/\/verdadeon.com.br\/portal\/#\/schema\/person\/a5060ad1e9ea3df545188fc93ce43d2f"},"breadcrumb":{"@id":"https:\/\/verdadeon.com.br\/portal\/2026\/05\/02\/individuo-e-preso-em-flagrante-apos-furto-de-celular-em-rifaina\/#breadcrumb"},"inLanguage":"pt-BR","potentialAction":[{"@type":"ReadAction","target":["https:\/\/verdadeon.com.br\/portal\/2026\/05\/02\/individuo-e-preso-em-flagrante-apos-furto-de-celular-em-rifaina\/"]}]},{"@type":"ImageObject","inLanguage":"pt-BR","@id":"https:\/\/verdadeon.com.br\/portal\/2026\/05\/02\/individuo-e-preso-em-flagrante-apos-furto-de-celular-em-rifaina\/#primaryimage","url":"https:\/\/i0.wp.com\/verdadeon.com.br\/portal\/wp-content\/uploads\/2026\/05\/WhatsApp-Image-2026-05-01-at-14.19.55.jpeg?fit=1200%2C928&ssl=1","contentUrl":"https:\/\/i0.wp.com\/verdadeon.com.br\/portal\/wp-content\/uploads\/2026\/05\/WhatsApp-Image-2026-05-01-at-14.19.55.jpeg?fit=1200%2C928&ssl=1","width":1200,"height":928,"caption":"(\u00a9Divulga\u00e7\u00e3o\/GCM Rifaina)"},{"@type":"BreadcrumbList","@id":"https:\/\/verdadeon.com.br\/portal\/2026\/05\/02\/individuo-e-preso-em-flagrante-apos-furto-de-celular-em-rifaina\/#breadcrumb","itemListElement":[{"@type":"ListItem","position":1,"name":"In\u00edcio","item":"https:\/\/verdadeon.com.br\/portal\/"},{"@type":"ListItem","position":2,"name":"Indiv\u00edduo \u00e9 preso em flagrante ap\u00f3s furto de celular em Rifaina"}]},{"@type":"WebSite","@id":"https:\/\/verdadeon.com.br\/portal\/#website","url":"https:\/\/verdadeon.com.br\/portal\/","name":"VerdadeOn","description":"Not\u00edcias di\u00e1rias sobre Franca, Regi\u00e3o, Esporte, Cultura, Cotidiano, Colunas. Cobertura nos principais eventos da cidade \u00e9 aqui - Verdadeon Franca","potentialAction":[{"@type":"SearchAction","target":{"@type":"EntryPoint","urlTemplate":"https:\/\/verdadeon.com.br\/portal\/?s={search_term_string}"},"query-input":{"@type":"PropertyValueSpecification","valueRequired":true,"valueName":"search_term_string"}}],"inLanguage":"pt-BR"},{"@type":"Person","@id":"https:\/\/verdadeon.com.br\/portal\/#\/schema\/person\/a5060ad1e9ea3df545188fc93ce43d2f","name":"Redacao VerdadeOn","image":{"@type":"ImageObject","inLanguage":"pt-BR","@id":"https:\/\/verdadeon.com.br\/portal\/#\/schema\/person\/image\/","url":"https:\/\/secure.gravatar.com\/avatar\/459a9613caaaf07f582c3d0841eea68bdd66f533e465e6ba8b9cb45619572cf4?s=96&d=mm&r=g","contentUrl":"https:\/\/secure.gravatar.com\/avatar\/459a9613caaaf07f582c3d0841eea68bdd66f533e465e6ba8b9cb45619572cf4?s=96&d=mm&r=g","caption":"Redacao VerdadeOn"},"url":"https:\/\/verdadeon.com.br\/portal\/author\/redacao\/"}]}},"jetpack_publicize_connections":[],"jetpack_featured_media_url":"https:\/\/i0.wp.com\/verdadeon.com.br\/portal\/wp-content\/uploads\/2026\/05\/WhatsApp-Image-2026-05-01-at-14.19.55.jpeg?fit=1200%2C928&ssl=1","jetpack_sharing_enabled":true,"_links":{"self":[{"href":"https:\/\/verdadeon.com.br\/portal\/wp-json\/wp\/v2\/posts\/66590","targetHints":{"allow":["GET"]}}],"collection":[{"href":"https:\/\/verdadeon.com.br\/portal\/wp-json\/wp\/v2\/posts"}],"about":[{"href":"https:\/\/verdadeon.com.br\/portal\/wp-json\/wp\/v2\/types\/post"}],"author":[{"embeddable":true,"href":"https:\/\/verdadeon.com.br\/portal\/wp-json\/wp\/v2\/users\/10"}],"replies":[{"embeddable":true,"href":"https:\/\/verdadeon.com.br\/portal\/wp-json\/wp\/v2\/comments?post=66590"}],"version-history":[{"count":1,"href":"https:\/\/verdadeon.com.br\/portal\/wp-json\/wp\/v2\/posts\/66590\/revisions"}],"predecessor-version":[{"id":66592,"href":"https:\/\/verdadeon.com.br\/portal\/wp-json\/wp\/v2\/posts\/66590\/revisions\/66592"}],"wp:featuredmedia":[{"embeddable":true,"href":"https:\/\/verdadeon.com.br\/portal\/wp-json\/wp\/v2\/media\/66591"}],"wp:attachment":[{"href":"https:\/\/verdadeon.com.br\/portal\/wp-json\/wp\/v2\/media?parent=66590"}],"wp:term":[{"taxonomy":"category","embeddable":true,"href":"https:\/\/verdadeon.com.br\/portal\/wp-json\/wp\/v2\/categories?post=66590"},{"taxonomy":"post_tag","embeddable":true,"href":"https:\/\/verdadeon.com.br\/portal\/wp-json\/wp\/v2\/tags?post=66590"}],"curies":[{"name":"wp","href":"https:\/\/api.w.org\/{rel}","templated":true}]}}